{"id":70258,"date":"2024-11-27T23:22:26","date_gmt":"2024-11-27T20:22:26","guid":{"rendered":"https:\/\/kibrisdakik.com\/index.php\/2024\/11\/27\/5-milyar-430-milyon-161-bin-tllik-calisma-ve-sosyal-guvenlik-bakanligi-butcesi-oycokluguyla-kabul-edildi\/"},"modified":"2024-11-27T23:22:26","modified_gmt":"2024-11-27T20:22:26","slug":"5-milyar-430-milyon-161-bin-tllik-calisma-ve-sosyal-guvenlik-bakanligi-butcesi-oycokluguyla-kabul-edildi","status":"publish","type":"post","link":"https:\/\/kibrisdakik.com\/?p=70258","title":{"rendered":"5 milyar 430 milyon 161 bin TL\u2019lik \u00c7al\u0131\u015fma ve Sosyal G\u00fcvenlik Bakanl\u0131\u011f\u0131 b\u00fct\u00e7esi oy\u00e7oklu\u011fuyla kabul edildi"},"content":{"rendered":"<div>\n<div class=\"mariselle-image-container center\">\n                                            <\/div>\n<p>Cumhuriyet Meclisi Ekonomi, Maliye, B\u00fct\u00e7e ve Plan Komitesi, \u00c7al\u0131\u015fma ve Sosyal G\u00fcvenlik Bakanl\u0131\u011f\u0131\u2019n\u0131n 5 milyar 430 milyon 161 bin TL\u2019lik 2025 b\u00fct\u00e7esini g\u00f6r\u00fc\u015ferek, oy \u00e7oklu\u011fuyla kabul etti.  Komite bakanl\u0131k b\u00fct\u00e7esi onayland\u0131ktan sonra bug\u00fcnk\u00fc \u00e7al\u0131\u015fmalar\u0131n\u0131 tamamlad\u0131.<\/p>\n<p>Ekonomi, Maliye, B\u00fct\u00e7e ve Plan Komitesi yar\u0131n Maliye Bakanl\u0131\u011f\u0131 ve Gelirler b\u00fct\u00e7eleri ile GKK, Milli E\u011fitim Bakanl\u0131\u011f\u0131\u2019na ba\u011fl\u0131 Y\u00d6DAK b\u00fct\u00e7elerini g\u00f6r\u00fc\u015fecek. Komite ayr\u0131ca g\u00f6r\u00fc\u015fmesi tamamlanan Milli E\u011fitim Bakanl\u0131\u011f\u0131 ve DA\u00dc b\u00fct\u00e7elerinin oylamas\u0131n\u0131 yapacak.<\/p>\n<p>Komitenin yar\u0131n 2025 Mali Y\u0131l\u0131 Merkezi Devlet Y\u00f6netimi B\u00fct\u00e7e Yasa Tasar\u0131s\u0131\u2019n\u0131n b\u00fct\u00fcn\u00fcn\u00fc g\u00f6r\u00fc\u015f\u00fcp, oylayarak, \u00e7al\u0131\u015fmalar\u0131n\u0131 tamamlamas\u0131 \u00f6ng\u00f6r\u00fcl\u00fcyor.<\/p>\n<p>-Bar\u00e7\u0131n<\/p>\n<p>\u00c7al\u0131\u015fma ve Sosyal G\u00fcvenlik Bakan Sad\u0131k Gardiyano\u011flu ve b\u00fcrokratlar\u0131n\u0131n da kat\u0131ld\u0131\u011f\u0131 komite toplant\u0131s\u0131nda ilk s\u00f6z\u00fc alan CTP Milletvekili Devrim Bar\u00e7\u0131n, veri alma talebinde ve ihbarda bulunmak istedi\u011fini kaydetti.<\/p>\n<p>\u00c7al\u0131\u015fma Dairesi\u2019nin idari para cezas\u0131 ve tahsilatlar\u0131 daha \u00f6nce yay\u0131nlad\u0131\u011f\u0131n\u0131 fakat \u015fu anda bu verilere ula\u015famad\u0131klar\u0131n\u0131 dile getiren Bar\u00e7\u0131n, bu uygulamalarla ilgili bilgi talep etti.<\/p>\n<p>DP\u00d6 verilerine bak\u0131ld\u0131\u011f\u0131nda \u00fclkede y\u00fczde 11 b\u00fcy\u00fcme hedefi ortaya konuldu\u011funu dile getiren Bar\u00e7\u0131n, reel b\u00fcy\u00fcmenin t\u00fcm maa\u015flara yans\u0131t\u0131l\u0131p yans\u0131t\u0131lamayaca\u011f\u0131n\u0131 sordu.<\/p>\n<p>Bar\u00e7\u0131n ayr\u0131ca, bakan\u0131n resmi tatillerde i\u015f yasas\u0131 gere\u011fi kapal\u0131 olmas\u0131 gereken yerlerin denetlenece\u011fi s\u00f6ylemini an\u0131msatarak, \u00e7al\u0131\u015fanlara i\u015f yasas\u0131ndan do\u011fan haklar\u0131n\u0131n verilip verilmedi\u011fi ve denetlenen yerlerin yat\u0131r\u0131mlar\u0131n\u0131n yap\u0131l\u0131p yap\u0131lmad\u0131\u011f\u0131 konusunda bilgi istedi.<\/p>\n<p>Vardiya \u00e7al\u0131\u015fmay\u0131 y\u00f6nelik \u00e7al\u0131\u015fmalar oldu\u011funu dile getiren Bar\u00e7\u0131n, vardiya \u00f6denekleri noktas\u0131nda yap\u0131lan \u00e7al\u0131\u015fmalar\u0131 sordu.<\/p>\n<p>Lefke Avrupa \u00dcniversitesi\u2019nde ger\u00e7ek b\u00fcr\u00fct maa\u015flar \u00fczerinden yat\u0131r\u0131m yap\u0131lmad\u0131\u011f\u0131 ihbar\u0131nda bulunmak istedi\u011fini dile getiren Bar\u00e7\u0131n, bu \u00fcniversitenin ileride olumsuzluk ya\u015famamas\u0131 ad\u0131na bakanl\u0131\u011f\u0131n erken zamanda m\u00fcdahale etmesi gerekti\u011fini kaydetti.<\/p>\n<p>LA\u00dc \u00e7al\u0131\u015fanlar\u0131n\u0131n 11 aydan beri primlerinin yat\u0131r\u0131lmad\u0131\u011f\u0131n\u0131 dile getiren Bar\u00e7\u0131n, LA\u00dc\u2019n\u00fcn ger\u00e7ek m\u00fckellefiyetlerinin \u00e7ok gerisinden hareket etti\u011fini belirtti ve LA\u00dc \u00e7al\u0131\u015fanlar\u0131n\u0131n hakk\u0131n\u0131n gasp edildi\u011fini s\u00f6yledi.<\/p>\n<p>Bar\u00e7\u0131n ayr\u0131ca, bakanl\u0131\u011f\u0131n sosyal sigorta yat\u0131r\u0131mlar\u0131n\u0131 yapmayanlara kar\u015f\u0131 yapt\u0131r\u0131m yap\u0131lmas\u0131 y\u00f6n\u00fcnde hareket ge\u00e7mesi gerekti\u011fini belirtti.<\/p>\n<p>-Derya<\/p>\n<p>CTP Milletvekili Do\u011fu\u015f Derya da konu\u015fmas\u0131nda, bakanl\u0131\u011f\u0131n \u00e7ok d\u00fc\u015f\u00fck performansla \u00e7al\u0131\u015ft\u0131\u011f\u0131n\u0131 ve b\u00fct\u00e7eye bak\u0131ld\u0131\u011f\u0131nda da ileriki d\u00f6nemde de bu performans\u0131n de\u011fi\u015fmeyece\u011finin d\u00fc\u015f\u00fcn\u00fcld\u00fc\u011f\u00fcn\u00fc belirtti.<\/p>\n<p>Veri toplama konusunda \u00e7ok s\u0131k\u0131nt\u0131 olmas\u0131ndan dolay\u0131 baz\u0131 verilere ula\u015f\u0131lamad\u0131\u011f\u0131n\u0131 kaydeden Derya, \u0130statistik Kurumu\u2019nun verilerini okuyarak, i\u015f ba\u015fvurusu rakamlar\u0131n\u0131 aktard\u0131.<\/p>\n<p>\u0130\u015f g\u00fcc\u00fc i\u00e7erisinde \u00f6zellikle kad\u0131nlar\u0131n tercih edilmedi\u011fini verilerle aktaran Derya, emek piyasas\u0131ndan cinsiyet\u00e7i yakla\u015f\u0131m de\u011fi\u015fmedik\u00e7e, sonu\u00e7larda bir de\u011fi\u015fiklik olmayaca\u011f\u0131n\u0131 dile getirdi. Derya, beyin g\u00f6\u00e7\u00fcndeki art\u0131\u015fa da dikkat \u00e7ekti.<\/p>\n<p>Ayda ortalama 4 kad\u0131n\u0131n s\u0131\u011f\u0131nma evine gitme ba\u015fvurusunda bulundu\u011funu dile getiren Derya, bu verilerin, Toplumsal Cinsiyet E\u015fitli\u011fi Dairesi Yasas\u0131\u2019nda \u00f6ng\u00f6r\u00fclen birimin hayata ge\u00e7me gere\u011fini ortaya koydu\u011funu belirtti.<\/p>\n<p>\u015eiddete m\u00fcdahale biriminde yeti\u015fmi\u015f personele ihtiya\u00e7 oldu\u011funa da dikkat \u00e7eken Derya, bu birimden sorumlu olan bakanl\u0131\u011f\u0131n gerekli yasal d\u00fczenlemeleri yap\u0131p, benzer birimlerin di\u011fer b\u00f6lgelerde de a\u00e7\u0131lmas\u0131 gerekti\u011fini kaydetti.<\/p>\n<p>2024 y\u0131l\u0131nda devletin bir s\u0131\u011f\u0131nma evi olmamas\u0131n\u0131n b\u00fcy\u00fck bir \u201cutan\u00e7\u201d oldu\u011funu dile getiren Derya, \u00fcniversitelerde bir s\u0131\u011f\u0131nma evi projesi yar\u0131\u015fmas\u0131 yapmak ve mali destek vermenin \u00e7ok mu zor oldu\u011funu sordu.<\/p>\n<p>\u00c7al\u0131\u015fma ve G\u00fcvenlik Bakan\u0131 Sad\u0131k Gardiyano\u011flu s\u00f6z alarak, kad\u0131n s\u0131\u011f\u0131nma evi konusunda bina yerinin ayr\u0131ld\u0131\u011f\u0131n\u0131 ve bu sorunun \u00e7ok k\u0131sa s\u00fcrede sonland\u0131r\u0131laca\u011f\u0131n\u0131 kaydetti.<\/p>\n<p>CTP Milletvekili Do\u011fu\u015f Derya tekrar s\u00f6z alarak, kad\u0131n yoksulla\u015fmas\u0131n\u0131n derinle\u015fti\u011fini ve kad\u0131nlar\u0131n avukat tutacak maddi kaynaklar\u0131n\u0131n azald\u0131\u011f\u0131n\u0131 belirtti.<\/p>\n<p>Sosyal Hizmetler Dairesi raporlamas\u0131nda hizmet veren Alo 123\u2019\u00fcn yeterli olmad\u0131\u011f\u0131n\u0131 dile getiren Derya, yeni teknolojik aplikasyonlar\u0131n art\u0131k y\u00fcr\u00fcrl\u00fc\u011fe girmesi gerekti\u011fini kaydetti.<\/p>\n<p>Toplumsal Cinsiyet E\u015fitli\u011fi Dairesi\u2019ne ayr\u0131lan b\u00fct\u00e7eyi de ele\u015ftiren Derya, 10 y\u0131ld\u0131r verilen m\u00fccadeleye ra\u011fmen buraya halen para ay\u0131lmad\u0131\u011f\u0131n\u0131 kaydetti.<\/p>\n<p>-Akansoy<\/p>\n<p>CTP Milletvekili As\u0131m Akansoy da, siyasetin kar\u0131\u015ft\u0131r\u0131lmamas\u0131 gereken i\u015f kazalar\u0131n\u0131n \u00f6nemine i\u015faret etti.<\/p>\n<p>M\u00fcfetti\u015f ve denet\u00e7i say\u0131s\u0131n\u0131n az oldu\u011funun y\u0131llard\u0131r bilindi\u011fini dile getiren Akansoy, in\u015faat patlamas\u0131ndan dolay\u0131 i\u015f kazalar\u0131n\u0131n artt\u0131\u011f\u0131n\u0131 ve i\u015f\u00e7ilerin \u00f6ld\u00fc\u011f\u00fcn\u00fc s\u00f6yleyerek, bunun sorumlusunun h\u00fckmet oldu\u011funu savundu.<\/p>\n<p>\u201cHaftada bir i\u015f kazalar\u0131na ba\u011fl\u0131 \u00f6l\u00fcmlerin ya\u015fand\u0131\u011f\u0131 bir co\u011frafyada de\u011fil ya\u015famak, turistik ama\u00e7l\u0131 dahi olmak istemezsiniz\u201d diyen Akansoy, i\u015f verenin uymas\u0131 gereken \u00e7ok ciddi kurallar oldu\u011funu fakat bakanl\u0131\u011f\u0131n da bu kurallara uyulup uyulmad\u0131\u011f\u0131n\u0131 \u00e7ok ciddi \u015fekilde denetlemesi gerekti\u011fini belirtti.<\/p>\n<p>\u0130statistik verilerine g\u00fcvenmedi\u011fini dile getiren Akansoy, bug\u00fcn sunulan verilerin ge\u00e7erlili\u011finin tatmin edici d\u00fczeyde olmad\u0131\u011f\u0131n\u0131 s\u00f6yledi.<\/p>\n<p>Kamu kurumu niteli\u011findeki \u00f6rg\u00fctlerin sorumlu k\u0131l\u0131nmamas\u0131 ve payda\u015f olmamas\u0131 halinde sorunlar\u0131n \u00fcstesinden gelinemeyece\u011fini dile getiren Akansoy, meslek \u00f6rg\u00fctlerinin kendi alanlar\u0131yla ilgili i\u015fverenleri denetlemesi ve s\u00f6z sahibi olmas\u0131 gerekti\u011fini kaydetti.<\/p>\n<p>Yasa ve t\u00fcz\u00fcklerin bire bir uygulanmas\u0131 halinde yine kaza olabilece\u011fini fakat makul derecede a\u00e7\u0131klanabilece\u011fini dile getiren Akansoy, bakan\u0131n a\u00e7\u0131klamalar\u0131n\u0131 ele\u015ftirerek, s\u0131f\u0131r i\u015f kazas\u0131 s\u00f6ylemlerinin m\u00fcmk\u00fcn olamayaca\u011f\u0131n\u0131 s\u00f6yledi.<\/p>\n<p>Y\u00f6netsel alanlarda yeni paradigma geli\u015ftirilmesi gerekti\u011fini dile getiren Akansoy, bunu bakanl\u0131k y\u00f6netiminde g\u00f6rmedi\u011fini belirtti.<\/p>\n<p>Asgari \u00fccretlinin ya\u015fam standard\u0131n\u0131n korunmas\u0131 gerekti\u011fini s\u00f6yleyen Akansoy, insanlar\u0131n hayatlar\u0131n\u0131 idame ettirmelerine imkan tan\u0131yacak \u015feylerin yap\u0131lmas\u0131 gerekti\u011fini kaydetti.<\/p>\n<p>Avrupa Birli\u011fi\u2019nde asgari \u00fccretin m\u00fczakere yoluyla saptanmas\u0131n\u0131n ve \u00f6rg\u00fctlenme hakk\u0131n\u0131n korunmas\u0131n\u0131n istendi\u011fini dile getiren Akansoy, \u00f6zel sekt\u00f6r\u00fcn sendikala\u015fmas\u0131 y\u00f6n\u00fcnde \u00f6n\u00fcn a\u00e7\u0131lmas\u0131 gerekti\u011fini belirtti.<\/p>\n<p>Kay\u0131t d\u0131\u015f\u0131l\u0131k konusuna da de\u011finin Akansoy, bu konunun vatanda\u015f\u0131 ve kendilerini endi\u015felendirdi\u011fini kaydetti.<\/p>\n<p>-Solyal\u0131<\/p>\n<p>CTP Milletvekili \u00dcr\u00fcn Solyal\u0131 da konu\u015fmas\u0131nda, \u00c7al\u0131\u015fma ve Sosyal G\u00fcvenlik Bakanl\u0131\u011f\u0131\u2019n\u0131n her zaman \u00e7al\u0131\u015fmadan ve g\u00fcvenlikten uzak bir imaj verdi\u011fini s\u00f6yledi.<\/p>\n<p>Bakanl\u0131\u011f\u0131n yeniden yap\u0131lanmas\u0131 gerekti\u011fini kaydeden Solyal\u0131, bakanlar\u0131n do\u011fru politikalar \u00fczerinden kurgulanmas\u0131 gerekti\u011fini belirtti.<\/p>\n<p>Cypfruvex\u2019te ya\u015fananlar\u0131 an\u0131msatarak memlekette insan ticareti vakalar\u0131 oldu\u011funu s\u00f6yleyen Solyal\u0131, \u00e7al\u0131\u015fmak i\u00e7in buraya gelen insanlar\u0131n ya\u015fam ko\u015fullar\u0131nda iyile\u015fme olup olmad\u0131\u011f\u0131n\u0131 sordu.<\/p>\n<p>Bu konuda nas\u0131l bir idari ve cezai i\u015flem yap\u0131ld\u0131\u011f\u0131na a\u00e7\u0131kl\u0131k getirilmesini isteyen Solyal\u0131, \u00fclkede ka\u00e7 ki\u015finin kay\u0131tl\u0131 oldu\u011funu ve halen ka\u00e7ak durumda bulunanlar\u0131 sordu.<\/p>\n<p>2024 y\u0131l\u0131nda istismara u\u011frayan \u00e7ocuk say\u0131s\u0131n\u0131n ka\u00e7 oldu\u011funu da soran Solyal\u0131, devlet g\u00f6zetiminde ka\u00e7 \u00e7ocuk oldu\u011funu ve \u00c7ocuk Esirgeme Kurumu\u2019na ne kadar katk\u0131 yap\u0131ld\u0131\u011f\u0131na a\u00e7\u0131kl\u0131k getirilmesini istedi.<\/p>\n<p>\u0130stismar\u0131n her boyutta kontrolden \u00e7\u0131km\u0131\u015f bir durumu oldu\u011funu savunan Solayl\u0131, bu konularda bakandan bilgi istedi.<\/p>\n<p>-Birinci<\/p>\n<p>CTP Milletvekili Ceyhun Birinci de konu\u015fmas\u0131nda bakanl\u0131\u011fa ayr\u0131lan b\u00fct\u00e7enin yeterli olmad\u0131\u011f\u0131n\u0131 kaydetti.<\/p>\n<p>Re\u00e7ete soru\u015fturmas\u0131n\u0131n ne a\u015famada oldu\u011funu soran Birinci, bu konuyla ilgili bir\u00e7ok taraf oldu\u011funa de\u011finerek, ilaca eri\u015fimde ya\u015fanan s\u0131k\u0131nt\u0131lara i\u015faret etti.<\/p>\n<p>Lapta Huzurevi\u2019nin ne durumda oldu\u011funu ve ne zaman hizmete girece\u011fini soran Birinci, ekonomik s\u0131k\u0131nt\u0131lar i\u00e7erisinde ya\u015fayan insanlara el at\u0131lamad\u0131\u011f\u0131n\u0131 ve sorumlulu\u011fun h\u00fck\u00fcmette oldu\u011funu kaydetti.<\/p>\n<p>\u00c7al\u0131\u015fma Dairesi te\u015fkilat yasas\u0131n\u0131n ivedi \u015fekilde g\u00fcncellenmesi gerekti\u011fini de dile getiren Birinci, \u00fclke n\u00fcfusunun bilinmesi i\u00e7in n\u00fcfus say\u0131m\u0131 yap\u0131l\u0131p yap\u0131lmayaca\u011f\u0131n\u0131 sordu.<\/p>\n<p>2024 y\u0131l\u0131nda 68 yaralanma, 7 \u00f6l\u00fcmle sonu\u00e7lanan 75 i\u015f kazas\u0131 ger\u00e7ekle\u015fti\u011fini ve ge\u00e7en y\u0131la g\u00f6re vakalarda art\u0131\u015f ya\u015fand\u0131\u011f\u0131n\u0131 dile getiren Birinci, \u201cbunun sorumlusu kim\u201d diye sordu ve her alan\u0131n d\u00f6k\u00fcld\u00fc\u011f\u00fcn\u00fc savundu.<\/p>\n<p>-\u015eahiner<\/p>\n<p>CTP Milletvekili Salahi \u015eahiner de, bakanl\u0131\u011fa ba\u011fl\u0131 kurumlar\u0131n \u00f6denekleri hakk\u0131nda bilgi istedi.<\/p>\n<p>-Gardiyano\u011flu<\/p>\n<p>\u00c7al\u0131\u015fma ve Sosyal G\u00fcvenlik Bakan\u0131 Sad\u0131k Gardiyano\u011flu da konu\u015fmas\u0131nda, t\u00fcm notlar\u0131 ald\u0131\u011f\u0131n\u0131 ve cevab\u0131n\u0131 verece\u011fini kaydetti.<\/p>\n<p>Sosyal Sigortalar\u0131 Dairesi\u2019ni \u00e7ok \u00f6nemsedi\u011fini dile getiren Gardiyano\u011flu, sosyal sigortalarda emeklilikle ilgili \u00e7al\u0131\u015fmalar\u0131n ve d\u00fczenlemelerin yap\u0131laca\u011f\u0131n\u0131 kaydetti.<\/p>\n<p>Akt\u00fceryal dengede y\u00fczde 4\u2019\u00fc bulduklar\u0131 anda 55 ya\u015f emeklili\u011fin g\u00fcndeme gelece\u011fini dile getiren Gardiyano\u011flu, tatil g\u00fcnlerinde yap\u0131lan \u00e7al\u0131\u015fmalar\u0131n da kontrol edildi\u011fini s\u00f6yledi.<\/p>\n<p>LA\u00dc ile ilgili ihbar\u0131 ald\u0131\u011f\u0131n\u0131 ve yar\u0131n rapor isteyece\u011fini dile getiren Gardiyano\u011flu, sosyal hizmetlerle ilgili olarak da te\u015fkilat yasas\u0131n\u0131n 30 y\u0131ldan sonra bitti\u011fini ve Meclis\u2019e geldi\u011fini kaydetti.<\/p>\n<p>\u00c7al\u0131\u015fma Bakanl\u0131\u011f\u0131 Te\u015fkilat Yasas\u0131\u2019n\u0131n da en k\u0131sa zamanda Meclis\u2019e gelece\u011fini s\u00f6yleyen Gardiyano\u011flu, Toplumsal Cinsiyet E\u015fitli\u011fi Dairesi ile ilgili \u00e7al\u0131\u015fmalar\u0131n da devam etti\u011fini belirtti.<\/p>\n<p>Sosyal Hizmetler Dairesi\u2019nde kadro say\u0131s\u0131n\u0131n az oldu\u011funu dile getiren Gardiyano\u011flu, kadro art\u0131r\u0131m\u0131na gidilece\u011fini s\u00f6yledi.<\/p>\n<p>200\u2019e yak\u0131n kad\u0131n\u0131n ticari hayata girebilmesine kad\u0131n kurslar\u0131yla katk\u0131 koyduklar\u0131n\u0131 s\u00f6yleyen Gardiyano\u011flu, ekonomik faaliyete giren kad\u0131n giri\u015fimcilere destek \u00e7\u0131kt\u0131klar\u0131n\u0131 belirtti.<\/p>\n<p>Ara eleman bulma y\u00f6n\u00fcnde ciddi \u00e7al\u0131\u015fmalar\u0131 oldu\u011funu da anlatan Gardiyano\u011flu, rehabilitasyon merkezi tadilat\u0131n\u0131n 2025 y\u0131l\u0131nda tamamlanaca\u011f\u0131n\u0131 kaydetti.<\/p>\n<p>Karpaz b\u00f6lgesinde bakanl\u0131\u011fa ba\u011fl\u0131 \u015fubelerin a\u00e7\u0131ld\u0131\u011f\u0131n\u0131 ve personelin g\u00f6revlendirildi\u011fini dile getiren Gardiyano\u011flu, rehabilitasyon merkezleri ve ya\u015fam merkezlerine ciddi yat\u0131r\u0131mlar yap\u0131ld\u0131\u011f\u0131n\u0131 s\u00f6yledi.<\/p>\n<p>Sosyal hizmetler konusunda hassas olduklar\u0131n\u0131 belirten Gardiyano\u011flu, sosyal hizmetlerin \u00e7ok farkl\u0131 noktalara geldi\u011fini ve ileriki d\u00f6nemde 6 il\u00e7ede projeler yap\u0131laca\u011f\u0131n\u0131 kaydetti.<\/p>\n<p>Engelli bireylerin ald\u0131\u011f\u0131 katk\u0131larla ilgili yasal d\u00fczenleme yapt\u0131\u011f\u0131n\u0131 dile getiren Gardiyano\u011flu, bu y\u0131l i\u00e7erisinde verilen katk\u0131lar\u0131n art\u0131r\u0131laca\u011f\u0131n\u0131 belirtti.<\/p>\n<p>\u201cS\u0131f\u0131r i\u015f kazas\u0131\u201d hedefini yineleyen Gardiyano\u011flu, bu konuyla ilgili \u00e7al\u0131\u015fma yapt\u0131klar\u0131n\u0131 s\u00f6yledi.  <\/p>\n<p>Kay\u0131tl\u0131 i\u015f\u00e7i say\u0131s\u0131n\u0131n ortalama 130 bin oldu\u011funu dile getiren Gardiyano\u011flu, 2024 y\u0131l\u0131nda bu say\u0131s\u0131n\u0131 210 bine y\u00fckseldi\u011fini s\u00f6yledi. Gardiyano\u011flu, i\u015f\u00e7i denetimlerini y\u00fczde 85 art\u0131rd\u0131klar\u0131n\u0131 ancak personel say\u0131s\u0131n\u0131n ayn\u0131 kald\u0131\u011f\u0131na i\u015faret etti.<\/p>\n<p>Cypfruvex\u2019teki i\u015f\u00e7ilerin \u00e7al\u0131\u015fma izinlerinin \u00e7\u0131kar\u0131ld\u0131\u011f\u0131n\u0131 dile getiren Gardiyano\u011flu, i\u015f ve i\u015f sa\u011fl\u0131\u011f\u0131nda sorumlu bakan  olarak bu konuda gereken cezan\u0131n kesildi\u011fini s\u00f6yledi.<\/p>\n<p>\u00c7ocuk \u0130zleme Merkezi\u2019ne ili\u015fkin yasal d\u00fczenleme giri\u015fimlerinin yap\u0131ld\u0131\u011f\u0131n\u0131 dile getiren Gardiyano\u011flu, doktor ve eczac\u0131lar\u0131n soru\u015fturmalar\u0131n\u0131n devam etti\u011fini ve yak\u0131n zamanda da tamamlanmas\u0131n\u0131n beklendi\u011fini belirtti.<\/p>\n<p>Gardiyano\u011flu\u2019nun konu\u015fmas\u0131n\u0131n ard\u0131ndan komite b\u00fct\u00e7eyi onaylay\u0131p, bug\u00fcnk\u00fc \u00e7al\u0131\u015fmalar\u0131n\u0131 tamamlad\u0131.<\/p>\n<\/p><\/div>\n<p><script async\n                    defer\n                    crossorigin=\"anonymous\"\n                    src=\"https:\/\/connect.facebook.net\/tr_TR\/sdk.js#xfbml=1&#038;version=v3.3\"\n            ><\/script><\/p>\n","protected":false},"excerpt":{"rendered":"<p>Cumhuriyet Meclisi Ekonomi, Maliye, B\u00fct\u00e7e ve Plan Komitesi, \u00c7al\u0131\u015fma ve Sosyal G\u00fcvenlik Bakanl\u0131\u011f\u0131\u2019n\u0131n 5 milyar 430 milyon 161 bin TL\u2019lik 2025 b\u00fct\u00e7esini g\u00f6r\u00fc\u015ferek, oy \u00e7oklu\u011fuyla kabul etti. Komite bakanl\u0131k b\u00fct\u00e7esi onayland\u0131ktan sonra bug\u00fcnk\u00fc \u00e7al\u0131\u015fmalar\u0131n\u0131 tamamlad\u0131. Ekonomi, Maliye, B\u00fct\u00e7e ve Plan Komitesi yar\u0131n Maliye Bakanl\u0131\u011f\u0131 ve Gelirler b\u00fct\u00e7eleri ile GKK, Milli E\u011fitim Bakanl\u0131\u011f\u0131\u2019na ba\u011fl\u0131 Y\u00d6DAK b\u00fct\u00e7elerini<\/p>\n","protected":false},"author":1,"featured_media":6234,"comment_status":"open","ping_status":"open","sticky":false,"template":"","format":"standard","meta":{"footnotes":""},"categories":[81],"tags":[],"class_list":["post-70258","post","type-post","status-publish","format-standard","has-post-thumbnail","hentry","category-kibris"],"yoast_head":"<!-- This site is optimized with the Yoast SEO plugin v27.5 - https:\/\/yoast.com\/product\/yoast-seo-wordpress\/ -->\n<title>5 milyar 430 milyon 161 bin TL\u2019lik \u00c7al\u0131\u015fma ve Sosyal G\u00fcvenlik Bakanl\u0131\u011f\u0131 b\u00fct\u00e7esi oy\u00e7oklu\u011fuyla kabul edildi -<\/title>\n<meta name=\"robots\" content=\"index, follow, max-snippet:-1, max-image-preview:large, max-video-preview:-1\" \/>\n<link rel=\"canonical\" href=\"https:\/\/kibrisdakik.com\/?p=70258\" \/>\n<meta property=\"og:locale\" content=\"tr_TR\" \/>\n<meta property=\"og:type\" content=\"article\" \/>\n<meta property=\"og:title\" content=\"5 milyar 430 milyon 161 bin TL\u2019lik \u00c7al\u0131\u015fma ve Sosyal G\u00fcvenlik Bakanl\u0131\u011f\u0131 b\u00fct\u00e7esi oy\u00e7oklu\u011fuyla kabul edildi -\" \/>\n<meta property=\"og:description\" content=\"Cumhuriyet Meclisi Ekonomi, Maliye, B\u00fct\u00e7e ve Plan Komitesi, \u00c7al\u0131\u015fma ve Sosyal G\u00fcvenlik Bakanl\u0131\u011f\u0131\u2019n\u0131n 5 milyar 430 milyon 161 bin TL\u2019lik 2025 b\u00fct\u00e7esini g\u00f6r\u00fc\u015ferek, oy \u00e7oklu\u011fuyla kabul etti. Komite bakanl\u0131k b\u00fct\u00e7esi onayland\u0131ktan sonra bug\u00fcnk\u00fc \u00e7al\u0131\u015fmalar\u0131n\u0131 tamamlad\u0131. Ekonomi, Maliye, B\u00fct\u00e7e ve Plan Komitesi yar\u0131n Maliye Bakanl\u0131\u011f\u0131 ve Gelirler b\u00fct\u00e7eleri ile GKK, Milli E\u011fitim Bakanl\u0131\u011f\u0131\u2019na ba\u011fl\u0131 Y\u00d6DAK b\u00fct\u00e7elerini\" \/>\n<meta property=\"og:url\" content=\"https:\/\/kibrisdakik.com\/?p=70258\" \/>\n<meta property=\"article:published_time\" content=\"2024-11-27T20:22:26+00:00\" \/>\n<meta property=\"og:image\" content=\"https:\/\/kibrisdakik.com\/wp-content\/uploads\/2023\/05\/calisma-ve-sosyal-guvenlik-bakanligi-740x323.jpg\" \/>\n\t<meta property=\"og:image:width\" content=\"768\" \/>\n\t<meta property=\"og:image:height\" content=\"323\" \/>\n\t<meta property=\"og:image:type\" content=\"image\/jpeg\" \/>\n<meta name=\"author\" content=\"admin\" \/>\n<meta name=\"twitter:card\" content=\"summary_large_image\" \/>\n<meta name=\"twitter:label1\" content=\"Yazan:\" \/>\n\t<meta name=\"twitter:data1\" content=\"admin\" \/>\n\t<meta name=\"twitter:label2\" content=\"Tahmini okuma s\u00fcresi\" \/>\n\t<meta name=\"twitter:data2\" content=\"10 dakika\" \/>\n<script type=\"application\/ld+json\" class=\"yoast-schema-graph\">{\"@context\":\"https:\\\/\\\/schema.org\",\"@graph\":[{\"@type\":\"Article\",\"@id\":\"https:\\\/\\\/kibrisdakik.com\\\/?p=70258#article\",\"isPartOf\":{\"@id\":\"https:\\\/\\\/kibrisdakik.com\\\/?p=70258\"},\"author\":{\"name\":\"admin\",\"@id\":\"https:\\\/\\\/kibrisdakik.com\\\/#\\\/schema\\\/person\\\/9cd9d437bbb44f72b73ba127e06d8e79\"},\"headline\":\"5 milyar 430 milyon 161 bin TL\u2019lik \u00c7al\u0131\u015fma ve Sosyal G\u00fcvenlik Bakanl\u0131\u011f\u0131 b\u00fct\u00e7esi oy\u00e7oklu\u011fuyla kabul edildi\",\"datePublished\":\"2024-11-27T20:22:26+00:00\",\"mainEntityOfPage\":{\"@id\":\"https:\\\/\\\/kibrisdakik.com\\\/?p=70258\"},\"wordCount\":2014,\"commentCount\":0,\"image\":{\"@id\":\"https:\\\/\\\/kibrisdakik.com\\\/?p=70258#primaryimage\"},\"thumbnailUrl\":\"https:\\\/\\\/kibrisdakik.com\\\/wp-content\\\/uploads\\\/2023\\\/05\\\/calisma-ve-sosyal-guvenlik-bakanligi-740x323.jpg\",\"articleSection\":[\"K\u0131br\u0131s\"],\"inLanguage\":\"tr\",\"potentialAction\":[{\"@type\":\"CommentAction\",\"name\":\"Comment\",\"target\":[\"https:\\\/\\\/kibrisdakik.com\\\/?p=70258#respond\"]}]},{\"@type\":\"WebPage\",\"@id\":\"https:\\\/\\\/kibrisdakik.com\\\/?p=70258\",\"url\":\"https:\\\/\\\/kibrisdakik.com\\\/?p=70258\",\"name\":\"5 milyar 430 milyon 161 bin TL\u2019lik \u00c7al\u0131\u015fma ve Sosyal G\u00fcvenlik Bakanl\u0131\u011f\u0131 b\u00fct\u00e7esi oy\u00e7oklu\u011fuyla kabul edildi -\",\"isPartOf\":{\"@id\":\"https:\\\/\\\/kibrisdakik.com\\\/#website\"},\"primaryImageOfPage\":{\"@id\":\"https:\\\/\\\/kibrisdakik.com\\\/?p=70258#primaryimage\"},\"image\":{\"@id\":\"https:\\\/\\\/kibrisdakik.com\\\/?p=70258#primaryimage\"},\"thumbnailUrl\":\"https:\\\/\\\/kibrisdakik.com\\\/wp-content\\\/uploads\\\/2023\\\/05\\\/calisma-ve-sosyal-guvenlik-bakanligi-740x323.jpg\",\"datePublished\":\"2024-11-27T20:22:26+00:00\",\"author\":{\"@id\":\"https:\\\/\\\/kibrisdakik.com\\\/#\\\/schema\\\/person\\\/9cd9d437bbb44f72b73ba127e06d8e79\"},\"breadcrumb\":{\"@id\":\"https:\\\/\\\/kibrisdakik.com\\\/?p=70258#breadcrumb\"},\"inLanguage\":\"tr\",\"potentialAction\":[{\"@type\":\"ReadAction\",\"target\":[\"https:\\\/\\\/kibrisdakik.com\\\/?p=70258\"]}]},{\"@type\":\"ImageObject\",\"inLanguage\":\"tr\",\"@id\":\"https:\\\/\\\/kibrisdakik.com\\\/?p=70258#primaryimage\",\"url\":\"https:\\\/\\\/kibrisdakik.com\\\/wp-content\\\/uploads\\\/2023\\\/05\\\/calisma-ve-sosyal-guvenlik-bakanligi-740x323.jpg\",\"contentUrl\":\"https:\\\/\\\/kibrisdakik.com\\\/wp-content\\\/uploads\\\/2023\\\/05\\\/calisma-ve-sosyal-guvenlik-bakanligi-740x323.jpg\",\"width\":768,\"height\":323},{\"@type\":\"BreadcrumbList\",\"@id\":\"https:\\\/\\\/kibrisdakik.com\\\/?p=70258#breadcrumb\",\"itemListElement\":[{\"@type\":\"ListItem\",\"position\":1,\"name\":\"Home\",\"item\":\"https:\\\/\\\/kibrisdakik.com\\\/\"},{\"@type\":\"ListItem\",\"position\":2,\"name\":\"5 milyar 430 milyon 161 bin TL\u2019lik \u00c7al\u0131\u015fma ve Sosyal G\u00fcvenlik Bakanl\u0131\u011f\u0131 b\u00fct\u00e7esi oy\u00e7oklu\u011fuyla kabul edildi\"}]},{\"@type\":\"WebSite\",\"@id\":\"https:\\\/\\\/kibrisdakik.com\\\/#website\",\"url\":\"https:\\\/\\\/kibrisdakik.com\\\/\",\"name\":\"\",\"description\":\"Tam vaktinde haber\",\"potentialAction\":[{\"@type\":\"SearchAction\",\"target\":{\"@type\":\"EntryPoint\",\"urlTemplate\":\"https:\\\/\\\/kibrisdakik.com\\\/?s={search_term_string}\"},\"query-input\":{\"@type\":\"PropertyValueSpecification\",\"valueRequired\":true,\"valueName\":\"search_term_string\"}}],\"inLanguage\":\"tr\"},{\"@type\":\"Person\",\"@id\":\"https:\\\/\\\/kibrisdakik.com\\\/#\\\/schema\\\/person\\\/9cd9d437bbb44f72b73ba127e06d8e79\",\"name\":\"admin\",\"image\":{\"@type\":\"ImageObject\",\"inLanguage\":\"tr\",\"@id\":\"https:\\\/\\\/secure.gravatar.com\\\/avatar\\\/ccc17943b9d660506c869530f897617f7cb1c21a4bf30023f252596d83e1f007?s=96&d=mm&r=g\",\"url\":\"https:\\\/\\\/secure.gravatar.com\\\/avatar\\\/ccc17943b9d660506c869530f897617f7cb1c21a4bf30023f252596d83e1f007?s=96&d=mm&r=g\",\"contentUrl\":\"https:\\\/\\\/secure.gravatar.com\\\/avatar\\\/ccc17943b9d660506c869530f897617f7cb1c21a4bf30023f252596d83e1f007?s=96&d=mm&r=g\",\"caption\":\"admin\"},\"sameAs\":[\"https:\\\/\\\/kibrisdakik.com\"],\"url\":\"https:\\\/\\\/kibrisdakik.com\\\/?author=1\"}]}<\/script>\n<!-- \/ Yoast SEO plugin. -->","yoast_head_json":{"title":"5 milyar 430 milyon 161 bin TL\u2019lik \u00c7al\u0131\u015fma ve Sosyal G\u00fcvenlik Bakanl\u0131\u011f\u0131 b\u00fct\u00e7esi oy\u00e7oklu\u011fuyla kabul edildi -","robots":{"index":"index","follow":"follow","max-snippet":"max-snippet:-1","max-image-preview":"max-image-preview:large","max-video-preview":"max-video-preview:-1"},"canonical":"https:\/\/kibrisdakik.com\/?p=70258","og_locale":"tr_TR","og_type":"article","og_title":"5 milyar 430 milyon 161 bin TL\u2019lik \u00c7al\u0131\u015fma ve Sosyal G\u00fcvenlik Bakanl\u0131\u011f\u0131 b\u00fct\u00e7esi oy\u00e7oklu\u011fuyla kabul edildi -","og_description":"Cumhuriyet Meclisi Ekonomi, Maliye, B\u00fct\u00e7e ve Plan Komitesi, \u00c7al\u0131\u015fma ve Sosyal G\u00fcvenlik Bakanl\u0131\u011f\u0131\u2019n\u0131n 5 milyar 430 milyon 161 bin TL\u2019lik 2025 b\u00fct\u00e7esini g\u00f6r\u00fc\u015ferek, oy \u00e7oklu\u011fuyla kabul etti. Komite bakanl\u0131k b\u00fct\u00e7esi onayland\u0131ktan sonra bug\u00fcnk\u00fc \u00e7al\u0131\u015fmalar\u0131n\u0131 tamamlad\u0131. Ekonomi, Maliye, B\u00fct\u00e7e ve Plan Komitesi yar\u0131n Maliye Bakanl\u0131\u011f\u0131 ve Gelirler b\u00fct\u00e7eleri ile GKK, Milli E\u011fitim Bakanl\u0131\u011f\u0131\u2019na ba\u011fl\u0131 Y\u00d6DAK b\u00fct\u00e7elerini","og_url":"https:\/\/kibrisdakik.com\/?p=70258","article_published_time":"2024-11-27T20:22:26+00:00","og_image":[{"width":768,"height":323,"url":"https:\/\/kibrisdakik.com\/wp-content\/uploads\/2023\/05\/calisma-ve-sosyal-guvenlik-bakanligi-740x323.jpg","type":"image\/jpeg"}],"author":"admin","twitter_card":"summary_large_image","twitter_misc":{"Yazan:":"admin","Tahmini okuma s\u00fcresi":"10 dakika"},"schema":{"@context":"https:\/\/schema.org","@graph":[{"@type":"Article","@id":"https:\/\/kibrisdakik.com\/?p=70258#article","isPartOf":{"@id":"https:\/\/kibrisdakik.com\/?p=70258"},"author":{"name":"admin","@id":"https:\/\/kibrisdakik.com\/#\/schema\/person\/9cd9d437bbb44f72b73ba127e06d8e79"},"headline":"5 milyar 430 milyon 161 bin TL\u2019lik \u00c7al\u0131\u015fma ve Sosyal G\u00fcvenlik Bakanl\u0131\u011f\u0131 b\u00fct\u00e7esi oy\u00e7oklu\u011fuyla kabul edildi","datePublished":"2024-11-27T20:22:26+00:00","mainEntityOfPage":{"@id":"https:\/\/kibrisdakik.com\/?p=70258"},"wordCount":2014,"commentCount":0,"image":{"@id":"https:\/\/kibrisdakik.com\/?p=70258#primaryimage"},"thumbnailUrl":"https:\/\/kibrisdakik.com\/wp-content\/uploads\/2023\/05\/calisma-ve-sosyal-guvenlik-bakanligi-740x323.jpg","articleSection":["K\u0131br\u0131s"],"inLanguage":"tr","potentialAction":[{"@type":"CommentAction","name":"Comment","target":["https:\/\/kibrisdakik.com\/?p=70258#respond"]}]},{"@type":"WebPage","@id":"https:\/\/kibrisdakik.com\/?p=70258","url":"https:\/\/kibrisdakik.com\/?p=70258","name":"5 milyar 430 milyon 161 bin TL\u2019lik \u00c7al\u0131\u015fma ve Sosyal G\u00fcvenlik Bakanl\u0131\u011f\u0131 b\u00fct\u00e7esi oy\u00e7oklu\u011fuyla kabul edildi -","isPartOf":{"@id":"https:\/\/kibrisdakik.com\/#website"},"primaryImageOfPage":{"@id":"https:\/\/kibrisdakik.com\/?p=70258#primaryimage"},"image":{"@id":"https:\/\/kibrisdakik.com\/?p=70258#primaryimage"},"thumbnailUrl":"https:\/\/kibrisdakik.com\/wp-content\/uploads\/2023\/05\/calisma-ve-sosyal-guvenlik-bakanligi-740x323.jpg","datePublished":"2024-11-27T20:22:26+00:00","author":{"@id":"https:\/\/kibrisdakik.com\/#\/schema\/person\/9cd9d437bbb44f72b73ba127e06d8e79"},"breadcrumb":{"@id":"https:\/\/kibrisdakik.com\/?p=70258#breadcrumb"},"inLanguage":"tr","potentialAction":[{"@type":"ReadAction","target":["https:\/\/kibrisdakik.com\/?p=70258"]}]},{"@type":"ImageObject","inLanguage":"tr","@id":"https:\/\/kibrisdakik.com\/?p=70258#primaryimage","url":"https:\/\/kibrisdakik.com\/wp-content\/uploads\/2023\/05\/calisma-ve-sosyal-guvenlik-bakanligi-740x323.jpg","contentUrl":"https:\/\/kibrisdakik.com\/wp-content\/uploads\/2023\/05\/calisma-ve-sosyal-guvenlik-bakanligi-740x323.jpg","width":768,"height":323},{"@type":"BreadcrumbList","@id":"https:\/\/kibrisdakik.com\/?p=70258#breadcrumb","itemListElement":[{"@type":"ListItem","position":1,"name":"Home","item":"https:\/\/kibrisdakik.com\/"},{"@type":"ListItem","position":2,"name":"5 milyar 430 milyon 161 bin TL\u2019lik \u00c7al\u0131\u015fma ve Sosyal G\u00fcvenlik Bakanl\u0131\u011f\u0131 b\u00fct\u00e7esi oy\u00e7oklu\u011fuyla kabul edildi"}]},{"@type":"WebSite","@id":"https:\/\/kibrisdakik.com\/#website","url":"https:\/\/kibrisdakik.com\/","name":"","description":"Tam vaktinde haber","potentialAction":[{"@type":"SearchAction","target":{"@type":"EntryPoint","urlTemplate":"https:\/\/kibrisdakik.com\/?s={search_term_string}"},"query-input":{"@type":"PropertyValueSpecification","valueRequired":true,"valueName":"search_term_string"}}],"inLanguage":"tr"},{"@type":"Person","@id":"https:\/\/kibrisdakik.com\/#\/schema\/person\/9cd9d437bbb44f72b73ba127e06d8e79","name":"admin","image":{"@type":"ImageObject","inLanguage":"tr","@id":"https:\/\/secure.gravatar.com\/avatar\/ccc17943b9d660506c869530f897617f7cb1c21a4bf30023f252596d83e1f007?s=96&d=mm&r=g","url":"https:\/\/secure.gravatar.com\/avatar\/ccc17943b9d660506c869530f897617f7cb1c21a4bf30023f252596d83e1f007?s=96&d=mm&r=g","contentUrl":"https:\/\/secure.gravatar.com\/avatar\/ccc17943b9d660506c869530f897617f7cb1c21a4bf30023f252596d83e1f007?s=96&d=mm&r=g","caption":"admin"},"sameAs":["https:\/\/kibrisdakik.com"],"url":"https:\/\/kibrisdakik.com\/?author=1"}]}},"_links":{"self":[{"href":"https:\/\/kibrisdakik.com\/index.php?rest_route=\/wp\/v2\/posts\/70258","targetHints":{"allow":["GET"]}}],"collection":[{"href":"https:\/\/kibrisdakik.com\/index.php?rest_route=\/wp\/v2\/posts"}],"about":[{"href":"https:\/\/kibrisdakik.com\/index.php?rest_route=\/wp\/v2\/types\/post"}],"author":[{"embeddable":true,"href":"https:\/\/kibrisdakik.com\/index.php?rest_route=\/wp\/v2\/users\/1"}],"replies":[{"embeddable":true,"href":"https:\/\/kibrisdakik.com\/index.php?rest_route=%2Fwp%2Fv2%2Fcomments&post=70258"}],"version-history":[{"count":0,"href":"https:\/\/kibrisdakik.com\/index.php?rest_route=\/wp\/v2\/posts\/70258\/revisions"}],"wp:featuredmedia":[{"embeddable":true,"href":"https:\/\/kibrisdakik.com\/index.php?rest_route=\/wp\/v2\/media\/6234"}],"wp:attachment":[{"href":"https:\/\/kibrisdakik.com\/index.php?rest_route=%2Fwp%2Fv2%2Fmedia&parent=70258"}],"wp:term":[{"taxonomy":"category","embeddable":true,"href":"https:\/\/kibrisdakik.com\/index.php?rest_route=%2Fwp%2Fv2%2Fcategories&post=70258"},{"taxonomy":"post_tag","embeddable":true,"href":"https:\/\/kibrisdakik.com\/index.php?rest_route=%2Fwp%2Fv2%2Ftags&post=70258"}],"curies":[{"name":"wp","href":"https:\/\/api.w.org\/{rel}","templated":true}]}}