{"id":70285,"date":"2024-11-28T14:07:01","date_gmt":"2024-11-28T11:07:01","guid":{"rendered":"https:\/\/kibrisdakik.com\/index.php\/2024\/11\/28\/cumhurbaskani-tatarulkenin-gelisip-kalkinmasinda-kadinin-rolu-onemlidir\/"},"modified":"2024-11-28T14:07:01","modified_gmt":"2024-11-28T11:07:01","slug":"cumhurbaskani-tatarulkenin-gelisip-kalkinmasinda-kadinin-rolu-onemlidir","status":"publish","type":"post","link":"https:\/\/kibrisdakik.com\/?p=70285","title":{"rendered":"Cumhurba\u015fkan\u0131 Tatar:\u00dclkenin geli\u015fip kalk\u0131nmas\u0131nda kad\u0131n\u0131n rol\u00fc \u00f6nemlidir"},"content":{"rendered":"<div>\n<div class=\"mariselle-image-container center\">\n                                            <\/div>\n<p>Cumhurba\u015fkan\u0131 Ersin Tatar, \u0130\u015fte Kad\u0131n 7\u2019nci Foto\u011fraf Yar\u0131\u015fmas\u0131\u2019n\u0131n \u00f6d\u00fcl t\u00f6renine kat\u0131ld\u0131.<\/p>\n<p>Cumhurba\u015fkanl\u0131\u011f\u0131 Bas\u0131n B\u00fcrosu\u2019ndan yap\u0131lan a\u00e7\u0131klamaya g\u00f6re, Tatar \u00f6d\u00fcl t\u00f6reninde yapt\u0131\u011f\u0131 konu\u015fmada, etkinlikte bulunmaktan duydu\u011fu memnuniyeti ifade etti, ger\u00e7ekle\u015ftirilen etkinlikten dolay\u0131 \u0130\u015f Kad\u0131nlar\u0131 Derne\u011fi ba\u015fkan ve y\u00f6netim kuruluna te\u015fekk\u00fcr etti.<\/p>\n<p>K\u0131br\u0131s T\u00fcrk tarihinde kad\u0131na b\u00fcy\u00fck \u00f6nem verildi\u011fine i\u015faret eden Cumhurba\u015fkan\u0131 Tatar, Ulu \u00d6nder Mustafa Kemal Atat\u00fcrk\u2019\u00fcn g\u00f6sterdi\u011fi yolda de\u011ferlerini g\u00fc\u00e7lendirdi\u011fine ve cinsiyet e\u015fitli\u011finin bir\u00e7ok halktan \u00f6nce benimsendi\u011fine dikkat \u00e7ekti.<\/p>\n<p>Yar\u0131\u015fmaya kat\u0131lanlar\u0131 tebrik eden Cumhurba\u015fkan\u0131 Tatar, eserlerin sosyal medya arac\u0131l\u0131\u011f\u0131yla t\u00fcm d\u00fcnyaya duyurulaca\u011f\u0131n\u0131 kaydetti.<\/p>\n<p>Kuzey K\u0131br\u0131s T\u00fcrk Cumhuriyeti\u2019nde kad\u0131na verilen de\u011fer, kad\u0131n\u0131n \u00f6nemi ve kad\u0131n\u0131n \u00fcretimine dikkat \u00e7eken Cumhurba\u015fkan\u0131 Tatar, \u00fclkenin geli\u015fip kalk\u0131nmas\u0131nda kad\u0131n\u0131n rol\u00fcn\u00fcn \u00f6nemli oldu\u011funu vurgulad\u0131.<\/p>\n<p>Daha g\u00fc\u00e7l\u00fc bir halk ve devlet i\u00e7in de\u011ferlere sahip \u00e7\u0131k\u0131lmas\u0131 ve bu gibi etkinliklerle kad\u0131n\u0131n \u00fcretimdeki rol\u00fcn\u00fcn artmas\u0131 gerekti\u011fini savunan Cumhurba\u015fkan\u0131 Tatar, kad\u0131nlar\u0131n ba\u015far\u0131l\u0131 bir \u015fekilde ekonomiye ve \u00fcretime katk\u0131 yapt\u0131\u011f\u0131n\u0131 dile getirdi.<\/p>\n<p>Cumhurba\u015fkan\u0131 Tatar, e\u011fitim \u00e7a\u011f\u0131ndaki k\u0131zlara yol g\u00f6sterip, sahip \u00e7\u0131karak ba\u015far\u0131lar\u0131na alk\u0131\u015f tutman\u0131n bir g\u00f6rev oldu\u011funu belirtti, K\u0131br\u0131s T\u00fcrk\u00fc\u2019n\u00fcn medeniyet, \u00e7a\u011fda\u015fl\u0131k ve evrensellik yolunda ilerlemeye devam edece\u011fini s\u00f6zlerine ekledi.<\/p>\n<\/p><\/div>\n<p><script async\n                    defer\n                    crossorigin=\"anonymous\"\n                    src=\"https:\/\/connect.facebook.net\/tr_TR\/sdk.js#xfbml=1&#038;version=v3.3\"\n            ><\/script><\/p>\n","protected":false},"excerpt":{"rendered":"<p>Cumhurba\u015fkan\u0131 Ersin Tatar, \u0130\u015fte Kad\u0131n 7\u2019nci Foto\u011fraf Yar\u0131\u015fmas\u0131\u2019n\u0131n \u00f6d\u00fcl t\u00f6renine kat\u0131ld\u0131. Cumhurba\u015fkanl\u0131\u011f\u0131 Bas\u0131n B\u00fcrosu\u2019ndan yap\u0131lan a\u00e7\u0131klamaya g\u00f6re, Tatar \u00f6d\u00fcl t\u00f6reninde yapt\u0131\u011f\u0131 konu\u015fmada, etkinlikte bulunmaktan duydu\u011fu memnuniyeti ifade etti, ger\u00e7ekle\u015ftirilen etkinlikten dolay\u0131 \u0130\u015f Kad\u0131nlar\u0131 Derne\u011fi ba\u015fkan ve y\u00f6netim kuruluna te\u015fekk\u00fcr etti. K\u0131br\u0131s T\u00fcrk tarihinde kad\u0131na b\u00fcy\u00fck \u00f6nem verildi\u011fine i\u015faret eden Cumhurba\u015fkan\u0131 Tatar, Ulu \u00d6nder Mustafa Kemal<\/p>\n","protected":false},"author":1,"featured_media":70286,"comment_status":"open","ping_status":"open","sticky":false,"template":"","format":"standard","meta":{"footnotes":""},"categories":[81],"tags":[],"class_list":["post-70285","post","type-post","status-publish","format-standard","has-post-thumbnail","hentry","category-kibris"],"yoast_head":"<!-- This site is optimized with the Yoast SEO plugin v27.4 - https:\/\/yoast.com\/product\/yoast-seo-wordpress\/ -->\n<title>Cumhurba\u015fkan\u0131 Tatar:\u00dclkenin geli\u015fip kalk\u0131nmas\u0131nda kad\u0131n\u0131n rol\u00fc \u00f6nemlidir -<\/title>\n<meta name=\"robots\" content=\"index, follow, max-snippet:-1, max-image-preview:large, max-video-preview:-1\" \/>\n<link rel=\"canonical\" href=\"https:\/\/kibrisdakik.com\/?p=70285\" \/>\n<meta property=\"og:locale\" content=\"tr_TR\" \/>\n<meta property=\"og:type\" content=\"article\" \/>\n<meta property=\"og:title\" content=\"Cumhurba\u015fkan\u0131 Tatar:\u00dclkenin geli\u015fip kalk\u0131nmas\u0131nda kad\u0131n\u0131n rol\u00fc \u00f6nemlidir -\" \/>\n<meta property=\"og:description\" content=\"Cumhurba\u015fkan\u0131 Ersin Tatar, \u0130\u015fte Kad\u0131n 7\u2019nci Foto\u011fraf Yar\u0131\u015fmas\u0131\u2019n\u0131n \u00f6d\u00fcl t\u00f6renine kat\u0131ld\u0131. Cumhurba\u015fkanl\u0131\u011f\u0131 Bas\u0131n B\u00fcrosu\u2019ndan yap\u0131lan a\u00e7\u0131klamaya g\u00f6re, Tatar \u00f6d\u00fcl t\u00f6reninde yapt\u0131\u011f\u0131 konu\u015fmada, etkinlikte bulunmaktan duydu\u011fu memnuniyeti ifade etti, ger\u00e7ekle\u015ftirilen etkinlikten dolay\u0131 \u0130\u015f Kad\u0131nlar\u0131 Derne\u011fi ba\u015fkan ve y\u00f6netim kuruluna te\u015fekk\u00fcr etti. K\u0131br\u0131s T\u00fcrk tarihinde kad\u0131na b\u00fcy\u00fck \u00f6nem verildi\u011fine i\u015faret eden Cumhurba\u015fkan\u0131 Tatar, Ulu \u00d6nder Mustafa Kemal\" \/>\n<meta property=\"og:url\" content=\"https:\/\/kibrisdakik.com\/?p=70285\" \/>\n<meta property=\"article:published_time\" content=\"2024-11-28T11:07:01+00:00\" \/>\n<meta property=\"og:image\" content=\"https:\/\/kibrisdakik.com\/wp-content\/uploads\/2024\/11\/cb-tatar-iste-kadin-foto-odul-toreni-5--740x420.jpg\" \/>\n\t<meta property=\"og:image:width\" content=\"1600\" \/>\n\t<meta property=\"og:image:height\" content=\"1066\" \/>\n\t<meta property=\"og:image:type\" content=\"image\/jpeg\" \/>\n<meta name=\"author\" content=\"admin\" \/>\n<meta name=\"twitter:card\" content=\"summary_large_image\" \/>\n<meta name=\"twitter:label1\" content=\"Yazan:\" \/>\n\t<meta name=\"twitter:data1\" content=\"admin\" \/>\n\t<meta name=\"twitter:label2\" content=\"Tahmini okuma s\u00fcresi\" \/>\n\t<meta name=\"twitter:data2\" content=\"1 dakika\" \/>\n<script type=\"application\/ld+json\" class=\"yoast-schema-graph\">{\"@context\":\"https:\\\/\\\/schema.org\",\"@graph\":[{\"@type\":\"Article\",\"@id\":\"https:\\\/\\\/kibrisdakik.com\\\/?p=70285#article\",\"isPartOf\":{\"@id\":\"https:\\\/\\\/kibrisdakik.com\\\/?p=70285\"},\"author\":{\"name\":\"admin\",\"@id\":\"https:\\\/\\\/kibrisdakik.com\\\/#\\\/schema\\\/person\\\/9cd9d437bbb44f72b73ba127e06d8e79\"},\"headline\":\"Cumhurba\u015fkan\u0131 Tatar:\u00dclkenin geli\u015fip kalk\u0131nmas\u0131nda kad\u0131n\u0131n rol\u00fc \u00f6nemlidir\",\"datePublished\":\"2024-11-28T11:07:01+00:00\",\"mainEntityOfPage\":{\"@id\":\"https:\\\/\\\/kibrisdakik.com\\\/?p=70285\"},\"wordCount\":292,\"commentCount\":0,\"image\":{\"@id\":\"https:\\\/\\\/kibrisdakik.com\\\/?p=70285#primaryimage\"},\"thumbnailUrl\":\"https:\\\/\\\/kibrisdakik.com\\\/wp-content\\\/uploads\\\/2024\\\/11\\\/cb-tatar-iste-kadin-foto-odul-toreni-5--740x420.jpg\",\"articleSection\":[\"K\u0131br\u0131s\"],\"inLanguage\":\"tr\",\"potentialAction\":[{\"@type\":\"CommentAction\",\"name\":\"Comment\",\"target\":[\"https:\\\/\\\/kibrisdakik.com\\\/?p=70285#respond\"]}]},{\"@type\":\"WebPage\",\"@id\":\"https:\\\/\\\/kibrisdakik.com\\\/?p=70285\",\"url\":\"https:\\\/\\\/kibrisdakik.com\\\/?p=70285\",\"name\":\"Cumhurba\u015fkan\u0131 Tatar:\u00dclkenin geli\u015fip kalk\u0131nmas\u0131nda kad\u0131n\u0131n rol\u00fc \u00f6nemlidir -\",\"isPartOf\":{\"@id\":\"https:\\\/\\\/kibrisdakik.com\\\/#website\"},\"primaryImageOfPage\":{\"@id\":\"https:\\\/\\\/kibrisdakik.com\\\/?p=70285#primaryimage\"},\"image\":{\"@id\":\"https:\\\/\\\/kibrisdakik.com\\\/?p=70285#primaryimage\"},\"thumbnailUrl\":\"https:\\\/\\\/kibrisdakik.com\\\/wp-content\\\/uploads\\\/2024\\\/11\\\/cb-tatar-iste-kadin-foto-odul-toreni-5--740x420.jpg\",\"datePublished\":\"2024-11-28T11:07:01+00:00\",\"author\":{\"@id\":\"https:\\\/\\\/kibrisdakik.com\\\/#\\\/schema\\\/person\\\/9cd9d437bbb44f72b73ba127e06d8e79\"},\"breadcrumb\":{\"@id\":\"https:\\\/\\\/kibrisdakik.com\\\/?p=70285#breadcrumb\"},\"inLanguage\":\"tr\",\"potentialAction\":[{\"@type\":\"ReadAction\",\"target\":[\"https:\\\/\\\/kibrisdakik.com\\\/?p=70285\"]}]},{\"@type\":\"ImageObject\",\"inLanguage\":\"tr\",\"@id\":\"https:\\\/\\\/kibrisdakik.com\\\/?p=70285#primaryimage\",\"url\":\"https:\\\/\\\/kibrisdakik.com\\\/wp-content\\\/uploads\\\/2024\\\/11\\\/cb-tatar-iste-kadin-foto-odul-toreni-5--740x420.jpg\",\"contentUrl\":\"https:\\\/\\\/kibrisdakik.com\\\/wp-content\\\/uploads\\\/2024\\\/11\\\/cb-tatar-iste-kadin-foto-odul-toreni-5--740x420.jpg\",\"width\":1600,\"height\":1066},{\"@type\":\"BreadcrumbList\",\"@id\":\"https:\\\/\\\/kibrisdakik.com\\\/?p=70285#breadcrumb\",\"itemListElement\":[{\"@type\":\"ListItem\",\"position\":1,\"name\":\"Home\",\"item\":\"https:\\\/\\\/kibrisdakik.com\\\/\"},{\"@type\":\"ListItem\",\"position\":2,\"name\":\"Cumhurba\u015fkan\u0131 Tatar:\u00dclkenin geli\u015fip kalk\u0131nmas\u0131nda kad\u0131n\u0131n rol\u00fc \u00f6nemlidir\"}]},{\"@type\":\"WebSite\",\"@id\":\"https:\\\/\\\/kibrisdakik.com\\\/#website\",\"url\":\"https:\\\/\\\/kibrisdakik.com\\\/\",\"name\":\"\",\"description\":\"Tam vaktinde haber\",\"potentialAction\":[{\"@type\":\"SearchAction\",\"target\":{\"@type\":\"EntryPoint\",\"urlTemplate\":\"https:\\\/\\\/kibrisdakik.com\\\/?s={search_term_string}\"},\"query-input\":{\"@type\":\"PropertyValueSpecification\",\"valueRequired\":true,\"valueName\":\"search_term_string\"}}],\"inLanguage\":\"tr\"},{\"@type\":\"Person\",\"@id\":\"https:\\\/\\\/kibrisdakik.com\\\/#\\\/schema\\\/person\\\/9cd9d437bbb44f72b73ba127e06d8e79\",\"name\":\"admin\",\"image\":{\"@type\":\"ImageObject\",\"inLanguage\":\"tr\",\"@id\":\"https:\\\/\\\/secure.gravatar.com\\\/avatar\\\/ccc17943b9d660506c869530f897617f7cb1c21a4bf30023f252596d83e1f007?s=96&d=mm&r=g\",\"url\":\"https:\\\/\\\/secure.gravatar.com\\\/avatar\\\/ccc17943b9d660506c869530f897617f7cb1c21a4bf30023f252596d83e1f007?s=96&d=mm&r=g\",\"contentUrl\":\"https:\\\/\\\/secure.gravatar.com\\\/avatar\\\/ccc17943b9d660506c869530f897617f7cb1c21a4bf30023f252596d83e1f007?s=96&d=mm&r=g\",\"caption\":\"admin\"},\"sameAs\":[\"https:\\\/\\\/kibrisdakik.com\"],\"url\":\"https:\\\/\\\/kibrisdakik.com\\\/?author=1\"}]}<\/script>\n<!-- \/ Yoast SEO plugin. -->","yoast_head_json":{"title":"Cumhurba\u015fkan\u0131 Tatar:\u00dclkenin geli\u015fip kalk\u0131nmas\u0131nda kad\u0131n\u0131n rol\u00fc \u00f6nemlidir -","robots":{"index":"index","follow":"follow","max-snippet":"max-snippet:-1","max-image-preview":"max-image-preview:large","max-video-preview":"max-video-preview:-1"},"canonical":"https:\/\/kibrisdakik.com\/?p=70285","og_locale":"tr_TR","og_type":"article","og_title":"Cumhurba\u015fkan\u0131 Tatar:\u00dclkenin geli\u015fip kalk\u0131nmas\u0131nda kad\u0131n\u0131n rol\u00fc \u00f6nemlidir -","og_description":"Cumhurba\u015fkan\u0131 Ersin Tatar, \u0130\u015fte Kad\u0131n 7\u2019nci Foto\u011fraf Yar\u0131\u015fmas\u0131\u2019n\u0131n \u00f6d\u00fcl t\u00f6renine kat\u0131ld\u0131. Cumhurba\u015fkanl\u0131\u011f\u0131 Bas\u0131n B\u00fcrosu\u2019ndan yap\u0131lan a\u00e7\u0131klamaya g\u00f6re, Tatar \u00f6d\u00fcl t\u00f6reninde yapt\u0131\u011f\u0131 konu\u015fmada, etkinlikte bulunmaktan duydu\u011fu memnuniyeti ifade etti, ger\u00e7ekle\u015ftirilen etkinlikten dolay\u0131 \u0130\u015f Kad\u0131nlar\u0131 Derne\u011fi ba\u015fkan ve y\u00f6netim kuruluna te\u015fekk\u00fcr etti. K\u0131br\u0131s T\u00fcrk tarihinde kad\u0131na b\u00fcy\u00fck \u00f6nem verildi\u011fine i\u015faret eden Cumhurba\u015fkan\u0131 Tatar, Ulu \u00d6nder Mustafa Kemal","og_url":"https:\/\/kibrisdakik.com\/?p=70285","article_published_time":"2024-11-28T11:07:01+00:00","og_image":[{"width":1600,"height":1066,"url":"https:\/\/kibrisdakik.com\/wp-content\/uploads\/2024\/11\/cb-tatar-iste-kadin-foto-odul-toreni-5--740x420.jpg","type":"image\/jpeg"}],"author":"admin","twitter_card":"summary_large_image","twitter_misc":{"Yazan:":"admin","Tahmini okuma s\u00fcresi":"1 dakika"},"schema":{"@context":"https:\/\/schema.org","@graph":[{"@type":"Article","@id":"https:\/\/kibrisdakik.com\/?p=70285#article","isPartOf":{"@id":"https:\/\/kibrisdakik.com\/?p=70285"},"author":{"name":"admin","@id":"https:\/\/kibrisdakik.com\/#\/schema\/person\/9cd9d437bbb44f72b73ba127e06d8e79"},"headline":"Cumhurba\u015fkan\u0131 Tatar:\u00dclkenin geli\u015fip kalk\u0131nmas\u0131nda kad\u0131n\u0131n rol\u00fc \u00f6nemlidir","datePublished":"2024-11-28T11:07:01+00:00","mainEntityOfPage":{"@id":"https:\/\/kibrisdakik.com\/?p=70285"},"wordCount":292,"commentCount":0,"image":{"@id":"https:\/\/kibrisdakik.com\/?p=70285#primaryimage"},"thumbnailUrl":"https:\/\/kibrisdakik.com\/wp-content\/uploads\/2024\/11\/cb-tatar-iste-kadin-foto-odul-toreni-5--740x420.jpg","articleSection":["K\u0131br\u0131s"],"inLanguage":"tr","potentialAction":[{"@type":"CommentAction","name":"Comment","target":["https:\/\/kibrisdakik.com\/?p=70285#respond"]}]},{"@type":"WebPage","@id":"https:\/\/kibrisdakik.com\/?p=70285","url":"https:\/\/kibrisdakik.com\/?p=70285","name":"Cumhurba\u015fkan\u0131 Tatar:\u00dclkenin geli\u015fip kalk\u0131nmas\u0131nda kad\u0131n\u0131n rol\u00fc \u00f6nemlidir -","isPartOf":{"@id":"https:\/\/kibrisdakik.com\/#website"},"primaryImageOfPage":{"@id":"https:\/\/kibrisdakik.com\/?p=70285#primaryimage"},"image":{"@id":"https:\/\/kibrisdakik.com\/?p=70285#primaryimage"},"thumbnailUrl":"https:\/\/kibrisdakik.com\/wp-content\/uploads\/2024\/11\/cb-tatar-iste-kadin-foto-odul-toreni-5--740x420.jpg","datePublished":"2024-11-28T11:07:01+00:00","author":{"@id":"https:\/\/kibrisdakik.com\/#\/schema\/person\/9cd9d437bbb44f72b73ba127e06d8e79"},"breadcrumb":{"@id":"https:\/\/kibrisdakik.com\/?p=70285#breadcrumb"},"inLanguage":"tr","potentialAction":[{"@type":"ReadAction","target":["https:\/\/kibrisdakik.com\/?p=70285"]}]},{"@type":"ImageObject","inLanguage":"tr","@id":"https:\/\/kibrisdakik.com\/?p=70285#primaryimage","url":"https:\/\/kibrisdakik.com\/wp-content\/uploads\/2024\/11\/cb-tatar-iste-kadin-foto-odul-toreni-5--740x420.jpg","contentUrl":"https:\/\/kibrisdakik.com\/wp-content\/uploads\/2024\/11\/cb-tatar-iste-kadin-foto-odul-toreni-5--740x420.jpg","width":1600,"height":1066},{"@type":"BreadcrumbList","@id":"https:\/\/kibrisdakik.com\/?p=70285#breadcrumb","itemListElement":[{"@type":"ListItem","position":1,"name":"Home","item":"https:\/\/kibrisdakik.com\/"},{"@type":"ListItem","position":2,"name":"Cumhurba\u015fkan\u0131 Tatar:\u00dclkenin geli\u015fip kalk\u0131nmas\u0131nda kad\u0131n\u0131n rol\u00fc \u00f6nemlidir"}]},{"@type":"WebSite","@id":"https:\/\/kibrisdakik.com\/#website","url":"https:\/\/kibrisdakik.com\/","name":"","description":"Tam vaktinde haber","potentialAction":[{"@type":"SearchAction","target":{"@type":"EntryPoint","urlTemplate":"https:\/\/kibrisdakik.com\/?s={search_term_string}"},"query-input":{"@type":"PropertyValueSpecification","valueRequired":true,"valueName":"search_term_string"}}],"inLanguage":"tr"},{"@type":"Person","@id":"https:\/\/kibrisdakik.com\/#\/schema\/person\/9cd9d437bbb44f72b73ba127e06d8e79","name":"admin","image":{"@type":"ImageObject","inLanguage":"tr","@id":"https:\/\/secure.gravatar.com\/avatar\/ccc17943b9d660506c869530f897617f7cb1c21a4bf30023f252596d83e1f007?s=96&d=mm&r=g","url":"https:\/\/secure.gravatar.com\/avatar\/ccc17943b9d660506c869530f897617f7cb1c21a4bf30023f252596d83e1f007?s=96&d=mm&r=g","contentUrl":"https:\/\/secure.gravatar.com\/avatar\/ccc17943b9d660506c869530f897617f7cb1c21a4bf30023f252596d83e1f007?s=96&d=mm&r=g","caption":"admin"},"sameAs":["https:\/\/kibrisdakik.com"],"url":"https:\/\/kibrisdakik.com\/?author=1"}]}},"_links":{"self":[{"href":"https:\/\/kibrisdakik.com\/index.php?rest_route=\/wp\/v2\/posts\/70285","targetHints":{"allow":["GET"]}}],"collection":[{"href":"https:\/\/kibrisdakik.com\/index.php?rest_route=\/wp\/v2\/posts"}],"about":[{"href":"https:\/\/kibrisdakik.com\/index.php?rest_route=\/wp\/v2\/types\/post"}],"author":[{"embeddable":true,"href":"https:\/\/kibrisdakik.com\/index.php?rest_route=\/wp\/v2\/users\/1"}],"replies":[{"embeddable":true,"href":"https:\/\/kibrisdakik.com\/index.php?rest_route=%2Fwp%2Fv2%2Fcomments&post=70285"}],"version-history":[{"count":0,"href":"https:\/\/kibrisdakik.com\/index.php?rest_route=\/wp\/v2\/posts\/70285\/revisions"}],"wp:featuredmedia":[{"embeddable":true,"href":"https:\/\/kibrisdakik.com\/index.php?rest_route=\/wp\/v2\/media\/70286"}],"wp:attachment":[{"href":"https:\/\/kibrisdakik.com\/index.php?rest_route=%2Fwp%2Fv2%2Fmedia&parent=70285"}],"wp:term":[{"taxonomy":"category","embeddable":true,"href":"https:\/\/kibrisdakik.com\/index.php?rest_route=%2Fwp%2Fv2%2Fcategories&post=70285"},{"taxonomy":"post_tag","embeddable":true,"href":"https:\/\/kibrisdakik.com\/index.php?rest_route=%2Fwp%2Fv2%2Ftags&post=70285"}],"curies":[{"name":"wp","href":"https:\/\/api.w.org\/{rel}","templated":true}]}}