{"id":70291,"date":"2024-11-28T15:50:43","date_gmt":"2024-11-28T12:50:43","guid":{"rendered":"https:\/\/kibrisdakik.com\/index.php\/2024\/11\/28\/ev-ici-siddete-karsi-birlikte-paneli-duzenlendi\/"},"modified":"2024-11-28T15:50:43","modified_gmt":"2024-11-28T12:50:43","slug":"ev-ici-siddete-karsi-birlikte-paneli-duzenlendi","status":"publish","type":"post","link":"https:\/\/kibrisdakik.com\/?p=70291","title":{"rendered":"\u201cEv i\u00e7i \u015eiddete Kar\u015f\u0131 Birlikte\u201d paneli d\u00fczenlendi"},"content":{"rendered":"<div>\n<div class=\"mariselle-image-container center\">\n                                            <\/div>\n<p>AB Bilgi Merkezi taraf\u0131ndan, K\u0131br\u0131s T\u00fcrk toplumunda ev i\u00e7i \u015fiddetle m\u00fccadele \u00e7abalar\u0131n\u0131 art\u0131rmay\u0131 ama\u00e7layan bir panel etkinli\u011fi d\u00fczenlendi.<\/p>\n<p>AB Bilgi Merkezi\u2019nden yap\u0131lan a\u00e7\u0131klamaya g\u00f6re, Avrupa Birli\u011fi taraf\u0131ndan desteklenen etkinlik, toplumun t\u00fcm kesimlerinden kat\u0131l\u0131mc\u0131lar\u0131 bir araya getirerek, ev i\u00e7i \u015fiddetle m\u00fccadeledeki g\u00fcncel durumu de\u011ferlendirmek ve daha etkili bir m\u00fccadele i\u00e7in gerekli ad\u0131mlar\u0131 tart\u0131\u015fmak amac\u0131yla yap\u0131ld\u0131.<\/p>\n<p>Etkinlik, AB Bilgi Merkezi ve Kad\u0131ndan Ya\u015fama Destek Derne\u011fi (KAYAD) i\u015f birli\u011fiyle y\u00fcr\u00fct\u00fclen Kad\u0131na Y\u00f6nelik \u015eiddete Kar\u015f\u0131 \u201cDeyip Ge\u00e7me!\u201d kampanyas\u0131n\u0131n bir par\u00e7as\u0131 olarak d\u00fczenlendi.<\/p>\n<p>Etkinlikte, Avrupa Komisyonu ad\u0131na a\u00e7\u0131l\u0131\u015f konu\u015fmas\u0131n\u0131 yapan Stefan Simosas, toplumda t\u00fcm payda\u015flar\u0131n i\u015f birli\u011fi ile kad\u0131na y\u00f6nelik \u015fiddetle m\u00fccadele konusunda at\u0131lacak ortak ad\u0131mlar\u0131n \u00f6nemini vurgulad\u0131. Simosas, konu\u015fmas\u0131nda \u015fu ifadeleri kulland\u0131: <\/p>\n<p>\u201cKad\u0131na y\u00f6nelik \u015fiddetle m\u00fccadele t\u00fcm toplumun ortak \u00e7abas\u0131yla m\u00fcmk\u00fcnd\u00fcr. Birlikte hareket ederek, \u015fiddetin etkilerini en aza indirgemek ve toplumu daha g\u00fcvenli hale getirmek i\u00e7in herkesin katk\u0131s\u0131 \u00e7ok \u00f6nemlidir.\u201d<\/p>\n<p>Etkinlikte ayr\u0131ca, Lefko\u015fa T\u00fcrk Belediyesi Ba\u015fkan\u0131 Mehmet Harmanc\u0131 da a\u00e7\u0131l\u0131\u015f konu\u015fmas\u0131 yaparak, kad\u0131na kar\u015f\u0131 \u015fiddetle m\u00fccadelede t\u00fcm payda\u015flar\u0131n sorumluluklar\u0131 ve katk\u0131lar\u0131 \u00fczerine g\u00f6r\u00fc\u015flerini dile getirdi.<\/p>\n<p>Panelde, Susana Pavlou (Mediterranean Institute of Gender Studies), hukuk\u00e7u Ay\u015fe \u00d6ztabay ve Mine Atl\u0131 (KAYAD) s\u00f6z ald\u0131lar. Konu\u015fmac\u0131lar taraf\u0131ndan K\u0131br\u0131s T\u00fcrk toplumunda kad\u0131na kar\u015f\u0131 \u015fiddetle m\u00fccadele i\u00e7in at\u0131lmas\u0131 gereken ad\u0131mlar tart\u0131\u015f\u0131ld\u0131, toplumsal dayan\u0131\u015fman\u0131n ve i\u015f birli\u011finin g\u00fcc\u00fc vurguland\u0131.<\/p>\n<p>Soru- cevap b\u00f6l\u00fcm\u00fc ile sona eren etkinli\u011fin ard\u0131ndan kat\u0131l\u0131mc\u0131lar, kad\u0131na y\u00f6nelik \u015fiddetle m\u00fccadele i\u00e7in i\u015f birli\u011fi alanlar\u0131 ve olanaklar\u0131 konular\u0131nda fikir al\u0131\u015fveri\u015finde bulundular.<\/p>\n<p>\u2013 Kad\u0131na Y\u00f6nelik \u015eiddete Kar\u015f\u0131 M\u00fccadele Kampanyas\u0131<\/p>\n<p>A\u00e7\u0131klamada, Kad\u0131na Y\u00f6nelik \u015eiddete Kar\u015f\u0131 M\u00fccadele kampanyas\u0131n\u0131n K\u0131br\u0131s T\u00fcrk toplumunda bu sorunun daha g\u00f6r\u00fcn\u00fcr hale gelmesini sa\u011flamak, \u015fiddet ma\u011fdurlar\u0131na destek olmak ve toplumsal fark\u0131ndal\u0131\u011f\u0131 art\u0131rmak amac\u0131yla ba\u015flat\u0131ld\u0131\u011f\u0131 kaydedildi.<\/p>\n<p>Kamuoyunun bilgilendirilmesi ve toplumsal fark\u0131ndal\u0131\u011f\u0131n art\u0131r\u0131lmas\u0131 hedeflenen kampanyan\u0131n ana slogan\u0131n\u0131n \u201cDeyip Ge\u00e7me!\u201d oldu\u011funa dikkat \u00e7ekilen a\u00e7\u0131klamada, slogan ile toplumun ev i\u00e7i \u015fiddet sorununu g\u00f6z ard\u0131 etmemeye ve \u00fczerine d\u00fc\u015f\u00fcnmeye davet edildi\u011fi belirtildi.<\/p>\n<\/p><\/div>\n<p><script async\n                    defer\n                    crossorigin=\"anonymous\"\n                    src=\"https:\/\/connect.facebook.net\/tr_TR\/sdk.js#xfbml=1&#038;version=v3.3\"\n            ><\/script><\/p>\n","protected":false},"excerpt":{"rendered":"<p>AB Bilgi Merkezi taraf\u0131ndan, K\u0131br\u0131s T\u00fcrk toplumunda ev i\u00e7i \u015fiddetle m\u00fccadele \u00e7abalar\u0131n\u0131 art\u0131rmay\u0131 ama\u00e7layan bir panel etkinli\u011fi d\u00fczenlendi. AB Bilgi Merkezi\u2019nden yap\u0131lan a\u00e7\u0131klamaya g\u00f6re, Avrupa Birli\u011fi taraf\u0131ndan desteklenen etkinlik, toplumun t\u00fcm kesimlerinden kat\u0131l\u0131mc\u0131lar\u0131 bir araya getirerek, ev i\u00e7i \u015fiddetle m\u00fccadeledeki g\u00fcncel durumu de\u011ferlendirmek ve daha etkili bir m\u00fccadele i\u00e7in gerekli ad\u0131mlar\u0131 tart\u0131\u015fmak amac\u0131yla yap\u0131ld\u0131. Etkinlik,<\/p>\n","protected":false},"author":1,"featured_media":70292,"comment_status":"open","ping_status":"open","sticky":false,"template":"","format":"standard","meta":{"footnotes":""},"categories":[81],"tags":[],"class_list":["post-70291","post","type-post","status-publish","format-standard","has-post-thumbnail","hentry","category-kibris"],"yoast_head":"<!-- This site is optimized with the Yoast SEO plugin v27.4 - https:\/\/yoast.com\/product\/yoast-seo-wordpress\/ -->\n<title>\u201cEv i\u00e7i \u015eiddete Kar\u015f\u0131 Birlikte\u201d paneli d\u00fczenlendi -<\/title>\n<meta name=\"robots\" content=\"index, follow, max-snippet:-1, max-image-preview:large, max-video-preview:-1\" \/>\n<link rel=\"canonical\" href=\"https:\/\/kibrisdakik.com\/?p=70291\" \/>\n<meta property=\"og:locale\" content=\"tr_TR\" \/>\n<meta property=\"og:type\" content=\"article\" \/>\n<meta property=\"og:title\" content=\"\u201cEv i\u00e7i \u015eiddete Kar\u015f\u0131 Birlikte\u201d paneli d\u00fczenlendi -\" \/>\n<meta property=\"og:description\" content=\"AB Bilgi Merkezi taraf\u0131ndan, K\u0131br\u0131s T\u00fcrk toplumunda ev i\u00e7i \u015fiddetle m\u00fccadele \u00e7abalar\u0131n\u0131 art\u0131rmay\u0131 ama\u00e7layan bir panel etkinli\u011fi d\u00fczenlendi. AB Bilgi Merkezi\u2019nden yap\u0131lan a\u00e7\u0131klamaya g\u00f6re, Avrupa Birli\u011fi taraf\u0131ndan desteklenen etkinlik, toplumun t\u00fcm kesimlerinden kat\u0131l\u0131mc\u0131lar\u0131 bir araya getirerek, ev i\u00e7i \u015fiddetle m\u00fccadeledeki g\u00fcncel durumu de\u011ferlendirmek ve daha etkili bir m\u00fccadele i\u00e7in gerekli ad\u0131mlar\u0131 tart\u0131\u015fmak amac\u0131yla yap\u0131ld\u0131. Etkinlik,\" \/>\n<meta property=\"og:url\" content=\"https:\/\/kibrisdakik.com\/?p=70291\" \/>\n<meta property=\"article:published_time\" content=\"2024-11-28T12:50:43+00:00\" \/>\n<meta property=\"og:image\" content=\"https:\/\/kibrisdakik.com\/wp-content\/uploads\/2024\/11\/ab-bilgi-3-1-scaled-740x420.jpg\" \/>\n\t<meta property=\"og:image:width\" content=\"2560\" \/>\n\t<meta property=\"og:image:height\" content=\"1707\" \/>\n\t<meta property=\"og:image:type\" content=\"image\/jpeg\" \/>\n<meta name=\"author\" content=\"admin\" \/>\n<meta name=\"twitter:card\" content=\"summary_large_image\" \/>\n<meta name=\"twitter:label1\" content=\"Yazan:\" \/>\n\t<meta name=\"twitter:data1\" content=\"admin\" \/>\n\t<meta name=\"twitter:label2\" content=\"Tahmini okuma s\u00fcresi\" \/>\n\t<meta name=\"twitter:data2\" content=\"2 dakika\" \/>\n<script type=\"application\/ld+json\" class=\"yoast-schema-graph\">{\"@context\":\"https:\\\/\\\/schema.org\",\"@graph\":[{\"@type\":\"Article\",\"@id\":\"https:\\\/\\\/kibrisdakik.com\\\/?p=70291#article\",\"isPartOf\":{\"@id\":\"https:\\\/\\\/kibrisdakik.com\\\/?p=70291\"},\"author\":{\"name\":\"admin\",\"@id\":\"https:\\\/\\\/kibrisdakik.com\\\/#\\\/schema\\\/person\\\/9cd9d437bbb44f72b73ba127e06d8e79\"},\"headline\":\"\u201cEv i\u00e7i \u015eiddete Kar\u015f\u0131 Birlikte\u201d paneli d\u00fczenlendi\",\"datePublished\":\"2024-11-28T12:50:43+00:00\",\"mainEntityOfPage\":{\"@id\":\"https:\\\/\\\/kibrisdakik.com\\\/?p=70291\"},\"wordCount\":455,\"commentCount\":0,\"image\":{\"@id\":\"https:\\\/\\\/kibrisdakik.com\\\/?p=70291#primaryimage\"},\"thumbnailUrl\":\"https:\\\/\\\/kibrisdakik.com\\\/wp-content\\\/uploads\\\/2024\\\/11\\\/ab-bilgi-3-1-scaled-740x420.jpg\",\"articleSection\":[\"K\u0131br\u0131s\"],\"inLanguage\":\"tr\",\"potentialAction\":[{\"@type\":\"CommentAction\",\"name\":\"Comment\",\"target\":[\"https:\\\/\\\/kibrisdakik.com\\\/?p=70291#respond\"]}]},{\"@type\":\"WebPage\",\"@id\":\"https:\\\/\\\/kibrisdakik.com\\\/?p=70291\",\"url\":\"https:\\\/\\\/kibrisdakik.com\\\/?p=70291\",\"name\":\"\u201cEv i\u00e7i \u015eiddete Kar\u015f\u0131 Birlikte\u201d paneli d\u00fczenlendi -\",\"isPartOf\":{\"@id\":\"https:\\\/\\\/kibrisdakik.com\\\/#website\"},\"primaryImageOfPage\":{\"@id\":\"https:\\\/\\\/kibrisdakik.com\\\/?p=70291#primaryimage\"},\"image\":{\"@id\":\"https:\\\/\\\/kibrisdakik.com\\\/?p=70291#primaryimage\"},\"thumbnailUrl\":\"https:\\\/\\\/kibrisdakik.com\\\/wp-content\\\/uploads\\\/2024\\\/11\\\/ab-bilgi-3-1-scaled-740x420.jpg\",\"datePublished\":\"2024-11-28T12:50:43+00:00\",\"author\":{\"@id\":\"https:\\\/\\\/kibrisdakik.com\\\/#\\\/schema\\\/person\\\/9cd9d437bbb44f72b73ba127e06d8e79\"},\"breadcrumb\":{\"@id\":\"https:\\\/\\\/kibrisdakik.com\\\/?p=70291#breadcrumb\"},\"inLanguage\":\"tr\",\"potentialAction\":[{\"@type\":\"ReadAction\",\"target\":[\"https:\\\/\\\/kibrisdakik.com\\\/?p=70291\"]}]},{\"@type\":\"ImageObject\",\"inLanguage\":\"tr\",\"@id\":\"https:\\\/\\\/kibrisdakik.com\\\/?p=70291#primaryimage\",\"url\":\"https:\\\/\\\/kibrisdakik.com\\\/wp-content\\\/uploads\\\/2024\\\/11\\\/ab-bilgi-3-1-scaled-740x420.jpg\",\"contentUrl\":\"https:\\\/\\\/kibrisdakik.com\\\/wp-content\\\/uploads\\\/2024\\\/11\\\/ab-bilgi-3-1-scaled-740x420.jpg\",\"width\":2560,\"height\":1707},{\"@type\":\"BreadcrumbList\",\"@id\":\"https:\\\/\\\/kibrisdakik.com\\\/?p=70291#breadcrumb\",\"itemListElement\":[{\"@type\":\"ListItem\",\"position\":1,\"name\":\"Home\",\"item\":\"https:\\\/\\\/kibrisdakik.com\\\/\"},{\"@type\":\"ListItem\",\"position\":2,\"name\":\"\u201cEv i\u00e7i \u015eiddete Kar\u015f\u0131 Birlikte\u201d paneli d\u00fczenlendi\"}]},{\"@type\":\"WebSite\",\"@id\":\"https:\\\/\\\/kibrisdakik.com\\\/#website\",\"url\":\"https:\\\/\\\/kibrisdakik.com\\\/\",\"name\":\"\",\"description\":\"Tam vaktinde haber\",\"potentialAction\":[{\"@type\":\"SearchAction\",\"target\":{\"@type\":\"EntryPoint\",\"urlTemplate\":\"https:\\\/\\\/kibrisdakik.com\\\/?s={search_term_string}\"},\"query-input\":{\"@type\":\"PropertyValueSpecification\",\"valueRequired\":true,\"valueName\":\"search_term_string\"}}],\"inLanguage\":\"tr\"},{\"@type\":\"Person\",\"@id\":\"https:\\\/\\\/kibrisdakik.com\\\/#\\\/schema\\\/person\\\/9cd9d437bbb44f72b73ba127e06d8e79\",\"name\":\"admin\",\"image\":{\"@type\":\"ImageObject\",\"inLanguage\":\"tr\",\"@id\":\"https:\\\/\\\/secure.gravatar.com\\\/avatar\\\/ccc17943b9d660506c869530f897617f7cb1c21a4bf30023f252596d83e1f007?s=96&d=mm&r=g\",\"url\":\"https:\\\/\\\/secure.gravatar.com\\\/avatar\\\/ccc17943b9d660506c869530f897617f7cb1c21a4bf30023f252596d83e1f007?s=96&d=mm&r=g\",\"contentUrl\":\"https:\\\/\\\/secure.gravatar.com\\\/avatar\\\/ccc17943b9d660506c869530f897617f7cb1c21a4bf30023f252596d83e1f007?s=96&d=mm&r=g\",\"caption\":\"admin\"},\"sameAs\":[\"https:\\\/\\\/kibrisdakik.com\"],\"url\":\"https:\\\/\\\/kibrisdakik.com\\\/?author=1\"}]}<\/script>\n<!-- \/ Yoast SEO plugin. -->","yoast_head_json":{"title":"\u201cEv i\u00e7i \u015eiddete Kar\u015f\u0131 Birlikte\u201d paneli d\u00fczenlendi -","robots":{"index":"index","follow":"follow","max-snippet":"max-snippet:-1","max-image-preview":"max-image-preview:large","max-video-preview":"max-video-preview:-1"},"canonical":"https:\/\/kibrisdakik.com\/?p=70291","og_locale":"tr_TR","og_type":"article","og_title":"\u201cEv i\u00e7i \u015eiddete Kar\u015f\u0131 Birlikte\u201d paneli d\u00fczenlendi -","og_description":"AB Bilgi Merkezi taraf\u0131ndan, K\u0131br\u0131s T\u00fcrk toplumunda ev i\u00e7i \u015fiddetle m\u00fccadele \u00e7abalar\u0131n\u0131 art\u0131rmay\u0131 ama\u00e7layan bir panel etkinli\u011fi d\u00fczenlendi. AB Bilgi Merkezi\u2019nden yap\u0131lan a\u00e7\u0131klamaya g\u00f6re, Avrupa Birli\u011fi taraf\u0131ndan desteklenen etkinlik, toplumun t\u00fcm kesimlerinden kat\u0131l\u0131mc\u0131lar\u0131 bir araya getirerek, ev i\u00e7i \u015fiddetle m\u00fccadeledeki g\u00fcncel durumu de\u011ferlendirmek ve daha etkili bir m\u00fccadele i\u00e7in gerekli ad\u0131mlar\u0131 tart\u0131\u015fmak amac\u0131yla yap\u0131ld\u0131. Etkinlik,","og_url":"https:\/\/kibrisdakik.com\/?p=70291","article_published_time":"2024-11-28T12:50:43+00:00","og_image":[{"width":2560,"height":1707,"url":"https:\/\/kibrisdakik.com\/wp-content\/uploads\/2024\/11\/ab-bilgi-3-1-scaled-740x420.jpg","type":"image\/jpeg"}],"author":"admin","twitter_card":"summary_large_image","twitter_misc":{"Yazan:":"admin","Tahmini okuma s\u00fcresi":"2 dakika"},"schema":{"@context":"https:\/\/schema.org","@graph":[{"@type":"Article","@id":"https:\/\/kibrisdakik.com\/?p=70291#article","isPartOf":{"@id":"https:\/\/kibrisdakik.com\/?p=70291"},"author":{"name":"admin","@id":"https:\/\/kibrisdakik.com\/#\/schema\/person\/9cd9d437bbb44f72b73ba127e06d8e79"},"headline":"\u201cEv i\u00e7i \u015eiddete Kar\u015f\u0131 Birlikte\u201d paneli d\u00fczenlendi","datePublished":"2024-11-28T12:50:43+00:00","mainEntityOfPage":{"@id":"https:\/\/kibrisdakik.com\/?p=70291"},"wordCount":455,"commentCount":0,"image":{"@id":"https:\/\/kibrisdakik.com\/?p=70291#primaryimage"},"thumbnailUrl":"https:\/\/kibrisdakik.com\/wp-content\/uploads\/2024\/11\/ab-bilgi-3-1-scaled-740x420.jpg","articleSection":["K\u0131br\u0131s"],"inLanguage":"tr","potentialAction":[{"@type":"CommentAction","name":"Comment","target":["https:\/\/kibrisdakik.com\/?p=70291#respond"]}]},{"@type":"WebPage","@id":"https:\/\/kibrisdakik.com\/?p=70291","url":"https:\/\/kibrisdakik.com\/?p=70291","name":"\u201cEv i\u00e7i \u015eiddete Kar\u015f\u0131 Birlikte\u201d paneli d\u00fczenlendi -","isPartOf":{"@id":"https:\/\/kibrisdakik.com\/#website"},"primaryImageOfPage":{"@id":"https:\/\/kibrisdakik.com\/?p=70291#primaryimage"},"image":{"@id":"https:\/\/kibrisdakik.com\/?p=70291#primaryimage"},"thumbnailUrl":"https:\/\/kibrisdakik.com\/wp-content\/uploads\/2024\/11\/ab-bilgi-3-1-scaled-740x420.jpg","datePublished":"2024-11-28T12:50:43+00:00","author":{"@id":"https:\/\/kibrisdakik.com\/#\/schema\/person\/9cd9d437bbb44f72b73ba127e06d8e79"},"breadcrumb":{"@id":"https:\/\/kibrisdakik.com\/?p=70291#breadcrumb"},"inLanguage":"tr","potentialAction":[{"@type":"ReadAction","target":["https:\/\/kibrisdakik.com\/?p=70291"]}]},{"@type":"ImageObject","inLanguage":"tr","@id":"https:\/\/kibrisdakik.com\/?p=70291#primaryimage","url":"https:\/\/kibrisdakik.com\/wp-content\/uploads\/2024\/11\/ab-bilgi-3-1-scaled-740x420.jpg","contentUrl":"https:\/\/kibrisdakik.com\/wp-content\/uploads\/2024\/11\/ab-bilgi-3-1-scaled-740x420.jpg","width":2560,"height":1707},{"@type":"BreadcrumbList","@id":"https:\/\/kibrisdakik.com\/?p=70291#breadcrumb","itemListElement":[{"@type":"ListItem","position":1,"name":"Home","item":"https:\/\/kibrisdakik.com\/"},{"@type":"ListItem","position":2,"name":"\u201cEv i\u00e7i \u015eiddete Kar\u015f\u0131 Birlikte\u201d paneli d\u00fczenlendi"}]},{"@type":"WebSite","@id":"https:\/\/kibrisdakik.com\/#website","url":"https:\/\/kibrisdakik.com\/","name":"","description":"Tam vaktinde haber","potentialAction":[{"@type":"SearchAction","target":{"@type":"EntryPoint","urlTemplate":"https:\/\/kibrisdakik.com\/?s={search_term_string}"},"query-input":{"@type":"PropertyValueSpecification","valueRequired":true,"valueName":"search_term_string"}}],"inLanguage":"tr"},{"@type":"Person","@id":"https:\/\/kibrisdakik.com\/#\/schema\/person\/9cd9d437bbb44f72b73ba127e06d8e79","name":"admin","image":{"@type":"ImageObject","inLanguage":"tr","@id":"https:\/\/secure.gravatar.com\/avatar\/ccc17943b9d660506c869530f897617f7cb1c21a4bf30023f252596d83e1f007?s=96&d=mm&r=g","url":"https:\/\/secure.gravatar.com\/avatar\/ccc17943b9d660506c869530f897617f7cb1c21a4bf30023f252596d83e1f007?s=96&d=mm&r=g","contentUrl":"https:\/\/secure.gravatar.com\/avatar\/ccc17943b9d660506c869530f897617f7cb1c21a4bf30023f252596d83e1f007?s=96&d=mm&r=g","caption":"admin"},"sameAs":["https:\/\/kibrisdakik.com"],"url":"https:\/\/kibrisdakik.com\/?author=1"}]}},"_links":{"self":[{"href":"https:\/\/kibrisdakik.com\/index.php?rest_route=\/wp\/v2\/posts\/70291","targetHints":{"allow":["GET"]}}],"collection":[{"href":"https:\/\/kibrisdakik.com\/index.php?rest_route=\/wp\/v2\/posts"}],"about":[{"href":"https:\/\/kibrisdakik.com\/index.php?rest_route=\/wp\/v2\/types\/post"}],"author":[{"embeddable":true,"href":"https:\/\/kibrisdakik.com\/index.php?rest_route=\/wp\/v2\/users\/1"}],"replies":[{"embeddable":true,"href":"https:\/\/kibrisdakik.com\/index.php?rest_route=%2Fwp%2Fv2%2Fcomments&post=70291"}],"version-history":[{"count":0,"href":"https:\/\/kibrisdakik.com\/index.php?rest_route=\/wp\/v2\/posts\/70291\/revisions"}],"wp:featuredmedia":[{"embeddable":true,"href":"https:\/\/kibrisdakik.com\/index.php?rest_route=\/wp\/v2\/media\/70292"}],"wp:attachment":[{"href":"https:\/\/kibrisdakik.com\/index.php?rest_route=%2Fwp%2Fv2%2Fmedia&parent=70291"}],"wp:term":[{"taxonomy":"category","embeddable":true,"href":"https:\/\/kibrisdakik.com\/index.php?rest_route=%2Fwp%2Fv2%2Fcategories&post=70291"},{"taxonomy":"post_tag","embeddable":true,"href":"https:\/\/kibrisdakik.com\/index.php?rest_route=%2Fwp%2Fv2%2Ftags&post=70291"}],"curies":[{"name":"wp","href":"https:\/\/api.w.org\/{rel}","templated":true}]}}