{"id":70309,"date":"2024-11-28T21:52:44","date_gmt":"2024-11-28T18:52:44","guid":{"rendered":"https:\/\/kibrisdakik.com\/?p=70309"},"modified":"2024-11-28T21:52:44","modified_gmt":"2024-11-28T18:52:44","slug":"gazimagusa-lefkosa-anayolunda-meydana-gelen-kazada-bir-kisi-yaralandi","status":"publish","type":"post","link":"https:\/\/kibrisdakik.com\/?p=70309","title":{"rendered":"Gazima\u011fusa \u2013 Lefko\u015fa Anayolu\u2019nda meydana gelen kazada bir ki\u015fi yaraland\u0131"},"content":{"rendered":"<p><\/p>\n<div>\n<div class=\"mariselle-image-container center\">\n                <img loading=\"lazy\" decoding=\"async\" width=\"910\" height=\"430\" class=\"lazy-image\" alt=\"\" sizes=\"auto, (max-width: 910px) 100vw, 910px\" src=\"https:\/\/brtk.net\/wp-content\/uploads\/2024\/11\/28\/kazaaa.jpg?ver=c2749d08fbc50c33967abe89310ff614\" srcset=\"https:\/\/brtk.net\/wp-content\/uploads\/2024\/11\/28\/kazaaa.jpg?ver=c2749d08fbc50c33967abe89310ff614 910w, https:\/\/brtk.net\/wp-content\/uploads\/2024\/11\/28\/kazaaa-300x142.jpg?ver=348d3a419057dbcf20d41277b557c99a 300w, https:\/\/brtk.net\/wp-content\/uploads\/2024\/11\/28\/kazaaa-768x363.jpg?ver=348d3a419057dbcf20d41277b557c99a 768w\"\/>                            <\/div>\n<p>Gazima\u011fusa \u2013 Lefko\u015fa Anayolu\u2019nda meydana gelen kazada, Ay\u015feg\u00fcl Adakl\u0131 Yerdelen isimli s\u00fcr\u00fcc\u00fc yaraland\u0131.<\/p>\n<p>Polis Bas\u0131n Subayl\u0131\u011f\u0131\u2019ndan yap\u0131lan a\u00e7\u0131klamaya g\u00f6re, kaza bug\u00fcn saat 14.20 s\u0131ralar\u0131nda Gazima\u011fusa \u2013 Lefko\u015fa Anayolu\u2019nun Mutluyaka \u2013 Korkuteli Kav\u015faklar\u0131 aras\u0131nda ya\u015fand\u0131.<\/p>\n<p>Kazada, Esat Y\u0131ld\u0131z (E-26), NK 379 plakal\u0131 t\u0131r ara\u00e7 ile Gazima\u011fusa\u2019dan Lefko\u015fa\u2019ya do\u011fru seyrederken, dikkatsizce sol \u015feritten sa\u011f \u015feride ge\u00e7meye \u00e7al\u0131\u015ft\u0131 ve o esnada sa\u011f \u015feritte giden Ay\u015feg\u00fcl Adakl\u0131 Yerdelen (K-44) y\u00f6netimindeki LE 372 plakal\u0131 salon arac\u0131n sol yan k\u0131sm\u0131na \u00e7arpt\u0131. \u00c7arpman\u0131n etkisiyle kontrols\u00fczce savrulan LE 372 plakal\u0131 salon ara\u00e7 yol i\u00e7erisinde takla at\u0131p, soldan birinci \u015ferit i\u00e7erisinde ayni istikamete do\u011fru seyretmekte olan H\u00fcseyin \u00c7ay\u0131r (E-33) y\u00f6netimindeki UN 678 plakal\u0131 kamyon arac\u0131n sa\u011f yan k\u0131sm\u0131na \u00e7arparak tavan\u0131 \u00fczerinde durdu.<\/p>\n<p>Kazada yaralanan Ay\u015feg\u00fcl Adakl\u0131 Yerdelen, kald\u0131r\u0131ld\u0131\u011f\u0131 Gazima\u011fusa Devlet Hastanesinde yap\u0131lan m\u00fcdahalenin ard\u0131ndan Acil Serviste m\u00fc\u015fahede alt\u0131na al\u0131nd\u0131.<\/p>\n<\/p><\/div>\n<p><script async\n                    defer\n                    crossorigin=\"anonymous\"\n                    src=\"https:\/\/connect.facebook.net\/tr_TR\/sdk.js#xfbml=1&#038;version=v3.3\"\n            ><\/script><\/p>\n","protected":false},"excerpt":{"rendered":"<p>Gazima\u011fusa \u2013 Lefko\u015fa Anayolu\u2019nda meydana gelen kazada, Ay\u015feg\u00fcl Adakl\u0131 Yerdelen isimli s\u00fcr\u00fcc\u00fc yaraland\u0131. Polis Bas\u0131n Subayl\u0131\u011f\u0131\u2019ndan yap\u0131lan a\u00e7\u0131klamaya g\u00f6re, kaza bug\u00fcn saat 14.20 s\u0131ralar\u0131nda Gazima\u011fusa \u2013 Lefko\u015fa Anayolu\u2019nun Mutluyaka \u2013 Korkuteli Kav\u015faklar\u0131 aras\u0131nda ya\u015fand\u0131. Kazada, Esat Y\u0131ld\u0131z (E-26), NK 379 plakal\u0131 t\u0131r ara\u00e7 ile Gazima\u011fusa\u2019dan Lefko\u015fa\u2019ya do\u011fru seyrederken, dikkatsizce sol \u015feritten sa\u011f \u015feride ge\u00e7meye \u00e7al\u0131\u015ft\u0131<\/p>\n","protected":false},"author":1,"featured_media":70310,"comment_status":"open","ping_status":"open","sticky":false,"template":"","format":"standard","meta":{"footnotes":""},"categories":[1],"tags":[],"class_list":["post-70309","post","type-post","status-publish","format-standard","has-post-thumbnail","hentry","category-gundem"],"yoast_head":"<!-- This site is optimized with the Yoast SEO plugin v27.4 - https:\/\/yoast.com\/product\/yoast-seo-wordpress\/ -->\n<title>Gazima\u011fusa \u2013 Lefko\u015fa Anayolu\u2019nda meydana gelen kazada bir ki\u015fi yaraland\u0131 -<\/title>\n<meta name=\"robots\" content=\"index, follow, max-snippet:-1, max-image-preview:large, max-video-preview:-1\" \/>\n<link rel=\"canonical\" href=\"https:\/\/kibrisdakik.com\/?p=70309\" \/>\n<meta property=\"og:locale\" content=\"tr_TR\" \/>\n<meta property=\"og:type\" content=\"article\" \/>\n<meta property=\"og:title\" content=\"Gazima\u011fusa \u2013 Lefko\u015fa Anayolu\u2019nda meydana gelen kazada bir ki\u015fi yaraland\u0131 -\" \/>\n<meta property=\"og:description\" content=\"Gazima\u011fusa \u2013 Lefko\u015fa Anayolu\u2019nda meydana gelen kazada, Ay\u015feg\u00fcl Adakl\u0131 Yerdelen isimli s\u00fcr\u00fcc\u00fc yaraland\u0131. Polis Bas\u0131n Subayl\u0131\u011f\u0131\u2019ndan yap\u0131lan a\u00e7\u0131klamaya g\u00f6re, kaza bug\u00fcn saat 14.20 s\u0131ralar\u0131nda Gazima\u011fusa \u2013 Lefko\u015fa Anayolu\u2019nun Mutluyaka \u2013 Korkuteli Kav\u015faklar\u0131 aras\u0131nda ya\u015fand\u0131. Kazada, Esat Y\u0131ld\u0131z (E-26), NK 379 plakal\u0131 t\u0131r ara\u00e7 ile Gazima\u011fusa\u2019dan Lefko\u015fa\u2019ya do\u011fru seyrederken, dikkatsizce sol \u015feritten sa\u011f \u015feride ge\u00e7meye \u00e7al\u0131\u015ft\u0131\" \/>\n<meta property=\"og:url\" content=\"https:\/\/kibrisdakik.com\/?p=70309\" \/>\n<meta property=\"article:published_time\" content=\"2024-11-28T18:52:44+00:00\" \/>\n<meta property=\"og:image\" content=\"https:\/\/kibrisdakik.com\/wp-content\/uploads\/2024\/11\/kazaaa-740x420.jpg\" \/>\n\t<meta property=\"og:image:width\" content=\"910\" \/>\n\t<meta property=\"og:image:height\" content=\"430\" \/>\n\t<meta property=\"og:image:type\" content=\"image\/jpeg\" \/>\n<meta name=\"author\" content=\"admin\" \/>\n<meta name=\"twitter:card\" content=\"summary_large_image\" \/>\n<meta name=\"twitter:label1\" content=\"Yazan:\" \/>\n\t<meta name=\"twitter:data1\" content=\"admin\" \/>\n\t<meta name=\"twitter:label2\" content=\"Tahmini okuma s\u00fcresi\" \/>\n\t<meta name=\"twitter:data2\" content=\"1 dakika\" \/>\n<script type=\"application\/ld+json\" class=\"yoast-schema-graph\">{\"@context\":\"https:\\\/\\\/schema.org\",\"@graph\":[{\"@type\":\"Article\",\"@id\":\"https:\\\/\\\/kibrisdakik.com\\\/?p=70309#article\",\"isPartOf\":{\"@id\":\"https:\\\/\\\/kibrisdakik.com\\\/?p=70309\"},\"author\":{\"name\":\"admin\",\"@id\":\"https:\\\/\\\/kibrisdakik.com\\\/#\\\/schema\\\/person\\\/9cd9d437bbb44f72b73ba127e06d8e79\"},\"headline\":\"Gazima\u011fusa \u2013 Lefko\u015fa Anayolu\u2019nda meydana gelen kazada bir ki\u015fi yaraland\u0131\",\"datePublished\":\"2024-11-28T18:52:44+00:00\",\"mainEntityOfPage\":{\"@id\":\"https:\\\/\\\/kibrisdakik.com\\\/?p=70309\"},\"wordCount\":195,\"commentCount\":0,\"image\":{\"@id\":\"https:\\\/\\\/kibrisdakik.com\\\/?p=70309#primaryimage\"},\"thumbnailUrl\":\"https:\\\/\\\/kibrisdakik.com\\\/wp-content\\\/uploads\\\/2024\\\/11\\\/kazaaa-740x420.jpg\",\"articleSection\":[\"G\u00fcndem\"],\"inLanguage\":\"tr\",\"potentialAction\":[{\"@type\":\"CommentAction\",\"name\":\"Comment\",\"target\":[\"https:\\\/\\\/kibrisdakik.com\\\/?p=70309#respond\"]}]},{\"@type\":\"WebPage\",\"@id\":\"https:\\\/\\\/kibrisdakik.com\\\/?p=70309\",\"url\":\"https:\\\/\\\/kibrisdakik.com\\\/?p=70309\",\"name\":\"Gazima\u011fusa \u2013 Lefko\u015fa Anayolu\u2019nda meydana gelen kazada bir ki\u015fi yaraland\u0131 -\",\"isPartOf\":{\"@id\":\"https:\\\/\\\/kibrisdakik.com\\\/#website\"},\"primaryImageOfPage\":{\"@id\":\"https:\\\/\\\/kibrisdakik.com\\\/?p=70309#primaryimage\"},\"image\":{\"@id\":\"https:\\\/\\\/kibrisdakik.com\\\/?p=70309#primaryimage\"},\"thumbnailUrl\":\"https:\\\/\\\/kibrisdakik.com\\\/wp-content\\\/uploads\\\/2024\\\/11\\\/kazaaa-740x420.jpg\",\"datePublished\":\"2024-11-28T18:52:44+00:00\",\"author\":{\"@id\":\"https:\\\/\\\/kibrisdakik.com\\\/#\\\/schema\\\/person\\\/9cd9d437bbb44f72b73ba127e06d8e79\"},\"breadcrumb\":{\"@id\":\"https:\\\/\\\/kibrisdakik.com\\\/?p=70309#breadcrumb\"},\"inLanguage\":\"tr\",\"potentialAction\":[{\"@type\":\"ReadAction\",\"target\":[\"https:\\\/\\\/kibrisdakik.com\\\/?p=70309\"]}]},{\"@type\":\"ImageObject\",\"inLanguage\":\"tr\",\"@id\":\"https:\\\/\\\/kibrisdakik.com\\\/?p=70309#primaryimage\",\"url\":\"https:\\\/\\\/kibrisdakik.com\\\/wp-content\\\/uploads\\\/2024\\\/11\\\/kazaaa-740x420.jpg\",\"contentUrl\":\"https:\\\/\\\/kibrisdakik.com\\\/wp-content\\\/uploads\\\/2024\\\/11\\\/kazaaa-740x420.jpg\",\"width\":910,\"height\":430},{\"@type\":\"BreadcrumbList\",\"@id\":\"https:\\\/\\\/kibrisdakik.com\\\/?p=70309#breadcrumb\",\"itemListElement\":[{\"@type\":\"ListItem\",\"position\":1,\"name\":\"Home\",\"item\":\"https:\\\/\\\/kibrisdakik.com\\\/\"},{\"@type\":\"ListItem\",\"position\":2,\"name\":\"Gazima\u011fusa \u2013 Lefko\u015fa Anayolu\u2019nda meydana gelen kazada bir ki\u015fi yaraland\u0131\"}]},{\"@type\":\"WebSite\",\"@id\":\"https:\\\/\\\/kibrisdakik.com\\\/#website\",\"url\":\"https:\\\/\\\/kibrisdakik.com\\\/\",\"name\":\"\",\"description\":\"Tam vaktinde haber\",\"potentialAction\":[{\"@type\":\"SearchAction\",\"target\":{\"@type\":\"EntryPoint\",\"urlTemplate\":\"https:\\\/\\\/kibrisdakik.com\\\/?s={search_term_string}\"},\"query-input\":{\"@type\":\"PropertyValueSpecification\",\"valueRequired\":true,\"valueName\":\"search_term_string\"}}],\"inLanguage\":\"tr\"},{\"@type\":\"Person\",\"@id\":\"https:\\\/\\\/kibrisdakik.com\\\/#\\\/schema\\\/person\\\/9cd9d437bbb44f72b73ba127e06d8e79\",\"name\":\"admin\",\"image\":{\"@type\":\"ImageObject\",\"inLanguage\":\"tr\",\"@id\":\"https:\\\/\\\/secure.gravatar.com\\\/avatar\\\/ccc17943b9d660506c869530f897617f7cb1c21a4bf30023f252596d83e1f007?s=96&d=mm&r=g\",\"url\":\"https:\\\/\\\/secure.gravatar.com\\\/avatar\\\/ccc17943b9d660506c869530f897617f7cb1c21a4bf30023f252596d83e1f007?s=96&d=mm&r=g\",\"contentUrl\":\"https:\\\/\\\/secure.gravatar.com\\\/avatar\\\/ccc17943b9d660506c869530f897617f7cb1c21a4bf30023f252596d83e1f007?s=96&d=mm&r=g\",\"caption\":\"admin\"},\"sameAs\":[\"https:\\\/\\\/kibrisdakik.com\"],\"url\":\"https:\\\/\\\/kibrisdakik.com\\\/?author=1\"}]}<\/script>\n<!-- \/ Yoast SEO plugin. -->","yoast_head_json":{"title":"Gazima\u011fusa \u2013 Lefko\u015fa Anayolu\u2019nda meydana gelen kazada bir ki\u015fi yaraland\u0131 -","robots":{"index":"index","follow":"follow","max-snippet":"max-snippet:-1","max-image-preview":"max-image-preview:large","max-video-preview":"max-video-preview:-1"},"canonical":"https:\/\/kibrisdakik.com\/?p=70309","og_locale":"tr_TR","og_type":"article","og_title":"Gazima\u011fusa \u2013 Lefko\u015fa Anayolu\u2019nda meydana gelen kazada bir ki\u015fi yaraland\u0131 -","og_description":"Gazima\u011fusa \u2013 Lefko\u015fa Anayolu\u2019nda meydana gelen kazada, Ay\u015feg\u00fcl Adakl\u0131 Yerdelen isimli s\u00fcr\u00fcc\u00fc yaraland\u0131. Polis Bas\u0131n Subayl\u0131\u011f\u0131\u2019ndan yap\u0131lan a\u00e7\u0131klamaya g\u00f6re, kaza bug\u00fcn saat 14.20 s\u0131ralar\u0131nda Gazima\u011fusa \u2013 Lefko\u015fa Anayolu\u2019nun Mutluyaka \u2013 Korkuteli Kav\u015faklar\u0131 aras\u0131nda ya\u015fand\u0131. Kazada, Esat Y\u0131ld\u0131z (E-26), NK 379 plakal\u0131 t\u0131r ara\u00e7 ile Gazima\u011fusa\u2019dan Lefko\u015fa\u2019ya do\u011fru seyrederken, dikkatsizce sol \u015feritten sa\u011f \u015feride ge\u00e7meye \u00e7al\u0131\u015ft\u0131","og_url":"https:\/\/kibrisdakik.com\/?p=70309","article_published_time":"2024-11-28T18:52:44+00:00","og_image":[{"width":910,"height":430,"url":"https:\/\/kibrisdakik.com\/wp-content\/uploads\/2024\/11\/kazaaa-740x420.jpg","type":"image\/jpeg"}],"author":"admin","twitter_card":"summary_large_image","twitter_misc":{"Yazan:":"admin","Tahmini okuma s\u00fcresi":"1 dakika"},"schema":{"@context":"https:\/\/schema.org","@graph":[{"@type":"Article","@id":"https:\/\/kibrisdakik.com\/?p=70309#article","isPartOf":{"@id":"https:\/\/kibrisdakik.com\/?p=70309"},"author":{"name":"admin","@id":"https:\/\/kibrisdakik.com\/#\/schema\/person\/9cd9d437bbb44f72b73ba127e06d8e79"},"headline":"Gazima\u011fusa \u2013 Lefko\u015fa Anayolu\u2019nda meydana gelen kazada bir ki\u015fi yaraland\u0131","datePublished":"2024-11-28T18:52:44+00:00","mainEntityOfPage":{"@id":"https:\/\/kibrisdakik.com\/?p=70309"},"wordCount":195,"commentCount":0,"image":{"@id":"https:\/\/kibrisdakik.com\/?p=70309#primaryimage"},"thumbnailUrl":"https:\/\/kibrisdakik.com\/wp-content\/uploads\/2024\/11\/kazaaa-740x420.jpg","articleSection":["G\u00fcndem"],"inLanguage":"tr","potentialAction":[{"@type":"CommentAction","name":"Comment","target":["https:\/\/kibrisdakik.com\/?p=70309#respond"]}]},{"@type":"WebPage","@id":"https:\/\/kibrisdakik.com\/?p=70309","url":"https:\/\/kibrisdakik.com\/?p=70309","name":"Gazima\u011fusa \u2013 Lefko\u015fa Anayolu\u2019nda meydana gelen kazada bir ki\u015fi yaraland\u0131 -","isPartOf":{"@id":"https:\/\/kibrisdakik.com\/#website"},"primaryImageOfPage":{"@id":"https:\/\/kibrisdakik.com\/?p=70309#primaryimage"},"image":{"@id":"https:\/\/kibrisdakik.com\/?p=70309#primaryimage"},"thumbnailUrl":"https:\/\/kibrisdakik.com\/wp-content\/uploads\/2024\/11\/kazaaa-740x420.jpg","datePublished":"2024-11-28T18:52:44+00:00","author":{"@id":"https:\/\/kibrisdakik.com\/#\/schema\/person\/9cd9d437bbb44f72b73ba127e06d8e79"},"breadcrumb":{"@id":"https:\/\/kibrisdakik.com\/?p=70309#breadcrumb"},"inLanguage":"tr","potentialAction":[{"@type":"ReadAction","target":["https:\/\/kibrisdakik.com\/?p=70309"]}]},{"@type":"ImageObject","inLanguage":"tr","@id":"https:\/\/kibrisdakik.com\/?p=70309#primaryimage","url":"https:\/\/kibrisdakik.com\/wp-content\/uploads\/2024\/11\/kazaaa-740x420.jpg","contentUrl":"https:\/\/kibrisdakik.com\/wp-content\/uploads\/2024\/11\/kazaaa-740x420.jpg","width":910,"height":430},{"@type":"BreadcrumbList","@id":"https:\/\/kibrisdakik.com\/?p=70309#breadcrumb","itemListElement":[{"@type":"ListItem","position":1,"name":"Home","item":"https:\/\/kibrisdakik.com\/"},{"@type":"ListItem","position":2,"name":"Gazima\u011fusa \u2013 Lefko\u015fa Anayolu\u2019nda meydana gelen kazada bir ki\u015fi yaraland\u0131"}]},{"@type":"WebSite","@id":"https:\/\/kibrisdakik.com\/#website","url":"https:\/\/kibrisdakik.com\/","name":"","description":"Tam vaktinde haber","potentialAction":[{"@type":"SearchAction","target":{"@type":"EntryPoint","urlTemplate":"https:\/\/kibrisdakik.com\/?s={search_term_string}"},"query-input":{"@type":"PropertyValueSpecification","valueRequired":true,"valueName":"search_term_string"}}],"inLanguage":"tr"},{"@type":"Person","@id":"https:\/\/kibrisdakik.com\/#\/schema\/person\/9cd9d437bbb44f72b73ba127e06d8e79","name":"admin","image":{"@type":"ImageObject","inLanguage":"tr","@id":"https:\/\/secure.gravatar.com\/avatar\/ccc17943b9d660506c869530f897617f7cb1c21a4bf30023f252596d83e1f007?s=96&d=mm&r=g","url":"https:\/\/secure.gravatar.com\/avatar\/ccc17943b9d660506c869530f897617f7cb1c21a4bf30023f252596d83e1f007?s=96&d=mm&r=g","contentUrl":"https:\/\/secure.gravatar.com\/avatar\/ccc17943b9d660506c869530f897617f7cb1c21a4bf30023f252596d83e1f007?s=96&d=mm&r=g","caption":"admin"},"sameAs":["https:\/\/kibrisdakik.com"],"url":"https:\/\/kibrisdakik.com\/?author=1"}]}},"_links":{"self":[{"href":"https:\/\/kibrisdakik.com\/index.php?rest_route=\/wp\/v2\/posts\/70309","targetHints":{"allow":["GET"]}}],"collection":[{"href":"https:\/\/kibrisdakik.com\/index.php?rest_route=\/wp\/v2\/posts"}],"about":[{"href":"https:\/\/kibrisdakik.com\/index.php?rest_route=\/wp\/v2\/types\/post"}],"author":[{"embeddable":true,"href":"https:\/\/kibrisdakik.com\/index.php?rest_route=\/wp\/v2\/users\/1"}],"replies":[{"embeddable":true,"href":"https:\/\/kibrisdakik.com\/index.php?rest_route=%2Fwp%2Fv2%2Fcomments&post=70309"}],"version-history":[{"count":1,"href":"https:\/\/kibrisdakik.com\/index.php?rest_route=\/wp\/v2\/posts\/70309\/revisions"}],"predecessor-version":[{"id":70342,"href":"https:\/\/kibrisdakik.com\/index.php?rest_route=\/wp\/v2\/posts\/70309\/revisions\/70342"}],"wp:featuredmedia":[{"embeddable":true,"href":"https:\/\/kibrisdakik.com\/index.php?rest_route=\/wp\/v2\/media\/70310"}],"wp:attachment":[{"href":"https:\/\/kibrisdakik.com\/index.php?rest_route=%2Fwp%2Fv2%2Fmedia&parent=70309"}],"wp:term":[{"taxonomy":"category","embeddable":true,"href":"https:\/\/kibrisdakik.com\/index.php?rest_route=%2Fwp%2Fv2%2Fcategories&post=70309"},{"taxonomy":"post_tag","embeddable":true,"href":"https:\/\/kibrisdakik.com\/index.php?rest_route=%2Fwp%2Fv2%2Ftags&post=70309"}],"curies":[{"name":"wp","href":"https:\/\/api.w.org\/{rel}","templated":true}]}}