{"id":70315,"date":"2024-11-28T20:12:46","date_gmt":"2024-11-28T17:12:46","guid":{"rendered":"https:\/\/kibrisdakik.com\/index.php\/2024\/11\/28\/cumhurbaskani-tatara-lefkosa-maratonunda-kullanacagi-numara-takdim-edildi\/"},"modified":"2024-11-28T20:12:46","modified_gmt":"2024-11-28T17:12:46","slug":"cumhurbaskani-tatara-lefkosa-maratonunda-kullanacagi-numara-takdim-edildi","status":"publish","type":"post","link":"https:\/\/kibrisdakik.com\/?p=70315","title":{"rendered":"Cumhurba\u015fkan\u0131 Tatar\u2019a Lefko\u015fa Maratonu\u2019nda kullanaca\u011f\u0131 numara takdim edildi"},"content":{"rendered":"<div>\n<div class=\"mariselle-image-container center\">\n                                            <\/div>\n<p>Cumhurba\u015fkan\u0131 Ersin Tatar, Lefko\u015fa Maratonu\u2019nu organize eden Lefko\u015fa T\u00fcrk Belediyesi yetkililerini kabul etti.  Kabulde, Cumhurba\u015fkan\u0131 Ersin Tatar\u2019a, 1 Aral\u0131k Pazar g\u00fcn\u00fc  \u201cKahramanlar\u0131m\u0131zla Zafere Ko\u015fuyoruz\u201d slogan\u0131yla 12\u2019ncisi d\u00fczenlenecek Lefko\u015fa Maratonu\u2019nda kullanaca\u011f\u0131 numara takdim edildi.<\/p>\n<p>Cumhurba\u015fkanl\u0131\u011f\u0131\u2019ndan yap\u0131lan a\u00e7\u0131klamaya g\u00f6re, maratona 11983 g\u00f6\u011f\u00fcs numaras\u0131yla kat\u0131lacak olan Tatar, maratondan elde edilecek gelirin, Dr. Burhan Nalbanto\u011flu Onkoloji Merkezi \u00c7ocuk Onkoloji Servisi\u2019ne ba\u011f\u0131\u015flanacak olmas\u0131n\u0131n son derece \u00f6nemli oldu\u011funu kaydetti.<\/p>\n<\/p><\/div>\n<p><script async\n                    defer\n                    crossorigin=\"anonymous\"\n                    src=\"https:\/\/connect.facebook.net\/tr_TR\/sdk.js#xfbml=1&#038;version=v3.3\"\n            ><\/script><\/p>\n","protected":false},"excerpt":{"rendered":"<p>Cumhurba\u015fkan\u0131 Ersin Tatar, Lefko\u015fa Maratonu\u2019nu organize eden Lefko\u015fa T\u00fcrk Belediyesi yetkililerini kabul etti. Kabulde, Cumhurba\u015fkan\u0131 Ersin Tatar\u2019a, 1 Aral\u0131k Pazar g\u00fcn\u00fc \u201cKahramanlar\u0131m\u0131zla Zafere Ko\u015fuyoruz\u201d slogan\u0131yla 12\u2019ncisi d\u00fczenlenecek Lefko\u015fa Maratonu\u2019nda kullanaca\u011f\u0131 numara takdim edildi. Cumhurba\u015fkanl\u0131\u011f\u0131\u2019ndan yap\u0131lan a\u00e7\u0131klamaya g\u00f6re, maratona 11983 g\u00f6\u011f\u00fcs numaras\u0131yla kat\u0131lacak olan Tatar, maratondan elde edilecek gelirin, Dr. Burhan Nalbanto\u011flu Onkoloji Merkezi \u00c7ocuk Onkoloji<\/p>\n","protected":false},"author":1,"featured_media":70316,"comment_status":"open","ping_status":"open","sticky":false,"template":"","format":"standard","meta":{"footnotes":""},"categories":[81],"tags":[],"class_list":["post-70315","post","type-post","status-publish","format-standard","has-post-thumbnail","hentry","category-kibris"],"yoast_head":"<!-- This site is optimized with the Yoast SEO plugin v27.4 - https:\/\/yoast.com\/product\/yoast-seo-wordpress\/ -->\n<title>Cumhurba\u015fkan\u0131 Tatar\u2019a Lefko\u015fa Maratonu\u2019nda kullanaca\u011f\u0131 numara takdim edildi -<\/title>\n<meta name=\"robots\" content=\"index, follow, max-snippet:-1, max-image-preview:large, max-video-preview:-1\" \/>\n<link rel=\"canonical\" href=\"https:\/\/kibrisdakik.com\/?p=70315\" \/>\n<meta property=\"og:locale\" content=\"tr_TR\" \/>\n<meta property=\"og:type\" content=\"article\" \/>\n<meta property=\"og:title\" content=\"Cumhurba\u015fkan\u0131 Tatar\u2019a Lefko\u015fa Maratonu\u2019nda kullanaca\u011f\u0131 numara takdim edildi -\" \/>\n<meta property=\"og:description\" content=\"Cumhurba\u015fkan\u0131 Ersin Tatar, Lefko\u015fa Maratonu\u2019nu organize eden Lefko\u015fa T\u00fcrk Belediyesi yetkililerini kabul etti. Kabulde, Cumhurba\u015fkan\u0131 Ersin Tatar\u2019a, 1 Aral\u0131k Pazar g\u00fcn\u00fc \u201cKahramanlar\u0131m\u0131zla Zafere Ko\u015fuyoruz\u201d slogan\u0131yla 12\u2019ncisi d\u00fczenlenecek Lefko\u015fa Maratonu\u2019nda kullanaca\u011f\u0131 numara takdim edildi. Cumhurba\u015fkanl\u0131\u011f\u0131\u2019ndan yap\u0131lan a\u00e7\u0131klamaya g\u00f6re, maratona 11983 g\u00f6\u011f\u00fcs numaras\u0131yla kat\u0131lacak olan Tatar, maratondan elde edilecek gelirin, Dr. Burhan Nalbanto\u011flu Onkoloji Merkezi \u00c7ocuk Onkoloji\" \/>\n<meta property=\"og:url\" content=\"https:\/\/kibrisdakik.com\/?p=70315\" \/>\n<meta property=\"article:published_time\" content=\"2024-11-28T17:12:46+00:00\" \/>\n<meta property=\"og:image\" content=\"https:\/\/kibrisdakik.com\/wp-content\/uploads\/2024\/11\/cumhurbaskani-ersin-tatara-lefkosa-maratonunda-kullanacagi-numara-takdim-edildi-1--740x420.jpeg\" \/>\n\t<meta property=\"og:image:width\" content=\"2560\" \/>\n\t<meta property=\"og:image:height\" content=\"1706\" \/>\n\t<meta property=\"og:image:type\" content=\"image\/jpeg\" \/>\n<meta name=\"author\" content=\"admin\" \/>\n<meta name=\"twitter:card\" content=\"summary_large_image\" \/>\n<meta name=\"twitter:label1\" content=\"Yazan:\" \/>\n\t<meta name=\"twitter:data1\" content=\"admin\" \/>\n<script type=\"application\/ld+json\" class=\"yoast-schema-graph\">{\"@context\":\"https:\\\/\\\/schema.org\",\"@graph\":[{\"@type\":\"Article\",\"@id\":\"https:\\\/\\\/kibrisdakik.com\\\/?p=70315#article\",\"isPartOf\":{\"@id\":\"https:\\\/\\\/kibrisdakik.com\\\/?p=70315\"},\"author\":{\"name\":\"admin\",\"@id\":\"https:\\\/\\\/kibrisdakik.com\\\/#\\\/schema\\\/person\\\/9cd9d437bbb44f72b73ba127e06d8e79\"},\"headline\":\"Cumhurba\u015fkan\u0131 Tatar\u2019a Lefko\u015fa Maratonu\u2019nda kullanaca\u011f\u0131 numara takdim edildi\",\"datePublished\":\"2024-11-28T17:12:46+00:00\",\"mainEntityOfPage\":{\"@id\":\"https:\\\/\\\/kibrisdakik.com\\\/?p=70315\"},\"wordCount\":103,\"commentCount\":0,\"image\":{\"@id\":\"https:\\\/\\\/kibrisdakik.com\\\/?p=70315#primaryimage\"},\"thumbnailUrl\":\"https:\\\/\\\/kibrisdakik.com\\\/wp-content\\\/uploads\\\/2024\\\/11\\\/cumhurbaskani-ersin-tatara-lefkosa-maratonunda-kullanacagi-numara-takdim-edildi-1--740x420.jpeg\",\"articleSection\":[\"K\u0131br\u0131s\"],\"inLanguage\":\"tr\",\"potentialAction\":[{\"@type\":\"CommentAction\",\"name\":\"Comment\",\"target\":[\"https:\\\/\\\/kibrisdakik.com\\\/?p=70315#respond\"]}]},{\"@type\":\"WebPage\",\"@id\":\"https:\\\/\\\/kibrisdakik.com\\\/?p=70315\",\"url\":\"https:\\\/\\\/kibrisdakik.com\\\/?p=70315\",\"name\":\"Cumhurba\u015fkan\u0131 Tatar\u2019a Lefko\u015fa Maratonu\u2019nda kullanaca\u011f\u0131 numara takdim edildi -\",\"isPartOf\":{\"@id\":\"https:\\\/\\\/kibrisdakik.com\\\/#website\"},\"primaryImageOfPage\":{\"@id\":\"https:\\\/\\\/kibrisdakik.com\\\/?p=70315#primaryimage\"},\"image\":{\"@id\":\"https:\\\/\\\/kibrisdakik.com\\\/?p=70315#primaryimage\"},\"thumbnailUrl\":\"https:\\\/\\\/kibrisdakik.com\\\/wp-content\\\/uploads\\\/2024\\\/11\\\/cumhurbaskani-ersin-tatara-lefkosa-maratonunda-kullanacagi-numara-takdim-edildi-1--740x420.jpeg\",\"datePublished\":\"2024-11-28T17:12:46+00:00\",\"author\":{\"@id\":\"https:\\\/\\\/kibrisdakik.com\\\/#\\\/schema\\\/person\\\/9cd9d437bbb44f72b73ba127e06d8e79\"},\"breadcrumb\":{\"@id\":\"https:\\\/\\\/kibrisdakik.com\\\/?p=70315#breadcrumb\"},\"inLanguage\":\"tr\",\"potentialAction\":[{\"@type\":\"ReadAction\",\"target\":[\"https:\\\/\\\/kibrisdakik.com\\\/?p=70315\"]}]},{\"@type\":\"ImageObject\",\"inLanguage\":\"tr\",\"@id\":\"https:\\\/\\\/kibrisdakik.com\\\/?p=70315#primaryimage\",\"url\":\"https:\\\/\\\/kibrisdakik.com\\\/wp-content\\\/uploads\\\/2024\\\/11\\\/cumhurbaskani-ersin-tatara-lefkosa-maratonunda-kullanacagi-numara-takdim-edildi-1--740x420.jpeg\",\"contentUrl\":\"https:\\\/\\\/kibrisdakik.com\\\/wp-content\\\/uploads\\\/2024\\\/11\\\/cumhurbaskani-ersin-tatara-lefkosa-maratonunda-kullanacagi-numara-takdim-edildi-1--740x420.jpeg\",\"width\":2560,\"height\":1706},{\"@type\":\"BreadcrumbList\",\"@id\":\"https:\\\/\\\/kibrisdakik.com\\\/?p=70315#breadcrumb\",\"itemListElement\":[{\"@type\":\"ListItem\",\"position\":1,\"name\":\"Home\",\"item\":\"https:\\\/\\\/kibrisdakik.com\\\/\"},{\"@type\":\"ListItem\",\"position\":2,\"name\":\"Cumhurba\u015fkan\u0131 Tatar\u2019a Lefko\u015fa Maratonu\u2019nda kullanaca\u011f\u0131 numara takdim edildi\"}]},{\"@type\":\"WebSite\",\"@id\":\"https:\\\/\\\/kibrisdakik.com\\\/#website\",\"url\":\"https:\\\/\\\/kibrisdakik.com\\\/\",\"name\":\"\",\"description\":\"Tam vaktinde haber\",\"potentialAction\":[{\"@type\":\"SearchAction\",\"target\":{\"@type\":\"EntryPoint\",\"urlTemplate\":\"https:\\\/\\\/kibrisdakik.com\\\/?s={search_term_string}\"},\"query-input\":{\"@type\":\"PropertyValueSpecification\",\"valueRequired\":true,\"valueName\":\"search_term_string\"}}],\"inLanguage\":\"tr\"},{\"@type\":\"Person\",\"@id\":\"https:\\\/\\\/kibrisdakik.com\\\/#\\\/schema\\\/person\\\/9cd9d437bbb44f72b73ba127e06d8e79\",\"name\":\"admin\",\"image\":{\"@type\":\"ImageObject\",\"inLanguage\":\"tr\",\"@id\":\"https:\\\/\\\/secure.gravatar.com\\\/avatar\\\/ccc17943b9d660506c869530f897617f7cb1c21a4bf30023f252596d83e1f007?s=96&d=mm&r=g\",\"url\":\"https:\\\/\\\/secure.gravatar.com\\\/avatar\\\/ccc17943b9d660506c869530f897617f7cb1c21a4bf30023f252596d83e1f007?s=96&d=mm&r=g\",\"contentUrl\":\"https:\\\/\\\/secure.gravatar.com\\\/avatar\\\/ccc17943b9d660506c869530f897617f7cb1c21a4bf30023f252596d83e1f007?s=96&d=mm&r=g\",\"caption\":\"admin\"},\"sameAs\":[\"https:\\\/\\\/kibrisdakik.com\"],\"url\":\"https:\\\/\\\/kibrisdakik.com\\\/?author=1\"}]}<\/script>\n<!-- \/ Yoast SEO plugin. -->","yoast_head_json":{"title":"Cumhurba\u015fkan\u0131 Tatar\u2019a Lefko\u015fa Maratonu\u2019nda kullanaca\u011f\u0131 numara takdim edildi -","robots":{"index":"index","follow":"follow","max-snippet":"max-snippet:-1","max-image-preview":"max-image-preview:large","max-video-preview":"max-video-preview:-1"},"canonical":"https:\/\/kibrisdakik.com\/?p=70315","og_locale":"tr_TR","og_type":"article","og_title":"Cumhurba\u015fkan\u0131 Tatar\u2019a Lefko\u015fa Maratonu\u2019nda kullanaca\u011f\u0131 numara takdim edildi -","og_description":"Cumhurba\u015fkan\u0131 Ersin Tatar, Lefko\u015fa Maratonu\u2019nu organize eden Lefko\u015fa T\u00fcrk Belediyesi yetkililerini kabul etti. Kabulde, Cumhurba\u015fkan\u0131 Ersin Tatar\u2019a, 1 Aral\u0131k Pazar g\u00fcn\u00fc \u201cKahramanlar\u0131m\u0131zla Zafere Ko\u015fuyoruz\u201d slogan\u0131yla 12\u2019ncisi d\u00fczenlenecek Lefko\u015fa Maratonu\u2019nda kullanaca\u011f\u0131 numara takdim edildi. Cumhurba\u015fkanl\u0131\u011f\u0131\u2019ndan yap\u0131lan a\u00e7\u0131klamaya g\u00f6re, maratona 11983 g\u00f6\u011f\u00fcs numaras\u0131yla kat\u0131lacak olan Tatar, maratondan elde edilecek gelirin, Dr. Burhan Nalbanto\u011flu Onkoloji Merkezi \u00c7ocuk Onkoloji","og_url":"https:\/\/kibrisdakik.com\/?p=70315","article_published_time":"2024-11-28T17:12:46+00:00","og_image":[{"width":2560,"height":1706,"url":"https:\/\/kibrisdakik.com\/wp-content\/uploads\/2024\/11\/cumhurbaskani-ersin-tatara-lefkosa-maratonunda-kullanacagi-numara-takdim-edildi-1--740x420.jpeg","type":"image\/jpeg"}],"author":"admin","twitter_card":"summary_large_image","twitter_misc":{"Yazan:":"admin"},"schema":{"@context":"https:\/\/schema.org","@graph":[{"@type":"Article","@id":"https:\/\/kibrisdakik.com\/?p=70315#article","isPartOf":{"@id":"https:\/\/kibrisdakik.com\/?p=70315"},"author":{"name":"admin","@id":"https:\/\/kibrisdakik.com\/#\/schema\/person\/9cd9d437bbb44f72b73ba127e06d8e79"},"headline":"Cumhurba\u015fkan\u0131 Tatar\u2019a Lefko\u015fa Maratonu\u2019nda kullanaca\u011f\u0131 numara takdim edildi","datePublished":"2024-11-28T17:12:46+00:00","mainEntityOfPage":{"@id":"https:\/\/kibrisdakik.com\/?p=70315"},"wordCount":103,"commentCount":0,"image":{"@id":"https:\/\/kibrisdakik.com\/?p=70315#primaryimage"},"thumbnailUrl":"https:\/\/kibrisdakik.com\/wp-content\/uploads\/2024\/11\/cumhurbaskani-ersin-tatara-lefkosa-maratonunda-kullanacagi-numara-takdim-edildi-1--740x420.jpeg","articleSection":["K\u0131br\u0131s"],"inLanguage":"tr","potentialAction":[{"@type":"CommentAction","name":"Comment","target":["https:\/\/kibrisdakik.com\/?p=70315#respond"]}]},{"@type":"WebPage","@id":"https:\/\/kibrisdakik.com\/?p=70315","url":"https:\/\/kibrisdakik.com\/?p=70315","name":"Cumhurba\u015fkan\u0131 Tatar\u2019a Lefko\u015fa Maratonu\u2019nda kullanaca\u011f\u0131 numara takdim edildi -","isPartOf":{"@id":"https:\/\/kibrisdakik.com\/#website"},"primaryImageOfPage":{"@id":"https:\/\/kibrisdakik.com\/?p=70315#primaryimage"},"image":{"@id":"https:\/\/kibrisdakik.com\/?p=70315#primaryimage"},"thumbnailUrl":"https:\/\/kibrisdakik.com\/wp-content\/uploads\/2024\/11\/cumhurbaskani-ersin-tatara-lefkosa-maratonunda-kullanacagi-numara-takdim-edildi-1--740x420.jpeg","datePublished":"2024-11-28T17:12:46+00:00","author":{"@id":"https:\/\/kibrisdakik.com\/#\/schema\/person\/9cd9d437bbb44f72b73ba127e06d8e79"},"breadcrumb":{"@id":"https:\/\/kibrisdakik.com\/?p=70315#breadcrumb"},"inLanguage":"tr","potentialAction":[{"@type":"ReadAction","target":["https:\/\/kibrisdakik.com\/?p=70315"]}]},{"@type":"ImageObject","inLanguage":"tr","@id":"https:\/\/kibrisdakik.com\/?p=70315#primaryimage","url":"https:\/\/kibrisdakik.com\/wp-content\/uploads\/2024\/11\/cumhurbaskani-ersin-tatara-lefkosa-maratonunda-kullanacagi-numara-takdim-edildi-1--740x420.jpeg","contentUrl":"https:\/\/kibrisdakik.com\/wp-content\/uploads\/2024\/11\/cumhurbaskani-ersin-tatara-lefkosa-maratonunda-kullanacagi-numara-takdim-edildi-1--740x420.jpeg","width":2560,"height":1706},{"@type":"BreadcrumbList","@id":"https:\/\/kibrisdakik.com\/?p=70315#breadcrumb","itemListElement":[{"@type":"ListItem","position":1,"name":"Home","item":"https:\/\/kibrisdakik.com\/"},{"@type":"ListItem","position":2,"name":"Cumhurba\u015fkan\u0131 Tatar\u2019a Lefko\u015fa Maratonu\u2019nda kullanaca\u011f\u0131 numara takdim edildi"}]},{"@type":"WebSite","@id":"https:\/\/kibrisdakik.com\/#website","url":"https:\/\/kibrisdakik.com\/","name":"","description":"Tam vaktinde haber","potentialAction":[{"@type":"SearchAction","target":{"@type":"EntryPoint","urlTemplate":"https:\/\/kibrisdakik.com\/?s={search_term_string}"},"query-input":{"@type":"PropertyValueSpecification","valueRequired":true,"valueName":"search_term_string"}}],"inLanguage":"tr"},{"@type":"Person","@id":"https:\/\/kibrisdakik.com\/#\/schema\/person\/9cd9d437bbb44f72b73ba127e06d8e79","name":"admin","image":{"@type":"ImageObject","inLanguage":"tr","@id":"https:\/\/secure.gravatar.com\/avatar\/ccc17943b9d660506c869530f897617f7cb1c21a4bf30023f252596d83e1f007?s=96&d=mm&r=g","url":"https:\/\/secure.gravatar.com\/avatar\/ccc17943b9d660506c869530f897617f7cb1c21a4bf30023f252596d83e1f007?s=96&d=mm&r=g","contentUrl":"https:\/\/secure.gravatar.com\/avatar\/ccc17943b9d660506c869530f897617f7cb1c21a4bf30023f252596d83e1f007?s=96&d=mm&r=g","caption":"admin"},"sameAs":["https:\/\/kibrisdakik.com"],"url":"https:\/\/kibrisdakik.com\/?author=1"}]}},"_links":{"self":[{"href":"https:\/\/kibrisdakik.com\/index.php?rest_route=\/wp\/v2\/posts\/70315","targetHints":{"allow":["GET"]}}],"collection":[{"href":"https:\/\/kibrisdakik.com\/index.php?rest_route=\/wp\/v2\/posts"}],"about":[{"href":"https:\/\/kibrisdakik.com\/index.php?rest_route=\/wp\/v2\/types\/post"}],"author":[{"embeddable":true,"href":"https:\/\/kibrisdakik.com\/index.php?rest_route=\/wp\/v2\/users\/1"}],"replies":[{"embeddable":true,"href":"https:\/\/kibrisdakik.com\/index.php?rest_route=%2Fwp%2Fv2%2Fcomments&post=70315"}],"version-history":[{"count":0,"href":"https:\/\/kibrisdakik.com\/index.php?rest_route=\/wp\/v2\/posts\/70315\/revisions"}],"wp:featuredmedia":[{"embeddable":true,"href":"https:\/\/kibrisdakik.com\/index.php?rest_route=\/wp\/v2\/media\/70316"}],"wp:attachment":[{"href":"https:\/\/kibrisdakik.com\/index.php?rest_route=%2Fwp%2Fv2%2Fmedia&parent=70315"}],"wp:term":[{"taxonomy":"category","embeddable":true,"href":"https:\/\/kibrisdakik.com\/index.php?rest_route=%2Fwp%2Fv2%2Fcategories&post=70315"},{"taxonomy":"post_tag","embeddable":true,"href":"https:\/\/kibrisdakik.com\/index.php?rest_route=%2Fwp%2Fv2%2Ftags&post=70315"}],"curies":[{"name":"wp","href":"https:\/\/api.w.org\/{rel}","templated":true}]}}