{"id":70345,"date":"2024-11-28T21:59:28","date_gmt":"2024-11-28T18:59:28","guid":{"rendered":"https:\/\/kibrisdakik.com\/index.php\/2024\/11\/28\/kktcnin-41-kurulus-yil-donumu-azerbaycanda-kutlandi\/"},"modified":"2024-11-28T21:59:28","modified_gmt":"2024-11-28T18:59:28","slug":"kktcnin-41-kurulus-yil-donumu-azerbaycanda-kutlandi","status":"publish","type":"post","link":"https:\/\/kibrisdakik.com\/?p=70345","title":{"rendered":"KKTC\u2019nin 41. kurulu\u015f y\u0131l d\u00f6n\u00fcm\u00fc Azerbaycan\u2019da kutland\u0131"},"content":{"rendered":"<div>\n<div class=\"mariselle-image-container center\">\n                                            <\/div>\n<p>Kuzey K\u0131br\u0131s T\u00fcrk Cumhuriyeti\u2019nin (KKTC) 41. kurulu\u015f y\u0131l d\u00f6n\u00fcm\u00fc Azerbaycan\u2019\u0131n ba\u015fkenti Bak\u00fc\u2019de kutland\u0131.<\/p>\n<p>KKTC\u2019nin Azerbaycan Temsilcisi B\u00fcy\u00fckel\u00e7i Ufuk Turganer\u2019in ev sahipli\u011finde d\u00fczenlenen resepsiyona, T\u00fcrkiye\u2019nin Bak\u00fc B\u00fcy\u00fckel\u00e7isi Cahit Ba\u011fc\u0131, milletvekilleri, Azerbaycan\u2019da faaliyet g\u00f6steren T\u00fcrk kurum ve kurulu\u015flar\u0131n\u0131n temsilcileri, i\u015f adamlar\u0131 ve \u00e7ok say\u0131da davetli kat\u0131ld\u0131.<\/p>\n<div class=\"mariselle-image-container center\">\n                <img loading=\"lazy\" decoding=\"async\" width=\"1024\" height=\"480\" class=\"lazy-image\" alt=\"\" sizes=\"auto, (max-width: 1024px) 100vw, 1024px\" src=\"https:\/\/brtk.net\/wp-content\/uploads\/2024\/11\/28\/20241128-2-66604902-107118586-preview.jpg?ver=728e11f495c2ce9298600c77f6c91ff9\" srcset=\"https:\/\/brtk.net\/wp-content\/uploads\/2024\/11\/28\/20241128-2-66604902-107118586-preview.jpg?ver=728e11f495c2ce9298600c77f6c91ff9 1024w, https:\/\/brtk.net\/wp-content\/uploads\/2024\/11\/28\/20241128-2-66604902-107118586-preview-300x141.jpg?ver=728e11f495c2ce9298600c77f6c91ff9 300w, https:\/\/brtk.net\/wp-content\/uploads\/2024\/11\/28\/20241128-2-66604902-107118586-preview-768x360.jpg?ver=728e11f495c2ce9298600c77f6c91ff9 768w\"\/>                            <\/div>\n<p>Resepsiyon, \u0130stiklal Mar\u015f\u0131 ve Azerbaycan milli mar\u015f\u0131n\u0131n okunmas\u0131yla ba\u015flad\u0131.<\/p>\n<p>Etkinlikte konu\u015fan Turganer, Azerbaycan tarihindeki en b\u00fcy\u00fck uluslararas\u0131 organizasyon olan Birle\u015fmi\u015f Milletler \u0130klim De\u011fi\u015fikli\u011fi 29. Taraflar Konferans\u0131\u2019n\u0131n (COP29) ba\u015far\u0131yla tamamlanmas\u0131 nedeniyle Azerbaycan\u2019\u0131 kutlad\u0131.<\/p>\n<p>Turganer, K\u0131br\u0131s T\u00fcrk halk\u0131na Rumlar taraf\u0131ndan uygulanan bask\u0131 ve zul\u00fcmlerden, T\u00fcrkiye\u2019nin ger\u00e7ekle\u015ftirdi\u011fi Bar\u0131\u015f Harekat\u0131\u2019ndan ve KKTC\u2019nin kurulu\u015f s\u00fcrecinden bahsetti.<\/p>\n<p>K\u0131br\u0131s T\u00fcrklerinin egemenlik ve ba\u011f\u0131ms\u0131zl\u0131klar\u0131ndan vazge\u00e7meyeceklerini d\u00fcnyaya ilan etti\u011fini vurgulayan Turganer, \u201c41 y\u0131l \u00f6nce kurulan demokratik, laik ve \u00e7a\u011fda\u015f kurumlar\u0131yla k\u00f6kle\u015fen bir devlet olan cumhuriyetimiz, uluslararas\u0131 toplumun K\u0131br\u0131s T\u00fcrk halk\u0131na y\u0131llard\u0131r uygulad\u0131\u011f\u0131 haks\u0131z ve insanl\u0131k d\u0131\u015f\u0131 ambargo ve izolasyonlara ra\u011fmen halk\u0131m\u0131z\u0131n iradesi ve T\u00fcrkiye Cumhuriyeti\u2019nin deste\u011fi ile g\u00fcnden g\u00fcne geli\u015ferek g\u00fc\u00e7lenmeye ve kalk\u0131nmaya devam etmektedir.\u201d dedi.<\/p>\n<p>Turganer, K\u0131br\u0131s adas\u0131nda iki ayr\u0131 halk ve iki ayr\u0131 devlet ger\u00e7e\u011finin bulundu\u011funu, s\u00fcrd\u00fcr\u00fclebilir bir \u00e7\u00f6z\u00fcm\u00fcn ancak K\u0131br\u0131s T\u00fcrk halk\u0131n\u0131n egemen e\u015fitli\u011finin ve e\u015fit uluslararas\u0131 stat\u00fcs\u00fcn\u00fcn tescili ve haklar\u0131n\u0131n teslimi ile m\u00fcmk\u00fcn olaca\u011f\u0131n\u0131 belirtti.<\/p>\n<p>KKTC\u2019nin T\u00fcrk d\u00fcnyas\u0131n\u0131n ayr\u0131lmaz bir par\u00e7as\u0131 oldu\u011funu vurgulayan Turganer, \u201cKKTC ile karde\u015f Azerbaycan aras\u0131ndaki g\u00f6n\u00fcl birli\u011fi son d\u00f6nemde daha da g\u00fc\u00e7lenmi\u015ftir. Cumhurba\u015fkan\u0131 \u0130lham Aliyev\u2019in, \u2018Bizim T\u00fcrk d\u00fcnyas\u0131ndan ba\u015fka ailemiz yoktur\u2019 s\u00f6z\u00fc bizim i\u00e7in bir yol haritas\u0131d\u0131r ve bu yolda \u00e7al\u0131\u015fmak en b\u00fcy\u00fck \u00f6devimiz ve sorumlulu\u011fumuzdur. Azerbaycan ile KKTC parlamentolar\u0131 aras\u0131nda dostluk gruplar\u0131n\u0131n kurulmas\u0131, Aliyev\u2019in \u00e7izdi\u011fi yol haritas\u0131n\u0131n en g\u00fc\u00e7l\u00fc kan\u0131t\u0131d\u0131r\u201d ifadesini kulland\u0131.<\/p>\n<p>B\u00fcy\u00fckel\u00e7i Turganer, Cumhurba\u015fkan\u0131 Ersin Tatar\u2019\u0131n temmuzda \u015eu\u015fa\u2019da d\u00fczenlenen T\u00fcrk Devletleri Te\u015fkilat\u0131 (TDT) Devlet Ba\u015fkanlar\u0131 Zirvesi\u2019ne davet edilmesinin Azerbaycan\u2019\u0131n K\u0131br\u0131s T\u00fcrk\u00fc\u2019ne verdi\u011fi deste\u011fin somut yans\u0131mas\u0131 ve K\u0131br\u0131s T\u00fcrk\u00fc\u2019n\u00fcn hakl\u0131 davas\u0131na verilen g\u00fc\u00e7l\u00fc mesaj oldu\u011funu vurgulad\u0131.<\/p>\n<p>KKTC\u2019nin Do\u011fu Akdeniz\u2019de, en g\u00fcneydeki T\u00fcrk devleti olarak jeopolitik rol\u00fcn\u00fcn her ge\u00e7en g\u00fcn artt\u0131\u011f\u0131n\u0131 s\u00f6yleyen Turganer, \u201cT\u00fcrk d\u00fcnyas\u0131n\u0131n Do\u011fu Akdeniz\u2019deki, mavi vatandaki temsilcisi KKTC\u2019nin bar\u0131\u015f ve istikrar\u0131n anahtar\u0131 oldu\u011fu a\u00e7\u0131kt\u0131r. B\u00fcy\u00fck T\u00fcrk milletinin ayr\u0131lmaz par\u00e7as\u0131 K\u0131br\u0131s T\u00fcrkleri olarak devletimizi, anavatan\u0131m\u0131z T\u00fcrkiye Cumhuriyeti\u2019nin deste\u011fi ile daha da g\u00fc\u00e7lendirme azim ve kararl\u0131l\u0131\u011f\u0131nday\u0131z. Anavatan\u0131m\u0131z\u0131n g\u00fc\u00e7l\u00fc siyaseti ve iradesi, Do\u011fu Akdeniz\u2019de ve ya\u015fad\u0131\u011f\u0131m\u0131z topraklardaki me\u015fru hak ve \u00e7\u0131karlar\u0131m\u0131z\u0131n en b\u00fcy\u00fck teminat\u0131d\u0131r.\u201d \u015feklinde konu\u015ftu.<\/p>\n<p>\u200b\u200b\u200b\u200b\u200b\u200b\u200b- \u201cK\u0131br\u0131s\u2019taki soyda\u015flar\u0131m\u0131z\u0131n mevcut durumu t\u00fcm T\u00fcrk halklar\u0131 i\u00e7in ciddi endi\u015fe kayna\u011f\u0131d\u0131r\u201d<\/p>\n<p>Azerbaycan-KKTC Parlamentolar Aras\u0131 Dostluk Grubu Ba\u015fkan\u0131 Cavan\u015fir Feyziyev, KKTC\u2019nin 41. kurulu\u015f y\u0131l d\u00f6n\u00fcm\u00fc dolay\u0131s\u0131yla tebriklerini iletti.<\/p>\n<p>Feyziyev konu\u015fmas\u0131nda, \u201cBir zamanlar soyk\u0131r\u0131m ve yerinden edilme tehdidiyle kar\u015f\u0131 kar\u015f\u0131ya kalan K\u0131br\u0131sl\u0131 T\u00fcrkler, ortak de\u011ferleri ve T\u00fcrk kimli\u011fine olan derin ba\u011fl\u0131l\u0131klar\u0131yla her zaman b\u00fcy\u00fck T\u00fcrk D\u00fcnyas\u0131n\u0131n ayr\u0131lmaz par\u00e7as\u0131 olmu\u015ftur. Dolay\u0131s\u0131yla Kuzey K\u0131br\u0131s\u2019taki soyda\u015flar\u0131m\u0131z\u0131n mevcut belirsiz durumu t\u00fcm T\u00fcrk halklar\u0131 i\u00e7in ciddi endi\u015fe kayna\u011f\u0131d\u0131r.\u201d ifadesini kulland\u0131.<\/p>\n<p>KKTC\u2019nin \u00e7ifte standartlar ve ayr\u0131mc\u0131l\u0131kla kar\u015f\u0131 kar\u015f\u0131ya kald\u0131\u011f\u0131n\u0131 belirten Feyziyev, \u201cBu tarafl\u0131 yakla\u015f\u0131m ba\u011flam\u0131nda, t\u00fcm T\u00fcrk halklar\u0131n\u0131n K\u0131br\u0131s\u2019ta ya\u015fayan T\u00fcrk karde\u015flerimize hakl\u0131 olarak manevi ve siyasi destek vermesi, onlar\u0131n k\u00fcresel siyasi ve ekonomik sistemlere entegrasyonunu savunmas\u0131 do\u011fal ve \u00e7ok \u00f6nemlidir. Azerbaycan, KKTC ile Orta Asya devletleri aras\u0131ndaki diyalo\u011fun geli\u015ftirilmesinde, siyasi ve ekonomik bo\u015fluklar\u0131n giderilmesinde \u00f6nemli rol oynamaktad\u0131r.\u201d dedi.<\/p>\n<p>Feyziyev, Azerbaycan\u2019\u0131n i\u015f, e\u011fitim, turizm ve k\u00fclt\u00fcr camias\u0131na KKTC ile i\u015fbirli\u011fini derinle\u015ftirme \u00e7a\u011fr\u0131s\u0131nda bulundu.<\/p>\n<p>Bak\u00fc\u2019de 11-22 Kas\u0131m\u2019da COP29 d\u00fczenlendi\u011fi i\u00e7in bug\u00fcn yap\u0131lan resepsiyonda, konuklara T\u00fcrk mutfa\u011f\u0131ndan \u00e7e\u015fitli tatlar ikram edildi.<\/p>\n<\/p><\/div>\n<p><script async\n                    defer\n                    crossorigin=\"anonymous\"\n                    src=\"https:\/\/connect.facebook.net\/tr_TR\/sdk.js#xfbml=1&#038;version=v3.3\"\n            ><\/script><\/p>\n","protected":false},"excerpt":{"rendered":"<p>Kuzey K\u0131br\u0131s T\u00fcrk Cumhuriyeti\u2019nin (KKTC) 41. kurulu\u015f y\u0131l d\u00f6n\u00fcm\u00fc Azerbaycan\u2019\u0131n ba\u015fkenti Bak\u00fc\u2019de kutland\u0131. KKTC\u2019nin Azerbaycan Temsilcisi B\u00fcy\u00fckel\u00e7i Ufuk Turganer\u2019in ev sahipli\u011finde d\u00fczenlenen resepsiyona, T\u00fcrkiye\u2019nin Bak\u00fc B\u00fcy\u00fckel\u00e7isi Cahit Ba\u011fc\u0131, milletvekilleri, Azerbaycan\u2019da faaliyet g\u00f6steren T\u00fcrk kurum ve kurulu\u015flar\u0131n\u0131n temsilcileri, i\u015f adamlar\u0131 ve \u00e7ok say\u0131da davetli kat\u0131ld\u0131. Resepsiyon, \u0130stiklal Mar\u015f\u0131 ve Azerbaycan milli mar\u015f\u0131n\u0131n okunmas\u0131yla ba\u015flad\u0131. Etkinlikte konu\u015fan<\/p>\n","protected":false},"author":1,"featured_media":70346,"comment_status":"open","ping_status":"open","sticky":false,"template":"","format":"standard","meta":{"footnotes":""},"categories":[81],"tags":[],"class_list":["post-70345","post","type-post","status-publish","format-standard","has-post-thumbnail","hentry","category-kibris"],"yoast_head":"<!-- This site is optimized with the Yoast SEO plugin v27.5 - https:\/\/yoast.com\/product\/yoast-seo-wordpress\/ -->\n<title>KKTC\u2019nin 41. kurulu\u015f y\u0131l d\u00f6n\u00fcm\u00fc Azerbaycan\u2019da kutland\u0131 -<\/title>\n<meta name=\"robots\" content=\"index, follow, max-snippet:-1, max-image-preview:large, max-video-preview:-1\" \/>\n<link rel=\"canonical\" href=\"https:\/\/kibrisdakik.com\/?p=70345\" \/>\n<meta property=\"og:locale\" content=\"tr_TR\" \/>\n<meta property=\"og:type\" content=\"article\" \/>\n<meta property=\"og:title\" content=\"KKTC\u2019nin 41. kurulu\u015f y\u0131l d\u00f6n\u00fcm\u00fc Azerbaycan\u2019da kutland\u0131 -\" \/>\n<meta property=\"og:description\" content=\"Kuzey K\u0131br\u0131s T\u00fcrk Cumhuriyeti\u2019nin (KKTC) 41. kurulu\u015f y\u0131l d\u00f6n\u00fcm\u00fc Azerbaycan\u2019\u0131n ba\u015fkenti Bak\u00fc\u2019de kutland\u0131. KKTC\u2019nin Azerbaycan Temsilcisi B\u00fcy\u00fckel\u00e7i Ufuk Turganer\u2019in ev sahipli\u011finde d\u00fczenlenen resepsiyona, T\u00fcrkiye\u2019nin Bak\u00fc B\u00fcy\u00fckel\u00e7isi Cahit Ba\u011fc\u0131, milletvekilleri, Azerbaycan\u2019da faaliyet g\u00f6steren T\u00fcrk kurum ve kurulu\u015flar\u0131n\u0131n temsilcileri, i\u015f adamlar\u0131 ve \u00e7ok say\u0131da davetli kat\u0131ld\u0131. Resepsiyon, \u0130stiklal Mar\u015f\u0131 ve Azerbaycan milli mar\u015f\u0131n\u0131n okunmas\u0131yla ba\u015flad\u0131. Etkinlikte konu\u015fan\" \/>\n<meta property=\"og:url\" content=\"https:\/\/kibrisdakik.com\/?p=70345\" \/>\n<meta property=\"article:published_time\" content=\"2024-11-28T18:59:28+00:00\" \/>\n<meta property=\"og:image\" content=\"https:\/\/kibrisdakik.com\/wp-content\/uploads\/2024\/11\/20241128-2-66604902-107118586-preview-740x420.jpg\" \/>\n\t<meta property=\"og:image:width\" content=\"1024\" \/>\n\t<meta property=\"og:image:height\" content=\"480\" \/>\n\t<meta property=\"og:image:type\" content=\"image\/jpeg\" \/>\n<meta name=\"author\" content=\"admin\" \/>\n<meta name=\"twitter:card\" content=\"summary_large_image\" \/>\n<meta name=\"twitter:label1\" content=\"Yazan:\" \/>\n\t<meta name=\"twitter:data1\" content=\"admin\" \/>\n\t<meta name=\"twitter:label2\" content=\"Tahmini okuma s\u00fcresi\" \/>\n\t<meta name=\"twitter:data2\" content=\"4 dakika\" \/>\n<script type=\"application\/ld+json\" class=\"yoast-schema-graph\">{\"@context\":\"https:\\\/\\\/schema.org\",\"@graph\":[{\"@type\":\"Article\",\"@id\":\"https:\\\/\\\/kibrisdakik.com\\\/?p=70345#article\",\"isPartOf\":{\"@id\":\"https:\\\/\\\/kibrisdakik.com\\\/?p=70345\"},\"author\":{\"name\":\"admin\",\"@id\":\"https:\\\/\\\/kibrisdakik.com\\\/#\\\/schema\\\/person\\\/9cd9d437bbb44f72b73ba127e06d8e79\"},\"headline\":\"KKTC\u2019nin 41. kurulu\u015f y\u0131l d\u00f6n\u00fcm\u00fc Azerbaycan\u2019da kutland\u0131\",\"datePublished\":\"2024-11-28T18:59:28+00:00\",\"mainEntityOfPage\":{\"@id\":\"https:\\\/\\\/kibrisdakik.com\\\/?p=70345\"},\"wordCount\":875,\"commentCount\":0,\"image\":{\"@id\":\"https:\\\/\\\/kibrisdakik.com\\\/?p=70345#primaryimage\"},\"thumbnailUrl\":\"https:\\\/\\\/kibrisdakik.com\\\/wp-content\\\/uploads\\\/2024\\\/11\\\/20241128-2-66604902-107118586-preview-740x420.jpg\",\"articleSection\":[\"K\u0131br\u0131s\"],\"inLanguage\":\"tr\",\"potentialAction\":[{\"@type\":\"CommentAction\",\"name\":\"Comment\",\"target\":[\"https:\\\/\\\/kibrisdakik.com\\\/?p=70345#respond\"]}]},{\"@type\":\"WebPage\",\"@id\":\"https:\\\/\\\/kibrisdakik.com\\\/?p=70345\",\"url\":\"https:\\\/\\\/kibrisdakik.com\\\/?p=70345\",\"name\":\"KKTC\u2019nin 41. kurulu\u015f y\u0131l d\u00f6n\u00fcm\u00fc Azerbaycan\u2019da kutland\u0131 -\",\"isPartOf\":{\"@id\":\"https:\\\/\\\/kibrisdakik.com\\\/#website\"},\"primaryImageOfPage\":{\"@id\":\"https:\\\/\\\/kibrisdakik.com\\\/?p=70345#primaryimage\"},\"image\":{\"@id\":\"https:\\\/\\\/kibrisdakik.com\\\/?p=70345#primaryimage\"},\"thumbnailUrl\":\"https:\\\/\\\/kibrisdakik.com\\\/wp-content\\\/uploads\\\/2024\\\/11\\\/20241128-2-66604902-107118586-preview-740x420.jpg\",\"datePublished\":\"2024-11-28T18:59:28+00:00\",\"author\":{\"@id\":\"https:\\\/\\\/kibrisdakik.com\\\/#\\\/schema\\\/person\\\/9cd9d437bbb44f72b73ba127e06d8e79\"},\"breadcrumb\":{\"@id\":\"https:\\\/\\\/kibrisdakik.com\\\/?p=70345#breadcrumb\"},\"inLanguage\":\"tr\",\"potentialAction\":[{\"@type\":\"ReadAction\",\"target\":[\"https:\\\/\\\/kibrisdakik.com\\\/?p=70345\"]}]},{\"@type\":\"ImageObject\",\"inLanguage\":\"tr\",\"@id\":\"https:\\\/\\\/kibrisdakik.com\\\/?p=70345#primaryimage\",\"url\":\"https:\\\/\\\/kibrisdakik.com\\\/wp-content\\\/uploads\\\/2024\\\/11\\\/20241128-2-66604902-107118586-preview-740x420.jpg\",\"contentUrl\":\"https:\\\/\\\/kibrisdakik.com\\\/wp-content\\\/uploads\\\/2024\\\/11\\\/20241128-2-66604902-107118586-preview-740x420.jpg\",\"width\":1024,\"height\":480},{\"@type\":\"BreadcrumbList\",\"@id\":\"https:\\\/\\\/kibrisdakik.com\\\/?p=70345#breadcrumb\",\"itemListElement\":[{\"@type\":\"ListItem\",\"position\":1,\"name\":\"Home\",\"item\":\"https:\\\/\\\/kibrisdakik.com\\\/\"},{\"@type\":\"ListItem\",\"position\":2,\"name\":\"KKTC\u2019nin 41. kurulu\u015f y\u0131l d\u00f6n\u00fcm\u00fc Azerbaycan\u2019da kutland\u0131\"}]},{\"@type\":\"WebSite\",\"@id\":\"https:\\\/\\\/kibrisdakik.com\\\/#website\",\"url\":\"https:\\\/\\\/kibrisdakik.com\\\/\",\"name\":\"\",\"description\":\"Tam vaktinde haber\",\"potentialAction\":[{\"@type\":\"SearchAction\",\"target\":{\"@type\":\"EntryPoint\",\"urlTemplate\":\"https:\\\/\\\/kibrisdakik.com\\\/?s={search_term_string}\"},\"query-input\":{\"@type\":\"PropertyValueSpecification\",\"valueRequired\":true,\"valueName\":\"search_term_string\"}}],\"inLanguage\":\"tr\"},{\"@type\":\"Person\",\"@id\":\"https:\\\/\\\/kibrisdakik.com\\\/#\\\/schema\\\/person\\\/9cd9d437bbb44f72b73ba127e06d8e79\",\"name\":\"admin\",\"image\":{\"@type\":\"ImageObject\",\"inLanguage\":\"tr\",\"@id\":\"https:\\\/\\\/secure.gravatar.com\\\/avatar\\\/ccc17943b9d660506c869530f897617f7cb1c21a4bf30023f252596d83e1f007?s=96&d=mm&r=g\",\"url\":\"https:\\\/\\\/secure.gravatar.com\\\/avatar\\\/ccc17943b9d660506c869530f897617f7cb1c21a4bf30023f252596d83e1f007?s=96&d=mm&r=g\",\"contentUrl\":\"https:\\\/\\\/secure.gravatar.com\\\/avatar\\\/ccc17943b9d660506c869530f897617f7cb1c21a4bf30023f252596d83e1f007?s=96&d=mm&r=g\",\"caption\":\"admin\"},\"sameAs\":[\"https:\\\/\\\/kibrisdakik.com\"],\"url\":\"https:\\\/\\\/kibrisdakik.com\\\/?author=1\"}]}<\/script>\n<!-- \/ Yoast SEO plugin. -->","yoast_head_json":{"title":"KKTC\u2019nin 41. kurulu\u015f y\u0131l d\u00f6n\u00fcm\u00fc Azerbaycan\u2019da kutland\u0131 -","robots":{"index":"index","follow":"follow","max-snippet":"max-snippet:-1","max-image-preview":"max-image-preview:large","max-video-preview":"max-video-preview:-1"},"canonical":"https:\/\/kibrisdakik.com\/?p=70345","og_locale":"tr_TR","og_type":"article","og_title":"KKTC\u2019nin 41. kurulu\u015f y\u0131l d\u00f6n\u00fcm\u00fc Azerbaycan\u2019da kutland\u0131 -","og_description":"Kuzey K\u0131br\u0131s T\u00fcrk Cumhuriyeti\u2019nin (KKTC) 41. kurulu\u015f y\u0131l d\u00f6n\u00fcm\u00fc Azerbaycan\u2019\u0131n ba\u015fkenti Bak\u00fc\u2019de kutland\u0131. KKTC\u2019nin Azerbaycan Temsilcisi B\u00fcy\u00fckel\u00e7i Ufuk Turganer\u2019in ev sahipli\u011finde d\u00fczenlenen resepsiyona, T\u00fcrkiye\u2019nin Bak\u00fc B\u00fcy\u00fckel\u00e7isi Cahit Ba\u011fc\u0131, milletvekilleri, Azerbaycan\u2019da faaliyet g\u00f6steren T\u00fcrk kurum ve kurulu\u015flar\u0131n\u0131n temsilcileri, i\u015f adamlar\u0131 ve \u00e7ok say\u0131da davetli kat\u0131ld\u0131. Resepsiyon, \u0130stiklal Mar\u015f\u0131 ve Azerbaycan milli mar\u015f\u0131n\u0131n okunmas\u0131yla ba\u015flad\u0131. Etkinlikte konu\u015fan","og_url":"https:\/\/kibrisdakik.com\/?p=70345","article_published_time":"2024-11-28T18:59:28+00:00","og_image":[{"width":1024,"height":480,"url":"https:\/\/kibrisdakik.com\/wp-content\/uploads\/2024\/11\/20241128-2-66604902-107118586-preview-740x420.jpg","type":"image\/jpeg"}],"author":"admin","twitter_card":"summary_large_image","twitter_misc":{"Yazan:":"admin","Tahmini okuma s\u00fcresi":"4 dakika"},"schema":{"@context":"https:\/\/schema.org","@graph":[{"@type":"Article","@id":"https:\/\/kibrisdakik.com\/?p=70345#article","isPartOf":{"@id":"https:\/\/kibrisdakik.com\/?p=70345"},"author":{"name":"admin","@id":"https:\/\/kibrisdakik.com\/#\/schema\/person\/9cd9d437bbb44f72b73ba127e06d8e79"},"headline":"KKTC\u2019nin 41. kurulu\u015f y\u0131l d\u00f6n\u00fcm\u00fc Azerbaycan\u2019da kutland\u0131","datePublished":"2024-11-28T18:59:28+00:00","mainEntityOfPage":{"@id":"https:\/\/kibrisdakik.com\/?p=70345"},"wordCount":875,"commentCount":0,"image":{"@id":"https:\/\/kibrisdakik.com\/?p=70345#primaryimage"},"thumbnailUrl":"https:\/\/kibrisdakik.com\/wp-content\/uploads\/2024\/11\/20241128-2-66604902-107118586-preview-740x420.jpg","articleSection":["K\u0131br\u0131s"],"inLanguage":"tr","potentialAction":[{"@type":"CommentAction","name":"Comment","target":["https:\/\/kibrisdakik.com\/?p=70345#respond"]}]},{"@type":"WebPage","@id":"https:\/\/kibrisdakik.com\/?p=70345","url":"https:\/\/kibrisdakik.com\/?p=70345","name":"KKTC\u2019nin 41. kurulu\u015f y\u0131l d\u00f6n\u00fcm\u00fc Azerbaycan\u2019da kutland\u0131 -","isPartOf":{"@id":"https:\/\/kibrisdakik.com\/#website"},"primaryImageOfPage":{"@id":"https:\/\/kibrisdakik.com\/?p=70345#primaryimage"},"image":{"@id":"https:\/\/kibrisdakik.com\/?p=70345#primaryimage"},"thumbnailUrl":"https:\/\/kibrisdakik.com\/wp-content\/uploads\/2024\/11\/20241128-2-66604902-107118586-preview-740x420.jpg","datePublished":"2024-11-28T18:59:28+00:00","author":{"@id":"https:\/\/kibrisdakik.com\/#\/schema\/person\/9cd9d437bbb44f72b73ba127e06d8e79"},"breadcrumb":{"@id":"https:\/\/kibrisdakik.com\/?p=70345#breadcrumb"},"inLanguage":"tr","potentialAction":[{"@type":"ReadAction","target":["https:\/\/kibrisdakik.com\/?p=70345"]}]},{"@type":"ImageObject","inLanguage":"tr","@id":"https:\/\/kibrisdakik.com\/?p=70345#primaryimage","url":"https:\/\/kibrisdakik.com\/wp-content\/uploads\/2024\/11\/20241128-2-66604902-107118586-preview-740x420.jpg","contentUrl":"https:\/\/kibrisdakik.com\/wp-content\/uploads\/2024\/11\/20241128-2-66604902-107118586-preview-740x420.jpg","width":1024,"height":480},{"@type":"BreadcrumbList","@id":"https:\/\/kibrisdakik.com\/?p=70345#breadcrumb","itemListElement":[{"@type":"ListItem","position":1,"name":"Home","item":"https:\/\/kibrisdakik.com\/"},{"@type":"ListItem","position":2,"name":"KKTC\u2019nin 41. kurulu\u015f y\u0131l d\u00f6n\u00fcm\u00fc Azerbaycan\u2019da kutland\u0131"}]},{"@type":"WebSite","@id":"https:\/\/kibrisdakik.com\/#website","url":"https:\/\/kibrisdakik.com\/","name":"","description":"Tam vaktinde haber","potentialAction":[{"@type":"SearchAction","target":{"@type":"EntryPoint","urlTemplate":"https:\/\/kibrisdakik.com\/?s={search_term_string}"},"query-input":{"@type":"PropertyValueSpecification","valueRequired":true,"valueName":"search_term_string"}}],"inLanguage":"tr"},{"@type":"Person","@id":"https:\/\/kibrisdakik.com\/#\/schema\/person\/9cd9d437bbb44f72b73ba127e06d8e79","name":"admin","image":{"@type":"ImageObject","inLanguage":"tr","@id":"https:\/\/secure.gravatar.com\/avatar\/ccc17943b9d660506c869530f897617f7cb1c21a4bf30023f252596d83e1f007?s=96&d=mm&r=g","url":"https:\/\/secure.gravatar.com\/avatar\/ccc17943b9d660506c869530f897617f7cb1c21a4bf30023f252596d83e1f007?s=96&d=mm&r=g","contentUrl":"https:\/\/secure.gravatar.com\/avatar\/ccc17943b9d660506c869530f897617f7cb1c21a4bf30023f252596d83e1f007?s=96&d=mm&r=g","caption":"admin"},"sameAs":["https:\/\/kibrisdakik.com"],"url":"https:\/\/kibrisdakik.com\/?author=1"}]}},"_links":{"self":[{"href":"https:\/\/kibrisdakik.com\/index.php?rest_route=\/wp\/v2\/posts\/70345","targetHints":{"allow":["GET"]}}],"collection":[{"href":"https:\/\/kibrisdakik.com\/index.php?rest_route=\/wp\/v2\/posts"}],"about":[{"href":"https:\/\/kibrisdakik.com\/index.php?rest_route=\/wp\/v2\/types\/post"}],"author":[{"embeddable":true,"href":"https:\/\/kibrisdakik.com\/index.php?rest_route=\/wp\/v2\/users\/1"}],"replies":[{"embeddable":true,"href":"https:\/\/kibrisdakik.com\/index.php?rest_route=%2Fwp%2Fv2%2Fcomments&post=70345"}],"version-history":[{"count":0,"href":"https:\/\/kibrisdakik.com\/index.php?rest_route=\/wp\/v2\/posts\/70345\/revisions"}],"wp:featuredmedia":[{"embeddable":true,"href":"https:\/\/kibrisdakik.com\/index.php?rest_route=\/wp\/v2\/media\/70346"}],"wp:attachment":[{"href":"https:\/\/kibrisdakik.com\/index.php?rest_route=%2Fwp%2Fv2%2Fmedia&parent=70345"}],"wp:term":[{"taxonomy":"category","embeddable":true,"href":"https:\/\/kibrisdakik.com\/index.php?rest_route=%2Fwp%2Fv2%2Fcategories&post=70345"},{"taxonomy":"post_tag","embeddable":true,"href":"https:\/\/kibrisdakik.com\/index.php?rest_route=%2Fwp%2Fv2%2Ftags&post=70345"}],"curies":[{"name":"wp","href":"https:\/\/api.w.org\/{rel}","templated":true}]}}