{"id":70361,"date":"2024-11-29T10:11:13","date_gmt":"2024-11-29T07:11:13","guid":{"rendered":"https:\/\/kibrisdakik.com\/index.php\/2024\/11\/29\/mehmetcikte-asbest-tehdidi-son-buldu\/"},"modified":"2024-11-29T10:11:13","modified_gmt":"2024-11-29T07:11:13","slug":"mehmetcikte-asbest-tehdidi-son-buldu","status":"publish","type":"post","link":"https:\/\/kibrisdakik.com\/?p=70361","title":{"rendered":"Mehmet\u00e7ik\u2019te asbest tehdidi son buldu"},"content":{"rendered":"<div>\n<div class=\"mariselle-image-container center\">\n                                            <\/div>\n<p>Mehmet\u00e7ik\u2019te uzun y\u0131llard\u0131r at\u0131l durumda bulunan ve \u00fczerindeki asbest malzeme kaplamas\u0131 nedeniyle sa\u011fl\u0131k a\u00e7\u0131s\u0131ndan ciddi riskler ta\u015f\u0131yan eski \u00fcz\u00fcm paketleme binas\u0131nda \u00f6nemli bir temizlik \u00e7al\u0131\u015fmas\u0131 ger\u00e7ekle\u015ftirildi. \u00c7evre Koruma Dairesi\u2019nin g\u00f6r\u00fc\u015fleri do\u011frultusunda, uzman ekiplerin \u00f6zenli \u00e7al\u0131\u015fmalar\u0131 sayesinde binan\u0131n \u00e7at\u0131s\u0131nda bulunan asbest kapl\u0131 malzemeler g\u00fcvenli bir \u015fekilde kald\u0131r\u0131ld\u0131.<\/p>\n<p>Asbestin insan sa\u011fl\u0131\u011f\u0131 \u00fczerindeki olumsuz etkilerinin bilinciyle hareket eden Mehmet\u00e7ik B\u00fcy\u00fckkonuk Belediyesi, bu hassas s\u00fcreci uzman ekiplerin katk\u0131lar\u0131 ve ilgili kurumlar\u0131n deste\u011fiyle tamamlad\u0131. <\/p>\n<p>\u00c7at\u0131dan \u00e7\u0131kar\u0131lan asbestli malzemeler, Lefko\u015fa G\u00fcng\u00f6r \u00c7\u00f6pl\u00fc\u011f\u00fc\u2019ne ta\u015f\u0131narak \u00e7evreye zarar vermeden uygun y\u00f6ntemlerle imha edildi.<\/p>\n<\/p><\/div>\n<p><script async\n                    defer\n                    crossorigin=\"anonymous\"\n                    src=\"https:\/\/connect.facebook.net\/tr_TR\/sdk.js#xfbml=1&#038;version=v3.3\"\n            ><\/script><\/p>\n","protected":false},"excerpt":{"rendered":"<p>Mehmet\u00e7ik\u2019te uzun y\u0131llard\u0131r at\u0131l durumda bulunan ve \u00fczerindeki asbest malzeme kaplamas\u0131 nedeniyle sa\u011fl\u0131k a\u00e7\u0131s\u0131ndan ciddi riskler ta\u015f\u0131yan eski \u00fcz\u00fcm paketleme binas\u0131nda \u00f6nemli bir temizlik \u00e7al\u0131\u015fmas\u0131 ger\u00e7ekle\u015ftirildi. \u00c7evre Koruma Dairesi\u2019nin g\u00f6r\u00fc\u015fleri do\u011frultusunda, uzman ekiplerin \u00f6zenli \u00e7al\u0131\u015fmalar\u0131 sayesinde binan\u0131n \u00e7at\u0131s\u0131nda bulunan asbest kapl\u0131 malzemeler g\u00fcvenli bir \u015fekilde kald\u0131r\u0131ld\u0131. Asbestin insan sa\u011fl\u0131\u011f\u0131 \u00fczerindeki olumsuz etkilerinin bilinciyle hareket eden<\/p>\n","protected":false},"author":1,"featured_media":70362,"comment_status":"open","ping_status":"open","sticky":false,"template":"","format":"standard","meta":{"footnotes":""},"categories":[81],"tags":[],"class_list":["post-70361","post","type-post","status-publish","format-standard","has-post-thumbnail","hentry","category-kibris"],"yoast_head":"<!-- This site is optimized with the Yoast SEO plugin v27.5 - https:\/\/yoast.com\/product\/yoast-seo-wordpress\/ -->\n<title>Mehmet\u00e7ik\u2019te asbest tehdidi son buldu -<\/title>\n<meta name=\"robots\" content=\"index, follow, max-snippet:-1, max-image-preview:large, max-video-preview:-1\" \/>\n<link rel=\"canonical\" href=\"https:\/\/kibrisdakik.com\/?p=70361\" \/>\n<meta property=\"og:locale\" content=\"tr_TR\" \/>\n<meta property=\"og:type\" content=\"article\" \/>\n<meta property=\"og:title\" content=\"Mehmet\u00e7ik\u2019te asbest tehdidi son buldu -\" \/>\n<meta property=\"og:description\" content=\"Mehmet\u00e7ik\u2019te uzun y\u0131llard\u0131r at\u0131l durumda bulunan ve \u00fczerindeki asbest malzeme kaplamas\u0131 nedeniyle sa\u011fl\u0131k a\u00e7\u0131s\u0131ndan ciddi riskler ta\u015f\u0131yan eski \u00fcz\u00fcm paketleme binas\u0131nda \u00f6nemli bir temizlik \u00e7al\u0131\u015fmas\u0131 ger\u00e7ekle\u015ftirildi. \u00c7evre Koruma Dairesi\u2019nin g\u00f6r\u00fc\u015fleri do\u011frultusunda, uzman ekiplerin \u00f6zenli \u00e7al\u0131\u015fmalar\u0131 sayesinde binan\u0131n \u00e7at\u0131s\u0131nda bulunan asbest kapl\u0131 malzemeler g\u00fcvenli bir \u015fekilde kald\u0131r\u0131ld\u0131. Asbestin insan sa\u011fl\u0131\u011f\u0131 \u00fczerindeki olumsuz etkilerinin bilinciyle hareket eden\" \/>\n<meta property=\"og:url\" content=\"https:\/\/kibrisdakik.com\/?p=70361\" \/>\n<meta property=\"article:published_time\" content=\"2024-11-29T07:11:13+00:00\" \/>\n<meta property=\"og:image\" content=\"https:\/\/kibrisdakik.com\/wp-content\/uploads\/2024\/11\/WhatsApp-Gorsel-2024-11-28-saat-23.44.38_b19e35f0-scaled-740x420.jpg\" \/>\n\t<meta property=\"og:image:width\" content=\"2560\" \/>\n\t<meta property=\"og:image:height\" content=\"1920\" \/>\n\t<meta property=\"og:image:type\" content=\"image\/jpeg\" \/>\n<meta name=\"author\" content=\"admin\" \/>\n<meta name=\"twitter:card\" content=\"summary_large_image\" \/>\n<meta name=\"twitter:label1\" content=\"Yazan:\" \/>\n\t<meta name=\"twitter:data1\" content=\"admin\" \/>\n\t<meta name=\"twitter:label2\" content=\"Tahmini okuma s\u00fcresi\" \/>\n\t<meta name=\"twitter:data2\" content=\"1 dakika\" \/>\n<script type=\"application\/ld+json\" class=\"yoast-schema-graph\">{\"@context\":\"https:\\\/\\\/schema.org\",\"@graph\":[{\"@type\":\"Article\",\"@id\":\"https:\\\/\\\/kibrisdakik.com\\\/?p=70361#article\",\"isPartOf\":{\"@id\":\"https:\\\/\\\/kibrisdakik.com\\\/?p=70361\"},\"author\":{\"name\":\"admin\",\"@id\":\"https:\\\/\\\/kibrisdakik.com\\\/#\\\/schema\\\/person\\\/9cd9d437bbb44f72b73ba127e06d8e79\"},\"headline\":\"Mehmet\u00e7ik\u2019te asbest tehdidi son buldu\",\"datePublished\":\"2024-11-29T07:11:13+00:00\",\"mainEntityOfPage\":{\"@id\":\"https:\\\/\\\/kibrisdakik.com\\\/?p=70361\"},\"wordCount\":133,\"commentCount\":0,\"image\":{\"@id\":\"https:\\\/\\\/kibrisdakik.com\\\/?p=70361#primaryimage\"},\"thumbnailUrl\":\"https:\\\/\\\/kibrisdakik.com\\\/wp-content\\\/uploads\\\/2024\\\/11\\\/WhatsApp-Gorsel-2024-11-28-saat-23.44.38_b19e35f0-scaled-740x420.jpg\",\"articleSection\":[\"K\u0131br\u0131s\"],\"inLanguage\":\"tr\",\"potentialAction\":[{\"@type\":\"CommentAction\",\"name\":\"Comment\",\"target\":[\"https:\\\/\\\/kibrisdakik.com\\\/?p=70361#respond\"]}]},{\"@type\":\"WebPage\",\"@id\":\"https:\\\/\\\/kibrisdakik.com\\\/?p=70361\",\"url\":\"https:\\\/\\\/kibrisdakik.com\\\/?p=70361\",\"name\":\"Mehmet\u00e7ik\u2019te asbest tehdidi son buldu -\",\"isPartOf\":{\"@id\":\"https:\\\/\\\/kibrisdakik.com\\\/#website\"},\"primaryImageOfPage\":{\"@id\":\"https:\\\/\\\/kibrisdakik.com\\\/?p=70361#primaryimage\"},\"image\":{\"@id\":\"https:\\\/\\\/kibrisdakik.com\\\/?p=70361#primaryimage\"},\"thumbnailUrl\":\"https:\\\/\\\/kibrisdakik.com\\\/wp-content\\\/uploads\\\/2024\\\/11\\\/WhatsApp-Gorsel-2024-11-28-saat-23.44.38_b19e35f0-scaled-740x420.jpg\",\"datePublished\":\"2024-11-29T07:11:13+00:00\",\"author\":{\"@id\":\"https:\\\/\\\/kibrisdakik.com\\\/#\\\/schema\\\/person\\\/9cd9d437bbb44f72b73ba127e06d8e79\"},\"breadcrumb\":{\"@id\":\"https:\\\/\\\/kibrisdakik.com\\\/?p=70361#breadcrumb\"},\"inLanguage\":\"tr\",\"potentialAction\":[{\"@type\":\"ReadAction\",\"target\":[\"https:\\\/\\\/kibrisdakik.com\\\/?p=70361\"]}]},{\"@type\":\"ImageObject\",\"inLanguage\":\"tr\",\"@id\":\"https:\\\/\\\/kibrisdakik.com\\\/?p=70361#primaryimage\",\"url\":\"https:\\\/\\\/kibrisdakik.com\\\/wp-content\\\/uploads\\\/2024\\\/11\\\/WhatsApp-Gorsel-2024-11-28-saat-23.44.38_b19e35f0-scaled-740x420.jpg\",\"contentUrl\":\"https:\\\/\\\/kibrisdakik.com\\\/wp-content\\\/uploads\\\/2024\\\/11\\\/WhatsApp-Gorsel-2024-11-28-saat-23.44.38_b19e35f0-scaled-740x420.jpg\",\"width\":2560,\"height\":1920},{\"@type\":\"BreadcrumbList\",\"@id\":\"https:\\\/\\\/kibrisdakik.com\\\/?p=70361#breadcrumb\",\"itemListElement\":[{\"@type\":\"ListItem\",\"position\":1,\"name\":\"Home\",\"item\":\"https:\\\/\\\/kibrisdakik.com\\\/\"},{\"@type\":\"ListItem\",\"position\":2,\"name\":\"Mehmet\u00e7ik\u2019te asbest tehdidi son buldu\"}]},{\"@type\":\"WebSite\",\"@id\":\"https:\\\/\\\/kibrisdakik.com\\\/#website\",\"url\":\"https:\\\/\\\/kibrisdakik.com\\\/\",\"name\":\"\",\"description\":\"Tam vaktinde haber\",\"potentialAction\":[{\"@type\":\"SearchAction\",\"target\":{\"@type\":\"EntryPoint\",\"urlTemplate\":\"https:\\\/\\\/kibrisdakik.com\\\/?s={search_term_string}\"},\"query-input\":{\"@type\":\"PropertyValueSpecification\",\"valueRequired\":true,\"valueName\":\"search_term_string\"}}],\"inLanguage\":\"tr\"},{\"@type\":\"Person\",\"@id\":\"https:\\\/\\\/kibrisdakik.com\\\/#\\\/schema\\\/person\\\/9cd9d437bbb44f72b73ba127e06d8e79\",\"name\":\"admin\",\"image\":{\"@type\":\"ImageObject\",\"inLanguage\":\"tr\",\"@id\":\"https:\\\/\\\/secure.gravatar.com\\\/avatar\\\/ccc17943b9d660506c869530f897617f7cb1c21a4bf30023f252596d83e1f007?s=96&d=mm&r=g\",\"url\":\"https:\\\/\\\/secure.gravatar.com\\\/avatar\\\/ccc17943b9d660506c869530f897617f7cb1c21a4bf30023f252596d83e1f007?s=96&d=mm&r=g\",\"contentUrl\":\"https:\\\/\\\/secure.gravatar.com\\\/avatar\\\/ccc17943b9d660506c869530f897617f7cb1c21a4bf30023f252596d83e1f007?s=96&d=mm&r=g\",\"caption\":\"admin\"},\"sameAs\":[\"https:\\\/\\\/kibrisdakik.com\"],\"url\":\"https:\\\/\\\/kibrisdakik.com\\\/?author=1\"}]}<\/script>\n<!-- \/ Yoast SEO plugin. -->","yoast_head_json":{"title":"Mehmet\u00e7ik\u2019te asbest tehdidi son buldu -","robots":{"index":"index","follow":"follow","max-snippet":"max-snippet:-1","max-image-preview":"max-image-preview:large","max-video-preview":"max-video-preview:-1"},"canonical":"https:\/\/kibrisdakik.com\/?p=70361","og_locale":"tr_TR","og_type":"article","og_title":"Mehmet\u00e7ik\u2019te asbest tehdidi son buldu -","og_description":"Mehmet\u00e7ik\u2019te uzun y\u0131llard\u0131r at\u0131l durumda bulunan ve \u00fczerindeki asbest malzeme kaplamas\u0131 nedeniyle sa\u011fl\u0131k a\u00e7\u0131s\u0131ndan ciddi riskler ta\u015f\u0131yan eski \u00fcz\u00fcm paketleme binas\u0131nda \u00f6nemli bir temizlik \u00e7al\u0131\u015fmas\u0131 ger\u00e7ekle\u015ftirildi. \u00c7evre Koruma Dairesi\u2019nin g\u00f6r\u00fc\u015fleri do\u011frultusunda, uzman ekiplerin \u00f6zenli \u00e7al\u0131\u015fmalar\u0131 sayesinde binan\u0131n \u00e7at\u0131s\u0131nda bulunan asbest kapl\u0131 malzemeler g\u00fcvenli bir \u015fekilde kald\u0131r\u0131ld\u0131. Asbestin insan sa\u011fl\u0131\u011f\u0131 \u00fczerindeki olumsuz etkilerinin bilinciyle hareket eden","og_url":"https:\/\/kibrisdakik.com\/?p=70361","article_published_time":"2024-11-29T07:11:13+00:00","og_image":[{"width":2560,"height":1920,"url":"https:\/\/kibrisdakik.com\/wp-content\/uploads\/2024\/11\/WhatsApp-Gorsel-2024-11-28-saat-23.44.38_b19e35f0-scaled-740x420.jpg","type":"image\/jpeg"}],"author":"admin","twitter_card":"summary_large_image","twitter_misc":{"Yazan:":"admin","Tahmini okuma s\u00fcresi":"1 dakika"},"schema":{"@context":"https:\/\/schema.org","@graph":[{"@type":"Article","@id":"https:\/\/kibrisdakik.com\/?p=70361#article","isPartOf":{"@id":"https:\/\/kibrisdakik.com\/?p=70361"},"author":{"name":"admin","@id":"https:\/\/kibrisdakik.com\/#\/schema\/person\/9cd9d437bbb44f72b73ba127e06d8e79"},"headline":"Mehmet\u00e7ik\u2019te asbest tehdidi son buldu","datePublished":"2024-11-29T07:11:13+00:00","mainEntityOfPage":{"@id":"https:\/\/kibrisdakik.com\/?p=70361"},"wordCount":133,"commentCount":0,"image":{"@id":"https:\/\/kibrisdakik.com\/?p=70361#primaryimage"},"thumbnailUrl":"https:\/\/kibrisdakik.com\/wp-content\/uploads\/2024\/11\/WhatsApp-Gorsel-2024-11-28-saat-23.44.38_b19e35f0-scaled-740x420.jpg","articleSection":["K\u0131br\u0131s"],"inLanguage":"tr","potentialAction":[{"@type":"CommentAction","name":"Comment","target":["https:\/\/kibrisdakik.com\/?p=70361#respond"]}]},{"@type":"WebPage","@id":"https:\/\/kibrisdakik.com\/?p=70361","url":"https:\/\/kibrisdakik.com\/?p=70361","name":"Mehmet\u00e7ik\u2019te asbest tehdidi son buldu -","isPartOf":{"@id":"https:\/\/kibrisdakik.com\/#website"},"primaryImageOfPage":{"@id":"https:\/\/kibrisdakik.com\/?p=70361#primaryimage"},"image":{"@id":"https:\/\/kibrisdakik.com\/?p=70361#primaryimage"},"thumbnailUrl":"https:\/\/kibrisdakik.com\/wp-content\/uploads\/2024\/11\/WhatsApp-Gorsel-2024-11-28-saat-23.44.38_b19e35f0-scaled-740x420.jpg","datePublished":"2024-11-29T07:11:13+00:00","author":{"@id":"https:\/\/kibrisdakik.com\/#\/schema\/person\/9cd9d437bbb44f72b73ba127e06d8e79"},"breadcrumb":{"@id":"https:\/\/kibrisdakik.com\/?p=70361#breadcrumb"},"inLanguage":"tr","potentialAction":[{"@type":"ReadAction","target":["https:\/\/kibrisdakik.com\/?p=70361"]}]},{"@type":"ImageObject","inLanguage":"tr","@id":"https:\/\/kibrisdakik.com\/?p=70361#primaryimage","url":"https:\/\/kibrisdakik.com\/wp-content\/uploads\/2024\/11\/WhatsApp-Gorsel-2024-11-28-saat-23.44.38_b19e35f0-scaled-740x420.jpg","contentUrl":"https:\/\/kibrisdakik.com\/wp-content\/uploads\/2024\/11\/WhatsApp-Gorsel-2024-11-28-saat-23.44.38_b19e35f0-scaled-740x420.jpg","width":2560,"height":1920},{"@type":"BreadcrumbList","@id":"https:\/\/kibrisdakik.com\/?p=70361#breadcrumb","itemListElement":[{"@type":"ListItem","position":1,"name":"Home","item":"https:\/\/kibrisdakik.com\/"},{"@type":"ListItem","position":2,"name":"Mehmet\u00e7ik\u2019te asbest tehdidi son buldu"}]},{"@type":"WebSite","@id":"https:\/\/kibrisdakik.com\/#website","url":"https:\/\/kibrisdakik.com\/","name":"","description":"Tam vaktinde haber","potentialAction":[{"@type":"SearchAction","target":{"@type":"EntryPoint","urlTemplate":"https:\/\/kibrisdakik.com\/?s={search_term_string}"},"query-input":{"@type":"PropertyValueSpecification","valueRequired":true,"valueName":"search_term_string"}}],"inLanguage":"tr"},{"@type":"Person","@id":"https:\/\/kibrisdakik.com\/#\/schema\/person\/9cd9d437bbb44f72b73ba127e06d8e79","name":"admin","image":{"@type":"ImageObject","inLanguage":"tr","@id":"https:\/\/secure.gravatar.com\/avatar\/ccc17943b9d660506c869530f897617f7cb1c21a4bf30023f252596d83e1f007?s=96&d=mm&r=g","url":"https:\/\/secure.gravatar.com\/avatar\/ccc17943b9d660506c869530f897617f7cb1c21a4bf30023f252596d83e1f007?s=96&d=mm&r=g","contentUrl":"https:\/\/secure.gravatar.com\/avatar\/ccc17943b9d660506c869530f897617f7cb1c21a4bf30023f252596d83e1f007?s=96&d=mm&r=g","caption":"admin"},"sameAs":["https:\/\/kibrisdakik.com"],"url":"https:\/\/kibrisdakik.com\/?author=1"}]}},"_links":{"self":[{"href":"https:\/\/kibrisdakik.com\/index.php?rest_route=\/wp\/v2\/posts\/70361","targetHints":{"allow":["GET"]}}],"collection":[{"href":"https:\/\/kibrisdakik.com\/index.php?rest_route=\/wp\/v2\/posts"}],"about":[{"href":"https:\/\/kibrisdakik.com\/index.php?rest_route=\/wp\/v2\/types\/post"}],"author":[{"embeddable":true,"href":"https:\/\/kibrisdakik.com\/index.php?rest_route=\/wp\/v2\/users\/1"}],"replies":[{"embeddable":true,"href":"https:\/\/kibrisdakik.com\/index.php?rest_route=%2Fwp%2Fv2%2Fcomments&post=70361"}],"version-history":[{"count":0,"href":"https:\/\/kibrisdakik.com\/index.php?rest_route=\/wp\/v2\/posts\/70361\/revisions"}],"wp:featuredmedia":[{"embeddable":true,"href":"https:\/\/kibrisdakik.com\/index.php?rest_route=\/wp\/v2\/media\/70362"}],"wp:attachment":[{"href":"https:\/\/kibrisdakik.com\/index.php?rest_route=%2Fwp%2Fv2%2Fmedia&parent=70361"}],"wp:term":[{"taxonomy":"category","embeddable":true,"href":"https:\/\/kibrisdakik.com\/index.php?rest_route=%2Fwp%2Fv2%2Fcategories&post=70361"},{"taxonomy":"post_tag","embeddable":true,"href":"https:\/\/kibrisdakik.com\/index.php?rest_route=%2Fwp%2Fv2%2Ftags&post=70361"}],"curies":[{"name":"wp","href":"https:\/\/api.w.org\/{rel}","templated":true}]}}