{"id":70371,"date":"2024-11-29T12:49:19","date_gmt":"2024-11-29T09:49:19","guid":{"rendered":"https:\/\/kibrisdakik.com\/index.php\/2024\/11\/29\/kibris-otizm-dernegi-ebeveynlere-yonelik-ozel-egitim-semineri-duzenleyecek\/"},"modified":"2024-11-29T12:49:19","modified_gmt":"2024-11-29T09:49:19","slug":"kibris-otizm-dernegi-ebeveynlere-yonelik-ozel-egitim-semineri-duzenleyecek","status":"publish","type":"post","link":"https:\/\/kibrisdakik.com\/?p=70371","title":{"rendered":"K\u0131br\u0131s Otizm Derne\u011fi, ebeveynlere y\u00f6nelik \u00f6zel e\u011fitim semineri d\u00fczenleyecek"},"content":{"rendered":"<div>\n<div class=\"mariselle-image-container none\">\n                                            <\/div>\n<p>K\u0131br\u0131s Otizm Derne\u011fi, ebeveynlere y\u00f6nelik \u201cEvde \u00d6zel E\u011fitimi Desteklemek\u201d konulu ikinci \u00fccretsiz seminerini d\u00fczenleyecek.<\/p>\n<p>Dernekten yap\u0131lan a\u00e7\u0131klamaya g\u00f6re, seminer yar\u0131n saat 20.00\u2019de \u00e7evrimi\u00e7i olarak yap\u0131lacak.<\/p>\n<p>\u00d6zel e\u011fitim \u00f6\u011fretmeni Naime Karata rehberli\u011finde d\u00fczenlenecek seminere kay\u0131t https:\/\/forms.gle\/MqR5d8gh4nCwA1Nc6 ba\u011flant\u0131s\u0131ndan veya Derne\u011fin sosyal medya hesaplar\u0131nda payla\u015f\u0131lan ba\u011flant\u0131dan yap\u0131labilecek.<\/p>\n<p>Otizm spektrumundaki bireylerin \u00f6zel e\u011fitim s\u00fcrecine katk\u0131da bulunmay\u0131 hedefleyen seminerde, ebeveynlerin evde uygulayabilece\u011fi etkili y\u00f6ntemler, materyaller ve \u00f6neriler sunulacak.<\/p>\n<\/p><\/div>\n<p><script async\n                    defer\n                    crossorigin=\"anonymous\"\n                    src=\"https:\/\/connect.facebook.net\/tr_TR\/sdk.js#xfbml=1&#038;version=v3.3\"\n            ><\/script><\/p>\n","protected":false},"excerpt":{"rendered":"<p>K\u0131br\u0131s Otizm Derne\u011fi, ebeveynlere y\u00f6nelik \u201cEvde \u00d6zel E\u011fitimi Desteklemek\u201d konulu ikinci \u00fccretsiz seminerini d\u00fczenleyecek. Dernekten yap\u0131lan a\u00e7\u0131klamaya g\u00f6re, seminer yar\u0131n saat 20.00\u2019de \u00e7evrimi\u00e7i olarak yap\u0131lacak. \u00d6zel e\u011fitim \u00f6\u011fretmeni Naime Karata rehberli\u011finde d\u00fczenlenecek seminere kay\u0131t https:\/\/forms.gle\/MqR5d8gh4nCwA1Nc6 ba\u011flant\u0131s\u0131ndan veya Derne\u011fin sosyal medya hesaplar\u0131nda payla\u015f\u0131lan ba\u011flant\u0131dan yap\u0131labilecek. Otizm spektrumundaki bireylerin \u00f6zel e\u011fitim s\u00fcrecine katk\u0131da bulunmay\u0131 hedefleyen seminerde, ebeveynlerin<\/p>\n","protected":false},"author":1,"featured_media":70372,"comment_status":"open","ping_status":"open","sticky":false,"template":"","format":"standard","meta":{"footnotes":""},"categories":[81],"tags":[],"class_list":["post-70371","post","type-post","status-publish","format-standard","has-post-thumbnail","hentry","category-kibris"],"yoast_head":"<!-- This site is optimized with the Yoast SEO plugin v27.4 - https:\/\/yoast.com\/product\/yoast-seo-wordpress\/ -->\n<title>K\u0131br\u0131s Otizm Derne\u011fi, ebeveynlere y\u00f6nelik \u00f6zel e\u011fitim semineri d\u00fczenleyecek -<\/title>\n<meta name=\"robots\" content=\"index, follow, max-snippet:-1, max-image-preview:large, max-video-preview:-1\" \/>\n<link rel=\"canonical\" href=\"https:\/\/kibrisdakik.com\/?p=70371\" \/>\n<meta property=\"og:locale\" content=\"tr_TR\" \/>\n<meta property=\"og:type\" content=\"article\" \/>\n<meta property=\"og:title\" content=\"K\u0131br\u0131s Otizm Derne\u011fi, ebeveynlere y\u00f6nelik \u00f6zel e\u011fitim semineri d\u00fczenleyecek -\" \/>\n<meta property=\"og:description\" content=\"K\u0131br\u0131s Otizm Derne\u011fi, ebeveynlere y\u00f6nelik \u201cEvde \u00d6zel E\u011fitimi Desteklemek\u201d konulu ikinci \u00fccretsiz seminerini d\u00fczenleyecek. Dernekten yap\u0131lan a\u00e7\u0131klamaya g\u00f6re, seminer yar\u0131n saat 20.00\u2019de \u00e7evrimi\u00e7i olarak yap\u0131lacak. \u00d6zel e\u011fitim \u00f6\u011fretmeni Naime Karata rehberli\u011finde d\u00fczenlenecek seminere kay\u0131t https:\/\/forms.gle\/MqR5d8gh4nCwA1Nc6 ba\u011flant\u0131s\u0131ndan veya Derne\u011fin sosyal medya hesaplar\u0131nda payla\u015f\u0131lan ba\u011flant\u0131dan yap\u0131labilecek. Otizm spektrumundaki bireylerin \u00f6zel e\u011fitim s\u00fcrecine katk\u0131da bulunmay\u0131 hedefleyen seminerde, ebeveynlerin\" \/>\n<meta property=\"og:url\" content=\"https:\/\/kibrisdakik.com\/?p=70371\" \/>\n<meta property=\"article:published_time\" content=\"2024-11-29T09:49:19+00:00\" \/>\n<meta property=\"og:image\" content=\"https:\/\/kibrisdakik.com\/wp-content\/uploads\/2024\/11\/otizm-dernegi-koder-naime-karata-ile-online-seminer-1024x1024.png\" \/>\n\t<meta property=\"og:image:width\" content=\"1024\" \/>\n\t<meta property=\"og:image:height\" content=\"1024\" \/>\n\t<meta property=\"og:image:type\" content=\"image\/png\" \/>\n<meta name=\"author\" content=\"admin\" \/>\n<meta name=\"twitter:card\" content=\"summary_large_image\" \/>\n<meta name=\"twitter:label1\" content=\"Yazan:\" \/>\n\t<meta name=\"twitter:data1\" content=\"admin\" \/>\n\t<meta name=\"twitter:label2\" content=\"Tahmini okuma s\u00fcresi\" \/>\n\t<meta name=\"twitter:data2\" content=\"1 dakika\" \/>\n<script type=\"application\/ld+json\" class=\"yoast-schema-graph\">{\"@context\":\"https:\\\/\\\/schema.org\",\"@graph\":[{\"@type\":\"Article\",\"@id\":\"https:\\\/\\\/kibrisdakik.com\\\/?p=70371#article\",\"isPartOf\":{\"@id\":\"https:\\\/\\\/kibrisdakik.com\\\/?p=70371\"},\"author\":{\"name\":\"admin\",\"@id\":\"https:\\\/\\\/kibrisdakik.com\\\/#\\\/schema\\\/person\\\/9cd9d437bbb44f72b73ba127e06d8e79\"},\"headline\":\"K\u0131br\u0131s Otizm Derne\u011fi, ebeveynlere y\u00f6nelik \u00f6zel e\u011fitim semineri d\u00fczenleyecek\",\"datePublished\":\"2024-11-29T09:49:19+00:00\",\"mainEntityOfPage\":{\"@id\":\"https:\\\/\\\/kibrisdakik.com\\\/?p=70371\"},\"wordCount\":115,\"commentCount\":0,\"image\":{\"@id\":\"https:\\\/\\\/kibrisdakik.com\\\/?p=70371#primaryimage\"},\"thumbnailUrl\":\"https:\\\/\\\/kibrisdakik.com\\\/wp-content\\\/uploads\\\/2024\\\/11\\\/otizm-dernegi-koder-naime-karata-ile-online-seminer-740x420.png\",\"articleSection\":[\"K\u0131br\u0131s\"],\"inLanguage\":\"tr\",\"potentialAction\":[{\"@type\":\"CommentAction\",\"name\":\"Comment\",\"target\":[\"https:\\\/\\\/kibrisdakik.com\\\/?p=70371#respond\"]}]},{\"@type\":\"WebPage\",\"@id\":\"https:\\\/\\\/kibrisdakik.com\\\/?p=70371\",\"url\":\"https:\\\/\\\/kibrisdakik.com\\\/?p=70371\",\"name\":\"K\u0131br\u0131s Otizm Derne\u011fi, ebeveynlere y\u00f6nelik \u00f6zel e\u011fitim semineri d\u00fczenleyecek -\",\"isPartOf\":{\"@id\":\"https:\\\/\\\/kibrisdakik.com\\\/#website\"},\"primaryImageOfPage\":{\"@id\":\"https:\\\/\\\/kibrisdakik.com\\\/?p=70371#primaryimage\"},\"image\":{\"@id\":\"https:\\\/\\\/kibrisdakik.com\\\/?p=70371#primaryimage\"},\"thumbnailUrl\":\"https:\\\/\\\/kibrisdakik.com\\\/wp-content\\\/uploads\\\/2024\\\/11\\\/otizm-dernegi-koder-naime-karata-ile-online-seminer-740x420.png\",\"datePublished\":\"2024-11-29T09:49:19+00:00\",\"author\":{\"@id\":\"https:\\\/\\\/kibrisdakik.com\\\/#\\\/schema\\\/person\\\/9cd9d437bbb44f72b73ba127e06d8e79\"},\"breadcrumb\":{\"@id\":\"https:\\\/\\\/kibrisdakik.com\\\/?p=70371#breadcrumb\"},\"inLanguage\":\"tr\",\"potentialAction\":[{\"@type\":\"ReadAction\",\"target\":[\"https:\\\/\\\/kibrisdakik.com\\\/?p=70371\"]}]},{\"@type\":\"ImageObject\",\"inLanguage\":\"tr\",\"@id\":\"https:\\\/\\\/kibrisdakik.com\\\/?p=70371#primaryimage\",\"url\":\"https:\\\/\\\/kibrisdakik.com\\\/wp-content\\\/uploads\\\/2024\\\/11\\\/otizm-dernegi-koder-naime-karata-ile-online-seminer-740x420.png\",\"contentUrl\":\"https:\\\/\\\/kibrisdakik.com\\\/wp-content\\\/uploads\\\/2024\\\/11\\\/otizm-dernegi-koder-naime-karata-ile-online-seminer-740x420.png\",\"width\":3105,\"height\":3105},{\"@type\":\"BreadcrumbList\",\"@id\":\"https:\\\/\\\/kibrisdakik.com\\\/?p=70371#breadcrumb\",\"itemListElement\":[{\"@type\":\"ListItem\",\"position\":1,\"name\":\"Home\",\"item\":\"https:\\\/\\\/kibrisdakik.com\\\/\"},{\"@type\":\"ListItem\",\"position\":2,\"name\":\"K\u0131br\u0131s Otizm Derne\u011fi, ebeveynlere y\u00f6nelik \u00f6zel e\u011fitim semineri d\u00fczenleyecek\"}]},{\"@type\":\"WebSite\",\"@id\":\"https:\\\/\\\/kibrisdakik.com\\\/#website\",\"url\":\"https:\\\/\\\/kibrisdakik.com\\\/\",\"name\":\"\",\"description\":\"Tam vaktinde haber\",\"potentialAction\":[{\"@type\":\"SearchAction\",\"target\":{\"@type\":\"EntryPoint\",\"urlTemplate\":\"https:\\\/\\\/kibrisdakik.com\\\/?s={search_term_string}\"},\"query-input\":{\"@type\":\"PropertyValueSpecification\",\"valueRequired\":true,\"valueName\":\"search_term_string\"}}],\"inLanguage\":\"tr\"},{\"@type\":\"Person\",\"@id\":\"https:\\\/\\\/kibrisdakik.com\\\/#\\\/schema\\\/person\\\/9cd9d437bbb44f72b73ba127e06d8e79\",\"name\":\"admin\",\"image\":{\"@type\":\"ImageObject\",\"inLanguage\":\"tr\",\"@id\":\"https:\\\/\\\/secure.gravatar.com\\\/avatar\\\/ccc17943b9d660506c869530f897617f7cb1c21a4bf30023f252596d83e1f007?s=96&d=mm&r=g\",\"url\":\"https:\\\/\\\/secure.gravatar.com\\\/avatar\\\/ccc17943b9d660506c869530f897617f7cb1c21a4bf30023f252596d83e1f007?s=96&d=mm&r=g\",\"contentUrl\":\"https:\\\/\\\/secure.gravatar.com\\\/avatar\\\/ccc17943b9d660506c869530f897617f7cb1c21a4bf30023f252596d83e1f007?s=96&d=mm&r=g\",\"caption\":\"admin\"},\"sameAs\":[\"https:\\\/\\\/kibrisdakik.com\"],\"url\":\"https:\\\/\\\/kibrisdakik.com\\\/?author=1\"}]}<\/script>\n<!-- \/ Yoast SEO plugin. -->","yoast_head_json":{"title":"K\u0131br\u0131s Otizm Derne\u011fi, ebeveynlere y\u00f6nelik \u00f6zel e\u011fitim semineri d\u00fczenleyecek -","robots":{"index":"index","follow":"follow","max-snippet":"max-snippet:-1","max-image-preview":"max-image-preview:large","max-video-preview":"max-video-preview:-1"},"canonical":"https:\/\/kibrisdakik.com\/?p=70371","og_locale":"tr_TR","og_type":"article","og_title":"K\u0131br\u0131s Otizm Derne\u011fi, ebeveynlere y\u00f6nelik \u00f6zel e\u011fitim semineri d\u00fczenleyecek -","og_description":"K\u0131br\u0131s Otizm Derne\u011fi, ebeveynlere y\u00f6nelik \u201cEvde \u00d6zel E\u011fitimi Desteklemek\u201d konulu ikinci \u00fccretsiz seminerini d\u00fczenleyecek. Dernekten yap\u0131lan a\u00e7\u0131klamaya g\u00f6re, seminer yar\u0131n saat 20.00\u2019de \u00e7evrimi\u00e7i olarak yap\u0131lacak. \u00d6zel e\u011fitim \u00f6\u011fretmeni Naime Karata rehberli\u011finde d\u00fczenlenecek seminere kay\u0131t https:\/\/forms.gle\/MqR5d8gh4nCwA1Nc6 ba\u011flant\u0131s\u0131ndan veya Derne\u011fin sosyal medya hesaplar\u0131nda payla\u015f\u0131lan ba\u011flant\u0131dan yap\u0131labilecek. Otizm spektrumundaki bireylerin \u00f6zel e\u011fitim s\u00fcrecine katk\u0131da bulunmay\u0131 hedefleyen seminerde, ebeveynlerin","og_url":"https:\/\/kibrisdakik.com\/?p=70371","article_published_time":"2024-11-29T09:49:19+00:00","og_image":[{"width":1024,"height":1024,"url":"https:\/\/kibrisdakik.com\/wp-content\/uploads\/2024\/11\/otizm-dernegi-koder-naime-karata-ile-online-seminer-1024x1024.png","type":"image\/png"}],"author":"admin","twitter_card":"summary_large_image","twitter_misc":{"Yazan:":"admin","Tahmini okuma s\u00fcresi":"1 dakika"},"schema":{"@context":"https:\/\/schema.org","@graph":[{"@type":"Article","@id":"https:\/\/kibrisdakik.com\/?p=70371#article","isPartOf":{"@id":"https:\/\/kibrisdakik.com\/?p=70371"},"author":{"name":"admin","@id":"https:\/\/kibrisdakik.com\/#\/schema\/person\/9cd9d437bbb44f72b73ba127e06d8e79"},"headline":"K\u0131br\u0131s Otizm Derne\u011fi, ebeveynlere y\u00f6nelik \u00f6zel e\u011fitim semineri d\u00fczenleyecek","datePublished":"2024-11-29T09:49:19+00:00","mainEntityOfPage":{"@id":"https:\/\/kibrisdakik.com\/?p=70371"},"wordCount":115,"commentCount":0,"image":{"@id":"https:\/\/kibrisdakik.com\/?p=70371#primaryimage"},"thumbnailUrl":"https:\/\/kibrisdakik.com\/wp-content\/uploads\/2024\/11\/otizm-dernegi-koder-naime-karata-ile-online-seminer-740x420.png","articleSection":["K\u0131br\u0131s"],"inLanguage":"tr","potentialAction":[{"@type":"CommentAction","name":"Comment","target":["https:\/\/kibrisdakik.com\/?p=70371#respond"]}]},{"@type":"WebPage","@id":"https:\/\/kibrisdakik.com\/?p=70371","url":"https:\/\/kibrisdakik.com\/?p=70371","name":"K\u0131br\u0131s Otizm Derne\u011fi, ebeveynlere y\u00f6nelik \u00f6zel e\u011fitim semineri d\u00fczenleyecek -","isPartOf":{"@id":"https:\/\/kibrisdakik.com\/#website"},"primaryImageOfPage":{"@id":"https:\/\/kibrisdakik.com\/?p=70371#primaryimage"},"image":{"@id":"https:\/\/kibrisdakik.com\/?p=70371#primaryimage"},"thumbnailUrl":"https:\/\/kibrisdakik.com\/wp-content\/uploads\/2024\/11\/otizm-dernegi-koder-naime-karata-ile-online-seminer-740x420.png","datePublished":"2024-11-29T09:49:19+00:00","author":{"@id":"https:\/\/kibrisdakik.com\/#\/schema\/person\/9cd9d437bbb44f72b73ba127e06d8e79"},"breadcrumb":{"@id":"https:\/\/kibrisdakik.com\/?p=70371#breadcrumb"},"inLanguage":"tr","potentialAction":[{"@type":"ReadAction","target":["https:\/\/kibrisdakik.com\/?p=70371"]}]},{"@type":"ImageObject","inLanguage":"tr","@id":"https:\/\/kibrisdakik.com\/?p=70371#primaryimage","url":"https:\/\/kibrisdakik.com\/wp-content\/uploads\/2024\/11\/otizm-dernegi-koder-naime-karata-ile-online-seminer-740x420.png","contentUrl":"https:\/\/kibrisdakik.com\/wp-content\/uploads\/2024\/11\/otizm-dernegi-koder-naime-karata-ile-online-seminer-740x420.png","width":3105,"height":3105},{"@type":"BreadcrumbList","@id":"https:\/\/kibrisdakik.com\/?p=70371#breadcrumb","itemListElement":[{"@type":"ListItem","position":1,"name":"Home","item":"https:\/\/kibrisdakik.com\/"},{"@type":"ListItem","position":2,"name":"K\u0131br\u0131s Otizm Derne\u011fi, ebeveynlere y\u00f6nelik \u00f6zel e\u011fitim semineri d\u00fczenleyecek"}]},{"@type":"WebSite","@id":"https:\/\/kibrisdakik.com\/#website","url":"https:\/\/kibrisdakik.com\/","name":"","description":"Tam vaktinde haber","potentialAction":[{"@type":"SearchAction","target":{"@type":"EntryPoint","urlTemplate":"https:\/\/kibrisdakik.com\/?s={search_term_string}"},"query-input":{"@type":"PropertyValueSpecification","valueRequired":true,"valueName":"search_term_string"}}],"inLanguage":"tr"},{"@type":"Person","@id":"https:\/\/kibrisdakik.com\/#\/schema\/person\/9cd9d437bbb44f72b73ba127e06d8e79","name":"admin","image":{"@type":"ImageObject","inLanguage":"tr","@id":"https:\/\/secure.gravatar.com\/avatar\/ccc17943b9d660506c869530f897617f7cb1c21a4bf30023f252596d83e1f007?s=96&d=mm&r=g","url":"https:\/\/secure.gravatar.com\/avatar\/ccc17943b9d660506c869530f897617f7cb1c21a4bf30023f252596d83e1f007?s=96&d=mm&r=g","contentUrl":"https:\/\/secure.gravatar.com\/avatar\/ccc17943b9d660506c869530f897617f7cb1c21a4bf30023f252596d83e1f007?s=96&d=mm&r=g","caption":"admin"},"sameAs":["https:\/\/kibrisdakik.com"],"url":"https:\/\/kibrisdakik.com\/?author=1"}]}},"_links":{"self":[{"href":"https:\/\/kibrisdakik.com\/index.php?rest_route=\/wp\/v2\/posts\/70371","targetHints":{"allow":["GET"]}}],"collection":[{"href":"https:\/\/kibrisdakik.com\/index.php?rest_route=\/wp\/v2\/posts"}],"about":[{"href":"https:\/\/kibrisdakik.com\/index.php?rest_route=\/wp\/v2\/types\/post"}],"author":[{"embeddable":true,"href":"https:\/\/kibrisdakik.com\/index.php?rest_route=\/wp\/v2\/users\/1"}],"replies":[{"embeddable":true,"href":"https:\/\/kibrisdakik.com\/index.php?rest_route=%2Fwp%2Fv2%2Fcomments&post=70371"}],"version-history":[{"count":0,"href":"https:\/\/kibrisdakik.com\/index.php?rest_route=\/wp\/v2\/posts\/70371\/revisions"}],"wp:featuredmedia":[{"embeddable":true,"href":"https:\/\/kibrisdakik.com\/index.php?rest_route=\/wp\/v2\/media\/70372"}],"wp:attachment":[{"href":"https:\/\/kibrisdakik.com\/index.php?rest_route=%2Fwp%2Fv2%2Fmedia&parent=70371"}],"wp:term":[{"taxonomy":"category","embeddable":true,"href":"https:\/\/kibrisdakik.com\/index.php?rest_route=%2Fwp%2Fv2%2Fcategories&post=70371"},{"taxonomy":"post_tag","embeddable":true,"href":"https:\/\/kibrisdakik.com\/index.php?rest_route=%2Fwp%2Fv2%2Ftags&post=70371"}],"curies":[{"name":"wp","href":"https:\/\/api.w.org\/{rel}","templated":true}]}}