{"id":70387,"date":"2024-11-29T11:16:23","date_gmt":"2024-11-29T08:16:23","guid":{"rendered":"https:\/\/kibrisdakik.com\/index.php\/2024\/11\/29\/bm-genel-sekreteri-guterres-bmnin-filistin-halkina-destegini-yineledi\/"},"modified":"2024-11-29T11:16:23","modified_gmt":"2024-11-29T08:16:23","slug":"bm-genel-sekreteri-guterres-bmnin-filistin-halkina-destegini-yineledi","status":"publish","type":"post","link":"https:\/\/kibrisdakik.com\/?p=70387","title":{"rendered":"BM Genel Sekreteri Guterres, BM\u2019nin Filistin halk\u0131na deste\u011fini yineledi"},"content":{"rendered":"<p><\/p>\n<div>\n<div class=\"mariselle-image-container none\">\n                <img loading=\"lazy\" decoding=\"async\" width=\"864\" height=\"486\" class=\"lazy-image\" alt=\"\" sizes=\"auto, (max-width: 864px) 100vw, 864px\" src=\"https:\/\/brtk.net\/wp-content\/uploads\/2024\/11\/29\/BMGENELSEKRETER.jpg?ver=f2fa062220aaf25c7c512754eecac6a1\" srcset=\"https:\/\/brtk.net\/wp-content\/uploads\/2024\/11\/29\/BMGENELSEKRETER.jpg?ver=f2fa062220aaf25c7c512754eecac6a1 864w, https:\/\/brtk.net\/wp-content\/uploads\/2024\/11\/29\/BMGENELSEKRETER-300x169.jpg?ver=23178fd667c6173d0290a989de762e58 300w, https:\/\/brtk.net\/wp-content\/uploads\/2024\/11\/29\/BMGENELSEKRETER-768x432.jpg?ver=23178fd667c6173d0290a989de762e58 768w\"\/>                            <\/div>\n<p>Birle\u015fmi\u015f Milletler (BM) Genel Sekreteri Antonio Guterres, BM\u2019nin Filistin halk\u0131na deste\u011finin devam edece\u011fini vurgulad\u0131.<\/p>\n<p>Guterres, sosyal medya platformu X\u2019ten yapt\u0131\u011f\u0131 payla\u015f\u0131mda, 29 Kas\u0131m Uluslararas\u0131 Filistin Halk\u0131yla Dayan\u0131\u015fma G\u00fcn\u00fc\u2019n\u00fc and\u0131.<\/p>\n<p>BM\u2019nin Filistin halk\u0131n\u0131n haklar\u0131na deste\u011fini yineleyen Guterres, \u201cBM, Filistin halk\u0131yla ve onlar\u0131n bar\u0131\u015f, g\u00fcvenlik ve haysiyet i\u00e7inde ya\u015famaya y\u00f6nelik devredilemez haklar\u0131yla dayan\u0131\u015fma i\u00e7inde olmaya devam edecektir.\u201d ifadesini kulland\u0131.<\/p>\n<p>\u00a0<\/p>\n<\/p><\/div>\n<p><script async\n                    defer\n                    crossorigin=\"anonymous\"\n                    src=\"https:\/\/connect.facebook.net\/tr_TR\/sdk.js#xfbml=1&#038;version=v3.3\"\n            ><\/script><\/p>\n","protected":false},"excerpt":{"rendered":"<p>Birle\u015fmi\u015f Milletler (BM) Genel Sekreteri Antonio Guterres, BM\u2019nin Filistin halk\u0131na deste\u011finin devam edece\u011fini vurgulad\u0131. Guterres, sosyal medya platformu X\u2019ten yapt\u0131\u011f\u0131 payla\u015f\u0131mda, 29 Kas\u0131m Uluslararas\u0131 Filistin Halk\u0131yla Dayan\u0131\u015fma G\u00fcn\u00fc\u2019n\u00fc and\u0131. BM\u2019nin Filistin halk\u0131n\u0131n haklar\u0131na deste\u011fini yineleyen Guterres, \u201cBM, Filistin halk\u0131yla ve onlar\u0131n bar\u0131\u015f, g\u00fcvenlik ve haysiyet i\u00e7inde ya\u015famaya y\u00f6nelik devredilemez haklar\u0131yla dayan\u0131\u015fma i\u00e7inde olmaya devam edecektir.\u201d<\/p>\n","protected":false},"author":1,"featured_media":70388,"comment_status":"open","ping_status":"open","sticky":false,"template":"","format":"standard","meta":{"footnotes":""},"categories":[1],"tags":[],"class_list":["post-70387","post","type-post","status-publish","format-standard","has-post-thumbnail","hentry","category-gundem"],"yoast_head":"<!-- This site is optimized with the Yoast SEO plugin v27.5 - https:\/\/yoast.com\/product\/yoast-seo-wordpress\/ -->\n<title>BM Genel Sekreteri Guterres, BM\u2019nin Filistin halk\u0131na deste\u011fini yineledi -<\/title>\n<meta name=\"robots\" content=\"index, follow, max-snippet:-1, max-image-preview:large, max-video-preview:-1\" \/>\n<link rel=\"canonical\" href=\"https:\/\/kibrisdakik.com\/?p=70387\" \/>\n<meta property=\"og:locale\" content=\"tr_TR\" \/>\n<meta property=\"og:type\" content=\"article\" \/>\n<meta property=\"og:title\" content=\"BM Genel Sekreteri Guterres, BM\u2019nin Filistin halk\u0131na deste\u011fini yineledi -\" \/>\n<meta property=\"og:description\" content=\"Birle\u015fmi\u015f Milletler (BM) Genel Sekreteri Antonio Guterres, BM\u2019nin Filistin halk\u0131na deste\u011finin devam edece\u011fini vurgulad\u0131. Guterres, sosyal medya platformu X\u2019ten yapt\u0131\u011f\u0131 payla\u015f\u0131mda, 29 Kas\u0131m Uluslararas\u0131 Filistin Halk\u0131yla Dayan\u0131\u015fma G\u00fcn\u00fc\u2019n\u00fc and\u0131. BM\u2019nin Filistin halk\u0131n\u0131n haklar\u0131na deste\u011fini yineleyen Guterres, \u201cBM, Filistin halk\u0131yla ve onlar\u0131n bar\u0131\u015f, g\u00fcvenlik ve haysiyet i\u00e7inde ya\u015famaya y\u00f6nelik devredilemez haklar\u0131yla dayan\u0131\u015fma i\u00e7inde olmaya devam edecektir.\u201d\" \/>\n<meta property=\"og:url\" content=\"https:\/\/kibrisdakik.com\/?p=70387\" \/>\n<meta property=\"article:published_time\" content=\"2024-11-29T08:16:23+00:00\" \/>\n<meta property=\"og:image\" content=\"https:\/\/kibrisdakik.com\/wp-content\/uploads\/2024\/11\/BMGENELSEKRETER-740x420.jpg\" \/>\n\t<meta property=\"og:image:width\" content=\"864\" \/>\n\t<meta property=\"og:image:height\" content=\"486\" \/>\n\t<meta property=\"og:image:type\" content=\"image\/jpeg\" \/>\n<meta name=\"author\" content=\"admin\" \/>\n<meta name=\"twitter:card\" content=\"summary_large_image\" \/>\n<meta name=\"twitter:label1\" content=\"Yazan:\" \/>\n\t<meta name=\"twitter:data1\" content=\"admin\" \/>\n<script type=\"application\/ld+json\" class=\"yoast-schema-graph\">{\"@context\":\"https:\\\/\\\/schema.org\",\"@graph\":[{\"@type\":\"Article\",\"@id\":\"https:\\\/\\\/kibrisdakik.com\\\/?p=70387#article\",\"isPartOf\":{\"@id\":\"https:\\\/\\\/kibrisdakik.com\\\/?p=70387\"},\"author\":{\"name\":\"admin\",\"@id\":\"https:\\\/\\\/kibrisdakik.com\\\/#\\\/schema\\\/person\\\/9cd9d437bbb44f72b73ba127e06d8e79\"},\"headline\":\"BM Genel Sekreteri Guterres, BM\u2019nin Filistin halk\u0131na deste\u011fini yineledi\",\"datePublished\":\"2024-11-29T08:16:23+00:00\",\"mainEntityOfPage\":{\"@id\":\"https:\\\/\\\/kibrisdakik.com\\\/?p=70387\"},\"wordCount\":94,\"commentCount\":0,\"image\":{\"@id\":\"https:\\\/\\\/kibrisdakik.com\\\/?p=70387#primaryimage\"},\"thumbnailUrl\":\"https:\\\/\\\/kibrisdakik.com\\\/wp-content\\\/uploads\\\/2024\\\/11\\\/BMGENELSEKRETER-740x420.jpg\",\"articleSection\":[\"G\u00fcndem\"],\"inLanguage\":\"tr\",\"potentialAction\":[{\"@type\":\"CommentAction\",\"name\":\"Comment\",\"target\":[\"https:\\\/\\\/kibrisdakik.com\\\/?p=70387#respond\"]}]},{\"@type\":\"WebPage\",\"@id\":\"https:\\\/\\\/kibrisdakik.com\\\/?p=70387\",\"url\":\"https:\\\/\\\/kibrisdakik.com\\\/?p=70387\",\"name\":\"BM Genel Sekreteri Guterres, BM\u2019nin Filistin halk\u0131na deste\u011fini yineledi -\",\"isPartOf\":{\"@id\":\"https:\\\/\\\/kibrisdakik.com\\\/#website\"},\"primaryImageOfPage\":{\"@id\":\"https:\\\/\\\/kibrisdakik.com\\\/?p=70387#primaryimage\"},\"image\":{\"@id\":\"https:\\\/\\\/kibrisdakik.com\\\/?p=70387#primaryimage\"},\"thumbnailUrl\":\"https:\\\/\\\/kibrisdakik.com\\\/wp-content\\\/uploads\\\/2024\\\/11\\\/BMGENELSEKRETER-740x420.jpg\",\"datePublished\":\"2024-11-29T08:16:23+00:00\",\"author\":{\"@id\":\"https:\\\/\\\/kibrisdakik.com\\\/#\\\/schema\\\/person\\\/9cd9d437bbb44f72b73ba127e06d8e79\"},\"breadcrumb\":{\"@id\":\"https:\\\/\\\/kibrisdakik.com\\\/?p=70387#breadcrumb\"},\"inLanguage\":\"tr\",\"potentialAction\":[{\"@type\":\"ReadAction\",\"target\":[\"https:\\\/\\\/kibrisdakik.com\\\/?p=70387\"]}]},{\"@type\":\"ImageObject\",\"inLanguage\":\"tr\",\"@id\":\"https:\\\/\\\/kibrisdakik.com\\\/?p=70387#primaryimage\",\"url\":\"https:\\\/\\\/kibrisdakik.com\\\/wp-content\\\/uploads\\\/2024\\\/11\\\/BMGENELSEKRETER-740x420.jpg\",\"contentUrl\":\"https:\\\/\\\/kibrisdakik.com\\\/wp-content\\\/uploads\\\/2024\\\/11\\\/BMGENELSEKRETER-740x420.jpg\",\"width\":864,\"height\":486},{\"@type\":\"BreadcrumbList\",\"@id\":\"https:\\\/\\\/kibrisdakik.com\\\/?p=70387#breadcrumb\",\"itemListElement\":[{\"@type\":\"ListItem\",\"position\":1,\"name\":\"Home\",\"item\":\"https:\\\/\\\/kibrisdakik.com\\\/\"},{\"@type\":\"ListItem\",\"position\":2,\"name\":\"BM Genel Sekreteri Guterres, BM\u2019nin Filistin halk\u0131na deste\u011fini yineledi\"}]},{\"@type\":\"WebSite\",\"@id\":\"https:\\\/\\\/kibrisdakik.com\\\/#website\",\"url\":\"https:\\\/\\\/kibrisdakik.com\\\/\",\"name\":\"\",\"description\":\"Tam vaktinde haber\",\"potentialAction\":[{\"@type\":\"SearchAction\",\"target\":{\"@type\":\"EntryPoint\",\"urlTemplate\":\"https:\\\/\\\/kibrisdakik.com\\\/?s={search_term_string}\"},\"query-input\":{\"@type\":\"PropertyValueSpecification\",\"valueRequired\":true,\"valueName\":\"search_term_string\"}}],\"inLanguage\":\"tr\"},{\"@type\":\"Person\",\"@id\":\"https:\\\/\\\/kibrisdakik.com\\\/#\\\/schema\\\/person\\\/9cd9d437bbb44f72b73ba127e06d8e79\",\"name\":\"admin\",\"image\":{\"@type\":\"ImageObject\",\"inLanguage\":\"tr\",\"@id\":\"https:\\\/\\\/secure.gravatar.com\\\/avatar\\\/ccc17943b9d660506c869530f897617f7cb1c21a4bf30023f252596d83e1f007?s=96&d=mm&r=g\",\"url\":\"https:\\\/\\\/secure.gravatar.com\\\/avatar\\\/ccc17943b9d660506c869530f897617f7cb1c21a4bf30023f252596d83e1f007?s=96&d=mm&r=g\",\"contentUrl\":\"https:\\\/\\\/secure.gravatar.com\\\/avatar\\\/ccc17943b9d660506c869530f897617f7cb1c21a4bf30023f252596d83e1f007?s=96&d=mm&r=g\",\"caption\":\"admin\"},\"sameAs\":[\"https:\\\/\\\/kibrisdakik.com\"],\"url\":\"https:\\\/\\\/kibrisdakik.com\\\/?author=1\"}]}<\/script>\n<!-- \/ Yoast SEO plugin. -->","yoast_head_json":{"title":"BM Genel Sekreteri Guterres, BM\u2019nin Filistin halk\u0131na deste\u011fini yineledi -","robots":{"index":"index","follow":"follow","max-snippet":"max-snippet:-1","max-image-preview":"max-image-preview:large","max-video-preview":"max-video-preview:-1"},"canonical":"https:\/\/kibrisdakik.com\/?p=70387","og_locale":"tr_TR","og_type":"article","og_title":"BM Genel Sekreteri Guterres, BM\u2019nin Filistin halk\u0131na deste\u011fini yineledi -","og_description":"Birle\u015fmi\u015f Milletler (BM) Genel Sekreteri Antonio Guterres, BM\u2019nin Filistin halk\u0131na deste\u011finin devam edece\u011fini vurgulad\u0131. Guterres, sosyal medya platformu X\u2019ten yapt\u0131\u011f\u0131 payla\u015f\u0131mda, 29 Kas\u0131m Uluslararas\u0131 Filistin Halk\u0131yla Dayan\u0131\u015fma G\u00fcn\u00fc\u2019n\u00fc and\u0131. BM\u2019nin Filistin halk\u0131n\u0131n haklar\u0131na deste\u011fini yineleyen Guterres, \u201cBM, Filistin halk\u0131yla ve onlar\u0131n bar\u0131\u015f, g\u00fcvenlik ve haysiyet i\u00e7inde ya\u015famaya y\u00f6nelik devredilemez haklar\u0131yla dayan\u0131\u015fma i\u00e7inde olmaya devam edecektir.\u201d","og_url":"https:\/\/kibrisdakik.com\/?p=70387","article_published_time":"2024-11-29T08:16:23+00:00","og_image":[{"width":864,"height":486,"url":"https:\/\/kibrisdakik.com\/wp-content\/uploads\/2024\/11\/BMGENELSEKRETER-740x420.jpg","type":"image\/jpeg"}],"author":"admin","twitter_card":"summary_large_image","twitter_misc":{"Yazan:":"admin"},"schema":{"@context":"https:\/\/schema.org","@graph":[{"@type":"Article","@id":"https:\/\/kibrisdakik.com\/?p=70387#article","isPartOf":{"@id":"https:\/\/kibrisdakik.com\/?p=70387"},"author":{"name":"admin","@id":"https:\/\/kibrisdakik.com\/#\/schema\/person\/9cd9d437bbb44f72b73ba127e06d8e79"},"headline":"BM Genel Sekreteri Guterres, BM\u2019nin Filistin halk\u0131na deste\u011fini yineledi","datePublished":"2024-11-29T08:16:23+00:00","mainEntityOfPage":{"@id":"https:\/\/kibrisdakik.com\/?p=70387"},"wordCount":94,"commentCount":0,"image":{"@id":"https:\/\/kibrisdakik.com\/?p=70387#primaryimage"},"thumbnailUrl":"https:\/\/kibrisdakik.com\/wp-content\/uploads\/2024\/11\/BMGENELSEKRETER-740x420.jpg","articleSection":["G\u00fcndem"],"inLanguage":"tr","potentialAction":[{"@type":"CommentAction","name":"Comment","target":["https:\/\/kibrisdakik.com\/?p=70387#respond"]}]},{"@type":"WebPage","@id":"https:\/\/kibrisdakik.com\/?p=70387","url":"https:\/\/kibrisdakik.com\/?p=70387","name":"BM Genel Sekreteri Guterres, BM\u2019nin Filistin halk\u0131na deste\u011fini yineledi -","isPartOf":{"@id":"https:\/\/kibrisdakik.com\/#website"},"primaryImageOfPage":{"@id":"https:\/\/kibrisdakik.com\/?p=70387#primaryimage"},"image":{"@id":"https:\/\/kibrisdakik.com\/?p=70387#primaryimage"},"thumbnailUrl":"https:\/\/kibrisdakik.com\/wp-content\/uploads\/2024\/11\/BMGENELSEKRETER-740x420.jpg","datePublished":"2024-11-29T08:16:23+00:00","author":{"@id":"https:\/\/kibrisdakik.com\/#\/schema\/person\/9cd9d437bbb44f72b73ba127e06d8e79"},"breadcrumb":{"@id":"https:\/\/kibrisdakik.com\/?p=70387#breadcrumb"},"inLanguage":"tr","potentialAction":[{"@type":"ReadAction","target":["https:\/\/kibrisdakik.com\/?p=70387"]}]},{"@type":"ImageObject","inLanguage":"tr","@id":"https:\/\/kibrisdakik.com\/?p=70387#primaryimage","url":"https:\/\/kibrisdakik.com\/wp-content\/uploads\/2024\/11\/BMGENELSEKRETER-740x420.jpg","contentUrl":"https:\/\/kibrisdakik.com\/wp-content\/uploads\/2024\/11\/BMGENELSEKRETER-740x420.jpg","width":864,"height":486},{"@type":"BreadcrumbList","@id":"https:\/\/kibrisdakik.com\/?p=70387#breadcrumb","itemListElement":[{"@type":"ListItem","position":1,"name":"Home","item":"https:\/\/kibrisdakik.com\/"},{"@type":"ListItem","position":2,"name":"BM Genel Sekreteri Guterres, BM\u2019nin Filistin halk\u0131na deste\u011fini yineledi"}]},{"@type":"WebSite","@id":"https:\/\/kibrisdakik.com\/#website","url":"https:\/\/kibrisdakik.com\/","name":"","description":"Tam vaktinde haber","potentialAction":[{"@type":"SearchAction","target":{"@type":"EntryPoint","urlTemplate":"https:\/\/kibrisdakik.com\/?s={search_term_string}"},"query-input":{"@type":"PropertyValueSpecification","valueRequired":true,"valueName":"search_term_string"}}],"inLanguage":"tr"},{"@type":"Person","@id":"https:\/\/kibrisdakik.com\/#\/schema\/person\/9cd9d437bbb44f72b73ba127e06d8e79","name":"admin","image":{"@type":"ImageObject","inLanguage":"tr","@id":"https:\/\/secure.gravatar.com\/avatar\/ccc17943b9d660506c869530f897617f7cb1c21a4bf30023f252596d83e1f007?s=96&d=mm&r=g","url":"https:\/\/secure.gravatar.com\/avatar\/ccc17943b9d660506c869530f897617f7cb1c21a4bf30023f252596d83e1f007?s=96&d=mm&r=g","contentUrl":"https:\/\/secure.gravatar.com\/avatar\/ccc17943b9d660506c869530f897617f7cb1c21a4bf30023f252596d83e1f007?s=96&d=mm&r=g","caption":"admin"},"sameAs":["https:\/\/kibrisdakik.com"],"url":"https:\/\/kibrisdakik.com\/?author=1"}]}},"_links":{"self":[{"href":"https:\/\/kibrisdakik.com\/index.php?rest_route=\/wp\/v2\/posts\/70387","targetHints":{"allow":["GET"]}}],"collection":[{"href":"https:\/\/kibrisdakik.com\/index.php?rest_route=\/wp\/v2\/posts"}],"about":[{"href":"https:\/\/kibrisdakik.com\/index.php?rest_route=\/wp\/v2\/types\/post"}],"author":[{"embeddable":true,"href":"https:\/\/kibrisdakik.com\/index.php?rest_route=\/wp\/v2\/users\/1"}],"replies":[{"embeddable":true,"href":"https:\/\/kibrisdakik.com\/index.php?rest_route=%2Fwp%2Fv2%2Fcomments&post=70387"}],"version-history":[{"count":0,"href":"https:\/\/kibrisdakik.com\/index.php?rest_route=\/wp\/v2\/posts\/70387\/revisions"}],"wp:featuredmedia":[{"embeddable":true,"href":"https:\/\/kibrisdakik.com\/index.php?rest_route=\/wp\/v2\/media\/70388"}],"wp:attachment":[{"href":"https:\/\/kibrisdakik.com\/index.php?rest_route=%2Fwp%2Fv2%2Fmedia&parent=70387"}],"wp:term":[{"taxonomy":"category","embeddable":true,"href":"https:\/\/kibrisdakik.com\/index.php?rest_route=%2Fwp%2Fv2%2Fcategories&post=70387"},{"taxonomy":"post_tag","embeddable":true,"href":"https:\/\/kibrisdakik.com\/index.php?rest_route=%2Fwp%2Fv2%2Ftags&post=70387"}],"curies":[{"name":"wp","href":"https:\/\/api.w.org\/{rel}","templated":true}]}}