{"id":70391,"date":"2024-11-29T15:30:01","date_gmt":"2024-11-29T12:30:01","guid":{"rendered":"https:\/\/kibrisdakik.com\/index.php\/2024\/11\/29\/kibris-turk-hemsireler-ve-ebeler-birligi-eskisehirde-kongreye-katildi\/"},"modified":"2024-11-29T15:30:01","modified_gmt":"2024-11-29T12:30:01","slug":"kibris-turk-hemsireler-ve-ebeler-birligi-eskisehirde-kongreye-katildi","status":"publish","type":"post","link":"https:\/\/kibrisdakik.com\/?p=70391","title":{"rendered":"K\u0131br\u0131s T\u00fcrk Hem\u015fireler ve Ebeler Birli\u011fi Eski\u015fehir\u2019de kongreye kat\u0131ld\u0131"},"content":{"rendered":"<div>\n<div class=\"mariselle-image-container none\">\n                                            <\/div>\n<p>K\u0131br\u0131s T\u00fcrk Hem\u015fireler ve Ebeler Birli\u011fi, T\u00fcrkiye Cumhuriyeti Eski\u015fehir\u2019de d\u00fczenlenen Ulusal ve Uluslararas\u0131 Hem\u015firelikte Liderlik Kongresine kat\u0131ld\u0131.<\/p>\n<p>Birlik Ba\u015fkan\u0131 Ali \u00d6zg\u00f6\u00e7men yapt\u0131\u011f\u0131 a\u00e7\u0131klamada, birli\u011fin K\u0131br\u0131s T\u00fcrk hem\u015firelerinin uluslararas\u0131 alanda daha g\u00f6r\u00fcn\u00fcr ve d\u00fcnya ile entegre olma amac\u0131 kapsam\u0131nda kat\u0131ld\u0131\u011f\u0131 kongrede \u00fc\u00e7 bilimsel sunum yapt\u0131\u011f\u0131n\u0131 belirtti.<\/p>\n<\/p><\/div>\n<p><script async\n                    defer\n                    crossorigin=\"anonymous\"\n                    src=\"https:\/\/connect.facebook.net\/tr_TR\/sdk.js#xfbml=1&#038;version=v3.3\"\n            ><\/script><\/p>\n","protected":false},"excerpt":{"rendered":"<p>K\u0131br\u0131s T\u00fcrk Hem\u015fireler ve Ebeler Birli\u011fi, T\u00fcrkiye Cumhuriyeti Eski\u015fehir\u2019de d\u00fczenlenen Ulusal ve Uluslararas\u0131 Hem\u015firelikte Liderlik Kongresine kat\u0131ld\u0131. Birlik Ba\u015fkan\u0131 Ali \u00d6zg\u00f6\u00e7men yapt\u0131\u011f\u0131 a\u00e7\u0131klamada, birli\u011fin K\u0131br\u0131s T\u00fcrk hem\u015firelerinin uluslararas\u0131 alanda daha g\u00f6r\u00fcn\u00fcr ve d\u00fcnya ile entegre olma amac\u0131 kapsam\u0131nda kat\u0131ld\u0131\u011f\u0131 kongrede \u00fc\u00e7 bilimsel sunum yapt\u0131\u011f\u0131n\u0131 belirtti.<\/p>\n","protected":false},"author":1,"featured_media":70392,"comment_status":"open","ping_status":"open","sticky":false,"template":"","format":"standard","meta":{"footnotes":""},"categories":[81],"tags":[],"class_list":["post-70391","post","type-post","status-publish","format-standard","has-post-thumbnail","hentry","category-kibris"],"yoast_head":"<!-- This site is optimized with the Yoast SEO plugin v27.5 - https:\/\/yoast.com\/product\/yoast-seo-wordpress\/ -->\n<title>K\u0131br\u0131s T\u00fcrk Hem\u015fireler ve Ebeler Birli\u011fi Eski\u015fehir\u2019de kongreye kat\u0131ld\u0131 -<\/title>\n<meta name=\"robots\" content=\"index, follow, max-snippet:-1, max-image-preview:large, max-video-preview:-1\" \/>\n<link rel=\"canonical\" href=\"https:\/\/kibrisdakik.com\/?p=70391\" \/>\n<meta property=\"og:locale\" content=\"tr_TR\" \/>\n<meta property=\"og:type\" content=\"article\" \/>\n<meta property=\"og:title\" content=\"K\u0131br\u0131s T\u00fcrk Hem\u015fireler ve Ebeler Birli\u011fi Eski\u015fehir\u2019de kongreye kat\u0131ld\u0131 -\" \/>\n<meta property=\"og:description\" content=\"K\u0131br\u0131s T\u00fcrk Hem\u015fireler ve Ebeler Birli\u011fi, T\u00fcrkiye Cumhuriyeti Eski\u015fehir\u2019de d\u00fczenlenen Ulusal ve Uluslararas\u0131 Hem\u015firelikte Liderlik Kongresine kat\u0131ld\u0131. Birlik Ba\u015fkan\u0131 Ali \u00d6zg\u00f6\u00e7men yapt\u0131\u011f\u0131 a\u00e7\u0131klamada, birli\u011fin K\u0131br\u0131s T\u00fcrk hem\u015firelerinin uluslararas\u0131 alanda daha g\u00f6r\u00fcn\u00fcr ve d\u00fcnya ile entegre olma amac\u0131 kapsam\u0131nda kat\u0131ld\u0131\u011f\u0131 kongrede \u00fc\u00e7 bilimsel sunum yapt\u0131\u011f\u0131n\u0131 belirtti.\" \/>\n<meta property=\"og:url\" content=\"https:\/\/kibrisdakik.com\/?p=70391\" \/>\n<meta property=\"article:published_time\" content=\"2024-11-29T12:30:01+00:00\" \/>\n<meta property=\"og:image\" content=\"https:\/\/kibrisdakik.com\/wp-content\/uploads\/2024\/11\/hemsireler1-740x420.jpeg\" \/>\n\t<meta property=\"og:image:width\" content=\"1500\" \/>\n\t<meta property=\"og:image:height\" content=\"2000\" \/>\n\t<meta property=\"og:image:type\" content=\"image\/jpeg\" \/>\n<meta name=\"author\" content=\"admin\" \/>\n<meta name=\"twitter:card\" content=\"summary_large_image\" \/>\n<meta name=\"twitter:label1\" content=\"Yazan:\" \/>\n\t<meta name=\"twitter:data1\" content=\"admin\" \/>\n<script type=\"application\/ld+json\" class=\"yoast-schema-graph\">{\"@context\":\"https:\\\/\\\/schema.org\",\"@graph\":[{\"@type\":\"Article\",\"@id\":\"https:\\\/\\\/kibrisdakik.com\\\/?p=70391#article\",\"isPartOf\":{\"@id\":\"https:\\\/\\\/kibrisdakik.com\\\/?p=70391\"},\"author\":{\"name\":\"admin\",\"@id\":\"https:\\\/\\\/kibrisdakik.com\\\/#\\\/schema\\\/person\\\/9cd9d437bbb44f72b73ba127e06d8e79\"},\"headline\":\"K\u0131br\u0131s T\u00fcrk Hem\u015fireler ve Ebeler Birli\u011fi Eski\u015fehir\u2019de kongreye kat\u0131ld\u0131\",\"datePublished\":\"2024-11-29T12:30:01+00:00\",\"mainEntityOfPage\":{\"@id\":\"https:\\\/\\\/kibrisdakik.com\\\/?p=70391\"},\"wordCount\":87,\"commentCount\":0,\"image\":{\"@id\":\"https:\\\/\\\/kibrisdakik.com\\\/?p=70391#primaryimage\"},\"thumbnailUrl\":\"https:\\\/\\\/kibrisdakik.com\\\/wp-content\\\/uploads\\\/2024\\\/11\\\/hemsireler1-740x420.jpeg\",\"articleSection\":[\"K\u0131br\u0131s\"],\"inLanguage\":\"tr\",\"potentialAction\":[{\"@type\":\"CommentAction\",\"name\":\"Comment\",\"target\":[\"https:\\\/\\\/kibrisdakik.com\\\/?p=70391#respond\"]}]},{\"@type\":\"WebPage\",\"@id\":\"https:\\\/\\\/kibrisdakik.com\\\/?p=70391\",\"url\":\"https:\\\/\\\/kibrisdakik.com\\\/?p=70391\",\"name\":\"K\u0131br\u0131s T\u00fcrk Hem\u015fireler ve Ebeler Birli\u011fi Eski\u015fehir\u2019de kongreye kat\u0131ld\u0131 -\",\"isPartOf\":{\"@id\":\"https:\\\/\\\/kibrisdakik.com\\\/#website\"},\"primaryImageOfPage\":{\"@id\":\"https:\\\/\\\/kibrisdakik.com\\\/?p=70391#primaryimage\"},\"image\":{\"@id\":\"https:\\\/\\\/kibrisdakik.com\\\/?p=70391#primaryimage\"},\"thumbnailUrl\":\"https:\\\/\\\/kibrisdakik.com\\\/wp-content\\\/uploads\\\/2024\\\/11\\\/hemsireler1-740x420.jpeg\",\"datePublished\":\"2024-11-29T12:30:01+00:00\",\"author\":{\"@id\":\"https:\\\/\\\/kibrisdakik.com\\\/#\\\/schema\\\/person\\\/9cd9d437bbb44f72b73ba127e06d8e79\"},\"breadcrumb\":{\"@id\":\"https:\\\/\\\/kibrisdakik.com\\\/?p=70391#breadcrumb\"},\"inLanguage\":\"tr\",\"potentialAction\":[{\"@type\":\"ReadAction\",\"target\":[\"https:\\\/\\\/kibrisdakik.com\\\/?p=70391\"]}]},{\"@type\":\"ImageObject\",\"inLanguage\":\"tr\",\"@id\":\"https:\\\/\\\/kibrisdakik.com\\\/?p=70391#primaryimage\",\"url\":\"https:\\\/\\\/kibrisdakik.com\\\/wp-content\\\/uploads\\\/2024\\\/11\\\/hemsireler1-740x420.jpeg\",\"contentUrl\":\"https:\\\/\\\/kibrisdakik.com\\\/wp-content\\\/uploads\\\/2024\\\/11\\\/hemsireler1-740x420.jpeg\",\"width\":1500,\"height\":2000},{\"@type\":\"BreadcrumbList\",\"@id\":\"https:\\\/\\\/kibrisdakik.com\\\/?p=70391#breadcrumb\",\"itemListElement\":[{\"@type\":\"ListItem\",\"position\":1,\"name\":\"Home\",\"item\":\"https:\\\/\\\/kibrisdakik.com\\\/\"},{\"@type\":\"ListItem\",\"position\":2,\"name\":\"K\u0131br\u0131s T\u00fcrk Hem\u015fireler ve Ebeler Birli\u011fi Eski\u015fehir\u2019de kongreye kat\u0131ld\u0131\"}]},{\"@type\":\"WebSite\",\"@id\":\"https:\\\/\\\/kibrisdakik.com\\\/#website\",\"url\":\"https:\\\/\\\/kibrisdakik.com\\\/\",\"name\":\"\",\"description\":\"Tam vaktinde haber\",\"potentialAction\":[{\"@type\":\"SearchAction\",\"target\":{\"@type\":\"EntryPoint\",\"urlTemplate\":\"https:\\\/\\\/kibrisdakik.com\\\/?s={search_term_string}\"},\"query-input\":{\"@type\":\"PropertyValueSpecification\",\"valueRequired\":true,\"valueName\":\"search_term_string\"}}],\"inLanguage\":\"tr\"},{\"@type\":\"Person\",\"@id\":\"https:\\\/\\\/kibrisdakik.com\\\/#\\\/schema\\\/person\\\/9cd9d437bbb44f72b73ba127e06d8e79\",\"name\":\"admin\",\"image\":{\"@type\":\"ImageObject\",\"inLanguage\":\"tr\",\"@id\":\"https:\\\/\\\/secure.gravatar.com\\\/avatar\\\/ccc17943b9d660506c869530f897617f7cb1c21a4bf30023f252596d83e1f007?s=96&d=mm&r=g\",\"url\":\"https:\\\/\\\/secure.gravatar.com\\\/avatar\\\/ccc17943b9d660506c869530f897617f7cb1c21a4bf30023f252596d83e1f007?s=96&d=mm&r=g\",\"contentUrl\":\"https:\\\/\\\/secure.gravatar.com\\\/avatar\\\/ccc17943b9d660506c869530f897617f7cb1c21a4bf30023f252596d83e1f007?s=96&d=mm&r=g\",\"caption\":\"admin\"},\"sameAs\":[\"https:\\\/\\\/kibrisdakik.com\"],\"url\":\"https:\\\/\\\/kibrisdakik.com\\\/?author=1\"}]}<\/script>\n<!-- \/ Yoast SEO plugin. -->","yoast_head_json":{"title":"K\u0131br\u0131s T\u00fcrk Hem\u015fireler ve Ebeler Birli\u011fi Eski\u015fehir\u2019de kongreye kat\u0131ld\u0131 -","robots":{"index":"index","follow":"follow","max-snippet":"max-snippet:-1","max-image-preview":"max-image-preview:large","max-video-preview":"max-video-preview:-1"},"canonical":"https:\/\/kibrisdakik.com\/?p=70391","og_locale":"tr_TR","og_type":"article","og_title":"K\u0131br\u0131s T\u00fcrk Hem\u015fireler ve Ebeler Birli\u011fi Eski\u015fehir\u2019de kongreye kat\u0131ld\u0131 -","og_description":"K\u0131br\u0131s T\u00fcrk Hem\u015fireler ve Ebeler Birli\u011fi, T\u00fcrkiye Cumhuriyeti Eski\u015fehir\u2019de d\u00fczenlenen Ulusal ve Uluslararas\u0131 Hem\u015firelikte Liderlik Kongresine kat\u0131ld\u0131. Birlik Ba\u015fkan\u0131 Ali \u00d6zg\u00f6\u00e7men yapt\u0131\u011f\u0131 a\u00e7\u0131klamada, birli\u011fin K\u0131br\u0131s T\u00fcrk hem\u015firelerinin uluslararas\u0131 alanda daha g\u00f6r\u00fcn\u00fcr ve d\u00fcnya ile entegre olma amac\u0131 kapsam\u0131nda kat\u0131ld\u0131\u011f\u0131 kongrede \u00fc\u00e7 bilimsel sunum yapt\u0131\u011f\u0131n\u0131 belirtti.","og_url":"https:\/\/kibrisdakik.com\/?p=70391","article_published_time":"2024-11-29T12:30:01+00:00","og_image":[{"width":1500,"height":2000,"url":"https:\/\/kibrisdakik.com\/wp-content\/uploads\/2024\/11\/hemsireler1-740x420.jpeg","type":"image\/jpeg"}],"author":"admin","twitter_card":"summary_large_image","twitter_misc":{"Yazan:":"admin"},"schema":{"@context":"https:\/\/schema.org","@graph":[{"@type":"Article","@id":"https:\/\/kibrisdakik.com\/?p=70391#article","isPartOf":{"@id":"https:\/\/kibrisdakik.com\/?p=70391"},"author":{"name":"admin","@id":"https:\/\/kibrisdakik.com\/#\/schema\/person\/9cd9d437bbb44f72b73ba127e06d8e79"},"headline":"K\u0131br\u0131s T\u00fcrk Hem\u015fireler ve Ebeler Birli\u011fi Eski\u015fehir\u2019de kongreye kat\u0131ld\u0131","datePublished":"2024-11-29T12:30:01+00:00","mainEntityOfPage":{"@id":"https:\/\/kibrisdakik.com\/?p=70391"},"wordCount":87,"commentCount":0,"image":{"@id":"https:\/\/kibrisdakik.com\/?p=70391#primaryimage"},"thumbnailUrl":"https:\/\/kibrisdakik.com\/wp-content\/uploads\/2024\/11\/hemsireler1-740x420.jpeg","articleSection":["K\u0131br\u0131s"],"inLanguage":"tr","potentialAction":[{"@type":"CommentAction","name":"Comment","target":["https:\/\/kibrisdakik.com\/?p=70391#respond"]}]},{"@type":"WebPage","@id":"https:\/\/kibrisdakik.com\/?p=70391","url":"https:\/\/kibrisdakik.com\/?p=70391","name":"K\u0131br\u0131s T\u00fcrk Hem\u015fireler ve Ebeler Birli\u011fi Eski\u015fehir\u2019de kongreye kat\u0131ld\u0131 -","isPartOf":{"@id":"https:\/\/kibrisdakik.com\/#website"},"primaryImageOfPage":{"@id":"https:\/\/kibrisdakik.com\/?p=70391#primaryimage"},"image":{"@id":"https:\/\/kibrisdakik.com\/?p=70391#primaryimage"},"thumbnailUrl":"https:\/\/kibrisdakik.com\/wp-content\/uploads\/2024\/11\/hemsireler1-740x420.jpeg","datePublished":"2024-11-29T12:30:01+00:00","author":{"@id":"https:\/\/kibrisdakik.com\/#\/schema\/person\/9cd9d437bbb44f72b73ba127e06d8e79"},"breadcrumb":{"@id":"https:\/\/kibrisdakik.com\/?p=70391#breadcrumb"},"inLanguage":"tr","potentialAction":[{"@type":"ReadAction","target":["https:\/\/kibrisdakik.com\/?p=70391"]}]},{"@type":"ImageObject","inLanguage":"tr","@id":"https:\/\/kibrisdakik.com\/?p=70391#primaryimage","url":"https:\/\/kibrisdakik.com\/wp-content\/uploads\/2024\/11\/hemsireler1-740x420.jpeg","contentUrl":"https:\/\/kibrisdakik.com\/wp-content\/uploads\/2024\/11\/hemsireler1-740x420.jpeg","width":1500,"height":2000},{"@type":"BreadcrumbList","@id":"https:\/\/kibrisdakik.com\/?p=70391#breadcrumb","itemListElement":[{"@type":"ListItem","position":1,"name":"Home","item":"https:\/\/kibrisdakik.com\/"},{"@type":"ListItem","position":2,"name":"K\u0131br\u0131s T\u00fcrk Hem\u015fireler ve Ebeler Birli\u011fi Eski\u015fehir\u2019de kongreye kat\u0131ld\u0131"}]},{"@type":"WebSite","@id":"https:\/\/kibrisdakik.com\/#website","url":"https:\/\/kibrisdakik.com\/","name":"","description":"Tam vaktinde haber","potentialAction":[{"@type":"SearchAction","target":{"@type":"EntryPoint","urlTemplate":"https:\/\/kibrisdakik.com\/?s={search_term_string}"},"query-input":{"@type":"PropertyValueSpecification","valueRequired":true,"valueName":"search_term_string"}}],"inLanguage":"tr"},{"@type":"Person","@id":"https:\/\/kibrisdakik.com\/#\/schema\/person\/9cd9d437bbb44f72b73ba127e06d8e79","name":"admin","image":{"@type":"ImageObject","inLanguage":"tr","@id":"https:\/\/secure.gravatar.com\/avatar\/ccc17943b9d660506c869530f897617f7cb1c21a4bf30023f252596d83e1f007?s=96&d=mm&r=g","url":"https:\/\/secure.gravatar.com\/avatar\/ccc17943b9d660506c869530f897617f7cb1c21a4bf30023f252596d83e1f007?s=96&d=mm&r=g","contentUrl":"https:\/\/secure.gravatar.com\/avatar\/ccc17943b9d660506c869530f897617f7cb1c21a4bf30023f252596d83e1f007?s=96&d=mm&r=g","caption":"admin"},"sameAs":["https:\/\/kibrisdakik.com"],"url":"https:\/\/kibrisdakik.com\/?author=1"}]}},"_links":{"self":[{"href":"https:\/\/kibrisdakik.com\/index.php?rest_route=\/wp\/v2\/posts\/70391","targetHints":{"allow":["GET"]}}],"collection":[{"href":"https:\/\/kibrisdakik.com\/index.php?rest_route=\/wp\/v2\/posts"}],"about":[{"href":"https:\/\/kibrisdakik.com\/index.php?rest_route=\/wp\/v2\/types\/post"}],"author":[{"embeddable":true,"href":"https:\/\/kibrisdakik.com\/index.php?rest_route=\/wp\/v2\/users\/1"}],"replies":[{"embeddable":true,"href":"https:\/\/kibrisdakik.com\/index.php?rest_route=%2Fwp%2Fv2%2Fcomments&post=70391"}],"version-history":[{"count":0,"href":"https:\/\/kibrisdakik.com\/index.php?rest_route=\/wp\/v2\/posts\/70391\/revisions"}],"wp:featuredmedia":[{"embeddable":true,"href":"https:\/\/kibrisdakik.com\/index.php?rest_route=\/wp\/v2\/media\/70392"}],"wp:attachment":[{"href":"https:\/\/kibrisdakik.com\/index.php?rest_route=%2Fwp%2Fv2%2Fmedia&parent=70391"}],"wp:term":[{"taxonomy":"category","embeddable":true,"href":"https:\/\/kibrisdakik.com\/index.php?rest_route=%2Fwp%2Fv2%2Fcategories&post=70391"},{"taxonomy":"post_tag","embeddable":true,"href":"https:\/\/kibrisdakik.com\/index.php?rest_route=%2Fwp%2Fv2%2Ftags&post=70391"}],"curies":[{"name":"wp","href":"https:\/\/api.w.org\/{rel}","templated":true}]}}