{"id":70404,"date":"2024-11-29T18:11:02","date_gmt":"2024-11-29T15:11:02","guid":{"rendered":"https:\/\/kibrisdakik.com\/index.php\/2024\/11\/29\/cumhurbaskani-tatar-aksa-fotofest-fotograf-sergisinin-acilisina-katildi\/"},"modified":"2024-11-29T18:11:02","modified_gmt":"2024-11-29T15:11:02","slug":"cumhurbaskani-tatar-aksa-fotofest-fotograf-sergisinin-acilisina-katildi","status":"publish","type":"post","link":"https:\/\/kibrisdakik.com\/?p=70404","title":{"rendered":"Cumhurba\u015fkan\u0131 Tatar, Aksa Fotofest Foto\u011fraf Sergisi\u2019nin a\u00e7\u0131l\u0131\u015f\u0131na kat\u0131ld\u0131"},"content":{"rendered":"<div>\n<div class=\"mariselle-image-container none\">\n                                            <\/div>\n<p style=\"font-weight: 300;\">Cumhurba\u015fkan\u0131 Ersin Tatar, Aksa Fotofest Foto\u011fraf Sergisi\u2019nin a\u00e7\u0131l\u0131\u015f\u0131na kat\u0131ld\u0131.<\/p>\n<p style=\"font-weight: 300;\"><span style=\"font-weight: 300 !important;\">Cumhurba\u015fkanl\u0131\u011f\u0131\u2019ndan verilen bilgiye g\u00f6re, Lefko\u015fa Sa\u00e7akl\u0131 Evde ger\u00e7ekle\u015fen etkinlikte konu\u015fan Cumhurba\u015fkan\u0131 Tatar, teknolojinin ve imkanlar\u0131n geli\u015fmesiyle ge\u00e7mi\u015fe g\u00f6re daha \u00e7ok foto\u011fraf \u00e7ekildi\u011fine i\u015faret etti, buna ba\u011fl\u0131 olarak foto\u011fraf sanat\u00e7\u0131s\u0131 ve foto\u011fraf severlerin de artt\u0131\u011f\u0131n\u0131 kaydetti.<\/span><\/p>\n<p style=\"font-weight: 300;\"><span style=\"font-weight: 300 !important;\">Kuzey K\u0131br\u0131s T\u00fcrk Cumhuriyeti\u2019nin do\u011fal g\u00fczellikleri ve insanlar\u0131 ile \u00e7ok g\u00fczel bir \u00fclke oldu\u011funu anlatan Cumhurba\u015fkan\u0131 Tatar, \u201cBu g\u00fczelliklerin foto\u011fraflanarak\u00a0gelecek nesillere aktar\u0131lmas\u0131 tutkum ve sevgimdir\u201d dedi.<\/span><\/p>\n<p style=\"font-weight: 300;\"><span style=\"font-weight: 300 !important;\">Do\u011fay\u0131, \u00e7evreyi ve insanlar\u0131 foto\u011fraflaman\u0131n, gelecek nesillere aktar\u0131lmas\u0131 i\u00e7in \u00f6nemli bir ar\u015fiv oldu\u011funu dile getiren Cumhurba\u015fkan\u0131 Tatar, \u00e7ekilen foto\u011fraflar sayesinde sosyal medya \u00fczerinden yap\u0131lan payla\u015f\u0131mlarla \u00fclke tan\u0131t\u0131m\u0131na da katk\u0131 yap\u0131ld\u0131\u011f\u0131n\u0131 kaydetti.<\/span><\/p>\n<p style=\"font-weight: 300;\"><span style=\"font-weight: 300 !important;\">Foto\u011fraf sanat\u0131n\u0131n geli\u015fmesi i\u00e7in te\u015fvik ve \u00f6d\u00fcllendirmenin \u00f6nemine i\u015faret eden Cumhurba\u015fkan\u0131 Tatar, yar\u0131\u015fmay\u0131 d\u00fczenleyenleri, yar\u0131\u015fmaya kat\u0131lanlar\u0131 ve \u00f6d\u00fcl alanlar\u0131 tebrik etti.<\/span><\/p>\n<p>TAK\/BRT<\/p>\n<\/p><\/div>\n<p><script async\n                    defer\n                    crossorigin=\"anonymous\"\n                    src=\"https:\/\/connect.facebook.net\/tr_TR\/sdk.js#xfbml=1&#038;version=v3.3\"\n            ><\/script><\/p>\n","protected":false},"excerpt":{"rendered":"<p>Cumhurba\u015fkan\u0131 Ersin Tatar, Aksa Fotofest Foto\u011fraf Sergisi\u2019nin a\u00e7\u0131l\u0131\u015f\u0131na kat\u0131ld\u0131. Cumhurba\u015fkanl\u0131\u011f\u0131\u2019ndan verilen bilgiye g\u00f6re, Lefko\u015fa Sa\u00e7akl\u0131 Evde ger\u00e7ekle\u015fen etkinlikte konu\u015fan Cumhurba\u015fkan\u0131 Tatar, teknolojinin ve imkanlar\u0131n geli\u015fmesiyle ge\u00e7mi\u015fe g\u00f6re daha \u00e7ok foto\u011fraf \u00e7ekildi\u011fine i\u015faret etti, buna ba\u011fl\u0131 olarak foto\u011fraf sanat\u00e7\u0131s\u0131 ve foto\u011fraf severlerin de artt\u0131\u011f\u0131n\u0131 kaydetti. Kuzey K\u0131br\u0131s T\u00fcrk Cumhuriyeti\u2019nin do\u011fal g\u00fczellikleri ve insanlar\u0131 ile \u00e7ok g\u00fczel<\/p>\n","protected":false},"author":1,"featured_media":70405,"comment_status":"open","ping_status":"open","sticky":false,"template":"","format":"standard","meta":{"footnotes":""},"categories":[81],"tags":[],"class_list":["post-70404","post","type-post","status-publish","format-standard","has-post-thumbnail","hentry","category-kibris"],"yoast_head":"<!-- This site is optimized with the Yoast SEO plugin v27.5 - https:\/\/yoast.com\/product\/yoast-seo-wordpress\/ -->\n<title>Cumhurba\u015fkan\u0131 Tatar, Aksa Fotofest Foto\u011fraf Sergisi\u2019nin a\u00e7\u0131l\u0131\u015f\u0131na kat\u0131ld\u0131 -<\/title>\n<meta name=\"robots\" content=\"index, follow, max-snippet:-1, max-image-preview:large, max-video-preview:-1\" \/>\n<link rel=\"canonical\" href=\"https:\/\/kibrisdakik.com\/?p=70404\" \/>\n<meta property=\"og:locale\" content=\"tr_TR\" \/>\n<meta property=\"og:type\" content=\"article\" \/>\n<meta property=\"og:title\" content=\"Cumhurba\u015fkan\u0131 Tatar, Aksa Fotofest Foto\u011fraf Sergisi\u2019nin a\u00e7\u0131l\u0131\u015f\u0131na kat\u0131ld\u0131 -\" \/>\n<meta property=\"og:description\" content=\"Cumhurba\u015fkan\u0131 Ersin Tatar, Aksa Fotofest Foto\u011fraf Sergisi\u2019nin a\u00e7\u0131l\u0131\u015f\u0131na kat\u0131ld\u0131. Cumhurba\u015fkanl\u0131\u011f\u0131\u2019ndan verilen bilgiye g\u00f6re, Lefko\u015fa Sa\u00e7akl\u0131 Evde ger\u00e7ekle\u015fen etkinlikte konu\u015fan Cumhurba\u015fkan\u0131 Tatar, teknolojinin ve imkanlar\u0131n geli\u015fmesiyle ge\u00e7mi\u015fe g\u00f6re daha \u00e7ok foto\u011fraf \u00e7ekildi\u011fine i\u015faret etti, buna ba\u011fl\u0131 olarak foto\u011fraf sanat\u00e7\u0131s\u0131 ve foto\u011fraf severlerin de artt\u0131\u011f\u0131n\u0131 kaydetti. Kuzey K\u0131br\u0131s T\u00fcrk Cumhuriyeti\u2019nin do\u011fal g\u00fczellikleri ve insanlar\u0131 ile \u00e7ok g\u00fczel\" \/>\n<meta property=\"og:url\" content=\"https:\/\/kibrisdakik.com\/?p=70404\" \/>\n<meta property=\"article:published_time\" content=\"2024-11-29T15:11:02+00:00\" \/>\n<meta property=\"og:image\" content=\"https:\/\/kibrisdakik.com\/wp-content\/uploads\/2024\/11\/tatar-aksa-foto-fest-3--740x420.jpg\" \/>\n\t<meta property=\"og:image:width\" content=\"1600\" \/>\n\t<meta property=\"og:image:height\" content=\"1066\" \/>\n\t<meta property=\"og:image:type\" content=\"image\/jpeg\" \/>\n<meta name=\"author\" content=\"admin\" \/>\n<meta name=\"twitter:card\" content=\"summary_large_image\" \/>\n<meta name=\"twitter:label1\" content=\"Yazan:\" \/>\n\t<meta name=\"twitter:data1\" content=\"admin\" \/>\n\t<meta name=\"twitter:label2\" content=\"Tahmini okuma s\u00fcresi\" \/>\n\t<meta name=\"twitter:data2\" content=\"1 dakika\" \/>\n<script type=\"application\/ld+json\" class=\"yoast-schema-graph\">{\"@context\":\"https:\\\/\\\/schema.org\",\"@graph\":[{\"@type\":\"Article\",\"@id\":\"https:\\\/\\\/kibrisdakik.com\\\/?p=70404#article\",\"isPartOf\":{\"@id\":\"https:\\\/\\\/kibrisdakik.com\\\/?p=70404\"},\"author\":{\"name\":\"admin\",\"@id\":\"https:\\\/\\\/kibrisdakik.com\\\/#\\\/schema\\\/person\\\/9cd9d437bbb44f72b73ba127e06d8e79\"},\"headline\":\"Cumhurba\u015fkan\u0131 Tatar, Aksa Fotofest Foto\u011fraf Sergisi\u2019nin a\u00e7\u0131l\u0131\u015f\u0131na kat\u0131ld\u0131\",\"datePublished\":\"2024-11-29T15:11:02+00:00\",\"mainEntityOfPage\":{\"@id\":\"https:\\\/\\\/kibrisdakik.com\\\/?p=70404\"},\"wordCount\":209,\"commentCount\":0,\"image\":{\"@id\":\"https:\\\/\\\/kibrisdakik.com\\\/?p=70404#primaryimage\"},\"thumbnailUrl\":\"https:\\\/\\\/kibrisdakik.com\\\/wp-content\\\/uploads\\\/2024\\\/11\\\/tatar-aksa-foto-fest-3--740x420.jpg\",\"articleSection\":[\"K\u0131br\u0131s\"],\"inLanguage\":\"tr\",\"potentialAction\":[{\"@type\":\"CommentAction\",\"name\":\"Comment\",\"target\":[\"https:\\\/\\\/kibrisdakik.com\\\/?p=70404#respond\"]}]},{\"@type\":\"WebPage\",\"@id\":\"https:\\\/\\\/kibrisdakik.com\\\/?p=70404\",\"url\":\"https:\\\/\\\/kibrisdakik.com\\\/?p=70404\",\"name\":\"Cumhurba\u015fkan\u0131 Tatar, Aksa Fotofest Foto\u011fraf Sergisi\u2019nin a\u00e7\u0131l\u0131\u015f\u0131na kat\u0131ld\u0131 -\",\"isPartOf\":{\"@id\":\"https:\\\/\\\/kibrisdakik.com\\\/#website\"},\"primaryImageOfPage\":{\"@id\":\"https:\\\/\\\/kibrisdakik.com\\\/?p=70404#primaryimage\"},\"image\":{\"@id\":\"https:\\\/\\\/kibrisdakik.com\\\/?p=70404#primaryimage\"},\"thumbnailUrl\":\"https:\\\/\\\/kibrisdakik.com\\\/wp-content\\\/uploads\\\/2024\\\/11\\\/tatar-aksa-foto-fest-3--740x420.jpg\",\"datePublished\":\"2024-11-29T15:11:02+00:00\",\"author\":{\"@id\":\"https:\\\/\\\/kibrisdakik.com\\\/#\\\/schema\\\/person\\\/9cd9d437bbb44f72b73ba127e06d8e79\"},\"breadcrumb\":{\"@id\":\"https:\\\/\\\/kibrisdakik.com\\\/?p=70404#breadcrumb\"},\"inLanguage\":\"tr\",\"potentialAction\":[{\"@type\":\"ReadAction\",\"target\":[\"https:\\\/\\\/kibrisdakik.com\\\/?p=70404\"]}]},{\"@type\":\"ImageObject\",\"inLanguage\":\"tr\",\"@id\":\"https:\\\/\\\/kibrisdakik.com\\\/?p=70404#primaryimage\",\"url\":\"https:\\\/\\\/kibrisdakik.com\\\/wp-content\\\/uploads\\\/2024\\\/11\\\/tatar-aksa-foto-fest-3--740x420.jpg\",\"contentUrl\":\"https:\\\/\\\/kibrisdakik.com\\\/wp-content\\\/uploads\\\/2024\\\/11\\\/tatar-aksa-foto-fest-3--740x420.jpg\",\"width\":1600,\"height\":1066},{\"@type\":\"BreadcrumbList\",\"@id\":\"https:\\\/\\\/kibrisdakik.com\\\/?p=70404#breadcrumb\",\"itemListElement\":[{\"@type\":\"ListItem\",\"position\":1,\"name\":\"Home\",\"item\":\"https:\\\/\\\/kibrisdakik.com\\\/\"},{\"@type\":\"ListItem\",\"position\":2,\"name\":\"Cumhurba\u015fkan\u0131 Tatar, Aksa Fotofest Foto\u011fraf Sergisi\u2019nin a\u00e7\u0131l\u0131\u015f\u0131na kat\u0131ld\u0131\"}]},{\"@type\":\"WebSite\",\"@id\":\"https:\\\/\\\/kibrisdakik.com\\\/#website\",\"url\":\"https:\\\/\\\/kibrisdakik.com\\\/\",\"name\":\"\",\"description\":\"Tam vaktinde haber\",\"potentialAction\":[{\"@type\":\"SearchAction\",\"target\":{\"@type\":\"EntryPoint\",\"urlTemplate\":\"https:\\\/\\\/kibrisdakik.com\\\/?s={search_term_string}\"},\"query-input\":{\"@type\":\"PropertyValueSpecification\",\"valueRequired\":true,\"valueName\":\"search_term_string\"}}],\"inLanguage\":\"tr\"},{\"@type\":\"Person\",\"@id\":\"https:\\\/\\\/kibrisdakik.com\\\/#\\\/schema\\\/person\\\/9cd9d437bbb44f72b73ba127e06d8e79\",\"name\":\"admin\",\"image\":{\"@type\":\"ImageObject\",\"inLanguage\":\"tr\",\"@id\":\"https:\\\/\\\/secure.gravatar.com\\\/avatar\\\/ccc17943b9d660506c869530f897617f7cb1c21a4bf30023f252596d83e1f007?s=96&d=mm&r=g\",\"url\":\"https:\\\/\\\/secure.gravatar.com\\\/avatar\\\/ccc17943b9d660506c869530f897617f7cb1c21a4bf30023f252596d83e1f007?s=96&d=mm&r=g\",\"contentUrl\":\"https:\\\/\\\/secure.gravatar.com\\\/avatar\\\/ccc17943b9d660506c869530f897617f7cb1c21a4bf30023f252596d83e1f007?s=96&d=mm&r=g\",\"caption\":\"admin\"},\"sameAs\":[\"https:\\\/\\\/kibrisdakik.com\"],\"url\":\"https:\\\/\\\/kibrisdakik.com\\\/?author=1\"}]}<\/script>\n<!-- \/ Yoast SEO plugin. -->","yoast_head_json":{"title":"Cumhurba\u015fkan\u0131 Tatar, Aksa Fotofest Foto\u011fraf Sergisi\u2019nin a\u00e7\u0131l\u0131\u015f\u0131na kat\u0131ld\u0131 -","robots":{"index":"index","follow":"follow","max-snippet":"max-snippet:-1","max-image-preview":"max-image-preview:large","max-video-preview":"max-video-preview:-1"},"canonical":"https:\/\/kibrisdakik.com\/?p=70404","og_locale":"tr_TR","og_type":"article","og_title":"Cumhurba\u015fkan\u0131 Tatar, Aksa Fotofest Foto\u011fraf Sergisi\u2019nin a\u00e7\u0131l\u0131\u015f\u0131na kat\u0131ld\u0131 -","og_description":"Cumhurba\u015fkan\u0131 Ersin Tatar, Aksa Fotofest Foto\u011fraf Sergisi\u2019nin a\u00e7\u0131l\u0131\u015f\u0131na kat\u0131ld\u0131. Cumhurba\u015fkanl\u0131\u011f\u0131\u2019ndan verilen bilgiye g\u00f6re, Lefko\u015fa Sa\u00e7akl\u0131 Evde ger\u00e7ekle\u015fen etkinlikte konu\u015fan Cumhurba\u015fkan\u0131 Tatar, teknolojinin ve imkanlar\u0131n geli\u015fmesiyle ge\u00e7mi\u015fe g\u00f6re daha \u00e7ok foto\u011fraf \u00e7ekildi\u011fine i\u015faret etti, buna ba\u011fl\u0131 olarak foto\u011fraf sanat\u00e7\u0131s\u0131 ve foto\u011fraf severlerin de artt\u0131\u011f\u0131n\u0131 kaydetti. Kuzey K\u0131br\u0131s T\u00fcrk Cumhuriyeti\u2019nin do\u011fal g\u00fczellikleri ve insanlar\u0131 ile \u00e7ok g\u00fczel","og_url":"https:\/\/kibrisdakik.com\/?p=70404","article_published_time":"2024-11-29T15:11:02+00:00","og_image":[{"width":1600,"height":1066,"url":"https:\/\/kibrisdakik.com\/wp-content\/uploads\/2024\/11\/tatar-aksa-foto-fest-3--740x420.jpg","type":"image\/jpeg"}],"author":"admin","twitter_card":"summary_large_image","twitter_misc":{"Yazan:":"admin","Tahmini okuma s\u00fcresi":"1 dakika"},"schema":{"@context":"https:\/\/schema.org","@graph":[{"@type":"Article","@id":"https:\/\/kibrisdakik.com\/?p=70404#article","isPartOf":{"@id":"https:\/\/kibrisdakik.com\/?p=70404"},"author":{"name":"admin","@id":"https:\/\/kibrisdakik.com\/#\/schema\/person\/9cd9d437bbb44f72b73ba127e06d8e79"},"headline":"Cumhurba\u015fkan\u0131 Tatar, Aksa Fotofest Foto\u011fraf Sergisi\u2019nin a\u00e7\u0131l\u0131\u015f\u0131na kat\u0131ld\u0131","datePublished":"2024-11-29T15:11:02+00:00","mainEntityOfPage":{"@id":"https:\/\/kibrisdakik.com\/?p=70404"},"wordCount":209,"commentCount":0,"image":{"@id":"https:\/\/kibrisdakik.com\/?p=70404#primaryimage"},"thumbnailUrl":"https:\/\/kibrisdakik.com\/wp-content\/uploads\/2024\/11\/tatar-aksa-foto-fest-3--740x420.jpg","articleSection":["K\u0131br\u0131s"],"inLanguage":"tr","potentialAction":[{"@type":"CommentAction","name":"Comment","target":["https:\/\/kibrisdakik.com\/?p=70404#respond"]}]},{"@type":"WebPage","@id":"https:\/\/kibrisdakik.com\/?p=70404","url":"https:\/\/kibrisdakik.com\/?p=70404","name":"Cumhurba\u015fkan\u0131 Tatar, Aksa Fotofest Foto\u011fraf Sergisi\u2019nin a\u00e7\u0131l\u0131\u015f\u0131na kat\u0131ld\u0131 -","isPartOf":{"@id":"https:\/\/kibrisdakik.com\/#website"},"primaryImageOfPage":{"@id":"https:\/\/kibrisdakik.com\/?p=70404#primaryimage"},"image":{"@id":"https:\/\/kibrisdakik.com\/?p=70404#primaryimage"},"thumbnailUrl":"https:\/\/kibrisdakik.com\/wp-content\/uploads\/2024\/11\/tatar-aksa-foto-fest-3--740x420.jpg","datePublished":"2024-11-29T15:11:02+00:00","author":{"@id":"https:\/\/kibrisdakik.com\/#\/schema\/person\/9cd9d437bbb44f72b73ba127e06d8e79"},"breadcrumb":{"@id":"https:\/\/kibrisdakik.com\/?p=70404#breadcrumb"},"inLanguage":"tr","potentialAction":[{"@type":"ReadAction","target":["https:\/\/kibrisdakik.com\/?p=70404"]}]},{"@type":"ImageObject","inLanguage":"tr","@id":"https:\/\/kibrisdakik.com\/?p=70404#primaryimage","url":"https:\/\/kibrisdakik.com\/wp-content\/uploads\/2024\/11\/tatar-aksa-foto-fest-3--740x420.jpg","contentUrl":"https:\/\/kibrisdakik.com\/wp-content\/uploads\/2024\/11\/tatar-aksa-foto-fest-3--740x420.jpg","width":1600,"height":1066},{"@type":"BreadcrumbList","@id":"https:\/\/kibrisdakik.com\/?p=70404#breadcrumb","itemListElement":[{"@type":"ListItem","position":1,"name":"Home","item":"https:\/\/kibrisdakik.com\/"},{"@type":"ListItem","position":2,"name":"Cumhurba\u015fkan\u0131 Tatar, Aksa Fotofest Foto\u011fraf Sergisi\u2019nin a\u00e7\u0131l\u0131\u015f\u0131na kat\u0131ld\u0131"}]},{"@type":"WebSite","@id":"https:\/\/kibrisdakik.com\/#website","url":"https:\/\/kibrisdakik.com\/","name":"","description":"Tam vaktinde haber","potentialAction":[{"@type":"SearchAction","target":{"@type":"EntryPoint","urlTemplate":"https:\/\/kibrisdakik.com\/?s={search_term_string}"},"query-input":{"@type":"PropertyValueSpecification","valueRequired":true,"valueName":"search_term_string"}}],"inLanguage":"tr"},{"@type":"Person","@id":"https:\/\/kibrisdakik.com\/#\/schema\/person\/9cd9d437bbb44f72b73ba127e06d8e79","name":"admin","image":{"@type":"ImageObject","inLanguage":"tr","@id":"https:\/\/secure.gravatar.com\/avatar\/ccc17943b9d660506c869530f897617f7cb1c21a4bf30023f252596d83e1f007?s=96&d=mm&r=g","url":"https:\/\/secure.gravatar.com\/avatar\/ccc17943b9d660506c869530f897617f7cb1c21a4bf30023f252596d83e1f007?s=96&d=mm&r=g","contentUrl":"https:\/\/secure.gravatar.com\/avatar\/ccc17943b9d660506c869530f897617f7cb1c21a4bf30023f252596d83e1f007?s=96&d=mm&r=g","caption":"admin"},"sameAs":["https:\/\/kibrisdakik.com"],"url":"https:\/\/kibrisdakik.com\/?author=1"}]}},"_links":{"self":[{"href":"https:\/\/kibrisdakik.com\/index.php?rest_route=\/wp\/v2\/posts\/70404","targetHints":{"allow":["GET"]}}],"collection":[{"href":"https:\/\/kibrisdakik.com\/index.php?rest_route=\/wp\/v2\/posts"}],"about":[{"href":"https:\/\/kibrisdakik.com\/index.php?rest_route=\/wp\/v2\/types\/post"}],"author":[{"embeddable":true,"href":"https:\/\/kibrisdakik.com\/index.php?rest_route=\/wp\/v2\/users\/1"}],"replies":[{"embeddable":true,"href":"https:\/\/kibrisdakik.com\/index.php?rest_route=%2Fwp%2Fv2%2Fcomments&post=70404"}],"version-history":[{"count":0,"href":"https:\/\/kibrisdakik.com\/index.php?rest_route=\/wp\/v2\/posts\/70404\/revisions"}],"wp:featuredmedia":[{"embeddable":true,"href":"https:\/\/kibrisdakik.com\/index.php?rest_route=\/wp\/v2\/media\/70405"}],"wp:attachment":[{"href":"https:\/\/kibrisdakik.com\/index.php?rest_route=%2Fwp%2Fv2%2Fmedia&parent=70404"}],"wp:term":[{"taxonomy":"category","embeddable":true,"href":"https:\/\/kibrisdakik.com\/index.php?rest_route=%2Fwp%2Fv2%2Fcategories&post=70404"},{"taxonomy":"post_tag","embeddable":true,"href":"https:\/\/kibrisdakik.com\/index.php?rest_route=%2Fwp%2Fv2%2Ftags&post=70404"}],"curies":[{"name":"wp","href":"https:\/\/api.w.org\/{rel}","templated":true}]}}