{"id":70414,"date":"2024-11-29T19:27:11","date_gmt":"2024-11-29T16:27:11","guid":{"rendered":"https:\/\/kibrisdakik.com\/index.php\/2024\/11\/29\/cumhurbaskani-tatar-gazimagusada-tarihi-eser-ve-sehitlikleri-ziyaret-etti\/"},"modified":"2024-11-29T19:27:11","modified_gmt":"2024-11-29T16:27:11","slug":"cumhurbaskani-tatar-gazimagusada-tarihi-eser-ve-sehitlikleri-ziyaret-etti","status":"publish","type":"post","link":"https:\/\/kibrisdakik.com\/?p=70414","title":{"rendered":"Cumhurba\u015fkan\u0131 Tatar, Gazima\u011fusa\u2019da tarihi eser ve \u015fehitlikleri ziyaret etti"},"content":{"rendered":"<div>\n<div class=\"mariselle-image-container none\">\n                                            <\/div>\n<p style=\"font-weight: 300;\">Cumhurba\u015fkan\u0131 Ersin Tatar, Gazima\u011fusa\u2019da iki tarafl\u0131 K\u00fclt\u00fcrel Miras Teknik Komitesi taraf\u0131ndan koruma \u00e7al\u0131\u015fmas\u0131 tamamlanan ve \u00e7al\u0131\u015fma yap\u0131lmas\u0131 planan eserler ile \u015fehitlikleri ziyaret etti.<\/p>\n<p style=\"font-weight: 300;\">Cumhurba\u015fkanl\u0131\u011f\u0131\u2019ndan verilen bilgiye g\u00f6re, ziyaretler s\u0131ras\u0131yla Canbulat Burcu, Akkule ve \u00c7ifte Mazgal\u2019a\u00a0 yap\u0131ld\u0131.<\/p>\n<p style=\"font-weight: 300;\">Cumhurba\u015fkan\u0131 Tatar, 2025 y\u0131l\u0131 i\u00e7erisinde Osmanl\u0131 \u0130mparatorlu\u011fu d\u00f6neminden kalma tarihi Kertikli Hamam\u0131 ve Karpaz (Diamante) Burcu\u2019nda da Komite taraf\u0131ndan koruma \u00e7al\u0131\u015fmas\u0131 yap\u0131laca\u011f\u0131n\u0131 duyurdu.<\/p>\n<p style=\"font-weight: 300;\">Cumhurba\u015fkan\u0131 Tatar, k\u00fclt\u00fcrel miras alan\u0131nda yap\u0131lan t\u00fcm \u00e7al\u0131\u015fmalar\u0131n Kuzey K\u0131br\u0131s T\u00fcrk Cumhuriyeti\u2019nin \u00e7a\u011fda\u015f bir devlet olarak adan\u0131n k\u00fclt\u00fcr miras\u0131na atfetti\u011fi \u00f6nemin en somut g\u00f6stergelerinden birini olu\u015fturdu\u011funu vurgulayarak, Komitenin, iki taraf aras\u0131nda i\u015f birli\u011fi k\u00fclt\u00fcr\u00fcn\u00fcn geli\u015fmesine katk\u0131lar\u0131ndan memnuniyetini dile getirdi.<\/p>\n<p style=\"font-weight: 300;\">Cumhurba\u015fkan\u0131 Tatar,\u00a0 i\u015f birli\u011finin ortak fayda olan di\u011fer alanlara da yans\u0131mas\u0131n\u0131 bekledi\u011fini,\u00a0 adada olumlu bir havan\u0131n olu\u015fabilmesi i\u00e7in de bu t\u00fcr ortak \u00e7al\u0131\u015fmalar\u0131n \u00f6nem ta\u015f\u0131d\u0131\u011f\u0131n\u0131 belirtti ve Komiteye te\u015fekk\u00fcrlerini iletti.<\/p>\n<p style=\"font-weight: 300;\">Ziyarette, Tatar\u2019a, G\u00fcven Yarat\u0131c\u0131 \u00d6nlemler ve Teknik Komiteler Koordinat\u00f6r\u00fc M\u00fcd\u00fcr\/Temsilci Seniha Birand \u00c7\u0131nar ile \u0130ki Tarafl\u0131 K\u00fclt\u00fcrel Miras Teknik Komitesi E\u015f Ba\u015fkan\u0131 Ali Tuncay ve Gazima\u011fusa Belediyesi\u2019nden temsilciler e\u015flik etti.<\/p>\n<p style=\"font-weight: 300;\">\u0130ki Tarafl\u0131 K\u00fclt\u00fcrel Miras Teknik Komitesi, \u00fclkedeki tarihi eserlerin yan\u0131 s\u0131ra G\u00fcney K\u0131br\u0131s Rum Y\u00f6netimi\u2019nde bulunan Osmanl\u0131\/T\u00fcrk eserlerinde de \u00e7al\u0131\u015fmalar y\u00fcr\u00fct\u00fcyor.<\/p>\n<p>\u00a0<\/p>\n<p>\u00a0<\/p>\n<\/p><\/div>\n<p><script async\n                    defer\n                    crossorigin=\"anonymous\"\n                    src=\"https:\/\/connect.facebook.net\/tr_TR\/sdk.js#xfbml=1&#038;version=v3.3\"\n            ><\/script><\/p>\n","protected":false},"excerpt":{"rendered":"<p>Cumhurba\u015fkan\u0131 Ersin Tatar, Gazima\u011fusa\u2019da iki tarafl\u0131 K\u00fclt\u00fcrel Miras Teknik Komitesi taraf\u0131ndan koruma \u00e7al\u0131\u015fmas\u0131 tamamlanan ve \u00e7al\u0131\u015fma yap\u0131lmas\u0131 planan eserler ile \u015fehitlikleri ziyaret etti. Cumhurba\u015fkanl\u0131\u011f\u0131\u2019ndan verilen bilgiye g\u00f6re, ziyaretler s\u0131ras\u0131yla Canbulat Burcu, Akkule ve \u00c7ifte Mazgal\u2019a\u00a0 yap\u0131ld\u0131. Cumhurba\u015fkan\u0131 Tatar, 2025 y\u0131l\u0131 i\u00e7erisinde Osmanl\u0131 \u0130mparatorlu\u011fu d\u00f6neminden kalma tarihi Kertikli Hamam\u0131 ve Karpaz (Diamante) Burcu\u2019nda da Komite taraf\u0131ndan<\/p>\n","protected":false},"author":1,"featured_media":70415,"comment_status":"open","ping_status":"open","sticky":false,"template":"","format":"standard","meta":{"footnotes":""},"categories":[81],"tags":[],"class_list":["post-70414","post","type-post","status-publish","format-standard","has-post-thumbnail","hentry","category-kibris"],"yoast_head":"<!-- This site is optimized with the Yoast SEO plugin v27.5 - https:\/\/yoast.com\/product\/yoast-seo-wordpress\/ -->\n<title>Cumhurba\u015fkan\u0131 Tatar, Gazima\u011fusa\u2019da tarihi eser ve \u015fehitlikleri ziyaret etti -<\/title>\n<meta name=\"robots\" content=\"index, follow, max-snippet:-1, max-image-preview:large, max-video-preview:-1\" \/>\n<link rel=\"canonical\" href=\"https:\/\/kibrisdakik.com\/?p=70414\" \/>\n<meta property=\"og:locale\" content=\"tr_TR\" \/>\n<meta property=\"og:type\" content=\"article\" \/>\n<meta property=\"og:title\" content=\"Cumhurba\u015fkan\u0131 Tatar, Gazima\u011fusa\u2019da tarihi eser ve \u015fehitlikleri ziyaret etti -\" \/>\n<meta property=\"og:description\" content=\"Cumhurba\u015fkan\u0131 Ersin Tatar, Gazima\u011fusa\u2019da iki tarafl\u0131 K\u00fclt\u00fcrel Miras Teknik Komitesi taraf\u0131ndan koruma \u00e7al\u0131\u015fmas\u0131 tamamlanan ve \u00e7al\u0131\u015fma yap\u0131lmas\u0131 planan eserler ile \u015fehitlikleri ziyaret etti. Cumhurba\u015fkanl\u0131\u011f\u0131\u2019ndan verilen bilgiye g\u00f6re, ziyaretler s\u0131ras\u0131yla Canbulat Burcu, Akkule ve \u00c7ifte Mazgal\u2019a\u00a0 yap\u0131ld\u0131. Cumhurba\u015fkan\u0131 Tatar, 2025 y\u0131l\u0131 i\u00e7erisinde Osmanl\u0131 \u0130mparatorlu\u011fu d\u00f6neminden kalma tarihi Kertikli Hamam\u0131 ve Karpaz (Diamante) Burcu\u2019nda da Komite taraf\u0131ndan\" \/>\n<meta property=\"og:url\" content=\"https:\/\/kibrisdakik.com\/?p=70414\" \/>\n<meta property=\"article:published_time\" content=\"2024-11-29T16:27:11+00:00\" \/>\n<meta property=\"og:image\" content=\"https:\/\/kibrisdakik.com\/wp-content\/uploads\/2024\/11\/tatar-kulturel-miras-ziyaretler-4--740x420.jpg\" \/>\n\t<meta property=\"og:image:width\" content=\"928\" \/>\n\t<meta property=\"og:image:height\" content=\"509\" \/>\n\t<meta property=\"og:image:type\" content=\"image\/jpeg\" \/>\n<meta name=\"author\" content=\"admin\" \/>\n<meta name=\"twitter:card\" content=\"summary_large_image\" \/>\n<meta name=\"twitter:label1\" content=\"Yazan:\" \/>\n\t<meta name=\"twitter:data1\" content=\"admin\" \/>\n\t<meta name=\"twitter:label2\" content=\"Tahmini okuma s\u00fcresi\" \/>\n\t<meta name=\"twitter:data2\" content=\"1 dakika\" \/>\n<script type=\"application\/ld+json\" class=\"yoast-schema-graph\">{\"@context\":\"https:\\\/\\\/schema.org\",\"@graph\":[{\"@type\":\"Article\",\"@id\":\"https:\\\/\\\/kibrisdakik.com\\\/?p=70414#article\",\"isPartOf\":{\"@id\":\"https:\\\/\\\/kibrisdakik.com\\\/?p=70414\"},\"author\":{\"name\":\"admin\",\"@id\":\"https:\\\/\\\/kibrisdakik.com\\\/#\\\/schema\\\/person\\\/9cd9d437bbb44f72b73ba127e06d8e79\"},\"headline\":\"Cumhurba\u015fkan\u0131 Tatar, Gazima\u011fusa\u2019da tarihi eser ve \u015fehitlikleri ziyaret etti\",\"datePublished\":\"2024-11-29T16:27:11+00:00\",\"mainEntityOfPage\":{\"@id\":\"https:\\\/\\\/kibrisdakik.com\\\/?p=70414\"},\"wordCount\":289,\"commentCount\":0,\"image\":{\"@id\":\"https:\\\/\\\/kibrisdakik.com\\\/?p=70414#primaryimage\"},\"thumbnailUrl\":\"https:\\\/\\\/kibrisdakik.com\\\/wp-content\\\/uploads\\\/2024\\\/11\\\/tatar-kulturel-miras-ziyaretler-4--740x420.jpg\",\"articleSection\":[\"K\u0131br\u0131s\"],\"inLanguage\":\"tr\",\"potentialAction\":[{\"@type\":\"CommentAction\",\"name\":\"Comment\",\"target\":[\"https:\\\/\\\/kibrisdakik.com\\\/?p=70414#respond\"]}]},{\"@type\":\"WebPage\",\"@id\":\"https:\\\/\\\/kibrisdakik.com\\\/?p=70414\",\"url\":\"https:\\\/\\\/kibrisdakik.com\\\/?p=70414\",\"name\":\"Cumhurba\u015fkan\u0131 Tatar, Gazima\u011fusa\u2019da tarihi eser ve \u015fehitlikleri ziyaret etti -\",\"isPartOf\":{\"@id\":\"https:\\\/\\\/kibrisdakik.com\\\/#website\"},\"primaryImageOfPage\":{\"@id\":\"https:\\\/\\\/kibrisdakik.com\\\/?p=70414#primaryimage\"},\"image\":{\"@id\":\"https:\\\/\\\/kibrisdakik.com\\\/?p=70414#primaryimage\"},\"thumbnailUrl\":\"https:\\\/\\\/kibrisdakik.com\\\/wp-content\\\/uploads\\\/2024\\\/11\\\/tatar-kulturel-miras-ziyaretler-4--740x420.jpg\",\"datePublished\":\"2024-11-29T16:27:11+00:00\",\"author\":{\"@id\":\"https:\\\/\\\/kibrisdakik.com\\\/#\\\/schema\\\/person\\\/9cd9d437bbb44f72b73ba127e06d8e79\"},\"breadcrumb\":{\"@id\":\"https:\\\/\\\/kibrisdakik.com\\\/?p=70414#breadcrumb\"},\"inLanguage\":\"tr\",\"potentialAction\":[{\"@type\":\"ReadAction\",\"target\":[\"https:\\\/\\\/kibrisdakik.com\\\/?p=70414\"]}]},{\"@type\":\"ImageObject\",\"inLanguage\":\"tr\",\"@id\":\"https:\\\/\\\/kibrisdakik.com\\\/?p=70414#primaryimage\",\"url\":\"https:\\\/\\\/kibrisdakik.com\\\/wp-content\\\/uploads\\\/2024\\\/11\\\/tatar-kulturel-miras-ziyaretler-4--740x420.jpg\",\"contentUrl\":\"https:\\\/\\\/kibrisdakik.com\\\/wp-content\\\/uploads\\\/2024\\\/11\\\/tatar-kulturel-miras-ziyaretler-4--740x420.jpg\",\"width\":928,\"height\":509},{\"@type\":\"BreadcrumbList\",\"@id\":\"https:\\\/\\\/kibrisdakik.com\\\/?p=70414#breadcrumb\",\"itemListElement\":[{\"@type\":\"ListItem\",\"position\":1,\"name\":\"Home\",\"item\":\"https:\\\/\\\/kibrisdakik.com\\\/\"},{\"@type\":\"ListItem\",\"position\":2,\"name\":\"Cumhurba\u015fkan\u0131 Tatar, Gazima\u011fusa\u2019da tarihi eser ve \u015fehitlikleri ziyaret etti\"}]},{\"@type\":\"WebSite\",\"@id\":\"https:\\\/\\\/kibrisdakik.com\\\/#website\",\"url\":\"https:\\\/\\\/kibrisdakik.com\\\/\",\"name\":\"\",\"description\":\"Tam vaktinde haber\",\"potentialAction\":[{\"@type\":\"SearchAction\",\"target\":{\"@type\":\"EntryPoint\",\"urlTemplate\":\"https:\\\/\\\/kibrisdakik.com\\\/?s={search_term_string}\"},\"query-input\":{\"@type\":\"PropertyValueSpecification\",\"valueRequired\":true,\"valueName\":\"search_term_string\"}}],\"inLanguage\":\"tr\"},{\"@type\":\"Person\",\"@id\":\"https:\\\/\\\/kibrisdakik.com\\\/#\\\/schema\\\/person\\\/9cd9d437bbb44f72b73ba127e06d8e79\",\"name\":\"admin\",\"image\":{\"@type\":\"ImageObject\",\"inLanguage\":\"tr\",\"@id\":\"https:\\\/\\\/secure.gravatar.com\\\/avatar\\\/ccc17943b9d660506c869530f897617f7cb1c21a4bf30023f252596d83e1f007?s=96&d=mm&r=g\",\"url\":\"https:\\\/\\\/secure.gravatar.com\\\/avatar\\\/ccc17943b9d660506c869530f897617f7cb1c21a4bf30023f252596d83e1f007?s=96&d=mm&r=g\",\"contentUrl\":\"https:\\\/\\\/secure.gravatar.com\\\/avatar\\\/ccc17943b9d660506c869530f897617f7cb1c21a4bf30023f252596d83e1f007?s=96&d=mm&r=g\",\"caption\":\"admin\"},\"sameAs\":[\"https:\\\/\\\/kibrisdakik.com\"],\"url\":\"https:\\\/\\\/kibrisdakik.com\\\/?author=1\"}]}<\/script>\n<!-- \/ Yoast SEO plugin. -->","yoast_head_json":{"title":"Cumhurba\u015fkan\u0131 Tatar, Gazima\u011fusa\u2019da tarihi eser ve \u015fehitlikleri ziyaret etti -","robots":{"index":"index","follow":"follow","max-snippet":"max-snippet:-1","max-image-preview":"max-image-preview:large","max-video-preview":"max-video-preview:-1"},"canonical":"https:\/\/kibrisdakik.com\/?p=70414","og_locale":"tr_TR","og_type":"article","og_title":"Cumhurba\u015fkan\u0131 Tatar, Gazima\u011fusa\u2019da tarihi eser ve \u015fehitlikleri ziyaret etti -","og_description":"Cumhurba\u015fkan\u0131 Ersin Tatar, Gazima\u011fusa\u2019da iki tarafl\u0131 K\u00fclt\u00fcrel Miras Teknik Komitesi taraf\u0131ndan koruma \u00e7al\u0131\u015fmas\u0131 tamamlanan ve \u00e7al\u0131\u015fma yap\u0131lmas\u0131 planan eserler ile \u015fehitlikleri ziyaret etti. Cumhurba\u015fkanl\u0131\u011f\u0131\u2019ndan verilen bilgiye g\u00f6re, ziyaretler s\u0131ras\u0131yla Canbulat Burcu, Akkule ve \u00c7ifte Mazgal\u2019a\u00a0 yap\u0131ld\u0131. Cumhurba\u015fkan\u0131 Tatar, 2025 y\u0131l\u0131 i\u00e7erisinde Osmanl\u0131 \u0130mparatorlu\u011fu d\u00f6neminden kalma tarihi Kertikli Hamam\u0131 ve Karpaz (Diamante) Burcu\u2019nda da Komite taraf\u0131ndan","og_url":"https:\/\/kibrisdakik.com\/?p=70414","article_published_time":"2024-11-29T16:27:11+00:00","og_image":[{"width":928,"height":509,"url":"https:\/\/kibrisdakik.com\/wp-content\/uploads\/2024\/11\/tatar-kulturel-miras-ziyaretler-4--740x420.jpg","type":"image\/jpeg"}],"author":"admin","twitter_card":"summary_large_image","twitter_misc":{"Yazan:":"admin","Tahmini okuma s\u00fcresi":"1 dakika"},"schema":{"@context":"https:\/\/schema.org","@graph":[{"@type":"Article","@id":"https:\/\/kibrisdakik.com\/?p=70414#article","isPartOf":{"@id":"https:\/\/kibrisdakik.com\/?p=70414"},"author":{"name":"admin","@id":"https:\/\/kibrisdakik.com\/#\/schema\/person\/9cd9d437bbb44f72b73ba127e06d8e79"},"headline":"Cumhurba\u015fkan\u0131 Tatar, Gazima\u011fusa\u2019da tarihi eser ve \u015fehitlikleri ziyaret etti","datePublished":"2024-11-29T16:27:11+00:00","mainEntityOfPage":{"@id":"https:\/\/kibrisdakik.com\/?p=70414"},"wordCount":289,"commentCount":0,"image":{"@id":"https:\/\/kibrisdakik.com\/?p=70414#primaryimage"},"thumbnailUrl":"https:\/\/kibrisdakik.com\/wp-content\/uploads\/2024\/11\/tatar-kulturel-miras-ziyaretler-4--740x420.jpg","articleSection":["K\u0131br\u0131s"],"inLanguage":"tr","potentialAction":[{"@type":"CommentAction","name":"Comment","target":["https:\/\/kibrisdakik.com\/?p=70414#respond"]}]},{"@type":"WebPage","@id":"https:\/\/kibrisdakik.com\/?p=70414","url":"https:\/\/kibrisdakik.com\/?p=70414","name":"Cumhurba\u015fkan\u0131 Tatar, Gazima\u011fusa\u2019da tarihi eser ve \u015fehitlikleri ziyaret etti -","isPartOf":{"@id":"https:\/\/kibrisdakik.com\/#website"},"primaryImageOfPage":{"@id":"https:\/\/kibrisdakik.com\/?p=70414#primaryimage"},"image":{"@id":"https:\/\/kibrisdakik.com\/?p=70414#primaryimage"},"thumbnailUrl":"https:\/\/kibrisdakik.com\/wp-content\/uploads\/2024\/11\/tatar-kulturel-miras-ziyaretler-4--740x420.jpg","datePublished":"2024-11-29T16:27:11+00:00","author":{"@id":"https:\/\/kibrisdakik.com\/#\/schema\/person\/9cd9d437bbb44f72b73ba127e06d8e79"},"breadcrumb":{"@id":"https:\/\/kibrisdakik.com\/?p=70414#breadcrumb"},"inLanguage":"tr","potentialAction":[{"@type":"ReadAction","target":["https:\/\/kibrisdakik.com\/?p=70414"]}]},{"@type":"ImageObject","inLanguage":"tr","@id":"https:\/\/kibrisdakik.com\/?p=70414#primaryimage","url":"https:\/\/kibrisdakik.com\/wp-content\/uploads\/2024\/11\/tatar-kulturel-miras-ziyaretler-4--740x420.jpg","contentUrl":"https:\/\/kibrisdakik.com\/wp-content\/uploads\/2024\/11\/tatar-kulturel-miras-ziyaretler-4--740x420.jpg","width":928,"height":509},{"@type":"BreadcrumbList","@id":"https:\/\/kibrisdakik.com\/?p=70414#breadcrumb","itemListElement":[{"@type":"ListItem","position":1,"name":"Home","item":"https:\/\/kibrisdakik.com\/"},{"@type":"ListItem","position":2,"name":"Cumhurba\u015fkan\u0131 Tatar, Gazima\u011fusa\u2019da tarihi eser ve \u015fehitlikleri ziyaret etti"}]},{"@type":"WebSite","@id":"https:\/\/kibrisdakik.com\/#website","url":"https:\/\/kibrisdakik.com\/","name":"","description":"Tam vaktinde haber","potentialAction":[{"@type":"SearchAction","target":{"@type":"EntryPoint","urlTemplate":"https:\/\/kibrisdakik.com\/?s={search_term_string}"},"query-input":{"@type":"PropertyValueSpecification","valueRequired":true,"valueName":"search_term_string"}}],"inLanguage":"tr"},{"@type":"Person","@id":"https:\/\/kibrisdakik.com\/#\/schema\/person\/9cd9d437bbb44f72b73ba127e06d8e79","name":"admin","image":{"@type":"ImageObject","inLanguage":"tr","@id":"https:\/\/secure.gravatar.com\/avatar\/ccc17943b9d660506c869530f897617f7cb1c21a4bf30023f252596d83e1f007?s=96&d=mm&r=g","url":"https:\/\/secure.gravatar.com\/avatar\/ccc17943b9d660506c869530f897617f7cb1c21a4bf30023f252596d83e1f007?s=96&d=mm&r=g","contentUrl":"https:\/\/secure.gravatar.com\/avatar\/ccc17943b9d660506c869530f897617f7cb1c21a4bf30023f252596d83e1f007?s=96&d=mm&r=g","caption":"admin"},"sameAs":["https:\/\/kibrisdakik.com"],"url":"https:\/\/kibrisdakik.com\/?author=1"}]}},"_links":{"self":[{"href":"https:\/\/kibrisdakik.com\/index.php?rest_route=\/wp\/v2\/posts\/70414","targetHints":{"allow":["GET"]}}],"collection":[{"href":"https:\/\/kibrisdakik.com\/index.php?rest_route=\/wp\/v2\/posts"}],"about":[{"href":"https:\/\/kibrisdakik.com\/index.php?rest_route=\/wp\/v2\/types\/post"}],"author":[{"embeddable":true,"href":"https:\/\/kibrisdakik.com\/index.php?rest_route=\/wp\/v2\/users\/1"}],"replies":[{"embeddable":true,"href":"https:\/\/kibrisdakik.com\/index.php?rest_route=%2Fwp%2Fv2%2Fcomments&post=70414"}],"version-history":[{"count":0,"href":"https:\/\/kibrisdakik.com\/index.php?rest_route=\/wp\/v2\/posts\/70414\/revisions"}],"wp:featuredmedia":[{"embeddable":true,"href":"https:\/\/kibrisdakik.com\/index.php?rest_route=\/wp\/v2\/media\/70415"}],"wp:attachment":[{"href":"https:\/\/kibrisdakik.com\/index.php?rest_route=%2Fwp%2Fv2%2Fmedia&parent=70414"}],"wp:term":[{"taxonomy":"category","embeddable":true,"href":"https:\/\/kibrisdakik.com\/index.php?rest_route=%2Fwp%2Fv2%2Fcategories&post=70414"},{"taxonomy":"post_tag","embeddable":true,"href":"https:\/\/kibrisdakik.com\/index.php?rest_route=%2Fwp%2Fv2%2Ftags&post=70414"}],"curies":[{"name":"wp","href":"https:\/\/api.w.org\/{rel}","templated":true}]}}