{"id":70437,"date":"2024-11-29T11:47:13","date_gmt":"2024-11-29T08:47:13","guid":{"rendered":"https:\/\/kibrisdakik.com\/index.php\/2024\/11\/29\/ab-konseyinin-yeni-baskani-costa-gorevi-devraldi\/"},"modified":"2024-11-29T11:47:13","modified_gmt":"2024-11-29T08:47:13","slug":"ab-konseyinin-yeni-baskani-costa-gorevi-devraldi","status":"publish","type":"post","link":"https:\/\/kibrisdakik.com\/?p=70437","title":{"rendered":"AB Konseyi\u2019nin yeni Ba\u015fkan\u0131 Costa g\u00f6revi devrald\u0131"},"content":{"rendered":"<p><\/p>\n<div>\n<div class=\"mariselle-image-container none\">\n                <img loading=\"lazy\" decoding=\"async\" width=\"850\" height=\"478\" class=\"lazy-image\" alt=\"\" sizes=\"auto, (max-width: 850px) 100vw, 850px\" src=\"https:\/\/brtk.net\/wp-content\/uploads\/2024\/11\/29\/costa-yqf0.jpg?ver=4710bb6e8edfc50368edf55ed270faaf\" srcset=\"https:\/\/brtk.net\/wp-content\/uploads\/2024\/11\/29\/costa-yqf0.jpg?ver=4710bb6e8edfc50368edf55ed270faaf 850w, https:\/\/brtk.net\/wp-content\/uploads\/2024\/11\/29\/costa-yqf0-300x169.jpg?ver=bc267142c82a884e5cf96599552ddd86 300w, https:\/\/brtk.net\/wp-content\/uploads\/2024\/11\/29\/costa-yqf0-768x432.jpg?ver=bc267142c82a884e5cf96599552ddd86 768w\"\/>                            <\/div>\n<p>Avrupa Birli\u011fi (AB) Konseyi Ba\u015fkanl\u0131\u011f\u0131, Charles Michel\u2019den Antonio Costa\u2019ya ge\u00e7ti.<\/p>\n<p>Br\u00fcksel\u2019de AB Konseyi binas\u0131nda yap\u0131lan t\u00f6rende Michel yerini eski Portekiz Ba\u015fbakan\u0131 Costa\u2019ya b\u0131rakt\u0131.<\/p>\n<p>T\u00f6rende AB \u00fclkeleri ve kurumlar\u0131 aras\u0131nda daha fazla uyum ve diyalog mesaj\u0131 veren Costa, \u201cYaln\u0131zca birlikte ortak refah, ekonomik b\u00fcy\u00fcme ve iklim ge\u00e7i\u015fini ba\u015farabiliriz. Yaln\u0131zca birlikte Avrupa\u2019n\u0131n sesini uluslararas\u0131 sahnede duyurabiliriz.\u201d dedi.<\/p>\n<p>Costa, \u201cG\u00fcvenlik ve savunmada daha \u00f6zerk hale gelerek, bir \u2018Bar\u0131\u015f Projesi\u2019 olarak AB\u2019nin yeni bir b\u00f6l\u00fcm\u00fcn\u00fc yazmal\u0131y\u0131z. Her zaman g\u00fc\u00e7l\u00fc bir transatlantik ortakl\u0131k i\u00e7in \u00e7al\u0131\u015fmal\u0131y\u0131z. Bat\u0131 Balkanlar\u2019a ve do\u011fu s\u0131n\u0131r\u0131m\u0131zdaki kom\u015fular\u0131m\u0131za geni\u015flemek, bar\u0131\u015f, g\u00fcvenlik ve refah i\u00e7in g\u00fc\u00e7l\u00fc bir ara\u00e7t\u0131r.\u201d<\/p>\n<p>Michel, zirveleri ba\u015flatmak i\u00e7in kulland\u0131\u011f\u0131 \u00e7an\u0131, Costa\u2019ya takdim etti. T\u00f6rene kat\u0131lan AB \u00e7al\u0131\u015fanlar\u0131 Costa\u2019y\u0131 uzun s\u00fcre alk\u0131\u015flad\u0131.<\/p>\n<p>T\u00f6rene AB Komisyonu Ursula von der Leyen de kat\u0131ld\u0131.<\/p>\n<p>\u2013 Michel\u2019in AB kariyeri<\/p>\n<p>Eski Bel\u00e7ika Ba\u015fbakan\u0131 Michel, ilk olarak 2 Temmuz 2019\u2019da AB liderleri taraf\u0131ndan bu g\u00f6reve lay\u0131k g\u00f6r\u00fclm\u00fc\u015ft\u00fc.<\/p>\n<p>Daha sonra AB liderleri, Michel\u2019i 1 Haziran 2022\u2019de ikinci kez ba\u015fkan se\u00e7mi\u015fti.<\/p>\n<p>B\u00f6ylece Michel, \u00fcst \u00fcste iki kez se\u00e7ilerek, 5 y\u0131l boyunca g\u00f6revde kalm\u0131\u015ft\u0131.<\/p>\n<p>\u2013 Yeni AB Konseyi Ba\u015fkan\u0131 Costa kimdir?<\/p>\n<p>AB Konseyi Ba\u015fkan\u0131 olarak 2,5 y\u0131l g\u00f6rev yapacak 1961 do\u011fumlu Portekizli siyaset\u00e7i Costa, kariyerine avukat olarak ba\u015flad\u0131.<\/p>\n<p>Costa, siyaset sahnesinde 1991\u2019de Sosyalist Parti\u2019den milletvekili olarak se\u00e7ilerek yer edinmesinin ard\u0131ndan 1997\u2019de Parlamento \u0130\u015flerinden Sorumlu Devlet Bakan\u0131 olarak atand\u0131.<\/p>\n<p>\u00dclkesinde 1999\u2019dan 2002\u2019ye kadar Adalet Bakan\u0131 g\u00f6revini \u00fcstlenen Costa, 2002-2004 d\u00f6neminde Sosyalist Parti Meclis Grubu\u2019na ba\u015fkanl\u0131k etti.<\/p>\n<p>Costa AB kariyerine, 2004-2005 d\u00f6neminde Sosyalist Parti\u2019den Avrupa Parlamentosu (AP) milletvekili olarak ba\u015flad\u0131 ve AP Ba\u015fkan Yard\u0131mc\u0131s\u0131 olarak g\u00f6rev yapt\u0131.<\/p>\n<p>Br\u00fcksel\u2019deki k\u0131sa g\u00f6rev s\u00fcresinin ard\u0131ndan 2014\u2019te yolsuzluk \u015f\u00fcphesiyle tutuklanan ve halen yarg\u0131lanan eski Ba\u015fbakan Jose Socrates\u2019in h\u00fck\u00fcmetinde i\u00e7i\u015fleri bakan\u0131 olarak Portekiz\u2019e d\u00f6nen Costa, bu g\u00f6revi 2007\u2019ye kadar s\u00fcrd\u00fcrd\u00fc, daha sonra yerel siyasete ge\u00e7ti.<\/p>\n<p>2007\u2019den 2015\u2019e kadar Lizbon Belediye Ba\u015fkanl\u0131\u011f\u0131 yapan Costa, 2015 se\u00e7imlerinde Sosyalist Parti\u2019nin lideri olarak yar\u0131\u015ft\u0131 ancak se\u00e7imi kaybetti. Buna ra\u011fmen Costa, muhalefetteki sol partilerle ittifak kurdu ve koalisyon h\u00fck\u00fcmetinin ba\u015f\u0131na ge\u00e7erek ilk kez Ba\u015fbakan oldu.<\/p>\n<p>Kas\u0131m 2015\u2019ten istifa etti\u011fi Temmuz 2023\u2019e kadar Portekiz Ba\u015fbakan\u0131 olarak g\u00f6rev yapan Costa, 30 Ocak 2022\u2019de yap\u0131lan son genel se\u00e7imlerde meclis \u00e7o\u011funlu\u011funu elde ederek tek ba\u015f\u0131na iktidara gelerek \u00fcstlendi\u011fi bu g\u00f6revden, lityum ve ye\u015fil hidrojenle ilgili kamu ihalelerinde yolsuzluk yap\u0131ld\u0131\u011f\u0131na ili\u015fkin iddialarla ba\u011flant\u0131l\u0131 hakk\u0131nda a\u00e7\u0131lan soru\u015fturma nedeniyle 7 Temmuz 2023\u2019te istifa etti.<\/p>\n<p>Costa\u2019n\u0131n AB Konseyi Ba\u015fkan\u0131 se\u00e7ilmesi, kendisine y\u00f6nelik soru\u015fturmalar devam etti\u011fi i\u00e7in baz\u0131 kesimlerde \u015fa\u015fk\u0131nl\u0131k uyand\u0131rd\u0131.<\/p>\n<p>AB\u2019ye \u00fcye \u00fclkelerin liderlerinden olu\u015fan karar alma organ\u0131 Konsey\u2019e ba\u015fkanl\u0131k edecek Costa, AB\u2019nin genel siyasi y\u00f6n\u00fcn\u00fcn ve \u00f6nceliklerinin belirlenece\u011fi zirvelere ev sahipli\u011fi yapacak.<\/p>\n<p>Costa, haziran ay\u0131ndaki AP se\u00e7imlerinin ard\u0131ndan ba\u015flayan AB\u2019nin yeni y\u00f6netimini belirleme s\u00fcrecinde, \u00fcye \u00fclkelerin liderleri taraf\u0131ndan yeni AB Konseyi Ba\u015fkan\u0131 se\u00e7ilmi\u015fti.<\/p>\n<p>\u00a0<\/p>\n<\/p><\/div>\n<p><script async\n                    defer\n                    crossorigin=\"anonymous\"\n                    src=\"https:\/\/connect.facebook.net\/tr_TR\/sdk.js#xfbml=1&#038;version=v3.3\"\n            ><\/script><\/p>\n","protected":false},"excerpt":{"rendered":"<p>Avrupa Birli\u011fi (AB) Konseyi Ba\u015fkanl\u0131\u011f\u0131, Charles Michel\u2019den Antonio Costa\u2019ya ge\u00e7ti. Br\u00fcksel\u2019de AB Konseyi binas\u0131nda yap\u0131lan t\u00f6rende Michel yerini eski Portekiz Ba\u015fbakan\u0131 Costa\u2019ya b\u0131rakt\u0131. T\u00f6rende AB \u00fclkeleri ve kurumlar\u0131 aras\u0131nda daha fazla uyum ve diyalog mesaj\u0131 veren Costa, \u201cYaln\u0131zca birlikte ortak refah, ekonomik b\u00fcy\u00fcme ve iklim ge\u00e7i\u015fini ba\u015farabiliriz. Yaln\u0131zca birlikte Avrupa\u2019n\u0131n sesini uluslararas\u0131 sahnede duyurabiliriz.\u201d dedi.<\/p>\n","protected":false},"author":1,"featured_media":70438,"comment_status":"open","ping_status":"open","sticky":false,"template":"","format":"standard","meta":{"footnotes":""},"categories":[1],"tags":[],"class_list":["post-70437","post","type-post","status-publish","format-standard","has-post-thumbnail","hentry","category-gundem"],"yoast_head":"<!-- This site is optimized with the Yoast SEO plugin v27.4 - https:\/\/yoast.com\/product\/yoast-seo-wordpress\/ -->\n<title>AB Konseyi\u2019nin yeni Ba\u015fkan\u0131 Costa g\u00f6revi devrald\u0131 -<\/title>\n<meta name=\"robots\" content=\"index, follow, max-snippet:-1, max-image-preview:large, max-video-preview:-1\" \/>\n<link rel=\"canonical\" href=\"https:\/\/kibrisdakik.com\/?p=70437\" \/>\n<meta property=\"og:locale\" content=\"tr_TR\" \/>\n<meta property=\"og:type\" content=\"article\" \/>\n<meta property=\"og:title\" content=\"AB Konseyi\u2019nin yeni Ba\u015fkan\u0131 Costa g\u00f6revi devrald\u0131 -\" \/>\n<meta property=\"og:description\" content=\"Avrupa Birli\u011fi (AB) Konseyi Ba\u015fkanl\u0131\u011f\u0131, Charles Michel\u2019den Antonio Costa\u2019ya ge\u00e7ti. Br\u00fcksel\u2019de AB Konseyi binas\u0131nda yap\u0131lan t\u00f6rende Michel yerini eski Portekiz Ba\u015fbakan\u0131 Costa\u2019ya b\u0131rakt\u0131. T\u00f6rende AB \u00fclkeleri ve kurumlar\u0131 aras\u0131nda daha fazla uyum ve diyalog mesaj\u0131 veren Costa, \u201cYaln\u0131zca birlikte ortak refah, ekonomik b\u00fcy\u00fcme ve iklim ge\u00e7i\u015fini ba\u015farabiliriz. Yaln\u0131zca birlikte Avrupa\u2019n\u0131n sesini uluslararas\u0131 sahnede duyurabiliriz.\u201d dedi.\" \/>\n<meta property=\"og:url\" content=\"https:\/\/kibrisdakik.com\/?p=70437\" \/>\n<meta property=\"article:published_time\" content=\"2024-11-29T08:47:13+00:00\" \/>\n<meta property=\"og:image\" content=\"https:\/\/kibrisdakik.com\/wp-content\/uploads\/2024\/11\/costa-yqf0-740x420.jpg\" \/>\n\t<meta property=\"og:image:width\" content=\"850\" \/>\n\t<meta property=\"og:image:height\" content=\"478\" \/>\n\t<meta property=\"og:image:type\" content=\"image\/jpeg\" \/>\n<meta name=\"author\" content=\"admin\" \/>\n<meta name=\"twitter:card\" content=\"summary_large_image\" \/>\n<meta name=\"twitter:label1\" content=\"Yazan:\" \/>\n\t<meta name=\"twitter:data1\" content=\"admin\" \/>\n\t<meta name=\"twitter:label2\" content=\"Tahmini okuma s\u00fcresi\" \/>\n\t<meta name=\"twitter:data2\" content=\"3 dakika\" \/>\n<script type=\"application\/ld+json\" class=\"yoast-schema-graph\">{\"@context\":\"https:\\\/\\\/schema.org\",\"@graph\":[{\"@type\":\"Article\",\"@id\":\"https:\\\/\\\/kibrisdakik.com\\\/?p=70437#article\",\"isPartOf\":{\"@id\":\"https:\\\/\\\/kibrisdakik.com\\\/?p=70437\"},\"author\":{\"name\":\"admin\",\"@id\":\"https:\\\/\\\/kibrisdakik.com\\\/#\\\/schema\\\/person\\\/9cd9d437bbb44f72b73ba127e06d8e79\"},\"headline\":\"AB Konseyi\u2019nin yeni Ba\u015fkan\u0131 Costa g\u00f6revi devrald\u0131\",\"datePublished\":\"2024-11-29T08:47:13+00:00\",\"mainEntityOfPage\":{\"@id\":\"https:\\\/\\\/kibrisdakik.com\\\/?p=70437\"},\"wordCount\":612,\"commentCount\":0,\"image\":{\"@id\":\"https:\\\/\\\/kibrisdakik.com\\\/?p=70437#primaryimage\"},\"thumbnailUrl\":\"https:\\\/\\\/kibrisdakik.com\\\/wp-content\\\/uploads\\\/2024\\\/11\\\/costa-yqf0-740x420.jpg\",\"articleSection\":[\"G\u00fcndem\"],\"inLanguage\":\"tr\",\"potentialAction\":[{\"@type\":\"CommentAction\",\"name\":\"Comment\",\"target\":[\"https:\\\/\\\/kibrisdakik.com\\\/?p=70437#respond\"]}]},{\"@type\":\"WebPage\",\"@id\":\"https:\\\/\\\/kibrisdakik.com\\\/?p=70437\",\"url\":\"https:\\\/\\\/kibrisdakik.com\\\/?p=70437\",\"name\":\"AB Konseyi\u2019nin yeni Ba\u015fkan\u0131 Costa g\u00f6revi devrald\u0131 -\",\"isPartOf\":{\"@id\":\"https:\\\/\\\/kibrisdakik.com\\\/#website\"},\"primaryImageOfPage\":{\"@id\":\"https:\\\/\\\/kibrisdakik.com\\\/?p=70437#primaryimage\"},\"image\":{\"@id\":\"https:\\\/\\\/kibrisdakik.com\\\/?p=70437#primaryimage\"},\"thumbnailUrl\":\"https:\\\/\\\/kibrisdakik.com\\\/wp-content\\\/uploads\\\/2024\\\/11\\\/costa-yqf0-740x420.jpg\",\"datePublished\":\"2024-11-29T08:47:13+00:00\",\"author\":{\"@id\":\"https:\\\/\\\/kibrisdakik.com\\\/#\\\/schema\\\/person\\\/9cd9d437bbb44f72b73ba127e06d8e79\"},\"breadcrumb\":{\"@id\":\"https:\\\/\\\/kibrisdakik.com\\\/?p=70437#breadcrumb\"},\"inLanguage\":\"tr\",\"potentialAction\":[{\"@type\":\"ReadAction\",\"target\":[\"https:\\\/\\\/kibrisdakik.com\\\/?p=70437\"]}]},{\"@type\":\"ImageObject\",\"inLanguage\":\"tr\",\"@id\":\"https:\\\/\\\/kibrisdakik.com\\\/?p=70437#primaryimage\",\"url\":\"https:\\\/\\\/kibrisdakik.com\\\/wp-content\\\/uploads\\\/2024\\\/11\\\/costa-yqf0-740x420.jpg\",\"contentUrl\":\"https:\\\/\\\/kibrisdakik.com\\\/wp-content\\\/uploads\\\/2024\\\/11\\\/costa-yqf0-740x420.jpg\",\"width\":850,\"height\":478},{\"@type\":\"BreadcrumbList\",\"@id\":\"https:\\\/\\\/kibrisdakik.com\\\/?p=70437#breadcrumb\",\"itemListElement\":[{\"@type\":\"ListItem\",\"position\":1,\"name\":\"Home\",\"item\":\"https:\\\/\\\/kibrisdakik.com\\\/\"},{\"@type\":\"ListItem\",\"position\":2,\"name\":\"AB Konseyi\u2019nin yeni Ba\u015fkan\u0131 Costa g\u00f6revi devrald\u0131\"}]},{\"@type\":\"WebSite\",\"@id\":\"https:\\\/\\\/kibrisdakik.com\\\/#website\",\"url\":\"https:\\\/\\\/kibrisdakik.com\\\/\",\"name\":\"\",\"description\":\"Tam vaktinde haber\",\"potentialAction\":[{\"@type\":\"SearchAction\",\"target\":{\"@type\":\"EntryPoint\",\"urlTemplate\":\"https:\\\/\\\/kibrisdakik.com\\\/?s={search_term_string}\"},\"query-input\":{\"@type\":\"PropertyValueSpecification\",\"valueRequired\":true,\"valueName\":\"search_term_string\"}}],\"inLanguage\":\"tr\"},{\"@type\":\"Person\",\"@id\":\"https:\\\/\\\/kibrisdakik.com\\\/#\\\/schema\\\/person\\\/9cd9d437bbb44f72b73ba127e06d8e79\",\"name\":\"admin\",\"image\":{\"@type\":\"ImageObject\",\"inLanguage\":\"tr\",\"@id\":\"https:\\\/\\\/secure.gravatar.com\\\/avatar\\\/ccc17943b9d660506c869530f897617f7cb1c21a4bf30023f252596d83e1f007?s=96&d=mm&r=g\",\"url\":\"https:\\\/\\\/secure.gravatar.com\\\/avatar\\\/ccc17943b9d660506c869530f897617f7cb1c21a4bf30023f252596d83e1f007?s=96&d=mm&r=g\",\"contentUrl\":\"https:\\\/\\\/secure.gravatar.com\\\/avatar\\\/ccc17943b9d660506c869530f897617f7cb1c21a4bf30023f252596d83e1f007?s=96&d=mm&r=g\",\"caption\":\"admin\"},\"sameAs\":[\"https:\\\/\\\/kibrisdakik.com\"],\"url\":\"https:\\\/\\\/kibrisdakik.com\\\/?author=1\"}]}<\/script>\n<!-- \/ Yoast SEO plugin. -->","yoast_head_json":{"title":"AB Konseyi\u2019nin yeni Ba\u015fkan\u0131 Costa g\u00f6revi devrald\u0131 -","robots":{"index":"index","follow":"follow","max-snippet":"max-snippet:-1","max-image-preview":"max-image-preview:large","max-video-preview":"max-video-preview:-1"},"canonical":"https:\/\/kibrisdakik.com\/?p=70437","og_locale":"tr_TR","og_type":"article","og_title":"AB Konseyi\u2019nin yeni Ba\u015fkan\u0131 Costa g\u00f6revi devrald\u0131 -","og_description":"Avrupa Birli\u011fi (AB) Konseyi Ba\u015fkanl\u0131\u011f\u0131, Charles Michel\u2019den Antonio Costa\u2019ya ge\u00e7ti. Br\u00fcksel\u2019de AB Konseyi binas\u0131nda yap\u0131lan t\u00f6rende Michel yerini eski Portekiz Ba\u015fbakan\u0131 Costa\u2019ya b\u0131rakt\u0131. T\u00f6rende AB \u00fclkeleri ve kurumlar\u0131 aras\u0131nda daha fazla uyum ve diyalog mesaj\u0131 veren Costa, \u201cYaln\u0131zca birlikte ortak refah, ekonomik b\u00fcy\u00fcme ve iklim ge\u00e7i\u015fini ba\u015farabiliriz. Yaln\u0131zca birlikte Avrupa\u2019n\u0131n sesini uluslararas\u0131 sahnede duyurabiliriz.\u201d dedi.","og_url":"https:\/\/kibrisdakik.com\/?p=70437","article_published_time":"2024-11-29T08:47:13+00:00","og_image":[{"width":850,"height":478,"url":"https:\/\/kibrisdakik.com\/wp-content\/uploads\/2024\/11\/costa-yqf0-740x420.jpg","type":"image\/jpeg"}],"author":"admin","twitter_card":"summary_large_image","twitter_misc":{"Yazan:":"admin","Tahmini okuma s\u00fcresi":"3 dakika"},"schema":{"@context":"https:\/\/schema.org","@graph":[{"@type":"Article","@id":"https:\/\/kibrisdakik.com\/?p=70437#article","isPartOf":{"@id":"https:\/\/kibrisdakik.com\/?p=70437"},"author":{"name":"admin","@id":"https:\/\/kibrisdakik.com\/#\/schema\/person\/9cd9d437bbb44f72b73ba127e06d8e79"},"headline":"AB Konseyi\u2019nin yeni Ba\u015fkan\u0131 Costa g\u00f6revi devrald\u0131","datePublished":"2024-11-29T08:47:13+00:00","mainEntityOfPage":{"@id":"https:\/\/kibrisdakik.com\/?p=70437"},"wordCount":612,"commentCount":0,"image":{"@id":"https:\/\/kibrisdakik.com\/?p=70437#primaryimage"},"thumbnailUrl":"https:\/\/kibrisdakik.com\/wp-content\/uploads\/2024\/11\/costa-yqf0-740x420.jpg","articleSection":["G\u00fcndem"],"inLanguage":"tr","potentialAction":[{"@type":"CommentAction","name":"Comment","target":["https:\/\/kibrisdakik.com\/?p=70437#respond"]}]},{"@type":"WebPage","@id":"https:\/\/kibrisdakik.com\/?p=70437","url":"https:\/\/kibrisdakik.com\/?p=70437","name":"AB Konseyi\u2019nin yeni Ba\u015fkan\u0131 Costa g\u00f6revi devrald\u0131 -","isPartOf":{"@id":"https:\/\/kibrisdakik.com\/#website"},"primaryImageOfPage":{"@id":"https:\/\/kibrisdakik.com\/?p=70437#primaryimage"},"image":{"@id":"https:\/\/kibrisdakik.com\/?p=70437#primaryimage"},"thumbnailUrl":"https:\/\/kibrisdakik.com\/wp-content\/uploads\/2024\/11\/costa-yqf0-740x420.jpg","datePublished":"2024-11-29T08:47:13+00:00","author":{"@id":"https:\/\/kibrisdakik.com\/#\/schema\/person\/9cd9d437bbb44f72b73ba127e06d8e79"},"breadcrumb":{"@id":"https:\/\/kibrisdakik.com\/?p=70437#breadcrumb"},"inLanguage":"tr","potentialAction":[{"@type":"ReadAction","target":["https:\/\/kibrisdakik.com\/?p=70437"]}]},{"@type":"ImageObject","inLanguage":"tr","@id":"https:\/\/kibrisdakik.com\/?p=70437#primaryimage","url":"https:\/\/kibrisdakik.com\/wp-content\/uploads\/2024\/11\/costa-yqf0-740x420.jpg","contentUrl":"https:\/\/kibrisdakik.com\/wp-content\/uploads\/2024\/11\/costa-yqf0-740x420.jpg","width":850,"height":478},{"@type":"BreadcrumbList","@id":"https:\/\/kibrisdakik.com\/?p=70437#breadcrumb","itemListElement":[{"@type":"ListItem","position":1,"name":"Home","item":"https:\/\/kibrisdakik.com\/"},{"@type":"ListItem","position":2,"name":"AB Konseyi\u2019nin yeni Ba\u015fkan\u0131 Costa g\u00f6revi devrald\u0131"}]},{"@type":"WebSite","@id":"https:\/\/kibrisdakik.com\/#website","url":"https:\/\/kibrisdakik.com\/","name":"","description":"Tam vaktinde haber","potentialAction":[{"@type":"SearchAction","target":{"@type":"EntryPoint","urlTemplate":"https:\/\/kibrisdakik.com\/?s={search_term_string}"},"query-input":{"@type":"PropertyValueSpecification","valueRequired":true,"valueName":"search_term_string"}}],"inLanguage":"tr"},{"@type":"Person","@id":"https:\/\/kibrisdakik.com\/#\/schema\/person\/9cd9d437bbb44f72b73ba127e06d8e79","name":"admin","image":{"@type":"ImageObject","inLanguage":"tr","@id":"https:\/\/secure.gravatar.com\/avatar\/ccc17943b9d660506c869530f897617f7cb1c21a4bf30023f252596d83e1f007?s=96&d=mm&r=g","url":"https:\/\/secure.gravatar.com\/avatar\/ccc17943b9d660506c869530f897617f7cb1c21a4bf30023f252596d83e1f007?s=96&d=mm&r=g","contentUrl":"https:\/\/secure.gravatar.com\/avatar\/ccc17943b9d660506c869530f897617f7cb1c21a4bf30023f252596d83e1f007?s=96&d=mm&r=g","caption":"admin"},"sameAs":["https:\/\/kibrisdakik.com"],"url":"https:\/\/kibrisdakik.com\/?author=1"}]}},"_links":{"self":[{"href":"https:\/\/kibrisdakik.com\/index.php?rest_route=\/wp\/v2\/posts\/70437","targetHints":{"allow":["GET"]}}],"collection":[{"href":"https:\/\/kibrisdakik.com\/index.php?rest_route=\/wp\/v2\/posts"}],"about":[{"href":"https:\/\/kibrisdakik.com\/index.php?rest_route=\/wp\/v2\/types\/post"}],"author":[{"embeddable":true,"href":"https:\/\/kibrisdakik.com\/index.php?rest_route=\/wp\/v2\/users\/1"}],"replies":[{"embeddable":true,"href":"https:\/\/kibrisdakik.com\/index.php?rest_route=%2Fwp%2Fv2%2Fcomments&post=70437"}],"version-history":[{"count":0,"href":"https:\/\/kibrisdakik.com\/index.php?rest_route=\/wp\/v2\/posts\/70437\/revisions"}],"wp:featuredmedia":[{"embeddable":true,"href":"https:\/\/kibrisdakik.com\/index.php?rest_route=\/wp\/v2\/media\/70438"}],"wp:attachment":[{"href":"https:\/\/kibrisdakik.com\/index.php?rest_route=%2Fwp%2Fv2%2Fmedia&parent=70437"}],"wp:term":[{"taxonomy":"category","embeddable":true,"href":"https:\/\/kibrisdakik.com\/index.php?rest_route=%2Fwp%2Fv2%2Fcategories&post=70437"},{"taxonomy":"post_tag","embeddable":true,"href":"https:\/\/kibrisdakik.com\/index.php?rest_route=%2Fwp%2Fv2%2Ftags&post=70437"}],"curies":[{"name":"wp","href":"https:\/\/api.w.org\/{rel}","templated":true}]}}