{"id":70475,"date":"2024-11-30T17:49:56","date_gmt":"2024-11-30T14:49:56","guid":{"rendered":"https:\/\/kibrisdakik.com\/index.php\/2024\/11\/30\/cumhurbaskani-tatar-nato-ab-degil-anavatan-turkiye-keyfi-siyasi-kararlara-izin-vermeyecektir\/"},"modified":"2024-11-30T17:49:56","modified_gmt":"2024-11-30T14:49:56","slug":"cumhurbaskani-tatar-nato-ab-degil-anavatan-turkiye-keyfi-siyasi-kararlara-izin-vermeyecektir","status":"publish","type":"post","link":"https:\/\/kibrisdakik.com\/?p=70475","title":{"rendered":"Cumhurba\u015fkan\u0131 Tatar: \u201cNATO AB de\u011fil, Anavatan T\u00fcrkiye keyfi siyasi kararlara izin vermeyecektir\u201d"},"content":{"rendered":"<div>\n<div class=\"mariselle-image-container center\">\n                                            <\/div>\n<p>\nCumhurba\u015fkan\u0131 Ersin Tatar, Rum Y\u00f6netimi Ba\u015fkan\u0131 Nikos Hristodulidis\u2019in NATO\u2019ya kat\u0131lmak istedikleri s\u00f6ylemiyle ilgili \u201cNATO AB de\u011fil, Anavatan T\u00fcrkiye keyfi siyasi kararlara izin vermeyecektir\u201d dedi.<\/p>\n<p>Cumhurba\u015fkan\u0131 Tatar, yaz\u0131l\u0131 a\u00e7\u0131klamas\u0131nda, Rum Y\u00f6netimi Ba\u015fkan\u0131 Nikos Hristodulidis\u2019i ele\u015ftirdi, Hristodulidis\u2019in Rum halk\u0131 nezdinde kaybetti\u011fi deste\u011fi geri kazanma \u00e7abas\u0131yla yeni bir g\u00fcndem yaratmaya \u00e7al\u0131\u015ft\u0131\u011f\u0131n\u0131 kaydetti.<\/p>\n<p>Tatar, \u201cRum lidere tavsiyem; kendi halk\u0131n\u0131 kand\u0131rmaktan vazge\u00e7mesi, sahadaki ger\u00e7ekleri i\u00e7selle\u015ftirmesi ve iki devlet, iki halk ve b\u00f6lgemizin yarar\u0131na olacak i\u015fbirli\u011fi \u00e7a\u011fr\u0131lar\u0131m\u0131za olumlu yakla\u015fmas\u0131d\u0131r\u201d ifadelerini kulland\u0131.<\/p>\n<p>Rum liderin, ABD se\u00e7imleri \u00f6ncesinde, 20 Ocak\u2019ta g\u00f6revi ABD\u2019nin yeni Ba\u015fkan\u0131 Donald Trump\u2019a devredecek Joe Biden\u2019le g\u00f6r\u00fc\u015fmesini suiistimal etmeye devam etti\u011fine i\u015faret eden Tatar, bu g\u00f6r\u00fc\u015fmeden hedefledi\u011fi getiriyi alamayan Hristodulidis\u2019in \u015fimdi de NATO\u2019ya \u00fcye olmaktan bahsetmeye ba\u015flad\u0131\u011f\u0131n\u0131 belirtti.<\/p>\n<p>Cumhurba\u015fkan\u0131 Tatar, \u015f\u00f6yle devam etti:<\/p>\n<p>\u201cGenelde Rum liderin yan\u0131lsamaya dayal\u0131 a\u00e7\u0131klamalar\u0131na yan\u0131t verme de\u011feri g\u00f6rmemekle birlikte, Hristodulidis\u2019in bu \u00e7abalar\u0131n\u0131n kamuoyumuzda yer almaya ba\u015flamas\u0131ndan dolay\u0131 halk\u0131m\u0131z\u0131 do\u011fru bilgilendirmek ad\u0131na bu a\u00e7\u0131klamay\u0131 yapma gere\u011fi duydum.<\/p>\n<p>Kuzey Atlantik Antla\u015fmas\u0131 Te\u015fkilat\u0131 yani NATO, 4 Nisan 1949 tarihinde imzalanan Washington Antla\u015fmas\u0131yla kurulmu\u015ftur. Bu Antla\u015fman\u0131n 10. Maddesinde \u00fcyelik s\u00fcreci a\u00e7\u0131k\u00e7a ortaya konmaktad\u0131r. \u0130lgili maddenin sorgulanmaya a\u00e7\u0131k yan\u0131 da yoktur. \u00dcyelik s\u00fcreci ancak ve ancak t\u00fcm \u00fcyelerin oy birli\u011fiyle ba\u015flayabilir. Yani ne kendiniz bunu yapabilirsiniz ne de tek ba\u015f\u0131na ba\u015fka bir \u00fclke sizin ad\u0131n\u0131za bunu ger\u00e7ekle\u015ftirebilir.<\/p>\n<p>Rum liderli\u011finin b\u00f6ylesine c\u00fcretk\u00e2r a\u00e7\u0131klamalar yapabilmelerinin en b\u00fcy\u00fck sebebinin AB\u2019ye kat\u0131l\u0131m s\u00fcre\u00e7leri oldu\u011fu de\u011ferlendirilebilir. O zaman AB\u2019nin geni\u015fleme s\u00fcrecini baltalayaca\u011f\u0131 tehdidinde bulunan Yunanistan, AB \u00fcyelik kriterlerine, \u00f6zellikle siyasi kriterlerine uymamas\u0131na ra\u011fmen GKRY\u2019nin \u00fcyelik s\u00fcrecinin ba\u015flat\u0131lmas\u0131n\u0131 sa\u011flam\u0131\u015ft\u0131. AB kendi koymu\u015f oldu\u011fu kriterlerin hilaf\u0131na Rum y\u00f6netiminin bu s\u00fcreci tamamlamas\u0131na izin vermi\u015f ve nihayetinde kapsaml\u0131 \u00e7\u00f6z\u00fcm\u00fc reddeden Rum taraf\u0131na tam \u00fcyelik stat\u00fcs\u00fc vermi\u015ftir.<\/p>\n<p>NATO bu \u00f6rnekten farkl\u0131d\u0131r. Keyfi siyasi kararlar\u0131n al\u0131nabilece\u011fi bir te\u015fkilat de\u011fildir. Orada Rum taraf\u0131n\u0131n bu t\u00fcrden giri\u015fimlerinin ba\u015flat\u0131lamayaca\u011f\u0131n\u0131n teminat\u0131, NATO\u2019nun en \u00f6nemli \u00fcye \u00fclkelerinden olan T\u00fcrkiye Cumhuriyeti bulunmaktad\u0131r. Nitekim bu ger\u00e7ekli\u011fi teyit eden g\u00fc\u00e7l\u00fc bir a\u00e7\u0131klama da d\u00fcn T\u00fcrkiye Cumhuriyeti Savunma Bakanl\u0131\u011f\u0131 taraf\u0131ndan yap\u0131lm\u0131\u015ft\u0131r. T\u00fcrkiye Savunma Bakanl\u0131\u011f\u0131 yapt\u0131\u011f\u0131 a\u00e7\u0131klamada, NATO\u2019nun geni\u015fleme kararlar\u0131n\u0131n oybirli\u011fi ile al\u0131nd\u0131\u011f\u0131n\u0131 hat\u0131rlatarak, G\u00fcney K\u0131br\u0131s Rum Y\u00f6netimi\u2019nin s\u00f6yleme dayal\u0131 bu giri\u015fimlerinin dahi T\u00fcrkiye a\u00e7\u0131s\u0131ndan kabul edilemez bir geli\u015fme oldu\u011funu belirtmi\u015f ve bu giri\u015fimlerin K\u0131br\u0131s meselesindeki hassas dengeyi bozaca\u011f\u0131n\u0131 ve Ada\u2019da iki taraf aras\u0131nda ger\u00e7ekle\u015febilecek olas\u0131 s\u00fcre\u00e7leri olumsuz etkileyece\u011fini vurgulam\u0131\u015ft\u0131r.\u201d<\/p>\n<p>Cumhurba\u015fkan\u0131 Tatar, Rum liderin a\u00e7\u0131klamalar\u0131nda yasad\u0131\u015f\u0131 Rum Milli Muhaf\u0131z Ordusu\u2019nun T\u00fcrkiye\u2019ye kar\u015f\u0131 cayd\u0131r\u0131c\u0131 g\u00fc\u00e7 olma hayalini g\u00fc\u00e7lendirmek i\u00e7in bunu yapt\u0131klar\u0131ndan da bahsetti\u011fini ifade ederek, Rum liderin s\u00f6ylemlerinin, asl\u0131nda esas amac\u0131n\u0131n; NATO\u2019nun en kilit ve \u00f6nemli \u00fclkesi olan T\u00fcrkiye\u2019ye kar\u015f\u0131 bir hamle olarak \u00f6zetlenebilece\u011fine dikkat \u00e7ekti.<\/p>\n<p>T\u00fcrk Silahl\u0131 Kuvvetleri\u2019nin 20 Temmuz 1974\u2019te adaya bar\u0131\u015f\u0131 getirdi\u011fini ifade eden Tatar, \u201cO mutlu g\u00fcnden beridir, geleneksel Rum zihniyete ra\u011fmen, kahraman Mehmet\u00e7ik mevcudiyeti ve cayd\u0131r\u0131c\u0131 g\u00fcc\u00fcyle t\u00fcm Adada bar\u0131\u015f ve huzur ortam\u0131n\u0131 s\u00fcrmesini sa\u011flamaktad\u0131r\u201d dedi.<\/p>\n<\/p><\/div>\n<p><script async\n                    defer\n                    crossorigin=\"anonymous\"\n                    src=\"https:\/\/connect.facebook.net\/tr_TR\/sdk.js#xfbml=1&#038;version=v3.3\"\n            ><\/script><\/p>\n","protected":false},"excerpt":{"rendered":"<p>Cumhurba\u015fkan\u0131 Ersin Tatar, Rum Y\u00f6netimi Ba\u015fkan\u0131 Nikos Hristodulidis\u2019in NATO\u2019ya kat\u0131lmak istedikleri s\u00f6ylemiyle ilgili \u201cNATO AB de\u011fil, Anavatan T\u00fcrkiye keyfi siyasi kararlara izin vermeyecektir\u201d dedi. Cumhurba\u015fkan\u0131 Tatar, yaz\u0131l\u0131 a\u00e7\u0131klamas\u0131nda, Rum Y\u00f6netimi Ba\u015fkan\u0131 Nikos Hristodulidis\u2019i ele\u015ftirdi, Hristodulidis\u2019in Rum halk\u0131 nezdinde kaybetti\u011fi deste\u011fi geri kazanma \u00e7abas\u0131yla yeni bir g\u00fcndem yaratmaya \u00e7al\u0131\u015ft\u0131\u011f\u0131n\u0131 kaydetti. Tatar, \u201cRum lidere tavsiyem; kendi halk\u0131n\u0131<\/p>\n","protected":false},"author":1,"featured_media":70476,"comment_status":"open","ping_status":"open","sticky":false,"template":"","format":"standard","meta":{"footnotes":""},"categories":[81],"tags":[],"class_list":["post-70475","post","type-post","status-publish","format-standard","has-post-thumbnail","hentry","category-kibris"],"yoast_head":"<!-- This site is optimized with the Yoast SEO plugin v27.5 - https:\/\/yoast.com\/product\/yoast-seo-wordpress\/ -->\n<title>Cumhurba\u015fkan\u0131 Tatar: \u201cNATO AB de\u011fil, Anavatan T\u00fcrkiye keyfi siyasi kararlara izin vermeyecektir\u201d -<\/title>\n<meta name=\"robots\" content=\"index, follow, max-snippet:-1, max-image-preview:large, max-video-preview:-1\" \/>\n<link rel=\"canonical\" href=\"https:\/\/kibrisdakik.com\/?p=70475\" \/>\n<meta property=\"og:locale\" content=\"tr_TR\" \/>\n<meta property=\"og:type\" content=\"article\" \/>\n<meta property=\"og:title\" content=\"Cumhurba\u015fkan\u0131 Tatar: \u201cNATO AB de\u011fil, Anavatan T\u00fcrkiye keyfi siyasi kararlara izin vermeyecektir\u201d -\" \/>\n<meta property=\"og:description\" content=\"Cumhurba\u015fkan\u0131 Ersin Tatar, Rum Y\u00f6netimi Ba\u015fkan\u0131 Nikos Hristodulidis\u2019in NATO\u2019ya kat\u0131lmak istedikleri s\u00f6ylemiyle ilgili \u201cNATO AB de\u011fil, Anavatan T\u00fcrkiye keyfi siyasi kararlara izin vermeyecektir\u201d dedi. Cumhurba\u015fkan\u0131 Tatar, yaz\u0131l\u0131 a\u00e7\u0131klamas\u0131nda, Rum Y\u00f6netimi Ba\u015fkan\u0131 Nikos Hristodulidis\u2019i ele\u015ftirdi, Hristodulidis\u2019in Rum halk\u0131 nezdinde kaybetti\u011fi deste\u011fi geri kazanma \u00e7abas\u0131yla yeni bir g\u00fcndem yaratmaya \u00e7al\u0131\u015ft\u0131\u011f\u0131n\u0131 kaydetti. Tatar, \u201cRum lidere tavsiyem; kendi halk\u0131n\u0131\" \/>\n<meta property=\"og:url\" content=\"https:\/\/kibrisdakik.com\/?p=70475\" \/>\n<meta property=\"article:published_time\" content=\"2024-11-30T14:49:56+00:00\" \/>\n<meta property=\"og:image\" content=\"https:\/\/kibrisdakik.com\/wp-content\/uploads\/2024\/11\/tatar-1212-740x420.jpg\" \/>\n\t<meta property=\"og:image:width\" content=\"1600\" \/>\n\t<meta property=\"og:image:height\" content=\"1066\" \/>\n\t<meta property=\"og:image:type\" content=\"image\/jpeg\" \/>\n<meta name=\"author\" content=\"admin\" \/>\n<meta name=\"twitter:card\" content=\"summary_large_image\" \/>\n<meta name=\"twitter:label1\" content=\"Yazan:\" \/>\n\t<meta name=\"twitter:data1\" content=\"admin\" \/>\n\t<meta name=\"twitter:label2\" content=\"Tahmini okuma s\u00fcresi\" \/>\n\t<meta name=\"twitter:data2\" content=\"3 dakika\" \/>\n<script type=\"application\/ld+json\" class=\"yoast-schema-graph\">{\"@context\":\"https:\\\/\\\/schema.org\",\"@graph\":[{\"@type\":\"Article\",\"@id\":\"https:\\\/\\\/kibrisdakik.com\\\/?p=70475#article\",\"isPartOf\":{\"@id\":\"https:\\\/\\\/kibrisdakik.com\\\/?p=70475\"},\"author\":{\"name\":\"admin\",\"@id\":\"https:\\\/\\\/kibrisdakik.com\\\/#\\\/schema\\\/person\\\/9cd9d437bbb44f72b73ba127e06d8e79\"},\"headline\":\"Cumhurba\u015fkan\u0131 Tatar: \u201cNATO AB de\u011fil, Anavatan T\u00fcrkiye keyfi siyasi kararlara izin vermeyecektir\u201d\",\"datePublished\":\"2024-11-30T14:49:56+00:00\",\"mainEntityOfPage\":{\"@id\":\"https:\\\/\\\/kibrisdakik.com\\\/?p=70475\"},\"wordCount\":678,\"commentCount\":0,\"image\":{\"@id\":\"https:\\\/\\\/kibrisdakik.com\\\/?p=70475#primaryimage\"},\"thumbnailUrl\":\"https:\\\/\\\/kibrisdakik.com\\\/wp-content\\\/uploads\\\/2024\\\/11\\\/tatar-1212-740x420.jpg\",\"articleSection\":[\"K\u0131br\u0131s\"],\"inLanguage\":\"tr\",\"potentialAction\":[{\"@type\":\"CommentAction\",\"name\":\"Comment\",\"target\":[\"https:\\\/\\\/kibrisdakik.com\\\/?p=70475#respond\"]}]},{\"@type\":\"WebPage\",\"@id\":\"https:\\\/\\\/kibrisdakik.com\\\/?p=70475\",\"url\":\"https:\\\/\\\/kibrisdakik.com\\\/?p=70475\",\"name\":\"Cumhurba\u015fkan\u0131 Tatar: \u201cNATO AB de\u011fil, Anavatan T\u00fcrkiye keyfi siyasi kararlara izin vermeyecektir\u201d -\",\"isPartOf\":{\"@id\":\"https:\\\/\\\/kibrisdakik.com\\\/#website\"},\"primaryImageOfPage\":{\"@id\":\"https:\\\/\\\/kibrisdakik.com\\\/?p=70475#primaryimage\"},\"image\":{\"@id\":\"https:\\\/\\\/kibrisdakik.com\\\/?p=70475#primaryimage\"},\"thumbnailUrl\":\"https:\\\/\\\/kibrisdakik.com\\\/wp-content\\\/uploads\\\/2024\\\/11\\\/tatar-1212-740x420.jpg\",\"datePublished\":\"2024-11-30T14:49:56+00:00\",\"author\":{\"@id\":\"https:\\\/\\\/kibrisdakik.com\\\/#\\\/schema\\\/person\\\/9cd9d437bbb44f72b73ba127e06d8e79\"},\"breadcrumb\":{\"@id\":\"https:\\\/\\\/kibrisdakik.com\\\/?p=70475#breadcrumb\"},\"inLanguage\":\"tr\",\"potentialAction\":[{\"@type\":\"ReadAction\",\"target\":[\"https:\\\/\\\/kibrisdakik.com\\\/?p=70475\"]}]},{\"@type\":\"ImageObject\",\"inLanguage\":\"tr\",\"@id\":\"https:\\\/\\\/kibrisdakik.com\\\/?p=70475#primaryimage\",\"url\":\"https:\\\/\\\/kibrisdakik.com\\\/wp-content\\\/uploads\\\/2024\\\/11\\\/tatar-1212-740x420.jpg\",\"contentUrl\":\"https:\\\/\\\/kibrisdakik.com\\\/wp-content\\\/uploads\\\/2024\\\/11\\\/tatar-1212-740x420.jpg\",\"width\":1600,\"height\":1066},{\"@type\":\"BreadcrumbList\",\"@id\":\"https:\\\/\\\/kibrisdakik.com\\\/?p=70475#breadcrumb\",\"itemListElement\":[{\"@type\":\"ListItem\",\"position\":1,\"name\":\"Home\",\"item\":\"https:\\\/\\\/kibrisdakik.com\\\/\"},{\"@type\":\"ListItem\",\"position\":2,\"name\":\"Cumhurba\u015fkan\u0131 Tatar: \u201cNATO AB de\u011fil, Anavatan T\u00fcrkiye keyfi siyasi kararlara izin vermeyecektir\u201d\"}]},{\"@type\":\"WebSite\",\"@id\":\"https:\\\/\\\/kibrisdakik.com\\\/#website\",\"url\":\"https:\\\/\\\/kibrisdakik.com\\\/\",\"name\":\"\",\"description\":\"Tam vaktinde haber\",\"potentialAction\":[{\"@type\":\"SearchAction\",\"target\":{\"@type\":\"EntryPoint\",\"urlTemplate\":\"https:\\\/\\\/kibrisdakik.com\\\/?s={search_term_string}\"},\"query-input\":{\"@type\":\"PropertyValueSpecification\",\"valueRequired\":true,\"valueName\":\"search_term_string\"}}],\"inLanguage\":\"tr\"},{\"@type\":\"Person\",\"@id\":\"https:\\\/\\\/kibrisdakik.com\\\/#\\\/schema\\\/person\\\/9cd9d437bbb44f72b73ba127e06d8e79\",\"name\":\"admin\",\"image\":{\"@type\":\"ImageObject\",\"inLanguage\":\"tr\",\"@id\":\"https:\\\/\\\/secure.gravatar.com\\\/avatar\\\/ccc17943b9d660506c869530f897617f7cb1c21a4bf30023f252596d83e1f007?s=96&d=mm&r=g\",\"url\":\"https:\\\/\\\/secure.gravatar.com\\\/avatar\\\/ccc17943b9d660506c869530f897617f7cb1c21a4bf30023f252596d83e1f007?s=96&d=mm&r=g\",\"contentUrl\":\"https:\\\/\\\/secure.gravatar.com\\\/avatar\\\/ccc17943b9d660506c869530f897617f7cb1c21a4bf30023f252596d83e1f007?s=96&d=mm&r=g\",\"caption\":\"admin\"},\"sameAs\":[\"https:\\\/\\\/kibrisdakik.com\"],\"url\":\"https:\\\/\\\/kibrisdakik.com\\\/?author=1\"}]}<\/script>\n<!-- \/ Yoast SEO plugin. -->","yoast_head_json":{"title":"Cumhurba\u015fkan\u0131 Tatar: \u201cNATO AB de\u011fil, Anavatan T\u00fcrkiye keyfi siyasi kararlara izin vermeyecektir\u201d -","robots":{"index":"index","follow":"follow","max-snippet":"max-snippet:-1","max-image-preview":"max-image-preview:large","max-video-preview":"max-video-preview:-1"},"canonical":"https:\/\/kibrisdakik.com\/?p=70475","og_locale":"tr_TR","og_type":"article","og_title":"Cumhurba\u015fkan\u0131 Tatar: \u201cNATO AB de\u011fil, Anavatan T\u00fcrkiye keyfi siyasi kararlara izin vermeyecektir\u201d -","og_description":"Cumhurba\u015fkan\u0131 Ersin Tatar, Rum Y\u00f6netimi Ba\u015fkan\u0131 Nikos Hristodulidis\u2019in NATO\u2019ya kat\u0131lmak istedikleri s\u00f6ylemiyle ilgili \u201cNATO AB de\u011fil, Anavatan T\u00fcrkiye keyfi siyasi kararlara izin vermeyecektir\u201d dedi. Cumhurba\u015fkan\u0131 Tatar, yaz\u0131l\u0131 a\u00e7\u0131klamas\u0131nda, Rum Y\u00f6netimi Ba\u015fkan\u0131 Nikos Hristodulidis\u2019i ele\u015ftirdi, Hristodulidis\u2019in Rum halk\u0131 nezdinde kaybetti\u011fi deste\u011fi geri kazanma \u00e7abas\u0131yla yeni bir g\u00fcndem yaratmaya \u00e7al\u0131\u015ft\u0131\u011f\u0131n\u0131 kaydetti. Tatar, \u201cRum lidere tavsiyem; kendi halk\u0131n\u0131","og_url":"https:\/\/kibrisdakik.com\/?p=70475","article_published_time":"2024-11-30T14:49:56+00:00","og_image":[{"width":1600,"height":1066,"url":"https:\/\/kibrisdakik.com\/wp-content\/uploads\/2024\/11\/tatar-1212-740x420.jpg","type":"image\/jpeg"}],"author":"admin","twitter_card":"summary_large_image","twitter_misc":{"Yazan:":"admin","Tahmini okuma s\u00fcresi":"3 dakika"},"schema":{"@context":"https:\/\/schema.org","@graph":[{"@type":"Article","@id":"https:\/\/kibrisdakik.com\/?p=70475#article","isPartOf":{"@id":"https:\/\/kibrisdakik.com\/?p=70475"},"author":{"name":"admin","@id":"https:\/\/kibrisdakik.com\/#\/schema\/person\/9cd9d437bbb44f72b73ba127e06d8e79"},"headline":"Cumhurba\u015fkan\u0131 Tatar: \u201cNATO AB de\u011fil, Anavatan T\u00fcrkiye keyfi siyasi kararlara izin vermeyecektir\u201d","datePublished":"2024-11-30T14:49:56+00:00","mainEntityOfPage":{"@id":"https:\/\/kibrisdakik.com\/?p=70475"},"wordCount":678,"commentCount":0,"image":{"@id":"https:\/\/kibrisdakik.com\/?p=70475#primaryimage"},"thumbnailUrl":"https:\/\/kibrisdakik.com\/wp-content\/uploads\/2024\/11\/tatar-1212-740x420.jpg","articleSection":["K\u0131br\u0131s"],"inLanguage":"tr","potentialAction":[{"@type":"CommentAction","name":"Comment","target":["https:\/\/kibrisdakik.com\/?p=70475#respond"]}]},{"@type":"WebPage","@id":"https:\/\/kibrisdakik.com\/?p=70475","url":"https:\/\/kibrisdakik.com\/?p=70475","name":"Cumhurba\u015fkan\u0131 Tatar: \u201cNATO AB de\u011fil, Anavatan T\u00fcrkiye keyfi siyasi kararlara izin vermeyecektir\u201d -","isPartOf":{"@id":"https:\/\/kibrisdakik.com\/#website"},"primaryImageOfPage":{"@id":"https:\/\/kibrisdakik.com\/?p=70475#primaryimage"},"image":{"@id":"https:\/\/kibrisdakik.com\/?p=70475#primaryimage"},"thumbnailUrl":"https:\/\/kibrisdakik.com\/wp-content\/uploads\/2024\/11\/tatar-1212-740x420.jpg","datePublished":"2024-11-30T14:49:56+00:00","author":{"@id":"https:\/\/kibrisdakik.com\/#\/schema\/person\/9cd9d437bbb44f72b73ba127e06d8e79"},"breadcrumb":{"@id":"https:\/\/kibrisdakik.com\/?p=70475#breadcrumb"},"inLanguage":"tr","potentialAction":[{"@type":"ReadAction","target":["https:\/\/kibrisdakik.com\/?p=70475"]}]},{"@type":"ImageObject","inLanguage":"tr","@id":"https:\/\/kibrisdakik.com\/?p=70475#primaryimage","url":"https:\/\/kibrisdakik.com\/wp-content\/uploads\/2024\/11\/tatar-1212-740x420.jpg","contentUrl":"https:\/\/kibrisdakik.com\/wp-content\/uploads\/2024\/11\/tatar-1212-740x420.jpg","width":1600,"height":1066},{"@type":"BreadcrumbList","@id":"https:\/\/kibrisdakik.com\/?p=70475#breadcrumb","itemListElement":[{"@type":"ListItem","position":1,"name":"Home","item":"https:\/\/kibrisdakik.com\/"},{"@type":"ListItem","position":2,"name":"Cumhurba\u015fkan\u0131 Tatar: \u201cNATO AB de\u011fil, Anavatan T\u00fcrkiye keyfi siyasi kararlara izin vermeyecektir\u201d"}]},{"@type":"WebSite","@id":"https:\/\/kibrisdakik.com\/#website","url":"https:\/\/kibrisdakik.com\/","name":"","description":"Tam vaktinde haber","potentialAction":[{"@type":"SearchAction","target":{"@type":"EntryPoint","urlTemplate":"https:\/\/kibrisdakik.com\/?s={search_term_string}"},"query-input":{"@type":"PropertyValueSpecification","valueRequired":true,"valueName":"search_term_string"}}],"inLanguage":"tr"},{"@type":"Person","@id":"https:\/\/kibrisdakik.com\/#\/schema\/person\/9cd9d437bbb44f72b73ba127e06d8e79","name":"admin","image":{"@type":"ImageObject","inLanguage":"tr","@id":"https:\/\/secure.gravatar.com\/avatar\/ccc17943b9d660506c869530f897617f7cb1c21a4bf30023f252596d83e1f007?s=96&d=mm&r=g","url":"https:\/\/secure.gravatar.com\/avatar\/ccc17943b9d660506c869530f897617f7cb1c21a4bf30023f252596d83e1f007?s=96&d=mm&r=g","contentUrl":"https:\/\/secure.gravatar.com\/avatar\/ccc17943b9d660506c869530f897617f7cb1c21a4bf30023f252596d83e1f007?s=96&d=mm&r=g","caption":"admin"},"sameAs":["https:\/\/kibrisdakik.com"],"url":"https:\/\/kibrisdakik.com\/?author=1"}]}},"_links":{"self":[{"href":"https:\/\/kibrisdakik.com\/index.php?rest_route=\/wp\/v2\/posts\/70475","targetHints":{"allow":["GET"]}}],"collection":[{"href":"https:\/\/kibrisdakik.com\/index.php?rest_route=\/wp\/v2\/posts"}],"about":[{"href":"https:\/\/kibrisdakik.com\/index.php?rest_route=\/wp\/v2\/types\/post"}],"author":[{"embeddable":true,"href":"https:\/\/kibrisdakik.com\/index.php?rest_route=\/wp\/v2\/users\/1"}],"replies":[{"embeddable":true,"href":"https:\/\/kibrisdakik.com\/index.php?rest_route=%2Fwp%2Fv2%2Fcomments&post=70475"}],"version-history":[{"count":0,"href":"https:\/\/kibrisdakik.com\/index.php?rest_route=\/wp\/v2\/posts\/70475\/revisions"}],"wp:featuredmedia":[{"embeddable":true,"href":"https:\/\/kibrisdakik.com\/index.php?rest_route=\/wp\/v2\/media\/70476"}],"wp:attachment":[{"href":"https:\/\/kibrisdakik.com\/index.php?rest_route=%2Fwp%2Fv2%2Fmedia&parent=70475"}],"wp:term":[{"taxonomy":"category","embeddable":true,"href":"https:\/\/kibrisdakik.com\/index.php?rest_route=%2Fwp%2Fv2%2Fcategories&post=70475"},{"taxonomy":"post_tag","embeddable":true,"href":"https:\/\/kibrisdakik.com\/index.php?rest_route=%2Fwp%2Fv2%2Ftags&post=70475"}],"curies":[{"name":"wp","href":"https:\/\/api.w.org\/{rel}","templated":true}]}}