{"id":70496,"date":"2024-12-01T10:09:14","date_gmt":"2024-12-01T07:09:14","guid":{"rendered":"https:\/\/kibrisdakik.com\/index.php\/2024\/12\/01\/ulker-lefkosa-maratonu-basladi\/"},"modified":"2024-12-01T10:09:14","modified_gmt":"2024-12-01T07:09:14","slug":"ulker-lefkosa-maratonu-basladi","status":"publish","type":"post","link":"https:\/\/kibrisdakik.com\/?p=70496","title":{"rendered":"\u00dclker Lefko\u015fa Maratonu ba\u015flad\u0131"},"content":{"rendered":"<div>\n<div class=\"mariselle-image-container center\">\n                                            <\/div>\n<p>\u00dclker Lefko\u015fa Maratonu\u2019nda ilk start 21 km ko\u015fusu i\u00e7in saat 07.00\u2019de Lefko\u015fa T\u00fcrk Belediyesi (LTB) Ba\u015fkan\u0131 Mehmet Harmanc\u0131 taraf\u0131ndan verildi.<\/p>\n<p>LTB\u2019den verilen bilgiye g\u00f6re, t\u00fcm gelirin \u00c7ocuk Onkoloji Servisi\u2019nde tedavi g\u00f6ren \u201cminik kahramanlar\u0131n\u201d tedavi s\u00fcre\u00e7lerinde de\u011ferlendirilecek maratonda 10 km i\u00e7in start ise 07.30\u2019da verildi.<\/p>\n<p>Bu y\u0131l ilk kez d\u00fczenlenen \u00e7ocuk ko\u015fusu 09.40\u2019ta start alacak, 4 km halk ko\u015fusu ise 10.30\u2019da ba\u015flayacak. \u00c7ocuk ko\u015fusu i\u00e7in 09.30\u2019a kadar ve 4 km halk ko\u015fusu i\u00e7in de 10.00\u2019a kadar LTB binas\u0131 \u00f6n\u00fcnde kay\u0131tlar devam edecek.<\/p>\n<\/p><\/div>\n<p><script async\n                    defer\n                    crossorigin=\"anonymous\"\n                    src=\"https:\/\/connect.facebook.net\/tr_TR\/sdk.js#xfbml=1&#038;version=v3.3\"\n            ><\/script><\/p>\n","protected":false},"excerpt":{"rendered":"<p>\u00dclker Lefko\u015fa Maratonu\u2019nda ilk start 21 km ko\u015fusu i\u00e7in saat 07.00\u2019de Lefko\u015fa T\u00fcrk Belediyesi (LTB) Ba\u015fkan\u0131 Mehmet Harmanc\u0131 taraf\u0131ndan verildi. LTB\u2019den verilen bilgiye g\u00f6re, t\u00fcm gelirin \u00c7ocuk Onkoloji Servisi\u2019nde tedavi g\u00f6ren \u201cminik kahramanlar\u0131n\u201d tedavi s\u00fcre\u00e7lerinde de\u011ferlendirilecek maratonda 10 km i\u00e7in start ise 07.30\u2019da verildi. Bu y\u0131l ilk kez d\u00fczenlenen \u00e7ocuk ko\u015fusu 09.40\u2019ta start alacak, 4<\/p>\n","protected":false},"author":1,"featured_media":70497,"comment_status":"open","ping_status":"open","sticky":false,"template":"","format":"standard","meta":{"footnotes":""},"categories":[81],"tags":[],"class_list":["post-70496","post","type-post","status-publish","format-standard","has-post-thumbnail","hentry","category-kibris"],"yoast_head":"<!-- This site is optimized with the Yoast SEO plugin v27.5 - https:\/\/yoast.com\/product\/yoast-seo-wordpress\/ -->\n<title>\u00dclker Lefko\u015fa Maratonu ba\u015flad\u0131 -<\/title>\n<meta name=\"robots\" content=\"index, follow, max-snippet:-1, max-image-preview:large, max-video-preview:-1\" \/>\n<link rel=\"canonical\" href=\"https:\/\/kibrisdakik.com\/?p=70496\" \/>\n<meta property=\"og:locale\" content=\"tr_TR\" \/>\n<meta property=\"og:type\" content=\"article\" \/>\n<meta property=\"og:title\" content=\"\u00dclker Lefko\u015fa Maratonu ba\u015flad\u0131 -\" \/>\n<meta property=\"og:description\" content=\"\u00dclker Lefko\u015fa Maratonu\u2019nda ilk start 21 km ko\u015fusu i\u00e7in saat 07.00\u2019de Lefko\u015fa T\u00fcrk Belediyesi (LTB) Ba\u015fkan\u0131 Mehmet Harmanc\u0131 taraf\u0131ndan verildi. LTB\u2019den verilen bilgiye g\u00f6re, t\u00fcm gelirin \u00c7ocuk Onkoloji Servisi\u2019nde tedavi g\u00f6ren \u201cminik kahramanlar\u0131n\u201d tedavi s\u00fcre\u00e7lerinde de\u011ferlendirilecek maratonda 10 km i\u00e7in start ise 07.30\u2019da verildi. Bu y\u0131l ilk kez d\u00fczenlenen \u00e7ocuk ko\u015fusu 09.40\u2019ta start alacak, 4\" \/>\n<meta property=\"og:url\" content=\"https:\/\/kibrisdakik.com\/?p=70496\" \/>\n<meta property=\"article:published_time\" content=\"2024-12-01T07:09:14+00:00\" \/>\n<meta property=\"og:image\" content=\"https:\/\/kibrisdakik.com\/wp-content\/uploads\/2024\/12\/foto-1-1--740x420.jpeg\" \/>\n\t<meta property=\"og:image:width\" content=\"1280\" \/>\n\t<meta property=\"og:image:height\" content=\"852\" \/>\n\t<meta property=\"og:image:type\" content=\"image\/jpeg\" \/>\n<meta name=\"author\" content=\"admin\" \/>\n<meta name=\"twitter:card\" content=\"summary_large_image\" \/>\n<meta name=\"twitter:label1\" content=\"Yazan:\" \/>\n\t<meta name=\"twitter:data1\" content=\"admin\" \/>\n\t<meta name=\"twitter:label2\" content=\"Tahmini okuma s\u00fcresi\" \/>\n\t<meta name=\"twitter:data2\" content=\"1 dakika\" \/>\n<script type=\"application\/ld+json\" class=\"yoast-schema-graph\">{\"@context\":\"https:\\\/\\\/schema.org\",\"@graph\":[{\"@type\":\"Article\",\"@id\":\"https:\\\/\\\/kibrisdakik.com\\\/?p=70496#article\",\"isPartOf\":{\"@id\":\"https:\\\/\\\/kibrisdakik.com\\\/?p=70496\"},\"author\":{\"name\":\"admin\",\"@id\":\"https:\\\/\\\/kibrisdakik.com\\\/#\\\/schema\\\/person\\\/9cd9d437bbb44f72b73ba127e06d8e79\"},\"headline\":\"\u00dclker Lefko\u015fa Maratonu ba\u015flad\u0131\",\"datePublished\":\"2024-12-01T07:09:14+00:00\",\"mainEntityOfPage\":{\"@id\":\"https:\\\/\\\/kibrisdakik.com\\\/?p=70496\"},\"wordCount\":112,\"commentCount\":0,\"image\":{\"@id\":\"https:\\\/\\\/kibrisdakik.com\\\/?p=70496#primaryimage\"},\"thumbnailUrl\":\"https:\\\/\\\/kibrisdakik.com\\\/wp-content\\\/uploads\\\/2024\\\/12\\\/foto-1-1--740x420.jpeg\",\"articleSection\":[\"K\u0131br\u0131s\"],\"inLanguage\":\"tr\",\"potentialAction\":[{\"@type\":\"CommentAction\",\"name\":\"Comment\",\"target\":[\"https:\\\/\\\/kibrisdakik.com\\\/?p=70496#respond\"]}]},{\"@type\":\"WebPage\",\"@id\":\"https:\\\/\\\/kibrisdakik.com\\\/?p=70496\",\"url\":\"https:\\\/\\\/kibrisdakik.com\\\/?p=70496\",\"name\":\"\u00dclker Lefko\u015fa Maratonu ba\u015flad\u0131 -\",\"isPartOf\":{\"@id\":\"https:\\\/\\\/kibrisdakik.com\\\/#website\"},\"primaryImageOfPage\":{\"@id\":\"https:\\\/\\\/kibrisdakik.com\\\/?p=70496#primaryimage\"},\"image\":{\"@id\":\"https:\\\/\\\/kibrisdakik.com\\\/?p=70496#primaryimage\"},\"thumbnailUrl\":\"https:\\\/\\\/kibrisdakik.com\\\/wp-content\\\/uploads\\\/2024\\\/12\\\/foto-1-1--740x420.jpeg\",\"datePublished\":\"2024-12-01T07:09:14+00:00\",\"author\":{\"@id\":\"https:\\\/\\\/kibrisdakik.com\\\/#\\\/schema\\\/person\\\/9cd9d437bbb44f72b73ba127e06d8e79\"},\"breadcrumb\":{\"@id\":\"https:\\\/\\\/kibrisdakik.com\\\/?p=70496#breadcrumb\"},\"inLanguage\":\"tr\",\"potentialAction\":[{\"@type\":\"ReadAction\",\"target\":[\"https:\\\/\\\/kibrisdakik.com\\\/?p=70496\"]}]},{\"@type\":\"ImageObject\",\"inLanguage\":\"tr\",\"@id\":\"https:\\\/\\\/kibrisdakik.com\\\/?p=70496#primaryimage\",\"url\":\"https:\\\/\\\/kibrisdakik.com\\\/wp-content\\\/uploads\\\/2024\\\/12\\\/foto-1-1--740x420.jpeg\",\"contentUrl\":\"https:\\\/\\\/kibrisdakik.com\\\/wp-content\\\/uploads\\\/2024\\\/12\\\/foto-1-1--740x420.jpeg\",\"width\":1280,\"height\":852},{\"@type\":\"BreadcrumbList\",\"@id\":\"https:\\\/\\\/kibrisdakik.com\\\/?p=70496#breadcrumb\",\"itemListElement\":[{\"@type\":\"ListItem\",\"position\":1,\"name\":\"Home\",\"item\":\"https:\\\/\\\/kibrisdakik.com\\\/\"},{\"@type\":\"ListItem\",\"position\":2,\"name\":\"\u00dclker Lefko\u015fa Maratonu ba\u015flad\u0131\"}]},{\"@type\":\"WebSite\",\"@id\":\"https:\\\/\\\/kibrisdakik.com\\\/#website\",\"url\":\"https:\\\/\\\/kibrisdakik.com\\\/\",\"name\":\"\",\"description\":\"Tam vaktinde haber\",\"potentialAction\":[{\"@type\":\"SearchAction\",\"target\":{\"@type\":\"EntryPoint\",\"urlTemplate\":\"https:\\\/\\\/kibrisdakik.com\\\/?s={search_term_string}\"},\"query-input\":{\"@type\":\"PropertyValueSpecification\",\"valueRequired\":true,\"valueName\":\"search_term_string\"}}],\"inLanguage\":\"tr\"},{\"@type\":\"Person\",\"@id\":\"https:\\\/\\\/kibrisdakik.com\\\/#\\\/schema\\\/person\\\/9cd9d437bbb44f72b73ba127e06d8e79\",\"name\":\"admin\",\"image\":{\"@type\":\"ImageObject\",\"inLanguage\":\"tr\",\"@id\":\"https:\\\/\\\/secure.gravatar.com\\\/avatar\\\/ccc17943b9d660506c869530f897617f7cb1c21a4bf30023f252596d83e1f007?s=96&d=mm&r=g\",\"url\":\"https:\\\/\\\/secure.gravatar.com\\\/avatar\\\/ccc17943b9d660506c869530f897617f7cb1c21a4bf30023f252596d83e1f007?s=96&d=mm&r=g\",\"contentUrl\":\"https:\\\/\\\/secure.gravatar.com\\\/avatar\\\/ccc17943b9d660506c869530f897617f7cb1c21a4bf30023f252596d83e1f007?s=96&d=mm&r=g\",\"caption\":\"admin\"},\"sameAs\":[\"https:\\\/\\\/kibrisdakik.com\"],\"url\":\"https:\\\/\\\/kibrisdakik.com\\\/?author=1\"}]}<\/script>\n<!-- \/ Yoast SEO plugin. -->","yoast_head_json":{"title":"\u00dclker Lefko\u015fa Maratonu ba\u015flad\u0131 -","robots":{"index":"index","follow":"follow","max-snippet":"max-snippet:-1","max-image-preview":"max-image-preview:large","max-video-preview":"max-video-preview:-1"},"canonical":"https:\/\/kibrisdakik.com\/?p=70496","og_locale":"tr_TR","og_type":"article","og_title":"\u00dclker Lefko\u015fa Maratonu ba\u015flad\u0131 -","og_description":"\u00dclker Lefko\u015fa Maratonu\u2019nda ilk start 21 km ko\u015fusu i\u00e7in saat 07.00\u2019de Lefko\u015fa T\u00fcrk Belediyesi (LTB) Ba\u015fkan\u0131 Mehmet Harmanc\u0131 taraf\u0131ndan verildi. LTB\u2019den verilen bilgiye g\u00f6re, t\u00fcm gelirin \u00c7ocuk Onkoloji Servisi\u2019nde tedavi g\u00f6ren \u201cminik kahramanlar\u0131n\u201d tedavi s\u00fcre\u00e7lerinde de\u011ferlendirilecek maratonda 10 km i\u00e7in start ise 07.30\u2019da verildi. Bu y\u0131l ilk kez d\u00fczenlenen \u00e7ocuk ko\u015fusu 09.40\u2019ta start alacak, 4","og_url":"https:\/\/kibrisdakik.com\/?p=70496","article_published_time":"2024-12-01T07:09:14+00:00","og_image":[{"width":1280,"height":852,"url":"https:\/\/kibrisdakik.com\/wp-content\/uploads\/2024\/12\/foto-1-1--740x420.jpeg","type":"image\/jpeg"}],"author":"admin","twitter_card":"summary_large_image","twitter_misc":{"Yazan:":"admin","Tahmini okuma s\u00fcresi":"1 dakika"},"schema":{"@context":"https:\/\/schema.org","@graph":[{"@type":"Article","@id":"https:\/\/kibrisdakik.com\/?p=70496#article","isPartOf":{"@id":"https:\/\/kibrisdakik.com\/?p=70496"},"author":{"name":"admin","@id":"https:\/\/kibrisdakik.com\/#\/schema\/person\/9cd9d437bbb44f72b73ba127e06d8e79"},"headline":"\u00dclker Lefko\u015fa Maratonu ba\u015flad\u0131","datePublished":"2024-12-01T07:09:14+00:00","mainEntityOfPage":{"@id":"https:\/\/kibrisdakik.com\/?p=70496"},"wordCount":112,"commentCount":0,"image":{"@id":"https:\/\/kibrisdakik.com\/?p=70496#primaryimage"},"thumbnailUrl":"https:\/\/kibrisdakik.com\/wp-content\/uploads\/2024\/12\/foto-1-1--740x420.jpeg","articleSection":["K\u0131br\u0131s"],"inLanguage":"tr","potentialAction":[{"@type":"CommentAction","name":"Comment","target":["https:\/\/kibrisdakik.com\/?p=70496#respond"]}]},{"@type":"WebPage","@id":"https:\/\/kibrisdakik.com\/?p=70496","url":"https:\/\/kibrisdakik.com\/?p=70496","name":"\u00dclker Lefko\u015fa Maratonu ba\u015flad\u0131 -","isPartOf":{"@id":"https:\/\/kibrisdakik.com\/#website"},"primaryImageOfPage":{"@id":"https:\/\/kibrisdakik.com\/?p=70496#primaryimage"},"image":{"@id":"https:\/\/kibrisdakik.com\/?p=70496#primaryimage"},"thumbnailUrl":"https:\/\/kibrisdakik.com\/wp-content\/uploads\/2024\/12\/foto-1-1--740x420.jpeg","datePublished":"2024-12-01T07:09:14+00:00","author":{"@id":"https:\/\/kibrisdakik.com\/#\/schema\/person\/9cd9d437bbb44f72b73ba127e06d8e79"},"breadcrumb":{"@id":"https:\/\/kibrisdakik.com\/?p=70496#breadcrumb"},"inLanguage":"tr","potentialAction":[{"@type":"ReadAction","target":["https:\/\/kibrisdakik.com\/?p=70496"]}]},{"@type":"ImageObject","inLanguage":"tr","@id":"https:\/\/kibrisdakik.com\/?p=70496#primaryimage","url":"https:\/\/kibrisdakik.com\/wp-content\/uploads\/2024\/12\/foto-1-1--740x420.jpeg","contentUrl":"https:\/\/kibrisdakik.com\/wp-content\/uploads\/2024\/12\/foto-1-1--740x420.jpeg","width":1280,"height":852},{"@type":"BreadcrumbList","@id":"https:\/\/kibrisdakik.com\/?p=70496#breadcrumb","itemListElement":[{"@type":"ListItem","position":1,"name":"Home","item":"https:\/\/kibrisdakik.com\/"},{"@type":"ListItem","position":2,"name":"\u00dclker Lefko\u015fa Maratonu ba\u015flad\u0131"}]},{"@type":"WebSite","@id":"https:\/\/kibrisdakik.com\/#website","url":"https:\/\/kibrisdakik.com\/","name":"","description":"Tam vaktinde haber","potentialAction":[{"@type":"SearchAction","target":{"@type":"EntryPoint","urlTemplate":"https:\/\/kibrisdakik.com\/?s={search_term_string}"},"query-input":{"@type":"PropertyValueSpecification","valueRequired":true,"valueName":"search_term_string"}}],"inLanguage":"tr"},{"@type":"Person","@id":"https:\/\/kibrisdakik.com\/#\/schema\/person\/9cd9d437bbb44f72b73ba127e06d8e79","name":"admin","image":{"@type":"ImageObject","inLanguage":"tr","@id":"https:\/\/secure.gravatar.com\/avatar\/ccc17943b9d660506c869530f897617f7cb1c21a4bf30023f252596d83e1f007?s=96&d=mm&r=g","url":"https:\/\/secure.gravatar.com\/avatar\/ccc17943b9d660506c869530f897617f7cb1c21a4bf30023f252596d83e1f007?s=96&d=mm&r=g","contentUrl":"https:\/\/secure.gravatar.com\/avatar\/ccc17943b9d660506c869530f897617f7cb1c21a4bf30023f252596d83e1f007?s=96&d=mm&r=g","caption":"admin"},"sameAs":["https:\/\/kibrisdakik.com"],"url":"https:\/\/kibrisdakik.com\/?author=1"}]}},"_links":{"self":[{"href":"https:\/\/kibrisdakik.com\/index.php?rest_route=\/wp\/v2\/posts\/70496","targetHints":{"allow":["GET"]}}],"collection":[{"href":"https:\/\/kibrisdakik.com\/index.php?rest_route=\/wp\/v2\/posts"}],"about":[{"href":"https:\/\/kibrisdakik.com\/index.php?rest_route=\/wp\/v2\/types\/post"}],"author":[{"embeddable":true,"href":"https:\/\/kibrisdakik.com\/index.php?rest_route=\/wp\/v2\/users\/1"}],"replies":[{"embeddable":true,"href":"https:\/\/kibrisdakik.com\/index.php?rest_route=%2Fwp%2Fv2%2Fcomments&post=70496"}],"version-history":[{"count":0,"href":"https:\/\/kibrisdakik.com\/index.php?rest_route=\/wp\/v2\/posts\/70496\/revisions"}],"wp:featuredmedia":[{"embeddable":true,"href":"https:\/\/kibrisdakik.com\/index.php?rest_route=\/wp\/v2\/media\/70497"}],"wp:attachment":[{"href":"https:\/\/kibrisdakik.com\/index.php?rest_route=%2Fwp%2Fv2%2Fmedia&parent=70496"}],"wp:term":[{"taxonomy":"category","embeddable":true,"href":"https:\/\/kibrisdakik.com\/index.php?rest_route=%2Fwp%2Fv2%2Fcategories&post=70496"},{"taxonomy":"post_tag","embeddable":true,"href":"https:\/\/kibrisdakik.com\/index.php?rest_route=%2Fwp%2Fv2%2Ftags&post=70496"}],"curies":[{"name":"wp","href":"https:\/\/api.w.org\/{rel}","templated":true}]}}