{"id":70498,"date":"2024-12-01T10:55:03","date_gmt":"2024-12-01T07:55:03","guid":{"rendered":"https:\/\/kibrisdakik.com\/index.php\/2024\/12\/01\/girne-dikmen-ve-alaykoyun-bir-kisminda-elektrik-kesintisisaat-12-00ye-kadar-elektrik-enerjisinin-yeniden-verilmesi-planlaniyor\/"},"modified":"2024-12-01T10:55:03","modified_gmt":"2024-12-01T07:55:03","slug":"girne-dikmen-ve-alaykoyun-bir-kisminda-elektrik-kesintisisaat-12-00ye-kadar-elektrik-enerjisinin-yeniden-verilmesi-planlaniyor","status":"publish","type":"post","link":"https:\/\/kibrisdakik.com\/?p=70498","title":{"rendered":"Girne, Dikmen ve Alayk\u00f6y\u2019\u00fcn bir k\u0131sm\u0131nda elektrik kesintisi\u2026saat 12.00\u2019ye kadar elektrik enerjisinin yeniden verilmesi planlan\u0131yor"},"content":{"rendered":"<div>\n<div class=\"mariselle-image-container center\">\n                                            <\/div>\n<p>K\u0131b-Tek Girne, Dikmen ve Alayk\u00f6y b\u00f6lgelerinin bir k\u0131sm\u0131na elektrik enerjisi verilemedi\u011fini,  elektrik kesintisini gidermeye y\u00f6nelik \u00e7al\u0131\u015fmalar\u0131n devam etti\u011fini, saat 12.00\u2019ye kadar enerjinin yeniden verilmesinin planlad\u0131\u011f\u0131n\u0131 duyurdu.<\/p>\n<p>A\u00e7\u0131klamada elektrik kesintisinin Teknecik Trafo Merkezi\u2019nde y\u00fcksek gerilim kesici ve ay\u0131r\u0131c\u0131da olu\u015fan patlamadan kaynakland\u0131\u011f\u0131 da kaydedildi.<\/p>\n<\/p><\/div>\n<p><script async\n                    defer\n                    crossorigin=\"anonymous\"\n                    src=\"https:\/\/connect.facebook.net\/tr_TR\/sdk.js#xfbml=1&#038;version=v3.3\"\n            ><\/script><\/p>\n","protected":false},"excerpt":{"rendered":"<p>K\u0131b-Tek Girne, Dikmen ve Alayk\u00f6y b\u00f6lgelerinin bir k\u0131sm\u0131na elektrik enerjisi verilemedi\u011fini, elektrik kesintisini gidermeye y\u00f6nelik \u00e7al\u0131\u015fmalar\u0131n devam etti\u011fini, saat 12.00\u2019ye kadar enerjinin yeniden verilmesinin planlad\u0131\u011f\u0131n\u0131 duyurdu. A\u00e7\u0131klamada elektrik kesintisinin Teknecik Trafo Merkezi\u2019nde y\u00fcksek gerilim kesici ve ay\u0131r\u0131c\u0131da olu\u015fan patlamadan kaynakland\u0131\u011f\u0131 da kaydedildi.<\/p>\n","protected":false},"author":1,"featured_media":70499,"comment_status":"open","ping_status":"open","sticky":false,"template":"","format":"standard","meta":{"footnotes":""},"categories":[81],"tags":[],"class_list":["post-70498","post","type-post","status-publish","format-standard","has-post-thumbnail","hentry","category-kibris"],"yoast_head":"<!-- This site is optimized with the Yoast SEO plugin v27.5 - https:\/\/yoast.com\/product\/yoast-seo-wordpress\/ -->\n<title>Girne, Dikmen ve Alayk\u00f6y\u2019\u00fcn bir k\u0131sm\u0131nda elektrik kesintisi\u2026saat 12.00\u2019ye kadar elektrik enerjisinin yeniden verilmesi planlan\u0131yor -<\/title>\n<meta name=\"robots\" content=\"index, follow, max-snippet:-1, max-image-preview:large, max-video-preview:-1\" \/>\n<link rel=\"canonical\" href=\"https:\/\/kibrisdakik.com\/?p=70498\" \/>\n<meta property=\"og:locale\" content=\"tr_TR\" \/>\n<meta property=\"og:type\" content=\"article\" \/>\n<meta property=\"og:title\" content=\"Girne, Dikmen ve Alayk\u00f6y\u2019\u00fcn bir k\u0131sm\u0131nda elektrik kesintisi\u2026saat 12.00\u2019ye kadar elektrik enerjisinin yeniden verilmesi planlan\u0131yor -\" \/>\n<meta property=\"og:description\" content=\"K\u0131b-Tek Girne, Dikmen ve Alayk\u00f6y b\u00f6lgelerinin bir k\u0131sm\u0131na elektrik enerjisi verilemedi\u011fini, elektrik kesintisini gidermeye y\u00f6nelik \u00e7al\u0131\u015fmalar\u0131n devam etti\u011fini, saat 12.00\u2019ye kadar enerjinin yeniden verilmesinin planlad\u0131\u011f\u0131n\u0131 duyurdu. A\u00e7\u0131klamada elektrik kesintisinin Teknecik Trafo Merkezi\u2019nde y\u00fcksek gerilim kesici ve ay\u0131r\u0131c\u0131da olu\u015fan patlamadan kaynakland\u0131\u011f\u0131 da kaydedildi.\" \/>\n<meta property=\"og:url\" content=\"https:\/\/kibrisdakik.com\/?p=70498\" \/>\n<meta property=\"article:published_time\" content=\"2024-12-01T07:55:03+00:00\" \/>\n<meta property=\"og:image\" content=\"https:\/\/kibrisdakik.com\/wp-content\/uploads\/2024\/12\/kib-tek73.jpg\" \/>\n\t<meta property=\"og:image:width\" content=\"266\" \/>\n\t<meta property=\"og:image:height\" content=\"190\" \/>\n\t<meta property=\"og:image:type\" content=\"image\/jpeg\" \/>\n<meta name=\"author\" content=\"admin\" \/>\n<meta name=\"twitter:card\" content=\"summary_large_image\" \/>\n<meta name=\"twitter:label1\" content=\"Yazan:\" \/>\n\t<meta name=\"twitter:data1\" content=\"admin\" \/>\n<script type=\"application\/ld+json\" class=\"yoast-schema-graph\">{\"@context\":\"https:\\\/\\\/schema.org\",\"@graph\":[{\"@type\":\"Article\",\"@id\":\"https:\\\/\\\/kibrisdakik.com\\\/?p=70498#article\",\"isPartOf\":{\"@id\":\"https:\\\/\\\/kibrisdakik.com\\\/?p=70498\"},\"author\":{\"name\":\"admin\",\"@id\":\"https:\\\/\\\/kibrisdakik.com\\\/#\\\/schema\\\/person\\\/9cd9d437bbb44f72b73ba127e06d8e79\"},\"headline\":\"Girne, Dikmen ve Alayk\u00f6y\u2019\u00fcn bir k\u0131sm\u0131nda elektrik kesintisi\u2026saat 12.00\u2019ye kadar elektrik enerjisinin yeniden verilmesi planlan\u0131yor\",\"datePublished\":\"2024-12-01T07:55:03+00:00\",\"mainEntityOfPage\":{\"@id\":\"https:\\\/\\\/kibrisdakik.com\\\/?p=70498\"},\"wordCount\":81,\"commentCount\":0,\"image\":{\"@id\":\"https:\\\/\\\/kibrisdakik.com\\\/?p=70498#primaryimage\"},\"thumbnailUrl\":\"https:\\\/\\\/kibrisdakik.com\\\/wp-content\\\/uploads\\\/2024\\\/12\\\/kib-tek73.jpg\",\"articleSection\":[\"K\u0131br\u0131s\"],\"inLanguage\":\"tr\",\"potentialAction\":[{\"@type\":\"CommentAction\",\"name\":\"Comment\",\"target\":[\"https:\\\/\\\/kibrisdakik.com\\\/?p=70498#respond\"]}]},{\"@type\":\"WebPage\",\"@id\":\"https:\\\/\\\/kibrisdakik.com\\\/?p=70498\",\"url\":\"https:\\\/\\\/kibrisdakik.com\\\/?p=70498\",\"name\":\"Girne, Dikmen ve Alayk\u00f6y\u2019\u00fcn bir k\u0131sm\u0131nda elektrik kesintisi\u2026saat 12.00\u2019ye kadar elektrik enerjisinin yeniden verilmesi planlan\u0131yor -\",\"isPartOf\":{\"@id\":\"https:\\\/\\\/kibrisdakik.com\\\/#website\"},\"primaryImageOfPage\":{\"@id\":\"https:\\\/\\\/kibrisdakik.com\\\/?p=70498#primaryimage\"},\"image\":{\"@id\":\"https:\\\/\\\/kibrisdakik.com\\\/?p=70498#primaryimage\"},\"thumbnailUrl\":\"https:\\\/\\\/kibrisdakik.com\\\/wp-content\\\/uploads\\\/2024\\\/12\\\/kib-tek73.jpg\",\"datePublished\":\"2024-12-01T07:55:03+00:00\",\"author\":{\"@id\":\"https:\\\/\\\/kibrisdakik.com\\\/#\\\/schema\\\/person\\\/9cd9d437bbb44f72b73ba127e06d8e79\"},\"breadcrumb\":{\"@id\":\"https:\\\/\\\/kibrisdakik.com\\\/?p=70498#breadcrumb\"},\"inLanguage\":\"tr\",\"potentialAction\":[{\"@type\":\"ReadAction\",\"target\":[\"https:\\\/\\\/kibrisdakik.com\\\/?p=70498\"]}]},{\"@type\":\"ImageObject\",\"inLanguage\":\"tr\",\"@id\":\"https:\\\/\\\/kibrisdakik.com\\\/?p=70498#primaryimage\",\"url\":\"https:\\\/\\\/kibrisdakik.com\\\/wp-content\\\/uploads\\\/2024\\\/12\\\/kib-tek73.jpg\",\"contentUrl\":\"https:\\\/\\\/kibrisdakik.com\\\/wp-content\\\/uploads\\\/2024\\\/12\\\/kib-tek73.jpg\",\"width\":266,\"height\":190},{\"@type\":\"BreadcrumbList\",\"@id\":\"https:\\\/\\\/kibrisdakik.com\\\/?p=70498#breadcrumb\",\"itemListElement\":[{\"@type\":\"ListItem\",\"position\":1,\"name\":\"Home\",\"item\":\"https:\\\/\\\/kibrisdakik.com\\\/\"},{\"@type\":\"ListItem\",\"position\":2,\"name\":\"Girne, Dikmen ve Alayk\u00f6y\u2019\u00fcn bir k\u0131sm\u0131nda elektrik kesintisi\u2026saat 12.00\u2019ye kadar elektrik enerjisinin yeniden verilmesi planlan\u0131yor\"}]},{\"@type\":\"WebSite\",\"@id\":\"https:\\\/\\\/kibrisdakik.com\\\/#website\",\"url\":\"https:\\\/\\\/kibrisdakik.com\\\/\",\"name\":\"\",\"description\":\"Tam vaktinde haber\",\"potentialAction\":[{\"@type\":\"SearchAction\",\"target\":{\"@type\":\"EntryPoint\",\"urlTemplate\":\"https:\\\/\\\/kibrisdakik.com\\\/?s={search_term_string}\"},\"query-input\":{\"@type\":\"PropertyValueSpecification\",\"valueRequired\":true,\"valueName\":\"search_term_string\"}}],\"inLanguage\":\"tr\"},{\"@type\":\"Person\",\"@id\":\"https:\\\/\\\/kibrisdakik.com\\\/#\\\/schema\\\/person\\\/9cd9d437bbb44f72b73ba127e06d8e79\",\"name\":\"admin\",\"image\":{\"@type\":\"ImageObject\",\"inLanguage\":\"tr\",\"@id\":\"https:\\\/\\\/secure.gravatar.com\\\/avatar\\\/ccc17943b9d660506c869530f897617f7cb1c21a4bf30023f252596d83e1f007?s=96&d=mm&r=g\",\"url\":\"https:\\\/\\\/secure.gravatar.com\\\/avatar\\\/ccc17943b9d660506c869530f897617f7cb1c21a4bf30023f252596d83e1f007?s=96&d=mm&r=g\",\"contentUrl\":\"https:\\\/\\\/secure.gravatar.com\\\/avatar\\\/ccc17943b9d660506c869530f897617f7cb1c21a4bf30023f252596d83e1f007?s=96&d=mm&r=g\",\"caption\":\"admin\"},\"sameAs\":[\"https:\\\/\\\/kibrisdakik.com\"],\"url\":\"https:\\\/\\\/kibrisdakik.com\\\/?author=1\"}]}<\/script>\n<!-- \/ Yoast SEO plugin. -->","yoast_head_json":{"title":"Girne, Dikmen ve Alayk\u00f6y\u2019\u00fcn bir k\u0131sm\u0131nda elektrik kesintisi\u2026saat 12.00\u2019ye kadar elektrik enerjisinin yeniden verilmesi planlan\u0131yor -","robots":{"index":"index","follow":"follow","max-snippet":"max-snippet:-1","max-image-preview":"max-image-preview:large","max-video-preview":"max-video-preview:-1"},"canonical":"https:\/\/kibrisdakik.com\/?p=70498","og_locale":"tr_TR","og_type":"article","og_title":"Girne, Dikmen ve Alayk\u00f6y\u2019\u00fcn bir k\u0131sm\u0131nda elektrik kesintisi\u2026saat 12.00\u2019ye kadar elektrik enerjisinin yeniden verilmesi planlan\u0131yor -","og_description":"K\u0131b-Tek Girne, Dikmen ve Alayk\u00f6y b\u00f6lgelerinin bir k\u0131sm\u0131na elektrik enerjisi verilemedi\u011fini, elektrik kesintisini gidermeye y\u00f6nelik \u00e7al\u0131\u015fmalar\u0131n devam etti\u011fini, saat 12.00\u2019ye kadar enerjinin yeniden verilmesinin planlad\u0131\u011f\u0131n\u0131 duyurdu. A\u00e7\u0131klamada elektrik kesintisinin Teknecik Trafo Merkezi\u2019nde y\u00fcksek gerilim kesici ve ay\u0131r\u0131c\u0131da olu\u015fan patlamadan kaynakland\u0131\u011f\u0131 da kaydedildi.","og_url":"https:\/\/kibrisdakik.com\/?p=70498","article_published_time":"2024-12-01T07:55:03+00:00","og_image":[{"width":266,"height":190,"url":"https:\/\/kibrisdakik.com\/wp-content\/uploads\/2024\/12\/kib-tek73.jpg","type":"image\/jpeg"}],"author":"admin","twitter_card":"summary_large_image","twitter_misc":{"Yazan:":"admin"},"schema":{"@context":"https:\/\/schema.org","@graph":[{"@type":"Article","@id":"https:\/\/kibrisdakik.com\/?p=70498#article","isPartOf":{"@id":"https:\/\/kibrisdakik.com\/?p=70498"},"author":{"name":"admin","@id":"https:\/\/kibrisdakik.com\/#\/schema\/person\/9cd9d437bbb44f72b73ba127e06d8e79"},"headline":"Girne, Dikmen ve Alayk\u00f6y\u2019\u00fcn bir k\u0131sm\u0131nda elektrik kesintisi\u2026saat 12.00\u2019ye kadar elektrik enerjisinin yeniden verilmesi planlan\u0131yor","datePublished":"2024-12-01T07:55:03+00:00","mainEntityOfPage":{"@id":"https:\/\/kibrisdakik.com\/?p=70498"},"wordCount":81,"commentCount":0,"image":{"@id":"https:\/\/kibrisdakik.com\/?p=70498#primaryimage"},"thumbnailUrl":"https:\/\/kibrisdakik.com\/wp-content\/uploads\/2024\/12\/kib-tek73.jpg","articleSection":["K\u0131br\u0131s"],"inLanguage":"tr","potentialAction":[{"@type":"CommentAction","name":"Comment","target":["https:\/\/kibrisdakik.com\/?p=70498#respond"]}]},{"@type":"WebPage","@id":"https:\/\/kibrisdakik.com\/?p=70498","url":"https:\/\/kibrisdakik.com\/?p=70498","name":"Girne, Dikmen ve Alayk\u00f6y\u2019\u00fcn bir k\u0131sm\u0131nda elektrik kesintisi\u2026saat 12.00\u2019ye kadar elektrik enerjisinin yeniden verilmesi planlan\u0131yor -","isPartOf":{"@id":"https:\/\/kibrisdakik.com\/#website"},"primaryImageOfPage":{"@id":"https:\/\/kibrisdakik.com\/?p=70498#primaryimage"},"image":{"@id":"https:\/\/kibrisdakik.com\/?p=70498#primaryimage"},"thumbnailUrl":"https:\/\/kibrisdakik.com\/wp-content\/uploads\/2024\/12\/kib-tek73.jpg","datePublished":"2024-12-01T07:55:03+00:00","author":{"@id":"https:\/\/kibrisdakik.com\/#\/schema\/person\/9cd9d437bbb44f72b73ba127e06d8e79"},"breadcrumb":{"@id":"https:\/\/kibrisdakik.com\/?p=70498#breadcrumb"},"inLanguage":"tr","potentialAction":[{"@type":"ReadAction","target":["https:\/\/kibrisdakik.com\/?p=70498"]}]},{"@type":"ImageObject","inLanguage":"tr","@id":"https:\/\/kibrisdakik.com\/?p=70498#primaryimage","url":"https:\/\/kibrisdakik.com\/wp-content\/uploads\/2024\/12\/kib-tek73.jpg","contentUrl":"https:\/\/kibrisdakik.com\/wp-content\/uploads\/2024\/12\/kib-tek73.jpg","width":266,"height":190},{"@type":"BreadcrumbList","@id":"https:\/\/kibrisdakik.com\/?p=70498#breadcrumb","itemListElement":[{"@type":"ListItem","position":1,"name":"Home","item":"https:\/\/kibrisdakik.com\/"},{"@type":"ListItem","position":2,"name":"Girne, Dikmen ve Alayk\u00f6y\u2019\u00fcn bir k\u0131sm\u0131nda elektrik kesintisi\u2026saat 12.00\u2019ye kadar elektrik enerjisinin yeniden verilmesi planlan\u0131yor"}]},{"@type":"WebSite","@id":"https:\/\/kibrisdakik.com\/#website","url":"https:\/\/kibrisdakik.com\/","name":"","description":"Tam vaktinde haber","potentialAction":[{"@type":"SearchAction","target":{"@type":"EntryPoint","urlTemplate":"https:\/\/kibrisdakik.com\/?s={search_term_string}"},"query-input":{"@type":"PropertyValueSpecification","valueRequired":true,"valueName":"search_term_string"}}],"inLanguage":"tr"},{"@type":"Person","@id":"https:\/\/kibrisdakik.com\/#\/schema\/person\/9cd9d437bbb44f72b73ba127e06d8e79","name":"admin","image":{"@type":"ImageObject","inLanguage":"tr","@id":"https:\/\/secure.gravatar.com\/avatar\/ccc17943b9d660506c869530f897617f7cb1c21a4bf30023f252596d83e1f007?s=96&d=mm&r=g","url":"https:\/\/secure.gravatar.com\/avatar\/ccc17943b9d660506c869530f897617f7cb1c21a4bf30023f252596d83e1f007?s=96&d=mm&r=g","contentUrl":"https:\/\/secure.gravatar.com\/avatar\/ccc17943b9d660506c869530f897617f7cb1c21a4bf30023f252596d83e1f007?s=96&d=mm&r=g","caption":"admin"},"sameAs":["https:\/\/kibrisdakik.com"],"url":"https:\/\/kibrisdakik.com\/?author=1"}]}},"_links":{"self":[{"href":"https:\/\/kibrisdakik.com\/index.php?rest_route=\/wp\/v2\/posts\/70498","targetHints":{"allow":["GET"]}}],"collection":[{"href":"https:\/\/kibrisdakik.com\/index.php?rest_route=\/wp\/v2\/posts"}],"about":[{"href":"https:\/\/kibrisdakik.com\/index.php?rest_route=\/wp\/v2\/types\/post"}],"author":[{"embeddable":true,"href":"https:\/\/kibrisdakik.com\/index.php?rest_route=\/wp\/v2\/users\/1"}],"replies":[{"embeddable":true,"href":"https:\/\/kibrisdakik.com\/index.php?rest_route=%2Fwp%2Fv2%2Fcomments&post=70498"}],"version-history":[{"count":0,"href":"https:\/\/kibrisdakik.com\/index.php?rest_route=\/wp\/v2\/posts\/70498\/revisions"}],"wp:featuredmedia":[{"embeddable":true,"href":"https:\/\/kibrisdakik.com\/index.php?rest_route=\/wp\/v2\/media\/70499"}],"wp:attachment":[{"href":"https:\/\/kibrisdakik.com\/index.php?rest_route=%2Fwp%2Fv2%2Fmedia&parent=70498"}],"wp:term":[{"taxonomy":"category","embeddable":true,"href":"https:\/\/kibrisdakik.com\/index.php?rest_route=%2Fwp%2Fv2%2Fcategories&post=70498"},{"taxonomy":"post_tag","embeddable":true,"href":"https:\/\/kibrisdakik.com\/index.php?rest_route=%2Fwp%2Fv2%2Ftags&post=70498"}],"curies":[{"name":"wp","href":"https:\/\/api.w.org\/{rel}","templated":true}]}}