{"id":70524,"date":"2024-12-01T14:39:21","date_gmt":"2024-12-01T11:39:21","guid":{"rendered":"https:\/\/kibrisdakik.com\/index.php\/2024\/12\/01\/tatar-kultur-ve-sanat-alaninda-yapilan-calismalar-ulke-imajina-katki-yapiyor\/"},"modified":"2024-12-01T14:39:21","modified_gmt":"2024-12-01T11:39:21","slug":"tatar-kultur-ve-sanat-alaninda-yapilan-calismalar-ulke-imajina-katki-yapiyor","status":"publish","type":"post","link":"https:\/\/kibrisdakik.com\/?p=70524","title":{"rendered":"Tatar: \u201cK\u00fclt\u00fcr ve sanat alan\u0131nda yap\u0131lan \u00e7al\u0131\u015fmalar \u00fclke imaj\u0131na katk\u0131 yap\u0131yor\u201d"},"content":{"rendered":"<p> <br \/>\n<\/p>\n<div>\n<div class=\"mariselle-image-container center\">\n                <img loading=\"lazy\" decoding=\"async\" width=\"2560\" height=\"1730\" class=\"lazy-image\" alt=\"\" sizes=\"auto, (max-width: 2560px) 100vw, 2560px\" src=\"https:\/\/brtk.net\/wp-content\/uploads\/2024\/12\/01\/tatar-alev-art-galeri-acilisi-6--scaled.jpg?ver=4a68ab4e8af7e9cc6c6e91421ba0b245\" srcset=\"https:\/\/brtk.net\/wp-content\/uploads\/2024\/12\/01\/tatar-alev-art-galeri-acilisi-6--scaled.jpg?ver=4a68ab4e8af7e9cc6c6e91421ba0b245 2560w, https:\/\/brtk.net\/wp-content\/uploads\/2024\/12\/01\/tatar-alev-art-galeri-acilisi-6--300x203.jpg?ver=4a68ab4e8af7e9cc6c6e91421ba0b245 300w, https:\/\/brtk.net\/wp-content\/uploads\/2024\/12\/01\/tatar-alev-art-galeri-acilisi-6--1024x692.jpg?ver=41355f16ef526203eb6dbcc5c1ff3407 1024w, https:\/\/brtk.net\/wp-content\/uploads\/2024\/12\/01\/tatar-alev-art-galeri-acilisi-6--768x519.jpg?ver=13d945b68b97ccb4caa85050a1c137b7 768w, https:\/\/brtk.net\/wp-content\/uploads\/2024\/12\/01\/tatar-alev-art-galeri-acilisi-6--1536x1038.jpg?ver=39a821d6772b1be131ab28e523b7f333 1536w, https:\/\/brtk.net\/wp-content\/uploads\/2024\/12\/01\/tatar-alev-art-galeri-acilisi-6--2048x1384.jpg?ver=63ba3cd662d1e74ea4ce189bcead7b7e 2048w\"\/>                            <\/div>\n<p>Cumhurba\u015fkan\u0131 Ersin Tatar, Alev Art Galeri\u2019nin a\u00e7\u0131l\u0131\u015f\u0131na kat\u0131ld\u0131. <\/p>\n<p>Cumhurba\u015fkan\u0131 Tatar a\u00e7\u0131l\u0131\u015fta yapt\u0131\u011f\u0131 konu\u015fmada, k\u00fclt\u00fcr ve sanat\u0131n \u00f6nemine i\u015faret ederek, \u00e7a\u011fda\u015f de\u011ferlerin unsuru olarak hizmete giren galeri ve sergi a\u00e7\u0131l\u0131\u015f\u0131nda bulunmaktan duydu\u011fu memnuniyeti ifade etti. <\/p>\n<p>Galeriye \u00e7ok say\u0131da ziyaret\u00e7i gelmesini temenni eden Cumhurba\u015fkan\u0131 Tatar, galeride yap\u0131lacak \u00e7al\u0131\u015fmalarla Kuzey K\u0131br\u0131s T\u00fcrk Cumhuriyeti\u2019nin imaj\u0131n\u0131n ve buradaki \u00e7a\u011fda\u015f ya\u015fam\u0131n yans\u0131t\u0131ld\u0131\u011f\u0131n\u0131 kaydetti. <\/p>\n<p>Cumhurba\u015fkan\u0131 Tatar, galeri sahibi Alev Erlat Afacan\u2019\u0131 tebrik ederek, \u00e7al\u0131\u015fmalar\u0131nda ba\u015far\u0131lar diledi.<\/p>\n<\/p><\/div>\n<p><script async\n                    defer\n                    crossorigin=\"anonymous\"\n                    src=\"https:\/\/connect.facebook.net\/tr_TR\/sdk.js#xfbml=1&#038;version=v3.3\"\n            ><\/script><br \/>\n<br \/><br \/>\n<br \/><a href=\"https:\/\/brtk.net\/tatar-kultur-ve-sanat-alaninda-yapilan-calismalar-ulke-imajina-katki-yapiyor\/\">kpostasi <\/a><\/p>\n","protected":false},"excerpt":{"rendered":"<p>Cumhurba\u015fkan\u0131 Ersin Tatar, Alev Art Galeri\u2019nin a\u00e7\u0131l\u0131\u015f\u0131na kat\u0131ld\u0131. Cumhurba\u015fkan\u0131 Tatar a\u00e7\u0131l\u0131\u015fta yapt\u0131\u011f\u0131 konu\u015fmada, k\u00fclt\u00fcr ve sanat\u0131n \u00f6nemine i\u015faret ederek, \u00e7a\u011fda\u015f de\u011ferlerin unsuru olarak hizmete giren galeri ve sergi a\u00e7\u0131l\u0131\u015f\u0131nda bulunmaktan duydu\u011fu memnuniyeti ifade etti. Galeriye \u00e7ok say\u0131da ziyaret\u00e7i gelmesini temenni eden Cumhurba\u015fkan\u0131 Tatar, galeride yap\u0131lacak \u00e7al\u0131\u015fmalarla Kuzey K\u0131br\u0131s T\u00fcrk Cumhuriyeti\u2019nin imaj\u0131n\u0131n ve buradaki \u00e7a\u011fda\u015f ya\u015fam\u0131n<\/p>\n","protected":false},"author":1,"featured_media":70525,"comment_status":"open","ping_status":"open","sticky":false,"template":"","format":"standard","meta":{"footnotes":""},"categories":[1,81],"tags":[],"class_list":["post-70524","post","type-post","status-publish","format-standard","has-post-thumbnail","hentry","category-gundem","category-kibris"],"yoast_head":"<!-- This site is optimized with the Yoast SEO plugin v27.5 - https:\/\/yoast.com\/product\/yoast-seo-wordpress\/ -->\n<title>Tatar: \u201cK\u00fclt\u00fcr ve sanat alan\u0131nda yap\u0131lan \u00e7al\u0131\u015fmalar \u00fclke imaj\u0131na katk\u0131 yap\u0131yor\u201d -<\/title>\n<meta name=\"robots\" content=\"index, follow, max-snippet:-1, max-image-preview:large, max-video-preview:-1\" \/>\n<link rel=\"canonical\" href=\"https:\/\/kibrisdakik.com\/?p=70524\" \/>\n<meta property=\"og:locale\" content=\"tr_TR\" \/>\n<meta property=\"og:type\" content=\"article\" \/>\n<meta property=\"og:title\" content=\"Tatar: \u201cK\u00fclt\u00fcr ve sanat alan\u0131nda yap\u0131lan \u00e7al\u0131\u015fmalar \u00fclke imaj\u0131na katk\u0131 yap\u0131yor\u201d -\" \/>\n<meta property=\"og:description\" content=\"Cumhurba\u015fkan\u0131 Ersin Tatar, Alev Art Galeri\u2019nin a\u00e7\u0131l\u0131\u015f\u0131na kat\u0131ld\u0131. Cumhurba\u015fkan\u0131 Tatar a\u00e7\u0131l\u0131\u015fta yapt\u0131\u011f\u0131 konu\u015fmada, k\u00fclt\u00fcr ve sanat\u0131n \u00f6nemine i\u015faret ederek, \u00e7a\u011fda\u015f de\u011ferlerin unsuru olarak hizmete giren galeri ve sergi a\u00e7\u0131l\u0131\u015f\u0131nda bulunmaktan duydu\u011fu memnuniyeti ifade etti. Galeriye \u00e7ok say\u0131da ziyaret\u00e7i gelmesini temenni eden Cumhurba\u015fkan\u0131 Tatar, galeride yap\u0131lacak \u00e7al\u0131\u015fmalarla Kuzey K\u0131br\u0131s T\u00fcrk Cumhuriyeti\u2019nin imaj\u0131n\u0131n ve buradaki \u00e7a\u011fda\u015f ya\u015fam\u0131n\" \/>\n<meta property=\"og:url\" content=\"https:\/\/kibrisdakik.com\/?p=70524\" \/>\n<meta property=\"article:published_time\" content=\"2024-12-01T11:39:21+00:00\" \/>\n<meta property=\"og:image\" content=\"https:\/\/kibrisdakik.com\/wp-content\/uploads\/2024\/12\/tatar-alev-art-galeri-acilisi-6-scaled-740x420.jpg\" \/>\n\t<meta property=\"og:image:width\" content=\"2560\" \/>\n\t<meta property=\"og:image:height\" content=\"1730\" \/>\n\t<meta property=\"og:image:type\" content=\"image\/jpeg\" \/>\n<meta name=\"author\" content=\"admin\" \/>\n<meta name=\"twitter:card\" content=\"summary_large_image\" \/>\n<meta name=\"twitter:label1\" content=\"Yazan:\" \/>\n\t<meta name=\"twitter:data1\" content=\"admin\" \/>\n\t<meta name=\"twitter:label2\" content=\"Tahmini okuma s\u00fcresi\" \/>\n\t<meta name=\"twitter:data2\" content=\"1 dakika\" \/>\n<script type=\"application\/ld+json\" class=\"yoast-schema-graph\">{\"@context\":\"https:\\\/\\\/schema.org\",\"@graph\":[{\"@type\":\"Article\",\"@id\":\"https:\\\/\\\/kibrisdakik.com\\\/?p=70524#article\",\"isPartOf\":{\"@id\":\"https:\\\/\\\/kibrisdakik.com\\\/?p=70524\"},\"author\":{\"name\":\"admin\",\"@id\":\"https:\\\/\\\/kibrisdakik.com\\\/#\\\/schema\\\/person\\\/9cd9d437bbb44f72b73ba127e06d8e79\"},\"headline\":\"Tatar: \u201cK\u00fclt\u00fcr ve sanat alan\u0131nda yap\u0131lan \u00e7al\u0131\u015fmalar \u00fclke imaj\u0131na katk\u0131 yap\u0131yor\u201d\",\"datePublished\":\"2024-12-01T11:39:21+00:00\",\"mainEntityOfPage\":{\"@id\":\"https:\\\/\\\/kibrisdakik.com\\\/?p=70524\"},\"wordCount\":130,\"commentCount\":0,\"image\":{\"@id\":\"https:\\\/\\\/kibrisdakik.com\\\/?p=70524#primaryimage\"},\"thumbnailUrl\":\"https:\\\/\\\/kibrisdakik.com\\\/wp-content\\\/uploads\\\/2024\\\/12\\\/tatar-alev-art-galeri-acilisi-6-scaled-740x420.jpg\",\"articleSection\":[\"G\u00fcndem\",\"K\u0131br\u0131s\"],\"inLanguage\":\"tr\",\"potentialAction\":[{\"@type\":\"CommentAction\",\"name\":\"Comment\",\"target\":[\"https:\\\/\\\/kibrisdakik.com\\\/?p=70524#respond\"]}]},{\"@type\":\"WebPage\",\"@id\":\"https:\\\/\\\/kibrisdakik.com\\\/?p=70524\",\"url\":\"https:\\\/\\\/kibrisdakik.com\\\/?p=70524\",\"name\":\"Tatar: \u201cK\u00fclt\u00fcr ve sanat alan\u0131nda yap\u0131lan \u00e7al\u0131\u015fmalar \u00fclke imaj\u0131na katk\u0131 yap\u0131yor\u201d -\",\"isPartOf\":{\"@id\":\"https:\\\/\\\/kibrisdakik.com\\\/#website\"},\"primaryImageOfPage\":{\"@id\":\"https:\\\/\\\/kibrisdakik.com\\\/?p=70524#primaryimage\"},\"image\":{\"@id\":\"https:\\\/\\\/kibrisdakik.com\\\/?p=70524#primaryimage\"},\"thumbnailUrl\":\"https:\\\/\\\/kibrisdakik.com\\\/wp-content\\\/uploads\\\/2024\\\/12\\\/tatar-alev-art-galeri-acilisi-6-scaled-740x420.jpg\",\"datePublished\":\"2024-12-01T11:39:21+00:00\",\"author\":{\"@id\":\"https:\\\/\\\/kibrisdakik.com\\\/#\\\/schema\\\/person\\\/9cd9d437bbb44f72b73ba127e06d8e79\"},\"breadcrumb\":{\"@id\":\"https:\\\/\\\/kibrisdakik.com\\\/?p=70524#breadcrumb\"},\"inLanguage\":\"tr\",\"potentialAction\":[{\"@type\":\"ReadAction\",\"target\":[\"https:\\\/\\\/kibrisdakik.com\\\/?p=70524\"]}]},{\"@type\":\"ImageObject\",\"inLanguage\":\"tr\",\"@id\":\"https:\\\/\\\/kibrisdakik.com\\\/?p=70524#primaryimage\",\"url\":\"https:\\\/\\\/kibrisdakik.com\\\/wp-content\\\/uploads\\\/2024\\\/12\\\/tatar-alev-art-galeri-acilisi-6-scaled-740x420.jpg\",\"contentUrl\":\"https:\\\/\\\/kibrisdakik.com\\\/wp-content\\\/uploads\\\/2024\\\/12\\\/tatar-alev-art-galeri-acilisi-6-scaled-740x420.jpg\",\"width\":2560,\"height\":1730},{\"@type\":\"BreadcrumbList\",\"@id\":\"https:\\\/\\\/kibrisdakik.com\\\/?p=70524#breadcrumb\",\"itemListElement\":[{\"@type\":\"ListItem\",\"position\":1,\"name\":\"Home\",\"item\":\"https:\\\/\\\/kibrisdakik.com\\\/\"},{\"@type\":\"ListItem\",\"position\":2,\"name\":\"Tatar: \u201cK\u00fclt\u00fcr ve sanat alan\u0131nda yap\u0131lan \u00e7al\u0131\u015fmalar \u00fclke imaj\u0131na katk\u0131 yap\u0131yor\u201d\"}]},{\"@type\":\"WebSite\",\"@id\":\"https:\\\/\\\/kibrisdakik.com\\\/#website\",\"url\":\"https:\\\/\\\/kibrisdakik.com\\\/\",\"name\":\"\",\"description\":\"Tam vaktinde haber\",\"potentialAction\":[{\"@type\":\"SearchAction\",\"target\":{\"@type\":\"EntryPoint\",\"urlTemplate\":\"https:\\\/\\\/kibrisdakik.com\\\/?s={search_term_string}\"},\"query-input\":{\"@type\":\"PropertyValueSpecification\",\"valueRequired\":true,\"valueName\":\"search_term_string\"}}],\"inLanguage\":\"tr\"},{\"@type\":\"Person\",\"@id\":\"https:\\\/\\\/kibrisdakik.com\\\/#\\\/schema\\\/person\\\/9cd9d437bbb44f72b73ba127e06d8e79\",\"name\":\"admin\",\"image\":{\"@type\":\"ImageObject\",\"inLanguage\":\"tr\",\"@id\":\"https:\\\/\\\/secure.gravatar.com\\\/avatar\\\/ccc17943b9d660506c869530f897617f7cb1c21a4bf30023f252596d83e1f007?s=96&d=mm&r=g\",\"url\":\"https:\\\/\\\/secure.gravatar.com\\\/avatar\\\/ccc17943b9d660506c869530f897617f7cb1c21a4bf30023f252596d83e1f007?s=96&d=mm&r=g\",\"contentUrl\":\"https:\\\/\\\/secure.gravatar.com\\\/avatar\\\/ccc17943b9d660506c869530f897617f7cb1c21a4bf30023f252596d83e1f007?s=96&d=mm&r=g\",\"caption\":\"admin\"},\"sameAs\":[\"https:\\\/\\\/kibrisdakik.com\"],\"url\":\"https:\\\/\\\/kibrisdakik.com\\\/?author=1\"}]}<\/script>\n<!-- \/ Yoast SEO plugin. -->","yoast_head_json":{"title":"Tatar: \u201cK\u00fclt\u00fcr ve sanat alan\u0131nda yap\u0131lan \u00e7al\u0131\u015fmalar \u00fclke imaj\u0131na katk\u0131 yap\u0131yor\u201d -","robots":{"index":"index","follow":"follow","max-snippet":"max-snippet:-1","max-image-preview":"max-image-preview:large","max-video-preview":"max-video-preview:-1"},"canonical":"https:\/\/kibrisdakik.com\/?p=70524","og_locale":"tr_TR","og_type":"article","og_title":"Tatar: \u201cK\u00fclt\u00fcr ve sanat alan\u0131nda yap\u0131lan \u00e7al\u0131\u015fmalar \u00fclke imaj\u0131na katk\u0131 yap\u0131yor\u201d -","og_description":"Cumhurba\u015fkan\u0131 Ersin Tatar, Alev Art Galeri\u2019nin a\u00e7\u0131l\u0131\u015f\u0131na kat\u0131ld\u0131. Cumhurba\u015fkan\u0131 Tatar a\u00e7\u0131l\u0131\u015fta yapt\u0131\u011f\u0131 konu\u015fmada, k\u00fclt\u00fcr ve sanat\u0131n \u00f6nemine i\u015faret ederek, \u00e7a\u011fda\u015f de\u011ferlerin unsuru olarak hizmete giren galeri ve sergi a\u00e7\u0131l\u0131\u015f\u0131nda bulunmaktan duydu\u011fu memnuniyeti ifade etti. Galeriye \u00e7ok say\u0131da ziyaret\u00e7i gelmesini temenni eden Cumhurba\u015fkan\u0131 Tatar, galeride yap\u0131lacak \u00e7al\u0131\u015fmalarla Kuzey K\u0131br\u0131s T\u00fcrk Cumhuriyeti\u2019nin imaj\u0131n\u0131n ve buradaki \u00e7a\u011fda\u015f ya\u015fam\u0131n","og_url":"https:\/\/kibrisdakik.com\/?p=70524","article_published_time":"2024-12-01T11:39:21+00:00","og_image":[{"width":2560,"height":1730,"url":"https:\/\/kibrisdakik.com\/wp-content\/uploads\/2024\/12\/tatar-alev-art-galeri-acilisi-6-scaled-740x420.jpg","type":"image\/jpeg"}],"author":"admin","twitter_card":"summary_large_image","twitter_misc":{"Yazan:":"admin","Tahmini okuma s\u00fcresi":"1 dakika"},"schema":{"@context":"https:\/\/schema.org","@graph":[{"@type":"Article","@id":"https:\/\/kibrisdakik.com\/?p=70524#article","isPartOf":{"@id":"https:\/\/kibrisdakik.com\/?p=70524"},"author":{"name":"admin","@id":"https:\/\/kibrisdakik.com\/#\/schema\/person\/9cd9d437bbb44f72b73ba127e06d8e79"},"headline":"Tatar: \u201cK\u00fclt\u00fcr ve sanat alan\u0131nda yap\u0131lan \u00e7al\u0131\u015fmalar \u00fclke imaj\u0131na katk\u0131 yap\u0131yor\u201d","datePublished":"2024-12-01T11:39:21+00:00","mainEntityOfPage":{"@id":"https:\/\/kibrisdakik.com\/?p=70524"},"wordCount":130,"commentCount":0,"image":{"@id":"https:\/\/kibrisdakik.com\/?p=70524#primaryimage"},"thumbnailUrl":"https:\/\/kibrisdakik.com\/wp-content\/uploads\/2024\/12\/tatar-alev-art-galeri-acilisi-6-scaled-740x420.jpg","articleSection":["G\u00fcndem","K\u0131br\u0131s"],"inLanguage":"tr","potentialAction":[{"@type":"CommentAction","name":"Comment","target":["https:\/\/kibrisdakik.com\/?p=70524#respond"]}]},{"@type":"WebPage","@id":"https:\/\/kibrisdakik.com\/?p=70524","url":"https:\/\/kibrisdakik.com\/?p=70524","name":"Tatar: \u201cK\u00fclt\u00fcr ve sanat alan\u0131nda yap\u0131lan \u00e7al\u0131\u015fmalar \u00fclke imaj\u0131na katk\u0131 yap\u0131yor\u201d -","isPartOf":{"@id":"https:\/\/kibrisdakik.com\/#website"},"primaryImageOfPage":{"@id":"https:\/\/kibrisdakik.com\/?p=70524#primaryimage"},"image":{"@id":"https:\/\/kibrisdakik.com\/?p=70524#primaryimage"},"thumbnailUrl":"https:\/\/kibrisdakik.com\/wp-content\/uploads\/2024\/12\/tatar-alev-art-galeri-acilisi-6-scaled-740x420.jpg","datePublished":"2024-12-01T11:39:21+00:00","author":{"@id":"https:\/\/kibrisdakik.com\/#\/schema\/person\/9cd9d437bbb44f72b73ba127e06d8e79"},"breadcrumb":{"@id":"https:\/\/kibrisdakik.com\/?p=70524#breadcrumb"},"inLanguage":"tr","potentialAction":[{"@type":"ReadAction","target":["https:\/\/kibrisdakik.com\/?p=70524"]}]},{"@type":"ImageObject","inLanguage":"tr","@id":"https:\/\/kibrisdakik.com\/?p=70524#primaryimage","url":"https:\/\/kibrisdakik.com\/wp-content\/uploads\/2024\/12\/tatar-alev-art-galeri-acilisi-6-scaled-740x420.jpg","contentUrl":"https:\/\/kibrisdakik.com\/wp-content\/uploads\/2024\/12\/tatar-alev-art-galeri-acilisi-6-scaled-740x420.jpg","width":2560,"height":1730},{"@type":"BreadcrumbList","@id":"https:\/\/kibrisdakik.com\/?p=70524#breadcrumb","itemListElement":[{"@type":"ListItem","position":1,"name":"Home","item":"https:\/\/kibrisdakik.com\/"},{"@type":"ListItem","position":2,"name":"Tatar: \u201cK\u00fclt\u00fcr ve sanat alan\u0131nda yap\u0131lan \u00e7al\u0131\u015fmalar \u00fclke imaj\u0131na katk\u0131 yap\u0131yor\u201d"}]},{"@type":"WebSite","@id":"https:\/\/kibrisdakik.com\/#website","url":"https:\/\/kibrisdakik.com\/","name":"","description":"Tam vaktinde haber","potentialAction":[{"@type":"SearchAction","target":{"@type":"EntryPoint","urlTemplate":"https:\/\/kibrisdakik.com\/?s={search_term_string}"},"query-input":{"@type":"PropertyValueSpecification","valueRequired":true,"valueName":"search_term_string"}}],"inLanguage":"tr"},{"@type":"Person","@id":"https:\/\/kibrisdakik.com\/#\/schema\/person\/9cd9d437bbb44f72b73ba127e06d8e79","name":"admin","image":{"@type":"ImageObject","inLanguage":"tr","@id":"https:\/\/secure.gravatar.com\/avatar\/ccc17943b9d660506c869530f897617f7cb1c21a4bf30023f252596d83e1f007?s=96&d=mm&r=g","url":"https:\/\/secure.gravatar.com\/avatar\/ccc17943b9d660506c869530f897617f7cb1c21a4bf30023f252596d83e1f007?s=96&d=mm&r=g","contentUrl":"https:\/\/secure.gravatar.com\/avatar\/ccc17943b9d660506c869530f897617f7cb1c21a4bf30023f252596d83e1f007?s=96&d=mm&r=g","caption":"admin"},"sameAs":["https:\/\/kibrisdakik.com"],"url":"https:\/\/kibrisdakik.com\/?author=1"}]}},"_links":{"self":[{"href":"https:\/\/kibrisdakik.com\/index.php?rest_route=\/wp\/v2\/posts\/70524","targetHints":{"allow":["GET"]}}],"collection":[{"href":"https:\/\/kibrisdakik.com\/index.php?rest_route=\/wp\/v2\/posts"}],"about":[{"href":"https:\/\/kibrisdakik.com\/index.php?rest_route=\/wp\/v2\/types\/post"}],"author":[{"embeddable":true,"href":"https:\/\/kibrisdakik.com\/index.php?rest_route=\/wp\/v2\/users\/1"}],"replies":[{"embeddable":true,"href":"https:\/\/kibrisdakik.com\/index.php?rest_route=%2Fwp%2Fv2%2Fcomments&post=70524"}],"version-history":[{"count":0,"href":"https:\/\/kibrisdakik.com\/index.php?rest_route=\/wp\/v2\/posts\/70524\/revisions"}],"wp:featuredmedia":[{"embeddable":true,"href":"https:\/\/kibrisdakik.com\/index.php?rest_route=\/wp\/v2\/media\/70525"}],"wp:attachment":[{"href":"https:\/\/kibrisdakik.com\/index.php?rest_route=%2Fwp%2Fv2%2Fmedia&parent=70524"}],"wp:term":[{"taxonomy":"category","embeddable":true,"href":"https:\/\/kibrisdakik.com\/index.php?rest_route=%2Fwp%2Fv2%2Fcategories&post=70524"},{"taxonomy":"post_tag","embeddable":true,"href":"https:\/\/kibrisdakik.com\/index.php?rest_route=%2Fwp%2Fv2%2Ftags&post=70524"}],"curies":[{"name":"wp","href":"https:\/\/api.w.org\/{rel}","templated":true}]}}