{"id":70532,"date":"2024-12-01T15:42:06","date_gmt":"2024-12-01T12:42:06","guid":{"rendered":"https:\/\/kibrisdakik.com\/index.php\/2024\/12\/01\/maratonda-yuruyus-yapilirken-ayni-zamanda-sosyal-sorumluluk-yerine-getiriliyor\/"},"modified":"2024-12-01T15:42:06","modified_gmt":"2024-12-01T12:42:06","slug":"maratonda-yuruyus-yapilirken-ayni-zamanda-sosyal-sorumluluk-yerine-getiriliyor","status":"publish","type":"post","link":"https:\/\/kibrisdakik.com\/?p=70532","title":{"rendered":"\u201cMaratonda y\u00fcr\u00fcy\u00fc\u015f yap\u0131l\u0131rken, ayn\u0131 zamanda sosyal sorumluluk yerine getiriliyor\u201d"},"content":{"rendered":"<div>\n<p>\u00a0<\/p>\n<div class=\"mariselle-image-container center\">\n                                            <\/div>\n<p>\u00a0<\/p>\n<div class=\"mariselle-image-container center\">\n                <img loading=\"lazy\" decoding=\"async\" width=\"1080\" height=\"562\" class=\"lazy-image\" alt=\"\" sizes=\"auto, (max-width: 1080px) 100vw, 1080px\" src=\"https:\/\/brtk.net\/wp-content\/uploads\/2024\/12\/01\/Screenshot_20241201_143353_X.jpg?ver=21ecf11aa14bae4dee84e360e4523489\" srcset=\"https:\/\/brtk.net\/wp-content\/uploads\/2024\/12\/01\/Screenshot_20241201_143353_X.jpg?ver=21ecf11aa14bae4dee84e360e4523489 1080w, https:\/\/brtk.net\/wp-content\/uploads\/2024\/12\/01\/Screenshot_20241201_143353_X-300x156.jpg?ver=2b2df85a963f68397e180272b8506277 300w, https:\/\/brtk.net\/wp-content\/uploads\/2024\/12\/01\/Screenshot_20241201_143353_X-1024x533.jpg?ver=2b2df85a963f68397e180272b8506277 1024w, https:\/\/brtk.net\/wp-content\/uploads\/2024\/12\/01\/Screenshot_20241201_143353_X-768x400.jpg?ver=2b2df85a963f68397e180272b8506277 768w, https:\/\/brtk.net\/wp-content\/uploads\/2024\/12\/01\/Screenshot_20241201_143353_X-736x384.jpg?ver=2b2df85a963f68397e180272b8506277 736w\"\/>                            <\/div>\n<p><span style=\"font-family: Ubuntu, sans-serif; font-size: 14px;\">Cumhurba\u015fkan\u0131 Ersin Tatar, Lefko\u015fa T\u00fcrk Belediyesi taraf\u0131ndan d\u00fczenlenen \u00dclker Lefko\u015fa Maratonu\u2019na kat\u0131ld\u0131.<\/span><\/p>\n<p>Cumhurba\u015fkan\u0131 Ersin Tatar burada bas\u0131na yapt\u0131\u011f\u0131 a\u00e7\u0131klamada, gelenekselle\u015fen Lefko\u015fa Maratonu\u2019nda eme\u011fi ge\u00e7enleri ve maratona katk\u0131 koyanlar\u0131 tebrik etti.<\/p>\n<p>Cumhurba\u015fkan\u0131 Tatar, geliri \u00c7ocuk Onkoloji Servisi\u2019nde tedavi g\u00f6ren \u201cminik kahramanlar\u0131n\u201d tedavi s\u00fcre\u00e7lerinde de\u011ferlendirilecek olan maratonun \u00f6nemine dikkat \u00e7ekti, a\u00e7\u0131k havada g\u00fczel bir organizasyonda y\u00fcr\u00fcy\u00fc\u015f yap\u0131l\u0131rken, ayn\u0131 zamanda sosyal sorumlulu\u011fun yerine getirilece\u011fini ve dayan\u0131\u015fma g\u00f6sterilece\u011fini ifade etti.<\/p>\n<div>\n<div class=\"mariselle-image-container center\">\n                <img loading=\"lazy\" decoding=\"async\" width=\"1600\" height=\"1066\" class=\"lazy-image\" alt=\"\" sizes=\"auto, (max-width: 1600px) 100vw, 1600px\" src=\"https:\/\/brtk.net\/wp-content\/uploads\/2024\/12\/01\/IMG-20241201-WA0041.jpg?ver=ac63b3da359147330d658052a7388ca1\" srcset=\"https:\/\/brtk.net\/wp-content\/uploads\/2024\/12\/01\/IMG-20241201-WA0041.jpg?ver=ac63b3da359147330d658052a7388ca1 1600w, https:\/\/brtk.net\/wp-content\/uploads\/2024\/12\/01\/IMG-20241201-WA0041-300x200.jpg?ver=16c508d84f7de2e9edcf72aa4264e21f 300w, https:\/\/brtk.net\/wp-content\/uploads\/2024\/12\/01\/IMG-20241201-WA0041-1024x682.jpg?ver=abdf8b3d10d2bc8eb1f74983f82968ec 1024w, https:\/\/brtk.net\/wp-content\/uploads\/2024\/12\/01\/IMG-20241201-WA0041-768x512.jpg?ver=abdf8b3d10d2bc8eb1f74983f82968ec 768w, https:\/\/brtk.net\/wp-content\/uploads\/2024\/12\/01\/IMG-20241201-WA0041-1536x1023.jpg?ver=60772b15295e397fb2646c21c77bb2cf 1536w\"\/>                            <\/div>\n<\/div>\n<p>Sa\u011fl\u0131kl\u0131 ya\u015fam i\u00e7in spor ve y\u00fcr\u00fcy\u00fc\u015f\u00fcn \u00f6nemine i\u015faret eden Cumhurba\u015fkan\u0131 Tatar, \u00fclkenin bir\u00e7ok yerinde spor salonu a\u00e7\u0131lmas\u0131n\u0131n sevindirici oldu\u011funu vurgulad\u0131.<\/p>\n<p>Kendi \u00f6nerisiyle Lefko\u015fa Metehan B\u00f6lgesi\u2019nde Cumhurba\u015fkanl\u0131\u011f\u0131 Yerle\u015fkesi yan\u0131nda 400 d\u00f6n\u00fcml\u00fck park alan\u0131nda y\u00fcr\u00fcy\u00fc\u015f parkurlar\u0131n\u0131n yap\u0131ld\u0131\u011f\u0131n\u0131 anlatan Cumhurba\u015fkan\u0131 Tatar, \u201cFarkl\u0131 spor alanlar\u0131 ve y\u00fcr\u00fcy\u00fc\u015f parkurlar\u0131 ile Lefko\u015fa\u2019ya muazzam bir yer kazand\u0131r\u0131lacak. Sa\u011fl\u0131kl\u0131 ya\u015fam i\u00e7in gelece\u011fe g\u00fczel bir miras b\u0131rakaca\u011f\u0131z\u201d dedi.<\/p>\n<\/p><\/div>\n<p><script async\n                    defer\n                    crossorigin=\"anonymous\"\n                    src=\"https:\/\/connect.facebook.net\/tr_TR\/sdk.js#xfbml=1&#038;version=v3.3\"\n            ><\/script><\/p>\n","protected":false},"excerpt":{"rendered":"<p>\u00a0 \u00a0 Cumhurba\u015fkan\u0131 Ersin Tatar, Lefko\u015fa T\u00fcrk Belediyesi taraf\u0131ndan d\u00fczenlenen \u00dclker Lefko\u015fa Maratonu\u2019na kat\u0131ld\u0131. Cumhurba\u015fkan\u0131 Ersin Tatar burada bas\u0131na yapt\u0131\u011f\u0131 a\u00e7\u0131klamada, gelenekselle\u015fen Lefko\u015fa Maratonu\u2019nda eme\u011fi ge\u00e7enleri ve maratona katk\u0131 koyanlar\u0131 tebrik etti. Cumhurba\u015fkan\u0131 Tatar, geliri \u00c7ocuk Onkoloji Servisi\u2019nde tedavi g\u00f6ren \u201cminik kahramanlar\u0131n\u201d tedavi s\u00fcre\u00e7lerinde de\u011ferlendirilecek olan maratonun \u00f6nemine dikkat \u00e7ekti, a\u00e7\u0131k havada g\u00fczel bir organizasyonda<\/p>\n","protected":false},"author":1,"featured_media":70533,"comment_status":"open","ping_status":"open","sticky":false,"template":"","format":"standard","meta":{"footnotes":""},"categories":[81],"tags":[],"class_list":["post-70532","post","type-post","status-publish","format-standard","has-post-thumbnail","hentry","category-kibris"],"yoast_head":"<!-- This site is optimized with the Yoast SEO plugin v27.5 - https:\/\/yoast.com\/product\/yoast-seo-wordpress\/ -->\n<title>\u201cMaratonda y\u00fcr\u00fcy\u00fc\u015f yap\u0131l\u0131rken, ayn\u0131 zamanda sosyal sorumluluk yerine getiriliyor\u201d -<\/title>\n<meta name=\"robots\" content=\"index, follow, max-snippet:-1, max-image-preview:large, max-video-preview:-1\" \/>\n<link rel=\"canonical\" href=\"https:\/\/kibrisdakik.com\/?p=70532\" \/>\n<meta property=\"og:locale\" content=\"tr_TR\" \/>\n<meta property=\"og:type\" content=\"article\" \/>\n<meta property=\"og:title\" content=\"\u201cMaratonda y\u00fcr\u00fcy\u00fc\u015f yap\u0131l\u0131rken, ayn\u0131 zamanda sosyal sorumluluk yerine getiriliyor\u201d -\" \/>\n<meta property=\"og:description\" content=\"\u00a0 \u00a0 Cumhurba\u015fkan\u0131 Ersin Tatar, Lefko\u015fa T\u00fcrk Belediyesi taraf\u0131ndan d\u00fczenlenen \u00dclker Lefko\u015fa Maratonu\u2019na kat\u0131ld\u0131. Cumhurba\u015fkan\u0131 Ersin Tatar burada bas\u0131na yapt\u0131\u011f\u0131 a\u00e7\u0131klamada, gelenekselle\u015fen Lefko\u015fa Maratonu\u2019nda eme\u011fi ge\u00e7enleri ve maratona katk\u0131 koyanlar\u0131 tebrik etti. Cumhurba\u015fkan\u0131 Tatar, geliri \u00c7ocuk Onkoloji Servisi\u2019nde tedavi g\u00f6ren \u201cminik kahramanlar\u0131n\u201d tedavi s\u00fcre\u00e7lerinde de\u011ferlendirilecek olan maratonun \u00f6nemine dikkat \u00e7ekti, a\u00e7\u0131k havada g\u00fczel bir organizasyonda\" \/>\n<meta property=\"og:url\" content=\"https:\/\/kibrisdakik.com\/?p=70532\" \/>\n<meta property=\"article:published_time\" content=\"2024-12-01T12:42:06+00:00\" \/>\n<meta property=\"og:image\" content=\"https:\/\/kibrisdakik.com\/wp-content\/uploads\/2024\/12\/Screenshot_20241201_143353_X-740x420.jpg\" \/>\n\t<meta property=\"og:image:width\" content=\"1080\" \/>\n\t<meta property=\"og:image:height\" content=\"562\" \/>\n\t<meta property=\"og:image:type\" content=\"image\/jpeg\" \/>\n<meta name=\"author\" content=\"admin\" \/>\n<meta name=\"twitter:card\" content=\"summary_large_image\" \/>\n<meta name=\"twitter:label1\" content=\"Yazan:\" \/>\n\t<meta name=\"twitter:data1\" content=\"admin\" \/>\n\t<meta name=\"twitter:label2\" content=\"Tahmini okuma s\u00fcresi\" \/>\n\t<meta name=\"twitter:data2\" content=\"1 dakika\" \/>\n<script type=\"application\/ld+json\" class=\"yoast-schema-graph\">{\"@context\":\"https:\\\/\\\/schema.org\",\"@graph\":[{\"@type\":\"Article\",\"@id\":\"https:\\\/\\\/kibrisdakik.com\\\/?p=70532#article\",\"isPartOf\":{\"@id\":\"https:\\\/\\\/kibrisdakik.com\\\/?p=70532\"},\"author\":{\"name\":\"admin\",\"@id\":\"https:\\\/\\\/kibrisdakik.com\\\/#\\\/schema\\\/person\\\/9cd9d437bbb44f72b73ba127e06d8e79\"},\"headline\":\"\u201cMaratonda y\u00fcr\u00fcy\u00fc\u015f yap\u0131l\u0131rken, ayn\u0131 zamanda sosyal sorumluluk yerine getiriliyor\u201d\",\"datePublished\":\"2024-12-01T12:42:06+00:00\",\"mainEntityOfPage\":{\"@id\":\"https:\\\/\\\/kibrisdakik.com\\\/?p=70532\"},\"wordCount\":216,\"commentCount\":0,\"image\":{\"@id\":\"https:\\\/\\\/kibrisdakik.com\\\/?p=70532#primaryimage\"},\"thumbnailUrl\":\"https:\\\/\\\/kibrisdakik.com\\\/wp-content\\\/uploads\\\/2024\\\/12\\\/Screenshot_20241201_143353_X-740x420.jpg\",\"articleSection\":[\"K\u0131br\u0131s\"],\"inLanguage\":\"tr\",\"potentialAction\":[{\"@type\":\"CommentAction\",\"name\":\"Comment\",\"target\":[\"https:\\\/\\\/kibrisdakik.com\\\/?p=70532#respond\"]}]},{\"@type\":\"WebPage\",\"@id\":\"https:\\\/\\\/kibrisdakik.com\\\/?p=70532\",\"url\":\"https:\\\/\\\/kibrisdakik.com\\\/?p=70532\",\"name\":\"\u201cMaratonda y\u00fcr\u00fcy\u00fc\u015f yap\u0131l\u0131rken, ayn\u0131 zamanda sosyal sorumluluk yerine getiriliyor\u201d -\",\"isPartOf\":{\"@id\":\"https:\\\/\\\/kibrisdakik.com\\\/#website\"},\"primaryImageOfPage\":{\"@id\":\"https:\\\/\\\/kibrisdakik.com\\\/?p=70532#primaryimage\"},\"image\":{\"@id\":\"https:\\\/\\\/kibrisdakik.com\\\/?p=70532#primaryimage\"},\"thumbnailUrl\":\"https:\\\/\\\/kibrisdakik.com\\\/wp-content\\\/uploads\\\/2024\\\/12\\\/Screenshot_20241201_143353_X-740x420.jpg\",\"datePublished\":\"2024-12-01T12:42:06+00:00\",\"author\":{\"@id\":\"https:\\\/\\\/kibrisdakik.com\\\/#\\\/schema\\\/person\\\/9cd9d437bbb44f72b73ba127e06d8e79\"},\"breadcrumb\":{\"@id\":\"https:\\\/\\\/kibrisdakik.com\\\/?p=70532#breadcrumb\"},\"inLanguage\":\"tr\",\"potentialAction\":[{\"@type\":\"ReadAction\",\"target\":[\"https:\\\/\\\/kibrisdakik.com\\\/?p=70532\"]}]},{\"@type\":\"ImageObject\",\"inLanguage\":\"tr\",\"@id\":\"https:\\\/\\\/kibrisdakik.com\\\/?p=70532#primaryimage\",\"url\":\"https:\\\/\\\/kibrisdakik.com\\\/wp-content\\\/uploads\\\/2024\\\/12\\\/Screenshot_20241201_143353_X-740x420.jpg\",\"contentUrl\":\"https:\\\/\\\/kibrisdakik.com\\\/wp-content\\\/uploads\\\/2024\\\/12\\\/Screenshot_20241201_143353_X-740x420.jpg\",\"width\":1080,\"height\":562},{\"@type\":\"BreadcrumbList\",\"@id\":\"https:\\\/\\\/kibrisdakik.com\\\/?p=70532#breadcrumb\",\"itemListElement\":[{\"@type\":\"ListItem\",\"position\":1,\"name\":\"Home\",\"item\":\"https:\\\/\\\/kibrisdakik.com\\\/\"},{\"@type\":\"ListItem\",\"position\":2,\"name\":\"\u201cMaratonda y\u00fcr\u00fcy\u00fc\u015f yap\u0131l\u0131rken, ayn\u0131 zamanda sosyal sorumluluk yerine getiriliyor\u201d\"}]},{\"@type\":\"WebSite\",\"@id\":\"https:\\\/\\\/kibrisdakik.com\\\/#website\",\"url\":\"https:\\\/\\\/kibrisdakik.com\\\/\",\"name\":\"\",\"description\":\"Tam vaktinde haber\",\"potentialAction\":[{\"@type\":\"SearchAction\",\"target\":{\"@type\":\"EntryPoint\",\"urlTemplate\":\"https:\\\/\\\/kibrisdakik.com\\\/?s={search_term_string}\"},\"query-input\":{\"@type\":\"PropertyValueSpecification\",\"valueRequired\":true,\"valueName\":\"search_term_string\"}}],\"inLanguage\":\"tr\"},{\"@type\":\"Person\",\"@id\":\"https:\\\/\\\/kibrisdakik.com\\\/#\\\/schema\\\/person\\\/9cd9d437bbb44f72b73ba127e06d8e79\",\"name\":\"admin\",\"image\":{\"@type\":\"ImageObject\",\"inLanguage\":\"tr\",\"@id\":\"https:\\\/\\\/secure.gravatar.com\\\/avatar\\\/ccc17943b9d660506c869530f897617f7cb1c21a4bf30023f252596d83e1f007?s=96&d=mm&r=g\",\"url\":\"https:\\\/\\\/secure.gravatar.com\\\/avatar\\\/ccc17943b9d660506c869530f897617f7cb1c21a4bf30023f252596d83e1f007?s=96&d=mm&r=g\",\"contentUrl\":\"https:\\\/\\\/secure.gravatar.com\\\/avatar\\\/ccc17943b9d660506c869530f897617f7cb1c21a4bf30023f252596d83e1f007?s=96&d=mm&r=g\",\"caption\":\"admin\"},\"sameAs\":[\"https:\\\/\\\/kibrisdakik.com\"],\"url\":\"https:\\\/\\\/kibrisdakik.com\\\/?author=1\"}]}<\/script>\n<!-- \/ Yoast SEO plugin. -->","yoast_head_json":{"title":"\u201cMaratonda y\u00fcr\u00fcy\u00fc\u015f yap\u0131l\u0131rken, ayn\u0131 zamanda sosyal sorumluluk yerine getiriliyor\u201d -","robots":{"index":"index","follow":"follow","max-snippet":"max-snippet:-1","max-image-preview":"max-image-preview:large","max-video-preview":"max-video-preview:-1"},"canonical":"https:\/\/kibrisdakik.com\/?p=70532","og_locale":"tr_TR","og_type":"article","og_title":"\u201cMaratonda y\u00fcr\u00fcy\u00fc\u015f yap\u0131l\u0131rken, ayn\u0131 zamanda sosyal sorumluluk yerine getiriliyor\u201d -","og_description":"\u00a0 \u00a0 Cumhurba\u015fkan\u0131 Ersin Tatar, Lefko\u015fa T\u00fcrk Belediyesi taraf\u0131ndan d\u00fczenlenen \u00dclker Lefko\u015fa Maratonu\u2019na kat\u0131ld\u0131. Cumhurba\u015fkan\u0131 Ersin Tatar burada bas\u0131na yapt\u0131\u011f\u0131 a\u00e7\u0131klamada, gelenekselle\u015fen Lefko\u015fa Maratonu\u2019nda eme\u011fi ge\u00e7enleri ve maratona katk\u0131 koyanlar\u0131 tebrik etti. Cumhurba\u015fkan\u0131 Tatar, geliri \u00c7ocuk Onkoloji Servisi\u2019nde tedavi g\u00f6ren \u201cminik kahramanlar\u0131n\u201d tedavi s\u00fcre\u00e7lerinde de\u011ferlendirilecek olan maratonun \u00f6nemine dikkat \u00e7ekti, a\u00e7\u0131k havada g\u00fczel bir organizasyonda","og_url":"https:\/\/kibrisdakik.com\/?p=70532","article_published_time":"2024-12-01T12:42:06+00:00","og_image":[{"width":1080,"height":562,"url":"https:\/\/kibrisdakik.com\/wp-content\/uploads\/2024\/12\/Screenshot_20241201_143353_X-740x420.jpg","type":"image\/jpeg"}],"author":"admin","twitter_card":"summary_large_image","twitter_misc":{"Yazan:":"admin","Tahmini okuma s\u00fcresi":"1 dakika"},"schema":{"@context":"https:\/\/schema.org","@graph":[{"@type":"Article","@id":"https:\/\/kibrisdakik.com\/?p=70532#article","isPartOf":{"@id":"https:\/\/kibrisdakik.com\/?p=70532"},"author":{"name":"admin","@id":"https:\/\/kibrisdakik.com\/#\/schema\/person\/9cd9d437bbb44f72b73ba127e06d8e79"},"headline":"\u201cMaratonda y\u00fcr\u00fcy\u00fc\u015f yap\u0131l\u0131rken, ayn\u0131 zamanda sosyal sorumluluk yerine getiriliyor\u201d","datePublished":"2024-12-01T12:42:06+00:00","mainEntityOfPage":{"@id":"https:\/\/kibrisdakik.com\/?p=70532"},"wordCount":216,"commentCount":0,"image":{"@id":"https:\/\/kibrisdakik.com\/?p=70532#primaryimage"},"thumbnailUrl":"https:\/\/kibrisdakik.com\/wp-content\/uploads\/2024\/12\/Screenshot_20241201_143353_X-740x420.jpg","articleSection":["K\u0131br\u0131s"],"inLanguage":"tr","potentialAction":[{"@type":"CommentAction","name":"Comment","target":["https:\/\/kibrisdakik.com\/?p=70532#respond"]}]},{"@type":"WebPage","@id":"https:\/\/kibrisdakik.com\/?p=70532","url":"https:\/\/kibrisdakik.com\/?p=70532","name":"\u201cMaratonda y\u00fcr\u00fcy\u00fc\u015f yap\u0131l\u0131rken, ayn\u0131 zamanda sosyal sorumluluk yerine getiriliyor\u201d -","isPartOf":{"@id":"https:\/\/kibrisdakik.com\/#website"},"primaryImageOfPage":{"@id":"https:\/\/kibrisdakik.com\/?p=70532#primaryimage"},"image":{"@id":"https:\/\/kibrisdakik.com\/?p=70532#primaryimage"},"thumbnailUrl":"https:\/\/kibrisdakik.com\/wp-content\/uploads\/2024\/12\/Screenshot_20241201_143353_X-740x420.jpg","datePublished":"2024-12-01T12:42:06+00:00","author":{"@id":"https:\/\/kibrisdakik.com\/#\/schema\/person\/9cd9d437bbb44f72b73ba127e06d8e79"},"breadcrumb":{"@id":"https:\/\/kibrisdakik.com\/?p=70532#breadcrumb"},"inLanguage":"tr","potentialAction":[{"@type":"ReadAction","target":["https:\/\/kibrisdakik.com\/?p=70532"]}]},{"@type":"ImageObject","inLanguage":"tr","@id":"https:\/\/kibrisdakik.com\/?p=70532#primaryimage","url":"https:\/\/kibrisdakik.com\/wp-content\/uploads\/2024\/12\/Screenshot_20241201_143353_X-740x420.jpg","contentUrl":"https:\/\/kibrisdakik.com\/wp-content\/uploads\/2024\/12\/Screenshot_20241201_143353_X-740x420.jpg","width":1080,"height":562},{"@type":"BreadcrumbList","@id":"https:\/\/kibrisdakik.com\/?p=70532#breadcrumb","itemListElement":[{"@type":"ListItem","position":1,"name":"Home","item":"https:\/\/kibrisdakik.com\/"},{"@type":"ListItem","position":2,"name":"\u201cMaratonda y\u00fcr\u00fcy\u00fc\u015f yap\u0131l\u0131rken, ayn\u0131 zamanda sosyal sorumluluk yerine getiriliyor\u201d"}]},{"@type":"WebSite","@id":"https:\/\/kibrisdakik.com\/#website","url":"https:\/\/kibrisdakik.com\/","name":"","description":"Tam vaktinde haber","potentialAction":[{"@type":"SearchAction","target":{"@type":"EntryPoint","urlTemplate":"https:\/\/kibrisdakik.com\/?s={search_term_string}"},"query-input":{"@type":"PropertyValueSpecification","valueRequired":true,"valueName":"search_term_string"}}],"inLanguage":"tr"},{"@type":"Person","@id":"https:\/\/kibrisdakik.com\/#\/schema\/person\/9cd9d437bbb44f72b73ba127e06d8e79","name":"admin","image":{"@type":"ImageObject","inLanguage":"tr","@id":"https:\/\/secure.gravatar.com\/avatar\/ccc17943b9d660506c869530f897617f7cb1c21a4bf30023f252596d83e1f007?s=96&d=mm&r=g","url":"https:\/\/secure.gravatar.com\/avatar\/ccc17943b9d660506c869530f897617f7cb1c21a4bf30023f252596d83e1f007?s=96&d=mm&r=g","contentUrl":"https:\/\/secure.gravatar.com\/avatar\/ccc17943b9d660506c869530f897617f7cb1c21a4bf30023f252596d83e1f007?s=96&d=mm&r=g","caption":"admin"},"sameAs":["https:\/\/kibrisdakik.com"],"url":"https:\/\/kibrisdakik.com\/?author=1"}]}},"_links":{"self":[{"href":"https:\/\/kibrisdakik.com\/index.php?rest_route=\/wp\/v2\/posts\/70532","targetHints":{"allow":["GET"]}}],"collection":[{"href":"https:\/\/kibrisdakik.com\/index.php?rest_route=\/wp\/v2\/posts"}],"about":[{"href":"https:\/\/kibrisdakik.com\/index.php?rest_route=\/wp\/v2\/types\/post"}],"author":[{"embeddable":true,"href":"https:\/\/kibrisdakik.com\/index.php?rest_route=\/wp\/v2\/users\/1"}],"replies":[{"embeddable":true,"href":"https:\/\/kibrisdakik.com\/index.php?rest_route=%2Fwp%2Fv2%2Fcomments&post=70532"}],"version-history":[{"count":0,"href":"https:\/\/kibrisdakik.com\/index.php?rest_route=\/wp\/v2\/posts\/70532\/revisions"}],"wp:featuredmedia":[{"embeddable":true,"href":"https:\/\/kibrisdakik.com\/index.php?rest_route=\/wp\/v2\/media\/70533"}],"wp:attachment":[{"href":"https:\/\/kibrisdakik.com\/index.php?rest_route=%2Fwp%2Fv2%2Fmedia&parent=70532"}],"wp:term":[{"taxonomy":"category","embeddable":true,"href":"https:\/\/kibrisdakik.com\/index.php?rest_route=%2Fwp%2Fv2%2Fcategories&post=70532"},{"taxonomy":"post_tag","embeddable":true,"href":"https:\/\/kibrisdakik.com\/index.php?rest_route=%2Fwp%2Fv2%2Ftags&post=70532"}],"curies":[{"name":"wp","href":"https:\/\/api.w.org\/{rel}","templated":true}]}}