{"id":7057,"date":"2023-05-16T19:03:42","date_gmt":"2023-05-16T19:03:42","guid":{"rendered":"https:\/\/kibrisdakik.com\/index.php\/2023\/05\/16\/cumhurbaskani-tatarulkemizi-kendi-kimligimiz-orf-adet-ve-geleneklerimizle-nasil-daha-guzel-noktaya-tasiyabiliriz-hedefinde-calismalarimizi-surdurmekteyiz\/"},"modified":"2023-05-16T19:03:42","modified_gmt":"2023-05-16T19:03:42","slug":"cumhurbaskani-tatarulkemizi-kendi-kimligimiz-orf-adet-ve-geleneklerimizle-nasil-daha-guzel-noktaya-tasiyabiliriz-hedefinde-calismalarimizi-surdurmekteyiz","status":"publish","type":"post","link":"https:\/\/kibrisdakik.com\/?p=7057","title":{"rendered":"Cumhurba\u015fkan\u0131 Tatar:\u00dclkemizi kendi kimli\u011fimiz, \u00f6rf, adet ve geleneklerimizle nas\u0131l daha g\u00fczel noktaya ta\u015f\u0131yabiliriz hedefinde \u00e7al\u0131\u015fmalar\u0131m\u0131z\u0131 s\u00fcrd\u00fcrmekteyiz"},"content":{"rendered":"<p><\/p>\n<div>\n<div class=\"mariselle-image-container center\">\n                <img width=\"768\" height=\"433\" class=\"lazy-image\" alt=\"\" decoding=\"async\" loading=\"lazy\" sizes=\"auto, (max-width: 768px) 100vw, 768px\" src=\"https:\/\/brtk.net\/wp-content\/uploads\/2023\/05\/16\/rfsfds-1.jpg?ver=7b89852f07caeab5bf956bd503e44281\" srcset=\"https:\/\/brtk.net\/wp-content\/uploads\/2023\/05\/16\/rfsfds-1.jpg?ver=7b89852f07caeab5bf956bd503e44281 768w, https:\/\/brtk.net\/wp-content\/uploads\/2023\/05\/16\/rfsfds-1-300x169.jpg?ver=7b89852f07caeab5bf956bd503e44281 300w\"\/>                            <\/div>\n<p>Cumhurba\u015fkan\u0131 <a href=\"https:\/\/brtk.net\/\" target=\"_blank\" rel=\"noopener\">Ersin <\/a><a href=\"https:\/\/brtk.net\/\"\/><a href=\"https:\/\/brtk.net\/\"\/><a href=\"https:\/\/brtk.net\/\"\/><a href=\"https:\/\/brtk.net\/\"\/><a href=\"https:\/\/brtk.net\/\"\/><a href=\"https:\/\/brtk.net\/\"\/><a href=\"https:\/\/brtk.net\/\"\/><a href=\"https:\/\/brtk.net\/\"\/><a href=\"https:\/\/brtk.net\/\"\/><a href=\"https:\/\/brtk.net\/\">Tatar<\/a>, Milli E\u011fitim Bakanl\u0131\u011f\u0131 ile Uluslararas\u0131 K\u0131br\u0131s \u00dcniversitesi i\u015f birli\u011finde, Tang\u00fcl \u00c7a\u011f\u0131ner \u00c7ocuklara Yard\u0131m Vakf\u0131 sponsorlu\u011funda organize edilen ve Acapulco Otel\u2019de yer alan kongre ve sergiye kat\u0131ld\u0131.<\/p>\n<p>\u201cBebeklikten Ergenli\u011fe E\u011fitim-\u00d6\u011fretimde \u0130yi Olu\u015f\u201d temas\u0131n\u0131n ele al\u0131nd\u0131\u011f\u0131 kongrede, iyi olu\u015f kapsam\u0131 ile \u00f6rt\u00fc\u015fen bilim dallar\u0131ndan \u00f6zg\u00fcn akademik \u00e7al\u0131\u015fmalara katk\u0131 koyanlara plaket ve sertifika veren Cumhurba\u015fkan\u0131 <a href=\"https:\/\/brtk.net\/\"\/><a href=\"https:\/\/brtk.net\/\"\/><a href=\"https:\/\/brtk.net\/\"\/><a href=\"https:\/\/brtk.net\/\"\/><a href=\"https:\/\/brtk.net\/\"\/><a href=\"https:\/\/brtk.net\/\"\/><a href=\"https:\/\/brtk.net\/\"\/><a href=\"https:\/\/brtk.net\/\"\/><a href=\"https:\/\/brtk.net\/\"\/><a href=\"https:\/\/brtk.net\/\">Tatar<\/a>, Okul \u00d6ncesi, \u0130lkokul 1-2-3. S\u0131n\u0131f, \u0130lkokul 4. S\u0131n\u0131f ve 5. S\u0131n\u0131f, Ortaokul, Lise \/ Meslek Lisesi ve G\u00fczel Sanatlar Lisesi kategorilerinde d\u00fczenlenen resim yar\u0131\u015fmas\u0131na kat\u0131lanlara \u00f6d\u00fclleri verdi ve \u201cZirvede Birkan Uzun Resim Sergisi\u201dnin a\u00e7\u0131l\u0131\u015f\u0131n\u0131 ger\u00e7ekle\u015ftirdi.<\/p>\n<p>Cumhurba\u015fkan\u0131 <a href=\"https:\/\/brtk.net\/\"\/><a href=\"https:\/\/brtk.net\/\"\/><a href=\"https:\/\/brtk.net\/\"\/><a href=\"https:\/\/brtk.net\/\"\/><a href=\"https:\/\/brtk.net\/\"\/><a href=\"https:\/\/brtk.net\/\"\/><a href=\"https:\/\/brtk.net\/\"\/><a href=\"https:\/\/brtk.net\/\"\/><a href=\"https:\/\/brtk.net\/\"\/><a href=\"https:\/\/brtk.net\/\">Tatar<\/a> burada yapt\u0131\u011f\u0131 konu\u015fmada, \u00e7ok say\u0131da farkl\u0131 \u00fclkeden akademisyen ve temsilcinin kat\u0131l\u0131m\u0131yla <a href=\"https:\/\/brtk.net\/\">KKTC<\/a>\u2019de ger\u00e7ekle\u015fen uluslararas\u0131 bir etkinlikte bir araya gelmekten dolay\u0131 duydu\u011fu memnuniyeti payla\u015farak Cengiz Topel Uzun\u2019a ve t\u00fcm eme\u011fi ge\u00e7enlere te\u015fekk\u00fcr etti. <\/p>\n<div class=\"mariselle-image-container center\">\n                <img width=\"1024\" height=\"682\" class=\"lazy-image\" alt=\"\" decoding=\"async\" loading=\"lazy\" sizes=\"auto, (max-width: 1024px) 100vw, 1024px\" src=\"https:\/\/brtk.net\/wp-content\/uploads\/2023\/05\/16\/rfsfds-2.jpg?ver=8ed2799fae5c8e51e94eab6937d56f47\" srcset=\"https:\/\/brtk.net\/wp-content\/uploads\/2023\/05\/16\/rfsfds-2.jpg?ver=8ed2799fae5c8e51e94eab6937d56f47 1024w, https:\/\/brtk.net\/wp-content\/uploads\/2023\/05\/16\/rfsfds-2-300x200.jpg?ver=020693dbb89373ff1bbf28d192b90839 300w, https:\/\/brtk.net\/wp-content\/uploads\/2023\/05\/16\/rfsfds-2-768x512.jpg?ver=020693dbb89373ff1bbf28d192b90839 768w\"\/>                            <\/div>\n<p>Birkan Uzun\u2019un zamans\u0131z aram\u0131zdan ayr\u0131l\u0131\u015f\u0131n\u0131n ac\u0131s\u0131n\u0131 payla\u015ft\u0131\u011f\u0131n\u0131 belirten Cumhurba\u015fkan\u0131 <a href=\"https:\/\/brtk.net\/\"\/><a href=\"https:\/\/brtk.net\/\"\/><a href=\"https:\/\/brtk.net\/\"\/><a href=\"https:\/\/brtk.net\/\"\/><a href=\"https:\/\/brtk.net\/\"\/><a href=\"https:\/\/brtk.net\/\"\/><a href=\"https:\/\/brtk.net\/\"\/><a href=\"https:\/\/brtk.net\/\"\/><a href=\"https:\/\/brtk.net\/\"\/><a href=\"https:\/\/brtk.net\/\">Tatar<\/a>, evlat ac\u0131s\u0131n\u0131n \u00e7ok zor oldu\u011funu ve Cengiz Topel Uzun\u2019un o\u011flu an\u0131s\u0131na s\u00fcrd\u00fcrd\u00fc\u011f\u00fc \u00e7al\u0131\u015fmalara b\u00fcy\u00fck \u00f6nem verdi\u011fini ifade etti.<br \/>6 \u015eubat deprem felaketine de\u011finen Cumhurba\u015fkan\u0131 <a href=\"https:\/\/brtk.net\/\"\/><a href=\"https:\/\/brtk.net\/\"\/><a href=\"https:\/\/brtk.net\/\"\/><a href=\"https:\/\/brtk.net\/\"\/><a href=\"https:\/\/brtk.net\/\"\/><a href=\"https:\/\/brtk.net\/\"\/><a href=\"https:\/\/brtk.net\/\"\/><a href=\"https:\/\/brtk.net\/\"\/><a href=\"https:\/\/brtk.net\/\"\/><a href=\"https:\/\/brtk.net\/\">Tatar<\/a>, Cengiz Uzun\u2019un Ad\u0131yaman\u2019a giderek depremde ya\u015fam\u0131n\u0131 yitirenlerin ailelerinin yan\u0131nda oldu\u011funu anlatt\u0131. <\/p>\n<p>Cumhurba\u015fkan\u0131 <a href=\"https:\/\/brtk.net\/\"\/><a href=\"https:\/\/brtk.net\/\"\/><a href=\"https:\/\/brtk.net\/\"\/><a href=\"https:\/\/brtk.net\/\"\/><a href=\"https:\/\/brtk.net\/\"\/><a href=\"https:\/\/brtk.net\/\"\/><a href=\"https:\/\/brtk.net\/\"\/><a href=\"https:\/\/brtk.net\/\"\/><a href=\"https:\/\/brtk.net\/\"\/><a href=\"https:\/\/brtk.net\/\">Tatar<\/a>, \u201cPozitif d\u00fc\u015f\u00fcnce, iyilik bizim hem yap\u0131m\u0131zda, hem dinimizde vard\u0131r.  Bu \u00fclkeyi kendi kimli\u011fimiz, \u00f6rf, adet ve geleneklerimizle nas\u0131l daha g\u00fczel noktaya ta\u015f\u0131yabiliriz hedefinde \u00e7al\u0131\u015fmalar\u0131m\u0131z\u0131 s\u00fcrd\u00fcrmekteyiz\u201d dedi.<br \/>Pandemi s\u00fcrecinde de b\u00fcy\u00fck m\u00fccadele verildi\u011fine ve \u00f6zellikle turizm merkezli adam\u0131zda b\u00fcy\u00fck s\u0131k\u0131nt\u0131lar ya\u015fad\u0131\u011f\u0131m\u0131za ve s\u0131k\u0131nt\u0131lar\u0131 a\u015fabildi\u011fimize i\u015faret eden Cumhurba\u015fkan\u0131 <a href=\"https:\/\/brtk.net\/\"\/><a href=\"https:\/\/brtk.net\/\"\/><a href=\"https:\/\/brtk.net\/\"\/><a href=\"https:\/\/brtk.net\/\"\/><a href=\"https:\/\/brtk.net\/\"\/><a href=\"https:\/\/brtk.net\/\"\/><a href=\"https:\/\/brtk.net\/\"\/><a href=\"https:\/\/brtk.net\/\"\/><a href=\"https:\/\/brtk.net\/\"\/><a href=\"https:\/\/brtk.net\/\">Tatar<\/a>, s\u0131k\u0131nt\u0131l\u0131 s\u00fcre\u00e7lerde pozitif d\u00fc\u015f\u00fcncenin \u00f6nemini vurgulad\u0131. <\/p>\n<p>Cumhurba\u015fkan\u0131 <a href=\"https:\/\/brtk.net\/\"\/><a href=\"https:\/\/brtk.net\/\"\/><a href=\"https:\/\/brtk.net\/\"\/><a href=\"https:\/\/brtk.net\/\"\/><a href=\"https:\/\/brtk.net\/\"\/><a href=\"https:\/\/brtk.net\/\"\/><a href=\"https:\/\/brtk.net\/\"\/><a href=\"https:\/\/brtk.net\/\"\/><a href=\"https:\/\/brtk.net\/\"\/><a href=\"https:\/\/brtk.net\/\">Tatar<\/a> s\u00f6zlerine \u015f\u00f6yle devam etti:<\/p>\n<p>\u201cNas\u0131l 1960\u2019lar\u0131, 64\u2019leri atlatabildik ve ayakta durabildik, bu pandemiyi de atlataca\u011f\u0131z dedik ve atlatt\u0131k. Sonras\u0131 ekonomik s\u0131k\u0131nt\u0131lar\u0131 b\u00fcy\u00fck i\u015fletmelerin ayakta durabilmesini devletin m\u00fctevazi imk\u00e2nlar\u0131 ile destek vermesiyle a\u015ft\u0131k. 6 \u015eubat depremi ac\u0131s\u0131n\u0131 unutmam\u0131z m\u00fcmk\u00fcn de\u011fildir. B\u00fct\u00fcn bu \u00fcz\u00fcnt\u00fcler ve maraz i\u00e7erisinde pozitif d\u00fc\u015f\u00fcnmek zorundayd\u0131k. \u00c7\u00fcnk\u00fc gelecek nesillere daha m\u00fcreffeh bir ya\u015fam sunabilmek i\u00e7in bu ac\u0131y\u0131 y\u00fcre\u011fimize g\u00f6merek ileriye bakmaya \u00e7al\u0131\u015f\u0131yoruz.\u201d<\/p>\n<p>Ukrayna-Rusya sava\u015f\u0131na at\u0131fta bulunan Cumhurba\u015fkan\u0131 <a href=\"https:\/\/brtk.net\/\"\/><a href=\"https:\/\/brtk.net\/\"\/><a href=\"https:\/\/brtk.net\/\"\/><a href=\"https:\/\/brtk.net\/\"\/><a href=\"https:\/\/brtk.net\/\"\/><a href=\"https:\/\/brtk.net\/\"\/><a href=\"https:\/\/brtk.net\/\"\/><a href=\"https:\/\/brtk.net\/\"\/><a href=\"https:\/\/brtk.net\/\"\/><a href=\"https:\/\/brtk.net\/\">Tatar<\/a>, pozitif d\u00fc\u015f\u00fcn\u00fcrken saf olmamak da gerekti\u011fine ve K\u0131br\u0131s konusunda siyaset izlerken ge\u00e7mi\u015fe bak\u0131p tarihimizi bilerek ve gelecek nesillere kar\u015f\u0131 sorumluluklar\u0131m\u0131z\u0131n bilincinde hareket etmek gerekti\u011fini s\u00f6yledi.<\/p>\n<p>19 May\u0131s Atat\u00fcrk\u2019\u00fc Anma, Gen\u00e7lik ve Spor Bayram\u0131 \u00e7er\u00e7evesinde gen\u00e7lerimizin \u00f6nemini dile getiren Cumhurba\u015fkan\u0131 <a href=\"https:\/\/brtk.net\/\"\/><a href=\"https:\/\/brtk.net\/\"\/><a href=\"https:\/\/brtk.net\/\"\/><a href=\"https:\/\/brtk.net\/\"\/><a href=\"https:\/\/brtk.net\/\"\/><a href=\"https:\/\/brtk.net\/\"\/><a href=\"https:\/\/brtk.net\/\"\/><a href=\"https:\/\/brtk.net\/\"\/><a href=\"https:\/\/brtk.net\/\"\/><a href=\"https:\/\/brtk.net\/\">Tatar<\/a> \u00f6rf, adet ve geleneklerimiz \u00e7er\u00e7evesinde d\u00fcr\u00fcstl\u00fck gibi erdemlerle sosyal ili\u015fkileri geli\u015ftirerek ba\u015far\u0131l\u0131 olmalar\u0131 konusunda gen\u00e7lerimize do\u011fru yolu g\u00f6steren bir e\u011fitim verebilmenin \u00f6nemli oldu\u011funa i\u015faret etti. \u0130yilik erdeminin \u00f6nemine vurgu yapan Cumhurba\u015fkan\u0131 <a href=\"https:\/\/brtk.net\/\"\/><a href=\"https:\/\/brtk.net\/\"\/><a href=\"https:\/\/brtk.net\/\"\/><a href=\"https:\/\/brtk.net\/\"\/><a href=\"https:\/\/brtk.net\/\"\/><a href=\"https:\/\/brtk.net\/\"\/><a href=\"https:\/\/brtk.net\/\"\/><a href=\"https:\/\/brtk.net\/\"\/><a href=\"https:\/\/brtk.net\/\"\/><a href=\"https:\/\/brtk.net\/\">Tatar<\/a>, payla\u015fmay\u0131 bilmenin \u00e7ok \u00f6nemli oldu\u011funu s\u00f6yledi. \u00c7a\u011f\u0131ner ailesinin ortaya koydu\u011fu iradenin iyilik ve pozitif d\u00fc\u015f\u00fcnceye \u00f6rnek oldu\u011funu belirten Cumhurba\u015fkan\u0131, \u201cK\u0131br\u0131s T\u00fcrk\u00fc kooperatifleri, kad\u0131nlar\u0131 ve gen\u00e7leri ile birlikte vard\u0131r\u201d diye konu\u015ftu.<\/p>\n<\/p><\/div>\n<p><script async\n                    defer\n                    crossorigin=\"anonymous\"\n                    src=\"https:\/\/connect.facebook.net\/tr_TR\/sdk.js#xfbml=1&#038;version=v3.3\"\n            ><\/script><\/p>\n","protected":false},"excerpt":{"rendered":"<p>Cumhurba\u015fkan\u0131 Ersin Tatar, Milli E\u011fitim Bakanl\u0131\u011f\u0131 ile Uluslararas\u0131 K\u0131br\u0131s \u00dcniversitesi i\u015f birli\u011finde, Tang\u00fcl \u00c7a\u011f\u0131ner \u00c7ocuklara Yard\u0131m Vakf\u0131 sponsorlu\u011funda organize edilen ve Acapulco Otel\u2019de yer alan kongre ve sergiye kat\u0131ld\u0131. \u201cBebeklikten Ergenli\u011fe E\u011fitim-\u00d6\u011fretimde \u0130yi Olu\u015f\u201d temas\u0131n\u0131n ele al\u0131nd\u0131\u011f\u0131 kongrede, iyi olu\u015f kapsam\u0131 ile \u00f6rt\u00fc\u015fen bilim dallar\u0131ndan \u00f6zg\u00fcn akademik \u00e7al\u0131\u015fmalara katk\u0131 koyanlara plaket ve sertifika veren Cumhurba\u015fkan\u0131<\/p>\n","protected":false},"author":1,"featured_media":7058,"comment_status":"open","ping_status":"open","sticky":false,"template":"","format":"standard","meta":{"footnotes":""},"categories":[1],"tags":[],"class_list":["post-7057","post","type-post","status-publish","format-standard","has-post-thumbnail","hentry","category-gundem"],"yoast_head":"<!-- This site is optimized with the Yoast SEO plugin v27.4 - https:\/\/yoast.com\/product\/yoast-seo-wordpress\/ -->\n<title>Cumhurba\u015fkan\u0131 Tatar:\u00dclkemizi kendi kimli\u011fimiz, \u00f6rf, adet ve geleneklerimizle nas\u0131l daha g\u00fczel noktaya ta\u015f\u0131yabiliriz hedefinde \u00e7al\u0131\u015fmalar\u0131m\u0131z\u0131 s\u00fcrd\u00fcrmekteyiz -<\/title>\n<meta name=\"robots\" content=\"index, follow, max-snippet:-1, max-image-preview:large, max-video-preview:-1\" \/>\n<link rel=\"canonical\" href=\"https:\/\/kibrisdakik.com\/?p=7057\" \/>\n<meta property=\"og:locale\" content=\"tr_TR\" \/>\n<meta property=\"og:type\" content=\"article\" \/>\n<meta property=\"og:title\" content=\"Cumhurba\u015fkan\u0131 Tatar:\u00dclkemizi kendi kimli\u011fimiz, \u00f6rf, adet ve geleneklerimizle nas\u0131l daha g\u00fczel noktaya ta\u015f\u0131yabiliriz hedefinde \u00e7al\u0131\u015fmalar\u0131m\u0131z\u0131 s\u00fcrd\u00fcrmekteyiz -\" \/>\n<meta property=\"og:description\" content=\"Cumhurba\u015fkan\u0131 Ersin Tatar, Milli E\u011fitim Bakanl\u0131\u011f\u0131 ile Uluslararas\u0131 K\u0131br\u0131s \u00dcniversitesi i\u015f birli\u011finde, Tang\u00fcl \u00c7a\u011f\u0131ner \u00c7ocuklara Yard\u0131m Vakf\u0131 sponsorlu\u011funda organize edilen ve Acapulco Otel\u2019de yer alan kongre ve sergiye kat\u0131ld\u0131. \u201cBebeklikten Ergenli\u011fe E\u011fitim-\u00d6\u011fretimde \u0130yi Olu\u015f\u201d temas\u0131n\u0131n ele al\u0131nd\u0131\u011f\u0131 kongrede, iyi olu\u015f kapsam\u0131 ile \u00f6rt\u00fc\u015fen bilim dallar\u0131ndan \u00f6zg\u00fcn akademik \u00e7al\u0131\u015fmalara katk\u0131 koyanlara plaket ve sertifika veren Cumhurba\u015fkan\u0131\" \/>\n<meta property=\"og:url\" content=\"https:\/\/kibrisdakik.com\/?p=7057\" \/>\n<meta property=\"article:published_time\" content=\"2023-05-16T19:03:42+00:00\" \/>\n<meta property=\"og:image\" content=\"https:\/\/kibrisdakik.com\/wp-content\/uploads\/2023\/05\/fs43tdgb-620x420.jpg\" \/>\n\t<meta property=\"og:image:width\" content=\"620\" \/>\n\t<meta property=\"og:image:height\" content=\"600\" \/>\n\t<meta property=\"og:image:type\" content=\"image\/jpeg\" \/>\n<meta name=\"author\" content=\"admin\" \/>\n<meta name=\"twitter:card\" content=\"summary_large_image\" \/>\n<meta name=\"twitter:label1\" content=\"Yazan:\" \/>\n\t<meta name=\"twitter:data1\" content=\"admin\" \/>\n\t<meta name=\"twitter:label2\" content=\"Tahmini okuma s\u00fcresi\" \/>\n\t<meta name=\"twitter:data2\" content=\"3 dakika\" \/>\n<script type=\"application\/ld+json\" class=\"yoast-schema-graph\">{\"@context\":\"https:\\\/\\\/schema.org\",\"@graph\":[{\"@type\":\"Article\",\"@id\":\"https:\\\/\\\/kibrisdakik.com\\\/?p=7057#article\",\"isPartOf\":{\"@id\":\"https:\\\/\\\/kibrisdakik.com\\\/?p=7057\"},\"author\":{\"name\":\"admin\",\"@id\":\"https:\\\/\\\/kibrisdakik.com\\\/#\\\/schema\\\/person\\\/9cd9d437bbb44f72b73ba127e06d8e79\"},\"headline\":\"Cumhurba\u015fkan\u0131 Tatar:\u00dclkemizi kendi kimli\u011fimiz, \u00f6rf, adet ve geleneklerimizle nas\u0131l daha g\u00fczel noktaya ta\u015f\u0131yabiliriz hedefinde \u00e7al\u0131\u015fmalar\u0131m\u0131z\u0131 s\u00fcrd\u00fcrmekteyiz\",\"datePublished\":\"2023-05-16T19:03:42+00:00\",\"mainEntityOfPage\":{\"@id\":\"https:\\\/\\\/kibrisdakik.com\\\/?p=7057\"},\"wordCount\":641,\"commentCount\":0,\"image\":{\"@id\":\"https:\\\/\\\/kibrisdakik.com\\\/?p=7057#primaryimage\"},\"thumbnailUrl\":\"https:\\\/\\\/kibrisdakik.com\\\/wp-content\\\/uploads\\\/2023\\\/05\\\/fs43tdgb-620x420.jpg\",\"articleSection\":[\"G\u00fcndem\"],\"inLanguage\":\"tr\",\"potentialAction\":[{\"@type\":\"CommentAction\",\"name\":\"Comment\",\"target\":[\"https:\\\/\\\/kibrisdakik.com\\\/?p=7057#respond\"]}]},{\"@type\":\"WebPage\",\"@id\":\"https:\\\/\\\/kibrisdakik.com\\\/?p=7057\",\"url\":\"https:\\\/\\\/kibrisdakik.com\\\/?p=7057\",\"name\":\"Cumhurba\u015fkan\u0131 Tatar:\u00dclkemizi kendi kimli\u011fimiz, \u00f6rf, adet ve geleneklerimizle nas\u0131l daha g\u00fczel noktaya ta\u015f\u0131yabiliriz hedefinde \u00e7al\u0131\u015fmalar\u0131m\u0131z\u0131 s\u00fcrd\u00fcrmekteyiz -\",\"isPartOf\":{\"@id\":\"https:\\\/\\\/kibrisdakik.com\\\/#website\"},\"primaryImageOfPage\":{\"@id\":\"https:\\\/\\\/kibrisdakik.com\\\/?p=7057#primaryimage\"},\"image\":{\"@id\":\"https:\\\/\\\/kibrisdakik.com\\\/?p=7057#primaryimage\"},\"thumbnailUrl\":\"https:\\\/\\\/kibrisdakik.com\\\/wp-content\\\/uploads\\\/2023\\\/05\\\/fs43tdgb-620x420.jpg\",\"datePublished\":\"2023-05-16T19:03:42+00:00\",\"author\":{\"@id\":\"https:\\\/\\\/kibrisdakik.com\\\/#\\\/schema\\\/person\\\/9cd9d437bbb44f72b73ba127e06d8e79\"},\"breadcrumb\":{\"@id\":\"https:\\\/\\\/kibrisdakik.com\\\/?p=7057#breadcrumb\"},\"inLanguage\":\"tr\",\"potentialAction\":[{\"@type\":\"ReadAction\",\"target\":[\"https:\\\/\\\/kibrisdakik.com\\\/?p=7057\"]}]},{\"@type\":\"ImageObject\",\"inLanguage\":\"tr\",\"@id\":\"https:\\\/\\\/kibrisdakik.com\\\/?p=7057#primaryimage\",\"url\":\"https:\\\/\\\/kibrisdakik.com\\\/wp-content\\\/uploads\\\/2023\\\/05\\\/fs43tdgb-620x420.jpg\",\"contentUrl\":\"https:\\\/\\\/kibrisdakik.com\\\/wp-content\\\/uploads\\\/2023\\\/05\\\/fs43tdgb-620x420.jpg\",\"width\":620,\"height\":600},{\"@type\":\"BreadcrumbList\",\"@id\":\"https:\\\/\\\/kibrisdakik.com\\\/?p=7057#breadcrumb\",\"itemListElement\":[{\"@type\":\"ListItem\",\"position\":1,\"name\":\"Home\",\"item\":\"https:\\\/\\\/kibrisdakik.com\\\/\"},{\"@type\":\"ListItem\",\"position\":2,\"name\":\"Cumhurba\u015fkan\u0131 Tatar:\u00dclkemizi kendi kimli\u011fimiz, \u00f6rf, adet ve geleneklerimizle nas\u0131l daha g\u00fczel noktaya ta\u015f\u0131yabiliriz hedefinde \u00e7al\u0131\u015fmalar\u0131m\u0131z\u0131 s\u00fcrd\u00fcrmekteyiz\"}]},{\"@type\":\"WebSite\",\"@id\":\"https:\\\/\\\/kibrisdakik.com\\\/#website\",\"url\":\"https:\\\/\\\/kibrisdakik.com\\\/\",\"name\":\"\",\"description\":\"Tam vaktinde haber\",\"potentialAction\":[{\"@type\":\"SearchAction\",\"target\":{\"@type\":\"EntryPoint\",\"urlTemplate\":\"https:\\\/\\\/kibrisdakik.com\\\/?s={search_term_string}\"},\"query-input\":{\"@type\":\"PropertyValueSpecification\",\"valueRequired\":true,\"valueName\":\"search_term_string\"}}],\"inLanguage\":\"tr\"},{\"@type\":\"Person\",\"@id\":\"https:\\\/\\\/kibrisdakik.com\\\/#\\\/schema\\\/person\\\/9cd9d437bbb44f72b73ba127e06d8e79\",\"name\":\"admin\",\"image\":{\"@type\":\"ImageObject\",\"inLanguage\":\"tr\",\"@id\":\"https:\\\/\\\/secure.gravatar.com\\\/avatar\\\/ccc17943b9d660506c869530f897617f7cb1c21a4bf30023f252596d83e1f007?s=96&d=mm&r=g\",\"url\":\"https:\\\/\\\/secure.gravatar.com\\\/avatar\\\/ccc17943b9d660506c869530f897617f7cb1c21a4bf30023f252596d83e1f007?s=96&d=mm&r=g\",\"contentUrl\":\"https:\\\/\\\/secure.gravatar.com\\\/avatar\\\/ccc17943b9d660506c869530f897617f7cb1c21a4bf30023f252596d83e1f007?s=96&d=mm&r=g\",\"caption\":\"admin\"},\"sameAs\":[\"https:\\\/\\\/kibrisdakik.com\"],\"url\":\"https:\\\/\\\/kibrisdakik.com\\\/?author=1\"}]}<\/script>\n<!-- \/ Yoast SEO plugin. -->","yoast_head_json":{"title":"Cumhurba\u015fkan\u0131 Tatar:\u00dclkemizi kendi kimli\u011fimiz, \u00f6rf, adet ve geleneklerimizle nas\u0131l daha g\u00fczel noktaya ta\u015f\u0131yabiliriz hedefinde \u00e7al\u0131\u015fmalar\u0131m\u0131z\u0131 s\u00fcrd\u00fcrmekteyiz -","robots":{"index":"index","follow":"follow","max-snippet":"max-snippet:-1","max-image-preview":"max-image-preview:large","max-video-preview":"max-video-preview:-1"},"canonical":"https:\/\/kibrisdakik.com\/?p=7057","og_locale":"tr_TR","og_type":"article","og_title":"Cumhurba\u015fkan\u0131 Tatar:\u00dclkemizi kendi kimli\u011fimiz, \u00f6rf, adet ve geleneklerimizle nas\u0131l daha g\u00fczel noktaya ta\u015f\u0131yabiliriz hedefinde \u00e7al\u0131\u015fmalar\u0131m\u0131z\u0131 s\u00fcrd\u00fcrmekteyiz -","og_description":"Cumhurba\u015fkan\u0131 Ersin Tatar, Milli E\u011fitim Bakanl\u0131\u011f\u0131 ile Uluslararas\u0131 K\u0131br\u0131s \u00dcniversitesi i\u015f birli\u011finde, Tang\u00fcl \u00c7a\u011f\u0131ner \u00c7ocuklara Yard\u0131m Vakf\u0131 sponsorlu\u011funda organize edilen ve Acapulco Otel\u2019de yer alan kongre ve sergiye kat\u0131ld\u0131. \u201cBebeklikten Ergenli\u011fe E\u011fitim-\u00d6\u011fretimde \u0130yi Olu\u015f\u201d temas\u0131n\u0131n ele al\u0131nd\u0131\u011f\u0131 kongrede, iyi olu\u015f kapsam\u0131 ile \u00f6rt\u00fc\u015fen bilim dallar\u0131ndan \u00f6zg\u00fcn akademik \u00e7al\u0131\u015fmalara katk\u0131 koyanlara plaket ve sertifika veren Cumhurba\u015fkan\u0131","og_url":"https:\/\/kibrisdakik.com\/?p=7057","article_published_time":"2023-05-16T19:03:42+00:00","og_image":[{"width":620,"height":600,"url":"https:\/\/kibrisdakik.com\/wp-content\/uploads\/2023\/05\/fs43tdgb-620x420.jpg","type":"image\/jpeg"}],"author":"admin","twitter_card":"summary_large_image","twitter_misc":{"Yazan:":"admin","Tahmini okuma s\u00fcresi":"3 dakika"},"schema":{"@context":"https:\/\/schema.org","@graph":[{"@type":"Article","@id":"https:\/\/kibrisdakik.com\/?p=7057#article","isPartOf":{"@id":"https:\/\/kibrisdakik.com\/?p=7057"},"author":{"name":"admin","@id":"https:\/\/kibrisdakik.com\/#\/schema\/person\/9cd9d437bbb44f72b73ba127e06d8e79"},"headline":"Cumhurba\u015fkan\u0131 Tatar:\u00dclkemizi kendi kimli\u011fimiz, \u00f6rf, adet ve geleneklerimizle nas\u0131l daha g\u00fczel noktaya ta\u015f\u0131yabiliriz hedefinde \u00e7al\u0131\u015fmalar\u0131m\u0131z\u0131 s\u00fcrd\u00fcrmekteyiz","datePublished":"2023-05-16T19:03:42+00:00","mainEntityOfPage":{"@id":"https:\/\/kibrisdakik.com\/?p=7057"},"wordCount":641,"commentCount":0,"image":{"@id":"https:\/\/kibrisdakik.com\/?p=7057#primaryimage"},"thumbnailUrl":"https:\/\/kibrisdakik.com\/wp-content\/uploads\/2023\/05\/fs43tdgb-620x420.jpg","articleSection":["G\u00fcndem"],"inLanguage":"tr","potentialAction":[{"@type":"CommentAction","name":"Comment","target":["https:\/\/kibrisdakik.com\/?p=7057#respond"]}]},{"@type":"WebPage","@id":"https:\/\/kibrisdakik.com\/?p=7057","url":"https:\/\/kibrisdakik.com\/?p=7057","name":"Cumhurba\u015fkan\u0131 Tatar:\u00dclkemizi kendi kimli\u011fimiz, \u00f6rf, adet ve geleneklerimizle nas\u0131l daha g\u00fczel noktaya ta\u015f\u0131yabiliriz hedefinde \u00e7al\u0131\u015fmalar\u0131m\u0131z\u0131 s\u00fcrd\u00fcrmekteyiz -","isPartOf":{"@id":"https:\/\/kibrisdakik.com\/#website"},"primaryImageOfPage":{"@id":"https:\/\/kibrisdakik.com\/?p=7057#primaryimage"},"image":{"@id":"https:\/\/kibrisdakik.com\/?p=7057#primaryimage"},"thumbnailUrl":"https:\/\/kibrisdakik.com\/wp-content\/uploads\/2023\/05\/fs43tdgb-620x420.jpg","datePublished":"2023-05-16T19:03:42+00:00","author":{"@id":"https:\/\/kibrisdakik.com\/#\/schema\/person\/9cd9d437bbb44f72b73ba127e06d8e79"},"breadcrumb":{"@id":"https:\/\/kibrisdakik.com\/?p=7057#breadcrumb"},"inLanguage":"tr","potentialAction":[{"@type":"ReadAction","target":["https:\/\/kibrisdakik.com\/?p=7057"]}]},{"@type":"ImageObject","inLanguage":"tr","@id":"https:\/\/kibrisdakik.com\/?p=7057#primaryimage","url":"https:\/\/kibrisdakik.com\/wp-content\/uploads\/2023\/05\/fs43tdgb-620x420.jpg","contentUrl":"https:\/\/kibrisdakik.com\/wp-content\/uploads\/2023\/05\/fs43tdgb-620x420.jpg","width":620,"height":600},{"@type":"BreadcrumbList","@id":"https:\/\/kibrisdakik.com\/?p=7057#breadcrumb","itemListElement":[{"@type":"ListItem","position":1,"name":"Home","item":"https:\/\/kibrisdakik.com\/"},{"@type":"ListItem","position":2,"name":"Cumhurba\u015fkan\u0131 Tatar:\u00dclkemizi kendi kimli\u011fimiz, \u00f6rf, adet ve geleneklerimizle nas\u0131l daha g\u00fczel noktaya ta\u015f\u0131yabiliriz hedefinde \u00e7al\u0131\u015fmalar\u0131m\u0131z\u0131 s\u00fcrd\u00fcrmekteyiz"}]},{"@type":"WebSite","@id":"https:\/\/kibrisdakik.com\/#website","url":"https:\/\/kibrisdakik.com\/","name":"","description":"Tam vaktinde haber","potentialAction":[{"@type":"SearchAction","target":{"@type":"EntryPoint","urlTemplate":"https:\/\/kibrisdakik.com\/?s={search_term_string}"},"query-input":{"@type":"PropertyValueSpecification","valueRequired":true,"valueName":"search_term_string"}}],"inLanguage":"tr"},{"@type":"Person","@id":"https:\/\/kibrisdakik.com\/#\/schema\/person\/9cd9d437bbb44f72b73ba127e06d8e79","name":"admin","image":{"@type":"ImageObject","inLanguage":"tr","@id":"https:\/\/secure.gravatar.com\/avatar\/ccc17943b9d660506c869530f897617f7cb1c21a4bf30023f252596d83e1f007?s=96&d=mm&r=g","url":"https:\/\/secure.gravatar.com\/avatar\/ccc17943b9d660506c869530f897617f7cb1c21a4bf30023f252596d83e1f007?s=96&d=mm&r=g","contentUrl":"https:\/\/secure.gravatar.com\/avatar\/ccc17943b9d660506c869530f897617f7cb1c21a4bf30023f252596d83e1f007?s=96&d=mm&r=g","caption":"admin"},"sameAs":["https:\/\/kibrisdakik.com"],"url":"https:\/\/kibrisdakik.com\/?author=1"}]}},"_links":{"self":[{"href":"https:\/\/kibrisdakik.com\/index.php?rest_route=\/wp\/v2\/posts\/7057","targetHints":{"allow":["GET"]}}],"collection":[{"href":"https:\/\/kibrisdakik.com\/index.php?rest_route=\/wp\/v2\/posts"}],"about":[{"href":"https:\/\/kibrisdakik.com\/index.php?rest_route=\/wp\/v2\/types\/post"}],"author":[{"embeddable":true,"href":"https:\/\/kibrisdakik.com\/index.php?rest_route=\/wp\/v2\/users\/1"}],"replies":[{"embeddable":true,"href":"https:\/\/kibrisdakik.com\/index.php?rest_route=%2Fwp%2Fv2%2Fcomments&post=7057"}],"version-history":[{"count":0,"href":"https:\/\/kibrisdakik.com\/index.php?rest_route=\/wp\/v2\/posts\/7057\/revisions"}],"wp:featuredmedia":[{"embeddable":true,"href":"https:\/\/kibrisdakik.com\/index.php?rest_route=\/wp\/v2\/media\/7058"}],"wp:attachment":[{"href":"https:\/\/kibrisdakik.com\/index.php?rest_route=%2Fwp%2Fv2%2Fmedia&parent=7057"}],"wp:term":[{"taxonomy":"category","embeddable":true,"href":"https:\/\/kibrisdakik.com\/index.php?rest_route=%2Fwp%2Fv2%2Fcategories&post=7057"},{"taxonomy":"post_tag","embeddable":true,"href":"https:\/\/kibrisdakik.com\/index.php?rest_route=%2Fwp%2Fv2%2Ftags&post=7057"}],"curies":[{"name":"wp","href":"https:\/\/api.w.org\/{rel}","templated":true}]}}