{"id":70624,"date":"2024-12-02T20:13:15","date_gmt":"2024-12-02T17:13:15","guid":{"rendered":"https:\/\/kibrisdakik.com\/index.php\/2024\/12\/02\/sampiyon-melekler-icin-adalet-arayislarini-surduren-aileler-bir-kez-daha-evlatlarina-mezar-olan-adiyamanda-olacak\/"},"modified":"2024-12-02T20:13:15","modified_gmt":"2024-12-02T17:13:15","slug":"sampiyon-melekler-icin-adalet-arayislarini-surduren-aileler-bir-kez-daha-evlatlarina-mezar-olan-adiyamanda-olacak","status":"publish","type":"post","link":"https:\/\/kibrisdakik.com\/?p=70624","title":{"rendered":"\u015eampiyon Melekler i\u00e7in adalet aray\u0131\u015flar\u0131n\u0131 s\u00fcrd\u00fcren aileler bir kez daha evlatlar\u0131na mezar olan Ad\u0131yaman\u2019da olacak"},"content":{"rendered":"<div>\n<div class=\"mariselle-image-container none\">\n                                            <\/div>\n<p>\u0130sias Otel\u2019in be\u015finci duru\u015fmas\u0131 yar\u0131n Ad\u0131yaman 3. A\u011f\u0131r Ceza Mahkemesi\u2019nde g\u00f6r\u00fc\u015f\u00fclecek.<\/p>\n<p>\u015eampiyon Melekler i\u00e7in adalet aray\u0131\u015flar\u0131n\u0131 s\u00fcrd\u00fcren aileler bir kez daha evlatlar\u0131na mezar olan Ad\u0131yaman\u2019da olacak.<\/p>\n<p>Be\u015finci duru\u015fma, mahkemenin son kez g\u00f6r\u00fc\u015f\u00fcne ba\u015fvurdu\u011fu Dokuz Eyl\u00fcl \u00dcniversitesi\/\u0130stanbul Teknik \u00dcniversitesi heyeti taraf\u0131ndan haz\u0131rlanan ve 28 Ekim\u2019de a\u00e7\u0131klanan bilirki\u015fi raporundan sonraki ilk duru\u015fma olma \u00f6zelli\u011fini ta\u015f\u0131yor.<\/p>\n<p>Be\u015finci duru\u015fma, Ad\u0131yaman \u0130sias Otel\u2019de hayat\u0131n\u0131 kaybeden \u015eampiyon Melekler ve tur rehberleri ile 10 yaral\u0131n\u0131n ailelerinin kat\u0131l\u0131m\u0131yla, K\u0131br\u0131s saati ile 09.00\u2019da ba\u015flayacak..<\/p>\n<p>Duru\u015fmay\u0131 izlemek \u00fczere ba\u015fta \u015eampiyon Meleklerin aileleri ve Ba\u015fbakan \u00dcnal \u00dcstel ve heyeti olmak \u00fczere Ad\u0131yaman\u2019da.<\/p>\n<p>\u00dclke olarak adalet bekliyoruz.<\/p>\n<p>BRT olarak biz de t\u00fcm haz\u0131rl\u0131klar\u0131m\u0131z\u0131 tamamlad\u0131k ve yar\u0131n orada olaca\u011f\u0131z..<\/p>\n<p>G\u00fcn boyunca t\u00fcm geli\u015fmeleri sizlere canl\u0131 yay\u0131nlarla aktaraca\u011f\u0131z..<\/p>\n<p>\u0130sias Otel Davas\u0131 ile ilgili g\u00f6r\u00fcnt\u00fclere ise BRT arac\u0131l\u0131\u011f\u0131yla rtmp:\/\/tr.taksimbilisim.com\/mercantvlive\/bant1 linkinden ula\u015f\u0131labilecek..<\/p>\n<\/p><\/div>\n<p><script async\n                    defer\n                    crossorigin=\"anonymous\"\n                    src=\"https:\/\/connect.facebook.net\/tr_TR\/sdk.js#xfbml=1&#038;version=v3.3\"\n            ><\/script><\/p>\n","protected":false},"excerpt":{"rendered":"<p>\u0130sias Otel\u2019in be\u015finci duru\u015fmas\u0131 yar\u0131n Ad\u0131yaman 3. A\u011f\u0131r Ceza Mahkemesi\u2019nde g\u00f6r\u00fc\u015f\u00fclecek. \u015eampiyon Melekler i\u00e7in adalet aray\u0131\u015flar\u0131n\u0131 s\u00fcrd\u00fcren aileler bir kez daha evlatlar\u0131na mezar olan Ad\u0131yaman\u2019da olacak. Be\u015finci duru\u015fma, mahkemenin son kez g\u00f6r\u00fc\u015f\u00fcne ba\u015fvurdu\u011fu Dokuz Eyl\u00fcl \u00dcniversitesi\/\u0130stanbul Teknik \u00dcniversitesi heyeti taraf\u0131ndan haz\u0131rlanan ve 28 Ekim\u2019de a\u00e7\u0131klanan bilirki\u015fi raporundan sonraki ilk duru\u015fma olma \u00f6zelli\u011fini ta\u015f\u0131yor. Be\u015finci duru\u015fma,<\/p>\n","protected":false},"author":1,"featured_media":70625,"comment_status":"open","ping_status":"open","sticky":false,"template":"","format":"standard","meta":{"footnotes":""},"categories":[81],"tags":[],"class_list":["post-70624","post","type-post","status-publish","format-standard","has-post-thumbnail","hentry","category-kibris"],"yoast_head":"<!-- This site is optimized with the Yoast SEO plugin v27.5 - https:\/\/yoast.com\/product\/yoast-seo-wordpress\/ -->\n<title>\u015eampiyon Melekler i\u00e7in adalet aray\u0131\u015flar\u0131n\u0131 s\u00fcrd\u00fcren aileler bir kez daha evlatlar\u0131na mezar olan Ad\u0131yaman\u2019da olacak -<\/title>\n<meta name=\"robots\" content=\"index, follow, max-snippet:-1, max-image-preview:large, max-video-preview:-1\" \/>\n<link rel=\"canonical\" href=\"https:\/\/kibrisdakik.com\/?p=70624\" \/>\n<meta property=\"og:locale\" content=\"tr_TR\" \/>\n<meta property=\"og:type\" content=\"article\" \/>\n<meta property=\"og:title\" content=\"\u015eampiyon Melekler i\u00e7in adalet aray\u0131\u015flar\u0131n\u0131 s\u00fcrd\u00fcren aileler bir kez daha evlatlar\u0131na mezar olan Ad\u0131yaman\u2019da olacak -\" \/>\n<meta property=\"og:description\" content=\"\u0130sias Otel\u2019in be\u015finci duru\u015fmas\u0131 yar\u0131n Ad\u0131yaman 3. A\u011f\u0131r Ceza Mahkemesi\u2019nde g\u00f6r\u00fc\u015f\u00fclecek. \u015eampiyon Melekler i\u00e7in adalet aray\u0131\u015flar\u0131n\u0131 s\u00fcrd\u00fcren aileler bir kez daha evlatlar\u0131na mezar olan Ad\u0131yaman\u2019da olacak. Be\u015finci duru\u015fma, mahkemenin son kez g\u00f6r\u00fc\u015f\u00fcne ba\u015fvurdu\u011fu Dokuz Eyl\u00fcl \u00dcniversitesi\/\u0130stanbul Teknik \u00dcniversitesi heyeti taraf\u0131ndan haz\u0131rlanan ve 28 Ekim\u2019de a\u00e7\u0131klanan bilirki\u015fi raporundan sonraki ilk duru\u015fma olma \u00f6zelli\u011fini ta\u015f\u0131yor. Be\u015finci duru\u015fma,\" \/>\n<meta property=\"og:url\" content=\"https:\/\/kibrisdakik.com\/?p=70624\" \/>\n<meta property=\"article:published_time\" content=\"2024-12-02T17:13:15+00:00\" \/>\n<meta property=\"og:image\" content=\"https:\/\/kibrisdakik.com\/wp-content\/uploads\/2024\/12\/isias-adiyaman-ekibi-1--740x415.jpeg\" \/>\n\t<meta property=\"og:image:width\" content=\"930\" \/>\n\t<meta property=\"og:image:height\" content=\"415\" \/>\n\t<meta property=\"og:image:type\" content=\"image\/jpeg\" \/>\n<meta name=\"author\" content=\"admin\" \/>\n<meta name=\"twitter:card\" content=\"summary_large_image\" \/>\n<meta name=\"twitter:label1\" content=\"Yazan:\" \/>\n\t<meta name=\"twitter:data1\" content=\"admin\" \/>\n\t<meta name=\"twitter:label2\" content=\"Tahmini okuma s\u00fcresi\" \/>\n\t<meta name=\"twitter:data2\" content=\"1 dakika\" \/>\n<script type=\"application\/ld+json\" class=\"yoast-schema-graph\">{\"@context\":\"https:\\\/\\\/schema.org\",\"@graph\":[{\"@type\":\"Article\",\"@id\":\"https:\\\/\\\/kibrisdakik.com\\\/?p=70624#article\",\"isPartOf\":{\"@id\":\"https:\\\/\\\/kibrisdakik.com\\\/?p=70624\"},\"author\":{\"name\":\"admin\",\"@id\":\"https:\\\/\\\/kibrisdakik.com\\\/#\\\/schema\\\/person\\\/9cd9d437bbb44f72b73ba127e06d8e79\"},\"headline\":\"\u015eampiyon Melekler i\u00e7in adalet aray\u0131\u015flar\u0131n\u0131 s\u00fcrd\u00fcren aileler bir kez daha evlatlar\u0131na mezar olan Ad\u0131yaman\u2019da olacak\",\"datePublished\":\"2024-12-02T17:13:15+00:00\",\"mainEntityOfPage\":{\"@id\":\"https:\\\/\\\/kibrisdakik.com\\\/?p=70624\"},\"wordCount\":221,\"commentCount\":0,\"image\":{\"@id\":\"https:\\\/\\\/kibrisdakik.com\\\/?p=70624#primaryimage\"},\"thumbnailUrl\":\"https:\\\/\\\/kibrisdakik.com\\\/wp-content\\\/uploads\\\/2024\\\/12\\\/isias-adiyaman-ekibi-1--740x415.jpeg\",\"articleSection\":[\"K\u0131br\u0131s\"],\"inLanguage\":\"tr\",\"potentialAction\":[{\"@type\":\"CommentAction\",\"name\":\"Comment\",\"target\":[\"https:\\\/\\\/kibrisdakik.com\\\/?p=70624#respond\"]}]},{\"@type\":\"WebPage\",\"@id\":\"https:\\\/\\\/kibrisdakik.com\\\/?p=70624\",\"url\":\"https:\\\/\\\/kibrisdakik.com\\\/?p=70624\",\"name\":\"\u015eampiyon Melekler i\u00e7in adalet aray\u0131\u015flar\u0131n\u0131 s\u00fcrd\u00fcren aileler bir kez daha evlatlar\u0131na mezar olan Ad\u0131yaman\u2019da olacak -\",\"isPartOf\":{\"@id\":\"https:\\\/\\\/kibrisdakik.com\\\/#website\"},\"primaryImageOfPage\":{\"@id\":\"https:\\\/\\\/kibrisdakik.com\\\/?p=70624#primaryimage\"},\"image\":{\"@id\":\"https:\\\/\\\/kibrisdakik.com\\\/?p=70624#primaryimage\"},\"thumbnailUrl\":\"https:\\\/\\\/kibrisdakik.com\\\/wp-content\\\/uploads\\\/2024\\\/12\\\/isias-adiyaman-ekibi-1--740x415.jpeg\",\"datePublished\":\"2024-12-02T17:13:15+00:00\",\"author\":{\"@id\":\"https:\\\/\\\/kibrisdakik.com\\\/#\\\/schema\\\/person\\\/9cd9d437bbb44f72b73ba127e06d8e79\"},\"breadcrumb\":{\"@id\":\"https:\\\/\\\/kibrisdakik.com\\\/?p=70624#breadcrumb\"},\"inLanguage\":\"tr\",\"potentialAction\":[{\"@type\":\"ReadAction\",\"target\":[\"https:\\\/\\\/kibrisdakik.com\\\/?p=70624\"]}]},{\"@type\":\"ImageObject\",\"inLanguage\":\"tr\",\"@id\":\"https:\\\/\\\/kibrisdakik.com\\\/?p=70624#primaryimage\",\"url\":\"https:\\\/\\\/kibrisdakik.com\\\/wp-content\\\/uploads\\\/2024\\\/12\\\/isias-adiyaman-ekibi-1--740x415.jpeg\",\"contentUrl\":\"https:\\\/\\\/kibrisdakik.com\\\/wp-content\\\/uploads\\\/2024\\\/12\\\/isias-adiyaman-ekibi-1--740x415.jpeg\",\"width\":930,\"height\":415},{\"@type\":\"BreadcrumbList\",\"@id\":\"https:\\\/\\\/kibrisdakik.com\\\/?p=70624#breadcrumb\",\"itemListElement\":[{\"@type\":\"ListItem\",\"position\":1,\"name\":\"Home\",\"item\":\"https:\\\/\\\/kibrisdakik.com\\\/\"},{\"@type\":\"ListItem\",\"position\":2,\"name\":\"\u015eampiyon Melekler i\u00e7in adalet aray\u0131\u015flar\u0131n\u0131 s\u00fcrd\u00fcren aileler bir kez daha evlatlar\u0131na mezar olan Ad\u0131yaman\u2019da olacak\"}]},{\"@type\":\"WebSite\",\"@id\":\"https:\\\/\\\/kibrisdakik.com\\\/#website\",\"url\":\"https:\\\/\\\/kibrisdakik.com\\\/\",\"name\":\"\",\"description\":\"Tam vaktinde haber\",\"potentialAction\":[{\"@type\":\"SearchAction\",\"target\":{\"@type\":\"EntryPoint\",\"urlTemplate\":\"https:\\\/\\\/kibrisdakik.com\\\/?s={search_term_string}\"},\"query-input\":{\"@type\":\"PropertyValueSpecification\",\"valueRequired\":true,\"valueName\":\"search_term_string\"}}],\"inLanguage\":\"tr\"},{\"@type\":\"Person\",\"@id\":\"https:\\\/\\\/kibrisdakik.com\\\/#\\\/schema\\\/person\\\/9cd9d437bbb44f72b73ba127e06d8e79\",\"name\":\"admin\",\"image\":{\"@type\":\"ImageObject\",\"inLanguage\":\"tr\",\"@id\":\"https:\\\/\\\/secure.gravatar.com\\\/avatar\\\/ccc17943b9d660506c869530f897617f7cb1c21a4bf30023f252596d83e1f007?s=96&d=mm&r=g\",\"url\":\"https:\\\/\\\/secure.gravatar.com\\\/avatar\\\/ccc17943b9d660506c869530f897617f7cb1c21a4bf30023f252596d83e1f007?s=96&d=mm&r=g\",\"contentUrl\":\"https:\\\/\\\/secure.gravatar.com\\\/avatar\\\/ccc17943b9d660506c869530f897617f7cb1c21a4bf30023f252596d83e1f007?s=96&d=mm&r=g\",\"caption\":\"admin\"},\"sameAs\":[\"https:\\\/\\\/kibrisdakik.com\"],\"url\":\"https:\\\/\\\/kibrisdakik.com\\\/?author=1\"}]}<\/script>\n<!-- \/ Yoast SEO plugin. -->","yoast_head_json":{"title":"\u015eampiyon Melekler i\u00e7in adalet aray\u0131\u015flar\u0131n\u0131 s\u00fcrd\u00fcren aileler bir kez daha evlatlar\u0131na mezar olan Ad\u0131yaman\u2019da olacak -","robots":{"index":"index","follow":"follow","max-snippet":"max-snippet:-1","max-image-preview":"max-image-preview:large","max-video-preview":"max-video-preview:-1"},"canonical":"https:\/\/kibrisdakik.com\/?p=70624","og_locale":"tr_TR","og_type":"article","og_title":"\u015eampiyon Melekler i\u00e7in adalet aray\u0131\u015flar\u0131n\u0131 s\u00fcrd\u00fcren aileler bir kez daha evlatlar\u0131na mezar olan Ad\u0131yaman\u2019da olacak -","og_description":"\u0130sias Otel\u2019in be\u015finci duru\u015fmas\u0131 yar\u0131n Ad\u0131yaman 3. A\u011f\u0131r Ceza Mahkemesi\u2019nde g\u00f6r\u00fc\u015f\u00fclecek. \u015eampiyon Melekler i\u00e7in adalet aray\u0131\u015flar\u0131n\u0131 s\u00fcrd\u00fcren aileler bir kez daha evlatlar\u0131na mezar olan Ad\u0131yaman\u2019da olacak. Be\u015finci duru\u015fma, mahkemenin son kez g\u00f6r\u00fc\u015f\u00fcne ba\u015fvurdu\u011fu Dokuz Eyl\u00fcl \u00dcniversitesi\/\u0130stanbul Teknik \u00dcniversitesi heyeti taraf\u0131ndan haz\u0131rlanan ve 28 Ekim\u2019de a\u00e7\u0131klanan bilirki\u015fi raporundan sonraki ilk duru\u015fma olma \u00f6zelli\u011fini ta\u015f\u0131yor. Be\u015finci duru\u015fma,","og_url":"https:\/\/kibrisdakik.com\/?p=70624","article_published_time":"2024-12-02T17:13:15+00:00","og_image":[{"width":930,"height":415,"url":"https:\/\/kibrisdakik.com\/wp-content\/uploads\/2024\/12\/isias-adiyaman-ekibi-1--740x415.jpeg","type":"image\/jpeg"}],"author":"admin","twitter_card":"summary_large_image","twitter_misc":{"Yazan:":"admin","Tahmini okuma s\u00fcresi":"1 dakika"},"schema":{"@context":"https:\/\/schema.org","@graph":[{"@type":"Article","@id":"https:\/\/kibrisdakik.com\/?p=70624#article","isPartOf":{"@id":"https:\/\/kibrisdakik.com\/?p=70624"},"author":{"name":"admin","@id":"https:\/\/kibrisdakik.com\/#\/schema\/person\/9cd9d437bbb44f72b73ba127e06d8e79"},"headline":"\u015eampiyon Melekler i\u00e7in adalet aray\u0131\u015flar\u0131n\u0131 s\u00fcrd\u00fcren aileler bir kez daha evlatlar\u0131na mezar olan Ad\u0131yaman\u2019da olacak","datePublished":"2024-12-02T17:13:15+00:00","mainEntityOfPage":{"@id":"https:\/\/kibrisdakik.com\/?p=70624"},"wordCount":221,"commentCount":0,"image":{"@id":"https:\/\/kibrisdakik.com\/?p=70624#primaryimage"},"thumbnailUrl":"https:\/\/kibrisdakik.com\/wp-content\/uploads\/2024\/12\/isias-adiyaman-ekibi-1--740x415.jpeg","articleSection":["K\u0131br\u0131s"],"inLanguage":"tr","potentialAction":[{"@type":"CommentAction","name":"Comment","target":["https:\/\/kibrisdakik.com\/?p=70624#respond"]}]},{"@type":"WebPage","@id":"https:\/\/kibrisdakik.com\/?p=70624","url":"https:\/\/kibrisdakik.com\/?p=70624","name":"\u015eampiyon Melekler i\u00e7in adalet aray\u0131\u015flar\u0131n\u0131 s\u00fcrd\u00fcren aileler bir kez daha evlatlar\u0131na mezar olan Ad\u0131yaman\u2019da olacak -","isPartOf":{"@id":"https:\/\/kibrisdakik.com\/#website"},"primaryImageOfPage":{"@id":"https:\/\/kibrisdakik.com\/?p=70624#primaryimage"},"image":{"@id":"https:\/\/kibrisdakik.com\/?p=70624#primaryimage"},"thumbnailUrl":"https:\/\/kibrisdakik.com\/wp-content\/uploads\/2024\/12\/isias-adiyaman-ekibi-1--740x415.jpeg","datePublished":"2024-12-02T17:13:15+00:00","author":{"@id":"https:\/\/kibrisdakik.com\/#\/schema\/person\/9cd9d437bbb44f72b73ba127e06d8e79"},"breadcrumb":{"@id":"https:\/\/kibrisdakik.com\/?p=70624#breadcrumb"},"inLanguage":"tr","potentialAction":[{"@type":"ReadAction","target":["https:\/\/kibrisdakik.com\/?p=70624"]}]},{"@type":"ImageObject","inLanguage":"tr","@id":"https:\/\/kibrisdakik.com\/?p=70624#primaryimage","url":"https:\/\/kibrisdakik.com\/wp-content\/uploads\/2024\/12\/isias-adiyaman-ekibi-1--740x415.jpeg","contentUrl":"https:\/\/kibrisdakik.com\/wp-content\/uploads\/2024\/12\/isias-adiyaman-ekibi-1--740x415.jpeg","width":930,"height":415},{"@type":"BreadcrumbList","@id":"https:\/\/kibrisdakik.com\/?p=70624#breadcrumb","itemListElement":[{"@type":"ListItem","position":1,"name":"Home","item":"https:\/\/kibrisdakik.com\/"},{"@type":"ListItem","position":2,"name":"\u015eampiyon Melekler i\u00e7in adalet aray\u0131\u015flar\u0131n\u0131 s\u00fcrd\u00fcren aileler bir kez daha evlatlar\u0131na mezar olan Ad\u0131yaman\u2019da olacak"}]},{"@type":"WebSite","@id":"https:\/\/kibrisdakik.com\/#website","url":"https:\/\/kibrisdakik.com\/","name":"","description":"Tam vaktinde haber","potentialAction":[{"@type":"SearchAction","target":{"@type":"EntryPoint","urlTemplate":"https:\/\/kibrisdakik.com\/?s={search_term_string}"},"query-input":{"@type":"PropertyValueSpecification","valueRequired":true,"valueName":"search_term_string"}}],"inLanguage":"tr"},{"@type":"Person","@id":"https:\/\/kibrisdakik.com\/#\/schema\/person\/9cd9d437bbb44f72b73ba127e06d8e79","name":"admin","image":{"@type":"ImageObject","inLanguage":"tr","@id":"https:\/\/secure.gravatar.com\/avatar\/ccc17943b9d660506c869530f897617f7cb1c21a4bf30023f252596d83e1f007?s=96&d=mm&r=g","url":"https:\/\/secure.gravatar.com\/avatar\/ccc17943b9d660506c869530f897617f7cb1c21a4bf30023f252596d83e1f007?s=96&d=mm&r=g","contentUrl":"https:\/\/secure.gravatar.com\/avatar\/ccc17943b9d660506c869530f897617f7cb1c21a4bf30023f252596d83e1f007?s=96&d=mm&r=g","caption":"admin"},"sameAs":["https:\/\/kibrisdakik.com"],"url":"https:\/\/kibrisdakik.com\/?author=1"}]}},"_links":{"self":[{"href":"https:\/\/kibrisdakik.com\/index.php?rest_route=\/wp\/v2\/posts\/70624","targetHints":{"allow":["GET"]}}],"collection":[{"href":"https:\/\/kibrisdakik.com\/index.php?rest_route=\/wp\/v2\/posts"}],"about":[{"href":"https:\/\/kibrisdakik.com\/index.php?rest_route=\/wp\/v2\/types\/post"}],"author":[{"embeddable":true,"href":"https:\/\/kibrisdakik.com\/index.php?rest_route=\/wp\/v2\/users\/1"}],"replies":[{"embeddable":true,"href":"https:\/\/kibrisdakik.com\/index.php?rest_route=%2Fwp%2Fv2%2Fcomments&post=70624"}],"version-history":[{"count":0,"href":"https:\/\/kibrisdakik.com\/index.php?rest_route=\/wp\/v2\/posts\/70624\/revisions"}],"wp:featuredmedia":[{"embeddable":true,"href":"https:\/\/kibrisdakik.com\/index.php?rest_route=\/wp\/v2\/media\/70625"}],"wp:attachment":[{"href":"https:\/\/kibrisdakik.com\/index.php?rest_route=%2Fwp%2Fv2%2Fmedia&parent=70624"}],"wp:term":[{"taxonomy":"category","embeddable":true,"href":"https:\/\/kibrisdakik.com\/index.php?rest_route=%2Fwp%2Fv2%2Fcategories&post=70624"},{"taxonomy":"post_tag","embeddable":true,"href":"https:\/\/kibrisdakik.com\/index.php?rest_route=%2Fwp%2Fv2%2Ftags&post=70624"}],"curies":[{"name":"wp","href":"https:\/\/api.w.org\/{rel}","templated":true}]}}