{"id":70665,"date":"2024-12-03T09:41:38","date_gmt":"2024-12-03T06:41:38","guid":{"rendered":"https:\/\/kibrisdakik.com\/index.php\/2024\/12\/03\/basbakan-unal-ustel-isias-otel-davasinda-adalet-yerini-bulana-kadar-mucadelemiz-surecek\/"},"modified":"2024-12-03T09:41:38","modified_gmt":"2024-12-03T06:41:38","slug":"basbakan-unal-ustel-isias-otel-davasinda-adalet-yerini-bulana-kadar-mucadelemiz-surecek","status":"publish","type":"post","link":"https:\/\/kibrisdakik.com\/?p=70665","title":{"rendered":"Ba\u015fbakan \u00dcnal \u00dcstel: \u0130sias Otel davas\u0131nda adalet yerini bulana kadar m\u00fccadelemiz s\u00fcrecek"},"content":{"rendered":"<div>\n<div class=\"mariselle-image-container center\">\n                                            <\/div>\n<p>Ba\u015fbakan \u00dcnal \u00dcstel, Ad\u0131yaman 3. A\u011f\u0131r Ceza Mahkemesi\u2019nde g\u00f6r\u00fc\u015f\u00fclecek \u0130sias Otel davas\u0131n\u0131n be\u015finci duru\u015fmas\u0131 \u00f6ncesinde bas\u0131n a\u00e7\u0131klamas\u0131 yapt\u0131.<\/p>\n<p>Ba\u015fbakan \u00dcstel \u201cBir ba\u015fbakan olarak de\u011fil, bir baba olarak burada bulunuyorum. Halk\u0131m\u0131z\u0131 bir b\u00fct\u00fcnl\u00fck i\u00e7inde temsil etmeye kararl\u0131y\u0131z. T\u00fcrkiye Cumhuriyeti\u2019nin adaletine g\u00fcvenimiz sonsuzdur. Ancak burada halk\u0131m\u0131z\u0131n hak ve hukukunu savunmak i\u00e7in bulunuyoruz. Evlatlar\u0131m\u0131za mezar olan \u0130sias Otel gibi di\u011fer yap\u0131lar\u0131n olmamas\u0131 i\u00e7in hep birlikte m\u00fccadele edece\u011fiz ve etmeye devam edece\u011fiz.<\/p>\n<p>Bu oteli in\u015fa ederken su\u00e7 i\u015fleyenlerin adalet \u00f6n\u00fcnde hak ettikleri cezay\u0131 alana kadar davalar\u0131m\u0131zdan vazge\u00e7meyece\u011fiz. \u0130nanc\u0131m\u0131z odur ki bu dava en iyi \u015fekilde sonu\u00e7lanacak\u201d ded.<\/p>\n<p>\u00dcstel, Kuzey K\u0131br\u0131s T\u00fcrk Cumhuriyeti\u2019nin tek y\u00fcrek olarak bu davan\u0131n pe\u015finde oldu\u011funu vurgulad\u0131.<\/p>\n<\/p><\/div>\n<p><script async\n                    defer\n                    crossorigin=\"anonymous\"\n                    src=\"https:\/\/connect.facebook.net\/tr_TR\/sdk.js#xfbml=1&#038;version=v3.3\"\n            ><\/script><\/p>\n","protected":false},"excerpt":{"rendered":"<p>Ba\u015fbakan \u00dcnal \u00dcstel, Ad\u0131yaman 3. A\u011f\u0131r Ceza Mahkemesi\u2019nde g\u00f6r\u00fc\u015f\u00fclecek \u0130sias Otel davas\u0131n\u0131n be\u015finci duru\u015fmas\u0131 \u00f6ncesinde bas\u0131n a\u00e7\u0131klamas\u0131 yapt\u0131. Ba\u015fbakan \u00dcstel \u201cBir ba\u015fbakan olarak de\u011fil, bir baba olarak burada bulunuyorum. Halk\u0131m\u0131z\u0131 bir b\u00fct\u00fcnl\u00fck i\u00e7inde temsil etmeye kararl\u0131y\u0131z. T\u00fcrkiye Cumhuriyeti\u2019nin adaletine g\u00fcvenimiz sonsuzdur. Ancak burada halk\u0131m\u0131z\u0131n hak ve hukukunu savunmak i\u00e7in bulunuyoruz. Evlatlar\u0131m\u0131za mezar olan \u0130sias Otel<\/p>\n","protected":false},"author":1,"featured_media":70666,"comment_status":"open","ping_status":"open","sticky":false,"template":"","format":"standard","meta":{"footnotes":""},"categories":[81],"tags":[],"class_list":["post-70665","post","type-post","status-publish","format-standard","has-post-thumbnail","hentry","category-kibris"],"yoast_head":"<!-- This site is optimized with the Yoast SEO plugin v27.5 - https:\/\/yoast.com\/product\/yoast-seo-wordpress\/ -->\n<title>Ba\u015fbakan \u00dcnal \u00dcstel: \u0130sias Otel davas\u0131nda adalet yerini bulana kadar m\u00fccadelemiz s\u00fcrecek -<\/title>\n<meta name=\"robots\" content=\"index, follow, max-snippet:-1, max-image-preview:large, max-video-preview:-1\" \/>\n<link rel=\"canonical\" href=\"https:\/\/kibrisdakik.com\/?p=70665\" \/>\n<meta property=\"og:locale\" content=\"tr_TR\" \/>\n<meta property=\"og:type\" content=\"article\" \/>\n<meta property=\"og:title\" content=\"Ba\u015fbakan \u00dcnal \u00dcstel: \u0130sias Otel davas\u0131nda adalet yerini bulana kadar m\u00fccadelemiz s\u00fcrecek -\" \/>\n<meta property=\"og:description\" content=\"Ba\u015fbakan \u00dcnal \u00dcstel, Ad\u0131yaman 3. A\u011f\u0131r Ceza Mahkemesi\u2019nde g\u00f6r\u00fc\u015f\u00fclecek \u0130sias Otel davas\u0131n\u0131n be\u015finci duru\u015fmas\u0131 \u00f6ncesinde bas\u0131n a\u00e7\u0131klamas\u0131 yapt\u0131. Ba\u015fbakan \u00dcstel \u201cBir ba\u015fbakan olarak de\u011fil, bir baba olarak burada bulunuyorum. Halk\u0131m\u0131z\u0131 bir b\u00fct\u00fcnl\u00fck i\u00e7inde temsil etmeye kararl\u0131y\u0131z. T\u00fcrkiye Cumhuriyeti\u2019nin adaletine g\u00fcvenimiz sonsuzdur. Ancak burada halk\u0131m\u0131z\u0131n hak ve hukukunu savunmak i\u00e7in bulunuyoruz. Evlatlar\u0131m\u0131za mezar olan \u0130sias Otel\" \/>\n<meta property=\"og:url\" content=\"https:\/\/kibrisdakik.com\/?p=70665\" \/>\n<meta property=\"article:published_time\" content=\"2024-12-03T06:41:38+00:00\" \/>\n<meta property=\"og:image\" content=\"https:\/\/kibrisdakik.com\/wp-content\/uploads\/2024\/12\/bbbbbbb-740x420.jpg\" \/>\n\t<meta property=\"og:image:width\" content=\"1183\" \/>\n\t<meta property=\"og:image:height\" content=\"482\" \/>\n\t<meta property=\"og:image:type\" content=\"image\/jpeg\" \/>\n<meta name=\"author\" content=\"admin\" \/>\n<meta name=\"twitter:card\" content=\"summary_large_image\" \/>\n<meta name=\"twitter:label1\" content=\"Yazan:\" \/>\n\t<meta name=\"twitter:data1\" content=\"admin\" \/>\n\t<meta name=\"twitter:label2\" content=\"Tahmini okuma s\u00fcresi\" \/>\n\t<meta name=\"twitter:data2\" content=\"1 dakika\" \/>\n<script type=\"application\/ld+json\" class=\"yoast-schema-graph\">{\"@context\":\"https:\\\/\\\/schema.org\",\"@graph\":[{\"@type\":\"Article\",\"@id\":\"https:\\\/\\\/kibrisdakik.com\\\/?p=70665#article\",\"isPartOf\":{\"@id\":\"https:\\\/\\\/kibrisdakik.com\\\/?p=70665\"},\"author\":{\"name\":\"admin\",\"@id\":\"https:\\\/\\\/kibrisdakik.com\\\/#\\\/schema\\\/person\\\/9cd9d437bbb44f72b73ba127e06d8e79\"},\"headline\":\"Ba\u015fbakan \u00dcnal \u00dcstel: \u0130sias Otel davas\u0131nda adalet yerini bulana kadar m\u00fccadelemiz s\u00fcrecek\",\"datePublished\":\"2024-12-03T06:41:38+00:00\",\"mainEntityOfPage\":{\"@id\":\"https:\\\/\\\/kibrisdakik.com\\\/?p=70665\"},\"wordCount\":178,\"commentCount\":0,\"image\":{\"@id\":\"https:\\\/\\\/kibrisdakik.com\\\/?p=70665#primaryimage\"},\"thumbnailUrl\":\"https:\\\/\\\/kibrisdakik.com\\\/wp-content\\\/uploads\\\/2024\\\/12\\\/bbbbbbb-740x420.jpg\",\"articleSection\":[\"K\u0131br\u0131s\"],\"inLanguage\":\"tr\",\"potentialAction\":[{\"@type\":\"CommentAction\",\"name\":\"Comment\",\"target\":[\"https:\\\/\\\/kibrisdakik.com\\\/?p=70665#respond\"]}]},{\"@type\":\"WebPage\",\"@id\":\"https:\\\/\\\/kibrisdakik.com\\\/?p=70665\",\"url\":\"https:\\\/\\\/kibrisdakik.com\\\/?p=70665\",\"name\":\"Ba\u015fbakan \u00dcnal \u00dcstel: \u0130sias Otel davas\u0131nda adalet yerini bulana kadar m\u00fccadelemiz s\u00fcrecek -\",\"isPartOf\":{\"@id\":\"https:\\\/\\\/kibrisdakik.com\\\/#website\"},\"primaryImageOfPage\":{\"@id\":\"https:\\\/\\\/kibrisdakik.com\\\/?p=70665#primaryimage\"},\"image\":{\"@id\":\"https:\\\/\\\/kibrisdakik.com\\\/?p=70665#primaryimage\"},\"thumbnailUrl\":\"https:\\\/\\\/kibrisdakik.com\\\/wp-content\\\/uploads\\\/2024\\\/12\\\/bbbbbbb-740x420.jpg\",\"datePublished\":\"2024-12-03T06:41:38+00:00\",\"author\":{\"@id\":\"https:\\\/\\\/kibrisdakik.com\\\/#\\\/schema\\\/person\\\/9cd9d437bbb44f72b73ba127e06d8e79\"},\"breadcrumb\":{\"@id\":\"https:\\\/\\\/kibrisdakik.com\\\/?p=70665#breadcrumb\"},\"inLanguage\":\"tr\",\"potentialAction\":[{\"@type\":\"ReadAction\",\"target\":[\"https:\\\/\\\/kibrisdakik.com\\\/?p=70665\"]}]},{\"@type\":\"ImageObject\",\"inLanguage\":\"tr\",\"@id\":\"https:\\\/\\\/kibrisdakik.com\\\/?p=70665#primaryimage\",\"url\":\"https:\\\/\\\/kibrisdakik.com\\\/wp-content\\\/uploads\\\/2024\\\/12\\\/bbbbbbb-740x420.jpg\",\"contentUrl\":\"https:\\\/\\\/kibrisdakik.com\\\/wp-content\\\/uploads\\\/2024\\\/12\\\/bbbbbbb-740x420.jpg\",\"width\":1183,\"height\":482},{\"@type\":\"BreadcrumbList\",\"@id\":\"https:\\\/\\\/kibrisdakik.com\\\/?p=70665#breadcrumb\",\"itemListElement\":[{\"@type\":\"ListItem\",\"position\":1,\"name\":\"Home\",\"item\":\"https:\\\/\\\/kibrisdakik.com\\\/\"},{\"@type\":\"ListItem\",\"position\":2,\"name\":\"Ba\u015fbakan \u00dcnal \u00dcstel: \u0130sias Otel davas\u0131nda adalet yerini bulana kadar m\u00fccadelemiz s\u00fcrecek\"}]},{\"@type\":\"WebSite\",\"@id\":\"https:\\\/\\\/kibrisdakik.com\\\/#website\",\"url\":\"https:\\\/\\\/kibrisdakik.com\\\/\",\"name\":\"\",\"description\":\"Tam vaktinde haber\",\"potentialAction\":[{\"@type\":\"SearchAction\",\"target\":{\"@type\":\"EntryPoint\",\"urlTemplate\":\"https:\\\/\\\/kibrisdakik.com\\\/?s={search_term_string}\"},\"query-input\":{\"@type\":\"PropertyValueSpecification\",\"valueRequired\":true,\"valueName\":\"search_term_string\"}}],\"inLanguage\":\"tr\"},{\"@type\":\"Person\",\"@id\":\"https:\\\/\\\/kibrisdakik.com\\\/#\\\/schema\\\/person\\\/9cd9d437bbb44f72b73ba127e06d8e79\",\"name\":\"admin\",\"image\":{\"@type\":\"ImageObject\",\"inLanguage\":\"tr\",\"@id\":\"https:\\\/\\\/secure.gravatar.com\\\/avatar\\\/ccc17943b9d660506c869530f897617f7cb1c21a4bf30023f252596d83e1f007?s=96&d=mm&r=g\",\"url\":\"https:\\\/\\\/secure.gravatar.com\\\/avatar\\\/ccc17943b9d660506c869530f897617f7cb1c21a4bf30023f252596d83e1f007?s=96&d=mm&r=g\",\"contentUrl\":\"https:\\\/\\\/secure.gravatar.com\\\/avatar\\\/ccc17943b9d660506c869530f897617f7cb1c21a4bf30023f252596d83e1f007?s=96&d=mm&r=g\",\"caption\":\"admin\"},\"sameAs\":[\"https:\\\/\\\/kibrisdakik.com\"],\"url\":\"https:\\\/\\\/kibrisdakik.com\\\/?author=1\"}]}<\/script>\n<!-- \/ Yoast SEO plugin. -->","yoast_head_json":{"title":"Ba\u015fbakan \u00dcnal \u00dcstel: \u0130sias Otel davas\u0131nda adalet yerini bulana kadar m\u00fccadelemiz s\u00fcrecek -","robots":{"index":"index","follow":"follow","max-snippet":"max-snippet:-1","max-image-preview":"max-image-preview:large","max-video-preview":"max-video-preview:-1"},"canonical":"https:\/\/kibrisdakik.com\/?p=70665","og_locale":"tr_TR","og_type":"article","og_title":"Ba\u015fbakan \u00dcnal \u00dcstel: \u0130sias Otel davas\u0131nda adalet yerini bulana kadar m\u00fccadelemiz s\u00fcrecek -","og_description":"Ba\u015fbakan \u00dcnal \u00dcstel, Ad\u0131yaman 3. A\u011f\u0131r Ceza Mahkemesi\u2019nde g\u00f6r\u00fc\u015f\u00fclecek \u0130sias Otel davas\u0131n\u0131n be\u015finci duru\u015fmas\u0131 \u00f6ncesinde bas\u0131n a\u00e7\u0131klamas\u0131 yapt\u0131. Ba\u015fbakan \u00dcstel \u201cBir ba\u015fbakan olarak de\u011fil, bir baba olarak burada bulunuyorum. Halk\u0131m\u0131z\u0131 bir b\u00fct\u00fcnl\u00fck i\u00e7inde temsil etmeye kararl\u0131y\u0131z. T\u00fcrkiye Cumhuriyeti\u2019nin adaletine g\u00fcvenimiz sonsuzdur. Ancak burada halk\u0131m\u0131z\u0131n hak ve hukukunu savunmak i\u00e7in bulunuyoruz. Evlatlar\u0131m\u0131za mezar olan \u0130sias Otel","og_url":"https:\/\/kibrisdakik.com\/?p=70665","article_published_time":"2024-12-03T06:41:38+00:00","og_image":[{"width":1183,"height":482,"url":"https:\/\/kibrisdakik.com\/wp-content\/uploads\/2024\/12\/bbbbbbb-740x420.jpg","type":"image\/jpeg"}],"author":"admin","twitter_card":"summary_large_image","twitter_misc":{"Yazan:":"admin","Tahmini okuma s\u00fcresi":"1 dakika"},"schema":{"@context":"https:\/\/schema.org","@graph":[{"@type":"Article","@id":"https:\/\/kibrisdakik.com\/?p=70665#article","isPartOf":{"@id":"https:\/\/kibrisdakik.com\/?p=70665"},"author":{"name":"admin","@id":"https:\/\/kibrisdakik.com\/#\/schema\/person\/9cd9d437bbb44f72b73ba127e06d8e79"},"headline":"Ba\u015fbakan \u00dcnal \u00dcstel: \u0130sias Otel davas\u0131nda adalet yerini bulana kadar m\u00fccadelemiz s\u00fcrecek","datePublished":"2024-12-03T06:41:38+00:00","mainEntityOfPage":{"@id":"https:\/\/kibrisdakik.com\/?p=70665"},"wordCount":178,"commentCount":0,"image":{"@id":"https:\/\/kibrisdakik.com\/?p=70665#primaryimage"},"thumbnailUrl":"https:\/\/kibrisdakik.com\/wp-content\/uploads\/2024\/12\/bbbbbbb-740x420.jpg","articleSection":["K\u0131br\u0131s"],"inLanguage":"tr","potentialAction":[{"@type":"CommentAction","name":"Comment","target":["https:\/\/kibrisdakik.com\/?p=70665#respond"]}]},{"@type":"WebPage","@id":"https:\/\/kibrisdakik.com\/?p=70665","url":"https:\/\/kibrisdakik.com\/?p=70665","name":"Ba\u015fbakan \u00dcnal \u00dcstel: \u0130sias Otel davas\u0131nda adalet yerini bulana kadar m\u00fccadelemiz s\u00fcrecek -","isPartOf":{"@id":"https:\/\/kibrisdakik.com\/#website"},"primaryImageOfPage":{"@id":"https:\/\/kibrisdakik.com\/?p=70665#primaryimage"},"image":{"@id":"https:\/\/kibrisdakik.com\/?p=70665#primaryimage"},"thumbnailUrl":"https:\/\/kibrisdakik.com\/wp-content\/uploads\/2024\/12\/bbbbbbb-740x420.jpg","datePublished":"2024-12-03T06:41:38+00:00","author":{"@id":"https:\/\/kibrisdakik.com\/#\/schema\/person\/9cd9d437bbb44f72b73ba127e06d8e79"},"breadcrumb":{"@id":"https:\/\/kibrisdakik.com\/?p=70665#breadcrumb"},"inLanguage":"tr","potentialAction":[{"@type":"ReadAction","target":["https:\/\/kibrisdakik.com\/?p=70665"]}]},{"@type":"ImageObject","inLanguage":"tr","@id":"https:\/\/kibrisdakik.com\/?p=70665#primaryimage","url":"https:\/\/kibrisdakik.com\/wp-content\/uploads\/2024\/12\/bbbbbbb-740x420.jpg","contentUrl":"https:\/\/kibrisdakik.com\/wp-content\/uploads\/2024\/12\/bbbbbbb-740x420.jpg","width":1183,"height":482},{"@type":"BreadcrumbList","@id":"https:\/\/kibrisdakik.com\/?p=70665#breadcrumb","itemListElement":[{"@type":"ListItem","position":1,"name":"Home","item":"https:\/\/kibrisdakik.com\/"},{"@type":"ListItem","position":2,"name":"Ba\u015fbakan \u00dcnal \u00dcstel: \u0130sias Otel davas\u0131nda adalet yerini bulana kadar m\u00fccadelemiz s\u00fcrecek"}]},{"@type":"WebSite","@id":"https:\/\/kibrisdakik.com\/#website","url":"https:\/\/kibrisdakik.com\/","name":"","description":"Tam vaktinde haber","potentialAction":[{"@type":"SearchAction","target":{"@type":"EntryPoint","urlTemplate":"https:\/\/kibrisdakik.com\/?s={search_term_string}"},"query-input":{"@type":"PropertyValueSpecification","valueRequired":true,"valueName":"search_term_string"}}],"inLanguage":"tr"},{"@type":"Person","@id":"https:\/\/kibrisdakik.com\/#\/schema\/person\/9cd9d437bbb44f72b73ba127e06d8e79","name":"admin","image":{"@type":"ImageObject","inLanguage":"tr","@id":"https:\/\/secure.gravatar.com\/avatar\/ccc17943b9d660506c869530f897617f7cb1c21a4bf30023f252596d83e1f007?s=96&d=mm&r=g","url":"https:\/\/secure.gravatar.com\/avatar\/ccc17943b9d660506c869530f897617f7cb1c21a4bf30023f252596d83e1f007?s=96&d=mm&r=g","contentUrl":"https:\/\/secure.gravatar.com\/avatar\/ccc17943b9d660506c869530f897617f7cb1c21a4bf30023f252596d83e1f007?s=96&d=mm&r=g","caption":"admin"},"sameAs":["https:\/\/kibrisdakik.com"],"url":"https:\/\/kibrisdakik.com\/?author=1"}]}},"_links":{"self":[{"href":"https:\/\/kibrisdakik.com\/index.php?rest_route=\/wp\/v2\/posts\/70665","targetHints":{"allow":["GET"]}}],"collection":[{"href":"https:\/\/kibrisdakik.com\/index.php?rest_route=\/wp\/v2\/posts"}],"about":[{"href":"https:\/\/kibrisdakik.com\/index.php?rest_route=\/wp\/v2\/types\/post"}],"author":[{"embeddable":true,"href":"https:\/\/kibrisdakik.com\/index.php?rest_route=\/wp\/v2\/users\/1"}],"replies":[{"embeddable":true,"href":"https:\/\/kibrisdakik.com\/index.php?rest_route=%2Fwp%2Fv2%2Fcomments&post=70665"}],"version-history":[{"count":0,"href":"https:\/\/kibrisdakik.com\/index.php?rest_route=\/wp\/v2\/posts\/70665\/revisions"}],"wp:featuredmedia":[{"embeddable":true,"href":"https:\/\/kibrisdakik.com\/index.php?rest_route=\/wp\/v2\/media\/70666"}],"wp:attachment":[{"href":"https:\/\/kibrisdakik.com\/index.php?rest_route=%2Fwp%2Fv2%2Fmedia&parent=70665"}],"wp:term":[{"taxonomy":"category","embeddable":true,"href":"https:\/\/kibrisdakik.com\/index.php?rest_route=%2Fwp%2Fv2%2Fcategories&post=70665"},{"taxonomy":"post_tag","embeddable":true,"href":"https:\/\/kibrisdakik.com\/index.php?rest_route=%2Fwp%2Fv2%2Ftags&post=70665"}],"curies":[{"name":"wp","href":"https:\/\/api.w.org\/{rel}","templated":true}]}}