{"id":70669,"date":"2024-12-03T10:41:52","date_gmt":"2024-12-03T07:41:52","guid":{"rendered":"https:\/\/kibrisdakik.com\/index.php\/2024\/12\/03\/sigortalilar-indirimli-ilaclarini-sadece-sozlesmeli-ozel-eczanelerden-alabilecek-2\/"},"modified":"2024-12-03T10:41:52","modified_gmt":"2024-12-03T07:41:52","slug":"sigortalilar-indirimli-ilaclarini-sadece-sozlesmeli-ozel-eczanelerden-alabilecek-2","status":"publish","type":"post","link":"https:\/\/kibrisdakik.com\/?p=70669","title":{"rendered":"Sigortal\u0131lar indirimli ila\u00e7lar\u0131n\u0131 sadece s\u00f6zle\u015fmeli \u00f6zel eczanelerden alabilecek"},"content":{"rendered":"<div>\n<div class=\"mariselle-image-container center\">\n                                            <\/div>\n<p>Sosyal Sigortalar Dairesi, sigortal\u0131lar\u0131n indirimli ila\u00e7lar\u0131n\u0131 sadece s\u00f6zle\u015fmeli \u00f6zel eczanelerden alabilece\u011fini duyurdu.<\/p>\n<p>Sosyal Sigortalar Dairesi M\u00fcd\u00fcr\u00fc \u0130lter \u00d6kter, sigortal\u0131lar\u0131n, serbest \u00e7al\u0131\u015fan hekimler veya kamu sa\u011fl\u0131k kurulu\u015flar\u0131 taraf\u0131ndan yaz\u0131lan re\u00e7etelerle sadece s\u00f6zle\u015fmeli \u00f6zel eczanelerden indirimli olarak ila\u00e7lar\u0131n\u0131 alabilece\u011fini duyurdu.<\/p>\n<p>Yaz\u0131l\u0131 a\u00e7\u0131klama yapan \u00d6kter, sigortal\u0131lar\u0131n, s\u00f6zle\u015fmeli \u00f6zel eczanelerden indirimli olarak al\u0131nan ila\u00e7 bedelleri i\u00e7in daireye re\u00e7ete, fatura ve makbuzla m\u00fcracaat etmelerine gerek duyulmayaca\u011f\u0131n\u0131 belirtti.<\/p>\n<p>\t\u00d6kter, Sa\u011fl\u0131k Kurulu karar\u0131 ile ila\u00e7 alan sigortal\u0131lar\u0131n ise eski uygulamada oldu\u011fu gibi, kurul karar\u0131n\u0131n ard\u0131ndan, serbest \u00e7al\u0131\u015fan hekimler veya kamu sa\u011fl\u0131k kurulu\u015flar\u0131 taraf\u0131ndan en fazla iki ayl\u0131k yazd\u0131racaklar\u0131 re\u00e7etelere ait ila\u00e7lar\u0131n\u0131 s\u00f6zle\u015fmeli veya s\u00f6zle\u015fmesiz t\u00fcm \u00f6zel eczanelerden fatura ve makbuz kar\u015f\u0131l\u0131\u011f\u0131 temin ederek, \u00f6denmek i\u00e7in Sosyal Sigortalar Dairesine re\u00e7ete, fatura, makbuz ile birlikte m\u00fcracaat edeceklerini kaydetti.<\/p>\n<p>\tSosyal Sigortalar Dairesi ile s\u00f6zle\u015fme imzalayan \u00f6zel eczanelerin g\u00fcncel listesine www.ssd.gov.ct.tr adresinden ula\u015f\u0131labilir.<\/p>\n<\/p><\/div>\n<p><script async\n                    defer\n                    crossorigin=\"anonymous\"\n                    src=\"https:\/\/connect.facebook.net\/tr_TR\/sdk.js#xfbml=1&#038;version=v3.3\"\n            ><\/script><\/p>\n","protected":false},"excerpt":{"rendered":"<p>Sosyal Sigortalar Dairesi, sigortal\u0131lar\u0131n indirimli ila\u00e7lar\u0131n\u0131 sadece s\u00f6zle\u015fmeli \u00f6zel eczanelerden alabilece\u011fini duyurdu. Sosyal Sigortalar Dairesi M\u00fcd\u00fcr\u00fc \u0130lter \u00d6kter, sigortal\u0131lar\u0131n, serbest \u00e7al\u0131\u015fan hekimler veya kamu sa\u011fl\u0131k kurulu\u015flar\u0131 taraf\u0131ndan yaz\u0131lan re\u00e7etelerle sadece s\u00f6zle\u015fmeli \u00f6zel eczanelerden indirimli olarak ila\u00e7lar\u0131n\u0131 alabilece\u011fini duyurdu. Yaz\u0131l\u0131 a\u00e7\u0131klama yapan \u00d6kter, sigortal\u0131lar\u0131n, s\u00f6zle\u015fmeli \u00f6zel eczanelerden indirimli olarak al\u0131nan ila\u00e7 bedelleri i\u00e7in daireye re\u00e7ete, fatura<\/p>\n","protected":false},"author":1,"featured_media":70670,"comment_status":"open","ping_status":"open","sticky":false,"template":"","format":"standard","meta":{"footnotes":""},"categories":[81],"tags":[],"class_list":["post-70669","post","type-post","status-publish","format-standard","has-post-thumbnail","hentry","category-kibris"],"yoast_head":"<!-- This site is optimized with the Yoast SEO plugin v27.5 - https:\/\/yoast.com\/product\/yoast-seo-wordpress\/ -->\n<title>Sigortal\u0131lar indirimli ila\u00e7lar\u0131n\u0131 sadece s\u00f6zle\u015fmeli \u00f6zel eczanelerden alabilecek -<\/title>\n<meta name=\"robots\" content=\"index, follow, max-snippet:-1, max-image-preview:large, max-video-preview:-1\" \/>\n<link rel=\"canonical\" href=\"https:\/\/kibrisdakik.com\/?p=70669\" \/>\n<meta property=\"og:locale\" content=\"tr_TR\" \/>\n<meta property=\"og:type\" content=\"article\" \/>\n<meta property=\"og:title\" content=\"Sigortal\u0131lar indirimli ila\u00e7lar\u0131n\u0131 sadece s\u00f6zle\u015fmeli \u00f6zel eczanelerden alabilecek -\" \/>\n<meta property=\"og:description\" content=\"Sosyal Sigortalar Dairesi, sigortal\u0131lar\u0131n indirimli ila\u00e7lar\u0131n\u0131 sadece s\u00f6zle\u015fmeli \u00f6zel eczanelerden alabilece\u011fini duyurdu. Sosyal Sigortalar Dairesi M\u00fcd\u00fcr\u00fc \u0130lter \u00d6kter, sigortal\u0131lar\u0131n, serbest \u00e7al\u0131\u015fan hekimler veya kamu sa\u011fl\u0131k kurulu\u015flar\u0131 taraf\u0131ndan yaz\u0131lan re\u00e7etelerle sadece s\u00f6zle\u015fmeli \u00f6zel eczanelerden indirimli olarak ila\u00e7lar\u0131n\u0131 alabilece\u011fini duyurdu. Yaz\u0131l\u0131 a\u00e7\u0131klama yapan \u00d6kter, sigortal\u0131lar\u0131n, s\u00f6zle\u015fmeli \u00f6zel eczanelerden indirimli olarak al\u0131nan ila\u00e7 bedelleri i\u00e7in daireye re\u00e7ete, fatura\" \/>\n<meta property=\"og:url\" content=\"https:\/\/kibrisdakik.com\/?p=70669\" \/>\n<meta property=\"article:published_time\" content=\"2024-12-03T07:41:52+00:00\" \/>\n<meta property=\"og:image\" content=\"https:\/\/kibrisdakik.com\/wp-content\/uploads\/2024\/12\/ilac-24-740x420.jpg\" \/>\n\t<meta property=\"og:image:width\" content=\"1280\" \/>\n\t<meta property=\"og:image:height\" content=\"720\" \/>\n\t<meta property=\"og:image:type\" content=\"image\/jpeg\" \/>\n<meta name=\"author\" content=\"admin\" \/>\n<meta name=\"twitter:card\" content=\"summary_large_image\" \/>\n<meta name=\"twitter:label1\" content=\"Yazan:\" \/>\n\t<meta name=\"twitter:data1\" content=\"admin\" \/>\n\t<meta name=\"twitter:label2\" content=\"Tahmini okuma s\u00fcresi\" \/>\n\t<meta name=\"twitter:data2\" content=\"1 dakika\" \/>\n<script type=\"application\/ld+json\" class=\"yoast-schema-graph\">{\"@context\":\"https:\\\/\\\/schema.org\",\"@graph\":[{\"@type\":\"Article\",\"@id\":\"https:\\\/\\\/kibrisdakik.com\\\/?p=70669#article\",\"isPartOf\":{\"@id\":\"https:\\\/\\\/kibrisdakik.com\\\/?p=70669\"},\"author\":{\"name\":\"admin\",\"@id\":\"https:\\\/\\\/kibrisdakik.com\\\/#\\\/schema\\\/person\\\/9cd9d437bbb44f72b73ba127e06d8e79\"},\"headline\":\"Sigortal\u0131lar indirimli ila\u00e7lar\u0131n\u0131 sadece s\u00f6zle\u015fmeli \u00f6zel eczanelerden alabilecek\",\"datePublished\":\"2024-12-03T07:41:52+00:00\",\"mainEntityOfPage\":{\"@id\":\"https:\\\/\\\/kibrisdakik.com\\\/?p=70669\"},\"wordCount\":214,\"commentCount\":0,\"image\":{\"@id\":\"https:\\\/\\\/kibrisdakik.com\\\/?p=70669#primaryimage\"},\"thumbnailUrl\":\"https:\\\/\\\/kibrisdakik.com\\\/wp-content\\\/uploads\\\/2024\\\/12\\\/ilac-24-740x420.jpg\",\"articleSection\":[\"K\u0131br\u0131s\"],\"inLanguage\":\"tr\",\"potentialAction\":[{\"@type\":\"CommentAction\",\"name\":\"Comment\",\"target\":[\"https:\\\/\\\/kibrisdakik.com\\\/?p=70669#respond\"]}]},{\"@type\":\"WebPage\",\"@id\":\"https:\\\/\\\/kibrisdakik.com\\\/?p=70669\",\"url\":\"https:\\\/\\\/kibrisdakik.com\\\/?p=70669\",\"name\":\"Sigortal\u0131lar indirimli ila\u00e7lar\u0131n\u0131 sadece s\u00f6zle\u015fmeli \u00f6zel eczanelerden alabilecek -\",\"isPartOf\":{\"@id\":\"https:\\\/\\\/kibrisdakik.com\\\/#website\"},\"primaryImageOfPage\":{\"@id\":\"https:\\\/\\\/kibrisdakik.com\\\/?p=70669#primaryimage\"},\"image\":{\"@id\":\"https:\\\/\\\/kibrisdakik.com\\\/?p=70669#primaryimage\"},\"thumbnailUrl\":\"https:\\\/\\\/kibrisdakik.com\\\/wp-content\\\/uploads\\\/2024\\\/12\\\/ilac-24-740x420.jpg\",\"datePublished\":\"2024-12-03T07:41:52+00:00\",\"author\":{\"@id\":\"https:\\\/\\\/kibrisdakik.com\\\/#\\\/schema\\\/person\\\/9cd9d437bbb44f72b73ba127e06d8e79\"},\"breadcrumb\":{\"@id\":\"https:\\\/\\\/kibrisdakik.com\\\/?p=70669#breadcrumb\"},\"inLanguage\":\"tr\",\"potentialAction\":[{\"@type\":\"ReadAction\",\"target\":[\"https:\\\/\\\/kibrisdakik.com\\\/?p=70669\"]}]},{\"@type\":\"ImageObject\",\"inLanguage\":\"tr\",\"@id\":\"https:\\\/\\\/kibrisdakik.com\\\/?p=70669#primaryimage\",\"url\":\"https:\\\/\\\/kibrisdakik.com\\\/wp-content\\\/uploads\\\/2024\\\/12\\\/ilac-24-740x420.jpg\",\"contentUrl\":\"https:\\\/\\\/kibrisdakik.com\\\/wp-content\\\/uploads\\\/2024\\\/12\\\/ilac-24-740x420.jpg\",\"width\":1280,\"height\":720},{\"@type\":\"BreadcrumbList\",\"@id\":\"https:\\\/\\\/kibrisdakik.com\\\/?p=70669#breadcrumb\",\"itemListElement\":[{\"@type\":\"ListItem\",\"position\":1,\"name\":\"Home\",\"item\":\"https:\\\/\\\/kibrisdakik.com\\\/\"},{\"@type\":\"ListItem\",\"position\":2,\"name\":\"Sigortal\u0131lar indirimli ila\u00e7lar\u0131n\u0131 sadece s\u00f6zle\u015fmeli \u00f6zel eczanelerden alabilecek\"}]},{\"@type\":\"WebSite\",\"@id\":\"https:\\\/\\\/kibrisdakik.com\\\/#website\",\"url\":\"https:\\\/\\\/kibrisdakik.com\\\/\",\"name\":\"\",\"description\":\"Tam vaktinde haber\",\"potentialAction\":[{\"@type\":\"SearchAction\",\"target\":{\"@type\":\"EntryPoint\",\"urlTemplate\":\"https:\\\/\\\/kibrisdakik.com\\\/?s={search_term_string}\"},\"query-input\":{\"@type\":\"PropertyValueSpecification\",\"valueRequired\":true,\"valueName\":\"search_term_string\"}}],\"inLanguage\":\"tr\"},{\"@type\":\"Person\",\"@id\":\"https:\\\/\\\/kibrisdakik.com\\\/#\\\/schema\\\/person\\\/9cd9d437bbb44f72b73ba127e06d8e79\",\"name\":\"admin\",\"image\":{\"@type\":\"ImageObject\",\"inLanguage\":\"tr\",\"@id\":\"https:\\\/\\\/secure.gravatar.com\\\/avatar\\\/ccc17943b9d660506c869530f897617f7cb1c21a4bf30023f252596d83e1f007?s=96&d=mm&r=g\",\"url\":\"https:\\\/\\\/secure.gravatar.com\\\/avatar\\\/ccc17943b9d660506c869530f897617f7cb1c21a4bf30023f252596d83e1f007?s=96&d=mm&r=g\",\"contentUrl\":\"https:\\\/\\\/secure.gravatar.com\\\/avatar\\\/ccc17943b9d660506c869530f897617f7cb1c21a4bf30023f252596d83e1f007?s=96&d=mm&r=g\",\"caption\":\"admin\"},\"sameAs\":[\"https:\\\/\\\/kibrisdakik.com\"],\"url\":\"https:\\\/\\\/kibrisdakik.com\\\/?author=1\"}]}<\/script>\n<!-- \/ Yoast SEO plugin. -->","yoast_head_json":{"title":"Sigortal\u0131lar indirimli ila\u00e7lar\u0131n\u0131 sadece s\u00f6zle\u015fmeli \u00f6zel eczanelerden alabilecek -","robots":{"index":"index","follow":"follow","max-snippet":"max-snippet:-1","max-image-preview":"max-image-preview:large","max-video-preview":"max-video-preview:-1"},"canonical":"https:\/\/kibrisdakik.com\/?p=70669","og_locale":"tr_TR","og_type":"article","og_title":"Sigortal\u0131lar indirimli ila\u00e7lar\u0131n\u0131 sadece s\u00f6zle\u015fmeli \u00f6zel eczanelerden alabilecek -","og_description":"Sosyal Sigortalar Dairesi, sigortal\u0131lar\u0131n indirimli ila\u00e7lar\u0131n\u0131 sadece s\u00f6zle\u015fmeli \u00f6zel eczanelerden alabilece\u011fini duyurdu. Sosyal Sigortalar Dairesi M\u00fcd\u00fcr\u00fc \u0130lter \u00d6kter, sigortal\u0131lar\u0131n, serbest \u00e7al\u0131\u015fan hekimler veya kamu sa\u011fl\u0131k kurulu\u015flar\u0131 taraf\u0131ndan yaz\u0131lan re\u00e7etelerle sadece s\u00f6zle\u015fmeli \u00f6zel eczanelerden indirimli olarak ila\u00e7lar\u0131n\u0131 alabilece\u011fini duyurdu. Yaz\u0131l\u0131 a\u00e7\u0131klama yapan \u00d6kter, sigortal\u0131lar\u0131n, s\u00f6zle\u015fmeli \u00f6zel eczanelerden indirimli olarak al\u0131nan ila\u00e7 bedelleri i\u00e7in daireye re\u00e7ete, fatura","og_url":"https:\/\/kibrisdakik.com\/?p=70669","article_published_time":"2024-12-03T07:41:52+00:00","og_image":[{"width":1280,"height":720,"url":"https:\/\/kibrisdakik.com\/wp-content\/uploads\/2024\/12\/ilac-24-740x420.jpg","type":"image\/jpeg"}],"author":"admin","twitter_card":"summary_large_image","twitter_misc":{"Yazan:":"admin","Tahmini okuma s\u00fcresi":"1 dakika"},"schema":{"@context":"https:\/\/schema.org","@graph":[{"@type":"Article","@id":"https:\/\/kibrisdakik.com\/?p=70669#article","isPartOf":{"@id":"https:\/\/kibrisdakik.com\/?p=70669"},"author":{"name":"admin","@id":"https:\/\/kibrisdakik.com\/#\/schema\/person\/9cd9d437bbb44f72b73ba127e06d8e79"},"headline":"Sigortal\u0131lar indirimli ila\u00e7lar\u0131n\u0131 sadece s\u00f6zle\u015fmeli \u00f6zel eczanelerden alabilecek","datePublished":"2024-12-03T07:41:52+00:00","mainEntityOfPage":{"@id":"https:\/\/kibrisdakik.com\/?p=70669"},"wordCount":214,"commentCount":0,"image":{"@id":"https:\/\/kibrisdakik.com\/?p=70669#primaryimage"},"thumbnailUrl":"https:\/\/kibrisdakik.com\/wp-content\/uploads\/2024\/12\/ilac-24-740x420.jpg","articleSection":["K\u0131br\u0131s"],"inLanguage":"tr","potentialAction":[{"@type":"CommentAction","name":"Comment","target":["https:\/\/kibrisdakik.com\/?p=70669#respond"]}]},{"@type":"WebPage","@id":"https:\/\/kibrisdakik.com\/?p=70669","url":"https:\/\/kibrisdakik.com\/?p=70669","name":"Sigortal\u0131lar indirimli ila\u00e7lar\u0131n\u0131 sadece s\u00f6zle\u015fmeli \u00f6zel eczanelerden alabilecek -","isPartOf":{"@id":"https:\/\/kibrisdakik.com\/#website"},"primaryImageOfPage":{"@id":"https:\/\/kibrisdakik.com\/?p=70669#primaryimage"},"image":{"@id":"https:\/\/kibrisdakik.com\/?p=70669#primaryimage"},"thumbnailUrl":"https:\/\/kibrisdakik.com\/wp-content\/uploads\/2024\/12\/ilac-24-740x420.jpg","datePublished":"2024-12-03T07:41:52+00:00","author":{"@id":"https:\/\/kibrisdakik.com\/#\/schema\/person\/9cd9d437bbb44f72b73ba127e06d8e79"},"breadcrumb":{"@id":"https:\/\/kibrisdakik.com\/?p=70669#breadcrumb"},"inLanguage":"tr","potentialAction":[{"@type":"ReadAction","target":["https:\/\/kibrisdakik.com\/?p=70669"]}]},{"@type":"ImageObject","inLanguage":"tr","@id":"https:\/\/kibrisdakik.com\/?p=70669#primaryimage","url":"https:\/\/kibrisdakik.com\/wp-content\/uploads\/2024\/12\/ilac-24-740x420.jpg","contentUrl":"https:\/\/kibrisdakik.com\/wp-content\/uploads\/2024\/12\/ilac-24-740x420.jpg","width":1280,"height":720},{"@type":"BreadcrumbList","@id":"https:\/\/kibrisdakik.com\/?p=70669#breadcrumb","itemListElement":[{"@type":"ListItem","position":1,"name":"Home","item":"https:\/\/kibrisdakik.com\/"},{"@type":"ListItem","position":2,"name":"Sigortal\u0131lar indirimli ila\u00e7lar\u0131n\u0131 sadece s\u00f6zle\u015fmeli \u00f6zel eczanelerden alabilecek"}]},{"@type":"WebSite","@id":"https:\/\/kibrisdakik.com\/#website","url":"https:\/\/kibrisdakik.com\/","name":"","description":"Tam vaktinde haber","potentialAction":[{"@type":"SearchAction","target":{"@type":"EntryPoint","urlTemplate":"https:\/\/kibrisdakik.com\/?s={search_term_string}"},"query-input":{"@type":"PropertyValueSpecification","valueRequired":true,"valueName":"search_term_string"}}],"inLanguage":"tr"},{"@type":"Person","@id":"https:\/\/kibrisdakik.com\/#\/schema\/person\/9cd9d437bbb44f72b73ba127e06d8e79","name":"admin","image":{"@type":"ImageObject","inLanguage":"tr","@id":"https:\/\/secure.gravatar.com\/avatar\/ccc17943b9d660506c869530f897617f7cb1c21a4bf30023f252596d83e1f007?s=96&d=mm&r=g","url":"https:\/\/secure.gravatar.com\/avatar\/ccc17943b9d660506c869530f897617f7cb1c21a4bf30023f252596d83e1f007?s=96&d=mm&r=g","contentUrl":"https:\/\/secure.gravatar.com\/avatar\/ccc17943b9d660506c869530f897617f7cb1c21a4bf30023f252596d83e1f007?s=96&d=mm&r=g","caption":"admin"},"sameAs":["https:\/\/kibrisdakik.com"],"url":"https:\/\/kibrisdakik.com\/?author=1"}]}},"_links":{"self":[{"href":"https:\/\/kibrisdakik.com\/index.php?rest_route=\/wp\/v2\/posts\/70669","targetHints":{"allow":["GET"]}}],"collection":[{"href":"https:\/\/kibrisdakik.com\/index.php?rest_route=\/wp\/v2\/posts"}],"about":[{"href":"https:\/\/kibrisdakik.com\/index.php?rest_route=\/wp\/v2\/types\/post"}],"author":[{"embeddable":true,"href":"https:\/\/kibrisdakik.com\/index.php?rest_route=\/wp\/v2\/users\/1"}],"replies":[{"embeddable":true,"href":"https:\/\/kibrisdakik.com\/index.php?rest_route=%2Fwp%2Fv2%2Fcomments&post=70669"}],"version-history":[{"count":0,"href":"https:\/\/kibrisdakik.com\/index.php?rest_route=\/wp\/v2\/posts\/70669\/revisions"}],"wp:featuredmedia":[{"embeddable":true,"href":"https:\/\/kibrisdakik.com\/index.php?rest_route=\/wp\/v2\/media\/70670"}],"wp:attachment":[{"href":"https:\/\/kibrisdakik.com\/index.php?rest_route=%2Fwp%2Fv2%2Fmedia&parent=70669"}],"wp:term":[{"taxonomy":"category","embeddable":true,"href":"https:\/\/kibrisdakik.com\/index.php?rest_route=%2Fwp%2Fv2%2Fcategories&post=70669"},{"taxonomy":"post_tag","embeddable":true,"href":"https:\/\/kibrisdakik.com\/index.php?rest_route=%2Fwp%2Fv2%2Ftags&post=70669"}],"curies":[{"name":"wp","href":"https:\/\/api.w.org\/{rel}","templated":true}]}}