{"id":7071,"date":"2023-05-16T22:07:22","date_gmt":"2023-05-16T22:07:22","guid":{"rendered":"https:\/\/kibrisdakik.com\/index.php\/2023\/05\/16\/cumhurbaskani-tataregemen-esitlik-ve-esit-ulusal-statu-esastir\/"},"modified":"2023-05-16T22:07:22","modified_gmt":"2023-05-16T22:07:22","slug":"cumhurbaskani-tataregemen-esitlik-ve-esit-ulusal-statu-esastir","status":"publish","type":"post","link":"https:\/\/kibrisdakik.com\/?p=7071","title":{"rendered":"Cumhurba\u015fkan\u0131 Tatar:Egemen e\u015fitlik ve e\u015fit ulusal stat\u00fc esast\u0131r"},"content":{"rendered":"<p><\/p>\n<div>\n<div class=\"mariselle-image-container none\">\n                <img width=\"1600\" height=\"1066\" class=\"lazy-image\" alt=\"\" decoding=\"async\" loading=\"lazy\" sizes=\"auto, (max-width: 1600px) 100vw, 1600px\" src=\"https:\/\/brtk.net\/wp-content\/uploads\/2023\/05\/16\/tatar-stewart-3-1.jpeg?ver=cf8711bedfa2f4b6be50f7f5c8603d94\" srcset=\"https:\/\/brtk.net\/wp-content\/uploads\/2023\/05\/16\/tatar-stewart-3-1.jpeg?ver=cf8711bedfa2f4b6be50f7f5c8603d94 1600w, https:\/\/brtk.net\/wp-content\/uploads\/2023\/05\/16\/tatar-stewart-3-1-300x200.jpeg?ver=cf8711bedfa2f4b6be50f7f5c8603d94 300w, https:\/\/brtk.net\/wp-content\/uploads\/2023\/05\/16\/tatar-stewart-3-1-1024x682.jpeg?ver=e18f19fcad9ded8ea8b6c5468592b456 1024w, https:\/\/brtk.net\/wp-content\/uploads\/2023\/05\/16\/tatar-stewart-3-1-768x512.jpeg?ver=e18f19fcad9ded8ea8b6c5468592b456 768w, https:\/\/brtk.net\/wp-content\/uploads\/2023\/05\/16\/tatar-stewart-3-1-1536x1023.jpeg?ver=ebd792c0fc38433eb233633c87028040 1536w\"\/>                            <\/div>\n<p>Cumhurba\u015fkan\u0131 <a href=\"https:\/\/brtk.net\/\" target=\"_blank\" rel=\"noopener\"><a href=\"https:\/\/brtk.net\/\" target=\"_blank\" rel=\"noopener\"><a href=\"https:\/\/brtk.net\/\" target=\"_blank\" rel=\"noopener\"><a href=\"https:\/\/brtk.net\/\" target=\"_blank\" rel=\"noopener\">Ersin <\/a><a href=\"https:\/\/brtk.net\/\"\/><a href=\"https:\/\/brtk.net\/\"\/><a href=\"https:\/\/brtk.net\/\"\/><a href=\"https:\/\/brtk.net\/\"\/><a href=\"https:\/\/brtk.net\/\"\/><a href=\"https:\/\/brtk.net\/\"\/><a href=\"https:\/\/brtk.net\/\"\/><a href=\"https:\/\/brtk.net\/\"\/><a href=\"https:\/\/brtk.net\/\">Tatar<\/a>, \u201cEgemen e\u015fitli\u011fimiz ve e\u015fit uluslararas\u0131 stat\u00fcm\u00fcz tan\u0131nmadan, tekrar teyit edilmeden resmi m\u00fczakere s\u00fcrecine girmemiz s\u00f6z konusu de\u011fildir\u201d dedi.<\/p>\n<p>BM Genel Sekreteri\u2019nin K\u0131br\u0131s \u00d6zel Temsilcisi ve BM Bar\u0131\u015f G\u00fcc\u00fc Misyon \u015eefi Colin Stewart\u2019\u0131 kabul\u00fcnden sonra bas\u0131na a\u00e7\u0131klama yapan <a href=\"https:\/\/brtk.net\/\"\/><a href=\"https:\/\/brtk.net\/\"\/><a href=\"https:\/\/brtk.net\/\"\/><a href=\"https:\/\/brtk.net\/\"\/><a href=\"https:\/\/brtk.net\/\"\/><a href=\"https:\/\/brtk.net\/\"\/><a href=\"https:\/\/brtk.net\/\"\/><a href=\"https:\/\/brtk.net\/\"\/><a href=\"https:\/\/brtk.net\/\">Tatar<\/a>, bug\u00fcn kendileriyle g\u00f6r\u00fc\u015fen Stewart\u2019\u0131n d\u00fcn de Rum liderle benzer bir toplant\u0131 ger\u00e7ekle\u015ftirdi\u011fini kaydetti.<\/p>\n<p>\u00d6zel Temsilci\u2019nin zaman zaman b\u00f6yle toplant\u0131lar yaparak K\u0131br\u0131s\u2019taki durumu Birle\u015fmi\u015f Milletler G\u00fcvenlik Konseyi\u2019ne ve Birle\u015fmi\u015f Milletler Genel Sekreteri\u2019ne aktard\u0131\u011f\u0131n\u0131 s\u00f6yleyen <a href=\"https:\/\/brtk.net\/\"\/><a href=\"https:\/\/brtk.net\/\"\/><a href=\"https:\/\/brtk.net\/\"\/><a href=\"https:\/\/brtk.net\/\"\/><a href=\"https:\/\/brtk.net\/\"\/><a href=\"https:\/\/brtk.net\/\"\/><a href=\"https:\/\/brtk.net\/\"\/><a href=\"https:\/\/brtk.net\/\"\/><a href=\"https:\/\/brtk.net\/\">Tatar<\/a>, Stewart ile \u00e7e\u015fitli konular\u0131 g\u00f6r\u00fc\u015ft\u00fcklerini belirtti.<\/p>\n<p>-\u201cEgemen e\u015fitlik ve e\u015fit ulusal stat\u00fc esast\u0131r\u201d<\/p>\n<p>T\u00fcrkiye\u2019de ve Yunanistan\u2019da se\u00e7imler oldu\u011funa i\u015faret eden Cumhurba\u015fkan\u0131 <a href=\"https:\/\/brtk.net\/\" target=\"_blank\" rel=\"noopener\"><a href=\"https:\/\/brtk.net\/\" target=\"_blank\" rel=\"noopener\"><a href=\"https:\/\/brtk.net\/\" target=\"_blank\" rel=\"noopener\"><a href=\"https:\/\/brtk.net\/\" target=\"_blank\" rel=\"noopener\">Ersin <\/a><a href=\"https:\/\/brtk.net\/\"\/><a href=\"https:\/\/brtk.net\/\"\/><a href=\"https:\/\/brtk.net\/\"\/><a href=\"https:\/\/brtk.net\/\"\/><a href=\"https:\/\/brtk.net\/\"\/><a href=\"https:\/\/brtk.net\/\"\/><a href=\"https:\/\/brtk.net\/\"\/><a href=\"https:\/\/brtk.net\/\"\/><a href=\"https:\/\/brtk.net\/\">Tatar<\/a>, \u201cSe\u00e7imden sonra bir g\u00f6r\u00fc\u015fme s\u00fcrecine girilir mi girilmez mi gibi bir tak\u0131m aray\u0131\u015flar s\u00f6z konusu, bunu g\u00f6rd\u00fcm\u201d diyerek \u015f\u00f6yle devam etti:<\/p>\n<p>\u201cBiz esas itibar\u0131yla pozisyonumuzu 2 y\u0131l \u00f6nce Cenevre\u2019de ifade ettik. T\u00fcrkiye Cumhuriyeti\u2019nin de destekledi\u011fi yeni vizyon ve anlay\u0131\u015f\u0131m\u0131z d\u00fcnyan\u0131n \u00e7e\u015fitli platformlar\u0131nda hem kendi temsilcilerimiz hem T\u00fcrkiye Cumhuriyeti b\u00fcy\u00fckel\u00e7ileri taraf\u0131ndan ifade ediliyor. Bu bir egemenlik meselesidir. K\u0131br\u0131s\u2019taki varl\u0131\u011f\u0131m\u0131z\u0131n s\u00fcrd\u00fcr\u00fclebilmesi i\u00e7in K\u0131br\u0131s\u2019ta, bar\u0131\u015f\u0131n, huzurun ve g\u00fcvenli\u011fin devam edebilmesi i\u00e7in mutlak surette iki e\u015fit taraf\u0131n yan yana ve s\u00fcrd\u00fcr\u00fclebilir bir anla\u015fmaya gitmesi laz\u0131m. Bunun i\u00e7in de egemen e\u015fitlik ve e\u015fit ulusal stat\u00fc esast\u0131r. Egemen e\u015fitli\u011fimiz ve e\u015fit uluslararas\u0131 stat\u00fcm\u00fcz tan\u0131nmadan, tekrar teyit edilmeden resmi m\u00fczakere s\u00fcrecine girmemiz s\u00f6z konusu de\u011fildir.\u201d<\/p>\n<p>-\u201cHer zaman temastan, diyalogdan ve ileti\u015fimden yanay\u0131z\u201d<\/p>\n<p>Colin Stewart\u2019a her zaman temastan, diyalogdan ve ileti\u015fimden yana oldu\u011funu, her iki halk\u0131n faydas\u0131na olabilecek \u00f6nerilere s\u0131cak bakt\u0131\u011f\u0131n\u0131 aktard\u0131\u011f\u0131n\u0131 s\u00f6yleyen <a href=\"https:\/\/brtk.net\/\"\/><a href=\"https:\/\/brtk.net\/\"\/><a href=\"https:\/\/brtk.net\/\"\/><a href=\"https:\/\/brtk.net\/\"\/><a href=\"https:\/\/brtk.net\/\"\/><a href=\"https:\/\/brtk.net\/\"\/><a href=\"https:\/\/brtk.net\/\"\/><a href=\"https:\/\/brtk.net\/\"\/><a href=\"https:\/\/brtk.net\/\">Tatar<\/a>, teknik komitelerin yan\u0131 s\u0131ra, kendi \u00f6nerileriyle 6 \u015eubat\u2019tan sonra depreme y\u00f6nelik ortak toplant\u0131 yap\u0131lmas\u0131ndan memnuniyet duydu\u011funu kaydetti.<\/p>\n<p>-AB\u2019nin m\u00fczakere s\u00fcrecine dahil olmas\u0131\u2026 \u201cBunu onaylayamayaca\u011f\u0131m\u0131z\u0131 ilettik\u2026\u201d<\/p>\n<p>Stewart\u2019\u0131n Rum liderle d\u00fcnk\u00fc g\u00f6r\u00fc\u015fmesinde dile getirilen \u201cAB\u2019nin m\u00fczakere s\u00fcrecine dahil olmas\u0131\u201d konusuna da de\u011finen ve bunu onaylayamayacaklar\u0131n\u0131 BM Genel Sekreteri\u2019nin K\u0131br\u0131s \u00d6zel Temsilcisi\u2019ne de iletti\u011fini kaydeden <a href=\"https:\/\/brtk.net\/\" target=\"_blank\" rel=\"noopener\"><a href=\"https:\/\/brtk.net\/\" target=\"_blank\" rel=\"noopener\"><a href=\"https:\/\/brtk.net\/\" target=\"_blank\" rel=\"noopener\"><a href=\"https:\/\/brtk.net\/\" target=\"_blank\" rel=\"noopener\">Ersin <\/a><a href=\"https:\/\/brtk.net\/\"\/><a href=\"https:\/\/brtk.net\/\"\/><a href=\"https:\/\/brtk.net\/\"\/><a href=\"https:\/\/brtk.net\/\"\/><a href=\"https:\/\/brtk.net\/\"\/><a href=\"https:\/\/brtk.net\/\"\/><a href=\"https:\/\/brtk.net\/\"\/><a href=\"https:\/\/brtk.net\/\"\/><a href=\"https:\/\/brtk.net\/\">Tatar<\/a>, Cenevre\u2019de de benzer bask\u0131lar g\u00f6rd\u00fcklerini belirtti.<\/p>\n<p>AB\u2019nin K\u0131br\u0131s konusunda taraf oldu\u011funu, K\u0131br\u0131s Cumhuriyeti ve Yunanistan Avrupa Birli\u011fi\u2019nin par\u00e7as\u0131 oldu\u011fu i\u00e7in onlar\u0131n g\u00f6r\u00fc\u015flerinin a\u011f\u0131rl\u0131k kazand\u0131\u011f\u0131n\u0131, bu rahats\u0131zl\u0131\u011f\u0131 bug\u00fcn de dile getirdiklerini kaydeden Cumhurba\u015fkan\u0131 <a href=\"https:\/\/brtk.net\/\"\/><a href=\"https:\/\/brtk.net\/\"\/><a href=\"https:\/\/brtk.net\/\"\/><a href=\"https:\/\/brtk.net\/\"\/><a href=\"https:\/\/brtk.net\/\"\/><a href=\"https:\/\/brtk.net\/\"\/><a href=\"https:\/\/brtk.net\/\"\/><a href=\"https:\/\/brtk.net\/\"\/><a href=\"https:\/\/brtk.net\/\">Tatar<\/a>, \u201cSay\u0131n Stewart, iki taraf\u0131n r\u0131zas\u0131 olmadan b\u00f6yle bir geli\u015fme olamayaca\u011f\u0131n\u0131 d\u00fcn de bas\u0131na ifade etmi\u015fti\u2026\u201d dedi.<\/p>\n<p>-Mara\u015f konusu\u2026 \u201cNiyet edilen herkesin hakk\u0131n\u0131 arayabilmesi\u2026\u201d<\/p>\n<p>Mara\u015f konusunda da de\u011finen <a href=\"https:\/\/brtk.net\/\"\/><a href=\"https:\/\/brtk.net\/\"\/><a href=\"https:\/\/brtk.net\/\"\/><a href=\"https:\/\/brtk.net\/\"\/><a href=\"https:\/\/brtk.net\/\"\/><a href=\"https:\/\/brtk.net\/\"\/><a href=\"https:\/\/brtk.net\/\"\/><a href=\"https:\/\/brtk.net\/\"\/><a href=\"https:\/\/brtk.net\/\">Tatar<\/a>, 47 y\u0131l kapal\u0131 kald\u0131ktan sonra a\u00e7\u0131lan Mara\u015f\u2019ta niyet edilenin herkesin hakk\u0131n\u0131 arayabilmesi oldu\u011funu s\u00f6yledi.<\/p>\n<p>Cumhurba\u015fkan\u0131 <a href=\"https:\/\/brtk.net\/\" target=\"_blank\" rel=\"noopener\"><a href=\"https:\/\/brtk.net\/\" target=\"_blank\" rel=\"noopener\"><a href=\"https:\/\/brtk.net\/\" target=\"_blank\" rel=\"noopener\"><a href=\"https:\/\/brtk.net\/\" target=\"_blank\" rel=\"noopener\">Ersin <\/a><a href=\"https:\/\/brtk.net\/\"\/><a href=\"https:\/\/brtk.net\/\"\/><a href=\"https:\/\/brtk.net\/\"\/><a href=\"https:\/\/brtk.net\/\"\/><a href=\"https:\/\/brtk.net\/\"\/><a href=\"https:\/\/brtk.net\/\"\/><a href=\"https:\/\/brtk.net\/\"\/><a href=\"https:\/\/brtk.net\/\"\/><a href=\"https:\/\/brtk.net\/\">Tatar<\/a>, vatanda\u015flar\u0131n Ta\u015f\u0131nmaz Mal Komisyonu\u2019na ba\u015fvurarak haklar\u0131n\u0131 arayabileceklerini kaydetti. <a href=\"https:\/\/brtk.net\/\"\/><a href=\"https:\/\/brtk.net\/\"\/><a href=\"https:\/\/brtk.net\/\"\/><a href=\"https:\/\/brtk.net\/\"\/><a href=\"https:\/\/brtk.net\/\"\/><a href=\"https:\/\/brtk.net\/\"\/><a href=\"https:\/\/brtk.net\/\"\/><a href=\"https:\/\/brtk.net\/\"\/><a href=\"https:\/\/brtk.net\/\">Tatar<\/a>, Mara\u015f\u2019\u0131 bir milyondan fazla insan\u0131n ziyaret etti\u011fini de hat\u0131rlatt\u0131.<\/p>\n<p>TAK\/<a href=\"https:\/\/brtk.net\/\">BRT<\/a><\/p>\n<\/p><\/div>\n<p><script async\n                    defer\n                    crossorigin=\"anonymous\"\n                    src=\"https:\/\/connect.facebook.net\/tr_TR\/sdk.js#xfbml=1&#038;version=v3.3\"\n            ><\/script><\/p>\n","protected":false},"excerpt":{"rendered":"<p>Cumhurba\u015fkan\u0131 Ersin Tatar, \u201cEgemen e\u015fitli\u011fimiz ve e\u015fit uluslararas\u0131 stat\u00fcm\u00fcz tan\u0131nmadan, tekrar teyit edilmeden resmi m\u00fczakere s\u00fcrecine girmemiz s\u00f6z konusu de\u011fildir\u201d dedi. BM Genel Sekreteri\u2019nin K\u0131br\u0131s \u00d6zel Temsilcisi ve BM Bar\u0131\u015f G\u00fcc\u00fc Misyon \u015eefi Colin Stewart\u2019\u0131 kabul\u00fcnden sonra bas\u0131na a\u00e7\u0131klama yapan Tatar, bug\u00fcn kendileriyle g\u00f6r\u00fc\u015fen Stewart\u2019\u0131n d\u00fcn de Rum liderle benzer bir toplant\u0131 ger\u00e7ekle\u015ftirdi\u011fini kaydetti. \u00d6zel<\/p>\n","protected":false},"author":1,"featured_media":7072,"comment_status":"open","ping_status":"open","sticky":false,"template":"","format":"standard","meta":{"footnotes":""},"categories":[1],"tags":[],"class_list":["post-7071","post","type-post","status-publish","format-standard","has-post-thumbnail","hentry","category-gundem"],"yoast_head":"<!-- This site is optimized with the Yoast SEO plugin v27.5 - https:\/\/yoast.com\/product\/yoast-seo-wordpress\/ -->\n<title>Cumhurba\u015fkan\u0131 Tatar:Egemen e\u015fitlik ve e\u015fit ulusal stat\u00fc esast\u0131r -<\/title>\n<meta name=\"robots\" content=\"index, follow, max-snippet:-1, max-image-preview:large, max-video-preview:-1\" \/>\n<link rel=\"canonical\" href=\"https:\/\/kibrisdakik.com\/?p=7071\" \/>\n<meta property=\"og:locale\" content=\"tr_TR\" \/>\n<meta property=\"og:type\" content=\"article\" \/>\n<meta property=\"og:title\" content=\"Cumhurba\u015fkan\u0131 Tatar:Egemen e\u015fitlik ve e\u015fit ulusal stat\u00fc esast\u0131r -\" \/>\n<meta property=\"og:description\" content=\"Cumhurba\u015fkan\u0131 Ersin Tatar, \u201cEgemen e\u015fitli\u011fimiz ve e\u015fit uluslararas\u0131 stat\u00fcm\u00fcz tan\u0131nmadan, tekrar teyit edilmeden resmi m\u00fczakere s\u00fcrecine girmemiz s\u00f6z konusu de\u011fildir\u201d dedi. BM Genel Sekreteri\u2019nin K\u0131br\u0131s \u00d6zel Temsilcisi ve BM Bar\u0131\u015f G\u00fcc\u00fc Misyon \u015eefi Colin Stewart\u2019\u0131 kabul\u00fcnden sonra bas\u0131na a\u00e7\u0131klama yapan Tatar, bug\u00fcn kendileriyle g\u00f6r\u00fc\u015fen Stewart\u2019\u0131n d\u00fcn de Rum liderle benzer bir toplant\u0131 ger\u00e7ekle\u015ftirdi\u011fini kaydetti. \u00d6zel\" \/>\n<meta property=\"og:url\" content=\"https:\/\/kibrisdakik.com\/?p=7071\" \/>\n<meta property=\"article:published_time\" content=\"2023-05-16T22:07:22+00:00\" \/>\n<meta property=\"og:image\" content=\"https:\/\/kibrisdakik.com\/wp-content\/uploads\/2023\/05\/tatar-stewart-3-1-740x420.jpeg\" \/>\n\t<meta property=\"og:image:width\" content=\"1600\" \/>\n\t<meta property=\"og:image:height\" content=\"1066\" \/>\n\t<meta property=\"og:image:type\" content=\"image\/jpeg\" \/>\n<meta name=\"author\" content=\"admin\" \/>\n<meta name=\"twitter:card\" content=\"summary_large_image\" \/>\n<meta name=\"twitter:label1\" content=\"Yazan:\" \/>\n\t<meta name=\"twitter:data1\" content=\"admin\" \/>\n\t<meta name=\"twitter:label2\" content=\"Tahmini okuma s\u00fcresi\" \/>\n\t<meta name=\"twitter:data2\" content=\"3 dakika\" \/>\n<script type=\"application\/ld+json\" class=\"yoast-schema-graph\">{\"@context\":\"https:\\\/\\\/schema.org\",\"@graph\":[{\"@type\":\"Article\",\"@id\":\"https:\\\/\\\/kibrisdakik.com\\\/?p=7071#article\",\"isPartOf\":{\"@id\":\"https:\\\/\\\/kibrisdakik.com\\\/?p=7071\"},\"author\":{\"name\":\"admin\",\"@id\":\"https:\\\/\\\/kibrisdakik.com\\\/#\\\/schema\\\/person\\\/9cd9d437bbb44f72b73ba127e06d8e79\"},\"headline\":\"Cumhurba\u015fkan\u0131 Tatar:Egemen e\u015fitlik ve e\u015fit ulusal stat\u00fc esast\u0131r\",\"datePublished\":\"2023-05-16T22:07:22+00:00\",\"mainEntityOfPage\":{\"@id\":\"https:\\\/\\\/kibrisdakik.com\\\/?p=7071\"},\"wordCount\":603,\"commentCount\":0,\"image\":{\"@id\":\"https:\\\/\\\/kibrisdakik.com\\\/?p=7071#primaryimage\"},\"thumbnailUrl\":\"https:\\\/\\\/kibrisdakik.com\\\/wp-content\\\/uploads\\\/2023\\\/05\\\/tatar-stewart-3-1-740x420.jpeg\",\"articleSection\":[\"G\u00fcndem\"],\"inLanguage\":\"tr\",\"potentialAction\":[{\"@type\":\"CommentAction\",\"name\":\"Comment\",\"target\":[\"https:\\\/\\\/kibrisdakik.com\\\/?p=7071#respond\"]}]},{\"@type\":\"WebPage\",\"@id\":\"https:\\\/\\\/kibrisdakik.com\\\/?p=7071\",\"url\":\"https:\\\/\\\/kibrisdakik.com\\\/?p=7071\",\"name\":\"Cumhurba\u015fkan\u0131 Tatar:Egemen e\u015fitlik ve e\u015fit ulusal stat\u00fc esast\u0131r -\",\"isPartOf\":{\"@id\":\"https:\\\/\\\/kibrisdakik.com\\\/#website\"},\"primaryImageOfPage\":{\"@id\":\"https:\\\/\\\/kibrisdakik.com\\\/?p=7071#primaryimage\"},\"image\":{\"@id\":\"https:\\\/\\\/kibrisdakik.com\\\/?p=7071#primaryimage\"},\"thumbnailUrl\":\"https:\\\/\\\/kibrisdakik.com\\\/wp-content\\\/uploads\\\/2023\\\/05\\\/tatar-stewart-3-1-740x420.jpeg\",\"datePublished\":\"2023-05-16T22:07:22+00:00\",\"author\":{\"@id\":\"https:\\\/\\\/kibrisdakik.com\\\/#\\\/schema\\\/person\\\/9cd9d437bbb44f72b73ba127e06d8e79\"},\"breadcrumb\":{\"@id\":\"https:\\\/\\\/kibrisdakik.com\\\/?p=7071#breadcrumb\"},\"inLanguage\":\"tr\",\"potentialAction\":[{\"@type\":\"ReadAction\",\"target\":[\"https:\\\/\\\/kibrisdakik.com\\\/?p=7071\"]}]},{\"@type\":\"ImageObject\",\"inLanguage\":\"tr\",\"@id\":\"https:\\\/\\\/kibrisdakik.com\\\/?p=7071#primaryimage\",\"url\":\"https:\\\/\\\/kibrisdakik.com\\\/wp-content\\\/uploads\\\/2023\\\/05\\\/tatar-stewart-3-1-740x420.jpeg\",\"contentUrl\":\"https:\\\/\\\/kibrisdakik.com\\\/wp-content\\\/uploads\\\/2023\\\/05\\\/tatar-stewart-3-1-740x420.jpeg\",\"width\":1600,\"height\":1066},{\"@type\":\"BreadcrumbList\",\"@id\":\"https:\\\/\\\/kibrisdakik.com\\\/?p=7071#breadcrumb\",\"itemListElement\":[{\"@type\":\"ListItem\",\"position\":1,\"name\":\"Home\",\"item\":\"https:\\\/\\\/kibrisdakik.com\\\/\"},{\"@type\":\"ListItem\",\"position\":2,\"name\":\"Cumhurba\u015fkan\u0131 Tatar:Egemen e\u015fitlik ve e\u015fit ulusal stat\u00fc esast\u0131r\"}]},{\"@type\":\"WebSite\",\"@id\":\"https:\\\/\\\/kibrisdakik.com\\\/#website\",\"url\":\"https:\\\/\\\/kibrisdakik.com\\\/\",\"name\":\"\",\"description\":\"Tam vaktinde haber\",\"potentialAction\":[{\"@type\":\"SearchAction\",\"target\":{\"@type\":\"EntryPoint\",\"urlTemplate\":\"https:\\\/\\\/kibrisdakik.com\\\/?s={search_term_string}\"},\"query-input\":{\"@type\":\"PropertyValueSpecification\",\"valueRequired\":true,\"valueName\":\"search_term_string\"}}],\"inLanguage\":\"tr\"},{\"@type\":\"Person\",\"@id\":\"https:\\\/\\\/kibrisdakik.com\\\/#\\\/schema\\\/person\\\/9cd9d437bbb44f72b73ba127e06d8e79\",\"name\":\"admin\",\"image\":{\"@type\":\"ImageObject\",\"inLanguage\":\"tr\",\"@id\":\"https:\\\/\\\/secure.gravatar.com\\\/avatar\\\/ccc17943b9d660506c869530f897617f7cb1c21a4bf30023f252596d83e1f007?s=96&d=mm&r=g\",\"url\":\"https:\\\/\\\/secure.gravatar.com\\\/avatar\\\/ccc17943b9d660506c869530f897617f7cb1c21a4bf30023f252596d83e1f007?s=96&d=mm&r=g\",\"contentUrl\":\"https:\\\/\\\/secure.gravatar.com\\\/avatar\\\/ccc17943b9d660506c869530f897617f7cb1c21a4bf30023f252596d83e1f007?s=96&d=mm&r=g\",\"caption\":\"admin\"},\"sameAs\":[\"https:\\\/\\\/kibrisdakik.com\"],\"url\":\"https:\\\/\\\/kibrisdakik.com\\\/?author=1\"}]}<\/script>\n<!-- \/ Yoast SEO plugin. -->","yoast_head_json":{"title":"Cumhurba\u015fkan\u0131 Tatar:Egemen e\u015fitlik ve e\u015fit ulusal stat\u00fc esast\u0131r -","robots":{"index":"index","follow":"follow","max-snippet":"max-snippet:-1","max-image-preview":"max-image-preview:large","max-video-preview":"max-video-preview:-1"},"canonical":"https:\/\/kibrisdakik.com\/?p=7071","og_locale":"tr_TR","og_type":"article","og_title":"Cumhurba\u015fkan\u0131 Tatar:Egemen e\u015fitlik ve e\u015fit ulusal stat\u00fc esast\u0131r -","og_description":"Cumhurba\u015fkan\u0131 Ersin Tatar, \u201cEgemen e\u015fitli\u011fimiz ve e\u015fit uluslararas\u0131 stat\u00fcm\u00fcz tan\u0131nmadan, tekrar teyit edilmeden resmi m\u00fczakere s\u00fcrecine girmemiz s\u00f6z konusu de\u011fildir\u201d dedi. BM Genel Sekreteri\u2019nin K\u0131br\u0131s \u00d6zel Temsilcisi ve BM Bar\u0131\u015f G\u00fcc\u00fc Misyon \u015eefi Colin Stewart\u2019\u0131 kabul\u00fcnden sonra bas\u0131na a\u00e7\u0131klama yapan Tatar, bug\u00fcn kendileriyle g\u00f6r\u00fc\u015fen Stewart\u2019\u0131n d\u00fcn de Rum liderle benzer bir toplant\u0131 ger\u00e7ekle\u015ftirdi\u011fini kaydetti. \u00d6zel","og_url":"https:\/\/kibrisdakik.com\/?p=7071","article_published_time":"2023-05-16T22:07:22+00:00","og_image":[{"width":1600,"height":1066,"url":"https:\/\/kibrisdakik.com\/wp-content\/uploads\/2023\/05\/tatar-stewart-3-1-740x420.jpeg","type":"image\/jpeg"}],"author":"admin","twitter_card":"summary_large_image","twitter_misc":{"Yazan:":"admin","Tahmini okuma s\u00fcresi":"3 dakika"},"schema":{"@context":"https:\/\/schema.org","@graph":[{"@type":"Article","@id":"https:\/\/kibrisdakik.com\/?p=7071#article","isPartOf":{"@id":"https:\/\/kibrisdakik.com\/?p=7071"},"author":{"name":"admin","@id":"https:\/\/kibrisdakik.com\/#\/schema\/person\/9cd9d437bbb44f72b73ba127e06d8e79"},"headline":"Cumhurba\u015fkan\u0131 Tatar:Egemen e\u015fitlik ve e\u015fit ulusal stat\u00fc esast\u0131r","datePublished":"2023-05-16T22:07:22+00:00","mainEntityOfPage":{"@id":"https:\/\/kibrisdakik.com\/?p=7071"},"wordCount":603,"commentCount":0,"image":{"@id":"https:\/\/kibrisdakik.com\/?p=7071#primaryimage"},"thumbnailUrl":"https:\/\/kibrisdakik.com\/wp-content\/uploads\/2023\/05\/tatar-stewart-3-1-740x420.jpeg","articleSection":["G\u00fcndem"],"inLanguage":"tr","potentialAction":[{"@type":"CommentAction","name":"Comment","target":["https:\/\/kibrisdakik.com\/?p=7071#respond"]}]},{"@type":"WebPage","@id":"https:\/\/kibrisdakik.com\/?p=7071","url":"https:\/\/kibrisdakik.com\/?p=7071","name":"Cumhurba\u015fkan\u0131 Tatar:Egemen e\u015fitlik ve e\u015fit ulusal stat\u00fc esast\u0131r -","isPartOf":{"@id":"https:\/\/kibrisdakik.com\/#website"},"primaryImageOfPage":{"@id":"https:\/\/kibrisdakik.com\/?p=7071#primaryimage"},"image":{"@id":"https:\/\/kibrisdakik.com\/?p=7071#primaryimage"},"thumbnailUrl":"https:\/\/kibrisdakik.com\/wp-content\/uploads\/2023\/05\/tatar-stewart-3-1-740x420.jpeg","datePublished":"2023-05-16T22:07:22+00:00","author":{"@id":"https:\/\/kibrisdakik.com\/#\/schema\/person\/9cd9d437bbb44f72b73ba127e06d8e79"},"breadcrumb":{"@id":"https:\/\/kibrisdakik.com\/?p=7071#breadcrumb"},"inLanguage":"tr","potentialAction":[{"@type":"ReadAction","target":["https:\/\/kibrisdakik.com\/?p=7071"]}]},{"@type":"ImageObject","inLanguage":"tr","@id":"https:\/\/kibrisdakik.com\/?p=7071#primaryimage","url":"https:\/\/kibrisdakik.com\/wp-content\/uploads\/2023\/05\/tatar-stewart-3-1-740x420.jpeg","contentUrl":"https:\/\/kibrisdakik.com\/wp-content\/uploads\/2023\/05\/tatar-stewart-3-1-740x420.jpeg","width":1600,"height":1066},{"@type":"BreadcrumbList","@id":"https:\/\/kibrisdakik.com\/?p=7071#breadcrumb","itemListElement":[{"@type":"ListItem","position":1,"name":"Home","item":"https:\/\/kibrisdakik.com\/"},{"@type":"ListItem","position":2,"name":"Cumhurba\u015fkan\u0131 Tatar:Egemen e\u015fitlik ve e\u015fit ulusal stat\u00fc esast\u0131r"}]},{"@type":"WebSite","@id":"https:\/\/kibrisdakik.com\/#website","url":"https:\/\/kibrisdakik.com\/","name":"","description":"Tam vaktinde haber","potentialAction":[{"@type":"SearchAction","target":{"@type":"EntryPoint","urlTemplate":"https:\/\/kibrisdakik.com\/?s={search_term_string}"},"query-input":{"@type":"PropertyValueSpecification","valueRequired":true,"valueName":"search_term_string"}}],"inLanguage":"tr"},{"@type":"Person","@id":"https:\/\/kibrisdakik.com\/#\/schema\/person\/9cd9d437bbb44f72b73ba127e06d8e79","name":"admin","image":{"@type":"ImageObject","inLanguage":"tr","@id":"https:\/\/secure.gravatar.com\/avatar\/ccc17943b9d660506c869530f897617f7cb1c21a4bf30023f252596d83e1f007?s=96&d=mm&r=g","url":"https:\/\/secure.gravatar.com\/avatar\/ccc17943b9d660506c869530f897617f7cb1c21a4bf30023f252596d83e1f007?s=96&d=mm&r=g","contentUrl":"https:\/\/secure.gravatar.com\/avatar\/ccc17943b9d660506c869530f897617f7cb1c21a4bf30023f252596d83e1f007?s=96&d=mm&r=g","caption":"admin"},"sameAs":["https:\/\/kibrisdakik.com"],"url":"https:\/\/kibrisdakik.com\/?author=1"}]}},"_links":{"self":[{"href":"https:\/\/kibrisdakik.com\/index.php?rest_route=\/wp\/v2\/posts\/7071","targetHints":{"allow":["GET"]}}],"collection":[{"href":"https:\/\/kibrisdakik.com\/index.php?rest_route=\/wp\/v2\/posts"}],"about":[{"href":"https:\/\/kibrisdakik.com\/index.php?rest_route=\/wp\/v2\/types\/post"}],"author":[{"embeddable":true,"href":"https:\/\/kibrisdakik.com\/index.php?rest_route=\/wp\/v2\/users\/1"}],"replies":[{"embeddable":true,"href":"https:\/\/kibrisdakik.com\/index.php?rest_route=%2Fwp%2Fv2%2Fcomments&post=7071"}],"version-history":[{"count":0,"href":"https:\/\/kibrisdakik.com\/index.php?rest_route=\/wp\/v2\/posts\/7071\/revisions"}],"wp:featuredmedia":[{"embeddable":true,"href":"https:\/\/kibrisdakik.com\/index.php?rest_route=\/wp\/v2\/media\/7072"}],"wp:attachment":[{"href":"https:\/\/kibrisdakik.com\/index.php?rest_route=%2Fwp%2Fv2%2Fmedia&parent=7071"}],"wp:term":[{"taxonomy":"category","embeddable":true,"href":"https:\/\/kibrisdakik.com\/index.php?rest_route=%2Fwp%2Fv2%2Fcategories&post=7071"},{"taxonomy":"post_tag","embeddable":true,"href":"https:\/\/kibrisdakik.com\/index.php?rest_route=%2Fwp%2Fv2%2Ftags&post=7071"}],"curies":[{"name":"wp","href":"https:\/\/api.w.org\/{rel}","templated":true}]}}