{"id":70724,"date":"2024-12-03T18:19:52","date_gmt":"2024-12-03T15:19:52","guid":{"rendered":"https:\/\/kibrisdakik.com\/index.php\/2024\/12\/03\/basbakan-ustelturkiye-cumhuriyetinin-adaletine-guveniyoruz-adalet-tecelli-edecek\/"},"modified":"2024-12-03T18:19:52","modified_gmt":"2024-12-03T15:19:52","slug":"basbakan-ustelturkiye-cumhuriyetinin-adaletine-guveniyoruz-adalet-tecelli-edecek","status":"publish","type":"post","link":"https:\/\/kibrisdakik.com\/?p=70724","title":{"rendered":"Ba\u015fbakan \u00dcstel:T\u00fcrkiye Cumhuriyeti\u2019nin adaletine g\u00fcveniyoruz. Adalet tecelli edecek"},"content":{"rendered":"<div>\n<div class=\"mariselle-image-container center\">\n                                            <\/div>\n<p>Ba\u015fbakan \u00dcnal \u00dcstel, \u0130sias duru\u015fmas\u0131 sonras\u0131 yapt\u0131\u011f\u0131 a\u00e7\u0131klamada, bu yarg\u0131laman\u0131n, T\u00fcrkiye Cumhuriyeti\u2019nde ya\u015fanacak do\u011fal afetlerde b\u00f6yle felaketlerin bir kere daha ya\u015fanmamas\u0131 ad\u0131na bir \u00f6rnek olaca\u011f\u0131n\u0131 d\u00fc\u015f\u00fcnd\u00fc\u011f\u00fcn\u00fc belirtti.<\/p>\n<p>Yapt\u0131\u011f\u0131 a\u00e7\u0131klamada, 6 \u015eubat 2023\u2019te ya\u015fanan asr\u0131n felaketinde 50 bine yak\u0131n ki\u015finin hayat\u0131n\u0131 kaybetti\u011fini hat\u0131rlatan \u00dcstel, Kuzey K\u0131br\u0131s T\u00fcrk Cumhuriyeti\u2019nin de evlatlar\u0131n\u0131, \u015eampiyon Melekleri yitirdi\u011fini ifade etti.<\/p>\n<p>O g\u00fcnden bug\u00fcne verilen m\u00fccadeleye i\u015faret eden \u00dcstel, iktidar\u0131yla muhalefetiyle duru\u015fmalar\u0131 yerinden takip ettiklerini an\u0131msatt\u0131.<\/p>\n<p>Kuzey K\u0131br\u0131s T\u00fcrk Cumhuriyeti\u2019nin bu davada b\u00fct\u00fcnle\u015fti\u011fini tek y\u00fcrek oldu\u011funu kaydeden \u00dcstel, \u201cBu \u00e7ocuklar bizim \u00fclkemizin \u00e7ocuklar\u0131d\u0131r. Bizim evlatlar\u0131m\u0131zd\u0131r, yavrular\u0131m\u0131zd\u0131r. Onlar\u0131n ac\u0131s\u0131n\u0131 unutmayaca\u011f\u0131z\u201d \u015feklinde konu\u015ftu.<\/p>\n<p>Bu ac\u0131ya neden olanlar\u0131n yarg\u0131lanmas\u0131 i\u00e7in T\u00fcrkiye Cumhuriyeti adaletine s\u0131\u011f\u0131nd\u0131klar\u0131n\u0131 anlatan \u00dcstel, bug\u00fcnk\u00fc duru\u015fmada da san\u0131klar\u0131n tutuklulu\u011funun devam\u0131na karar verildi\u011fini belirtti. Sonraki duru\u015fman\u0131n iki g\u00fcn s\u00fcrebilece\u011fini ve davan\u0131n o duru\u015fmada sonu\u00e7lanabilece\u011fini anlatan Ba\u015fbakan \u00dcstel, K\u0131br\u0131s T\u00fcrk halk\u0131 taraf\u0131ndan d\u00f6rt g\u00f6zle beklenen cezan\u0131n verilmesi temennisini ifade etti.<\/p>\n<p><strong>-\u201cBu yarg\u0131lama, bir \u00f6rnek olacak\u201d<\/strong><\/p>\n<p>B\u00f6ylece en az\u0131ndan manen bir huzur bulunabilece\u011fini anlatan \u00dcstel, \u201cAma en \u00f6nemlisi bu yarg\u0131lama, T\u00fcrkiye Cumhuriyeti\u2019nde ya\u015fanacak do\u011fal afetlerde b\u00f6yle felaketlerin bir kere daha ya\u015fanmamas\u0131 ad\u0131na bir \u00f6rnek olur diye d\u00fc\u015f\u00fcn\u00fcyorum\u201d dedi.<\/p>\n<p>Davay\u0131 hem bir ba\u015fbakan hem de bir baba olarak takip etti\u011fini ifade eden \u00dcstel, \u201cBiz halk\u0131m\u0131zla, hukuk\u00e7ular\u0131m\u0131zla, siyasi partilerimizle burada olmaya devam edece\u011fiz\u201d \u015feklinde konu\u015ftu.<\/p>\n<p>\u201cT\u00fcrkiye Cumhuriyeti\u2019nin adaletine g\u00fcveniyoruz. Adalet tecelli edecek\u201d diyen \u00dcstel, 24 Aral\u0131k\u2019ta herkesi manen rahatlatacak bir karar \u00e7\u0131kaca\u011f\u0131 y\u00f6n\u00fcndeki umudunu ifade etti.<\/p>\n<\/p><\/div>\n<p><script async\n                    defer\n                    crossorigin=\"anonymous\"\n                    src=\"https:\/\/connect.facebook.net\/tr_TR\/sdk.js#xfbml=1&#038;version=v3.3\"\n            ><\/script><\/p>\n","protected":false},"excerpt":{"rendered":"<p>Ba\u015fbakan \u00dcnal \u00dcstel, \u0130sias duru\u015fmas\u0131 sonras\u0131 yapt\u0131\u011f\u0131 a\u00e7\u0131klamada, bu yarg\u0131laman\u0131n, T\u00fcrkiye Cumhuriyeti\u2019nde ya\u015fanacak do\u011fal afetlerde b\u00f6yle felaketlerin bir kere daha ya\u015fanmamas\u0131 ad\u0131na bir \u00f6rnek olaca\u011f\u0131n\u0131 d\u00fc\u015f\u00fcnd\u00fc\u011f\u00fcn\u00fc belirtti. Yapt\u0131\u011f\u0131 a\u00e7\u0131klamada, 6 \u015eubat 2023\u2019te ya\u015fanan asr\u0131n felaketinde 50 bine yak\u0131n ki\u015finin hayat\u0131n\u0131 kaybetti\u011fini hat\u0131rlatan \u00dcstel, Kuzey K\u0131br\u0131s T\u00fcrk Cumhuriyeti\u2019nin de evlatlar\u0131n\u0131, \u015eampiyon Melekleri yitirdi\u011fini ifade etti. O<\/p>\n","protected":false},"author":1,"featured_media":70725,"comment_status":"open","ping_status":"open","sticky":false,"template":"","format":"standard","meta":{"footnotes":""},"categories":[81],"tags":[],"class_list":["post-70724","post","type-post","status-publish","format-standard","has-post-thumbnail","hentry","category-kibris"],"yoast_head":"<!-- This site is optimized with the Yoast SEO plugin v27.4 - https:\/\/yoast.com\/product\/yoast-seo-wordpress\/ -->\n<title>Ba\u015fbakan \u00dcstel:T\u00fcrkiye Cumhuriyeti\u2019nin adaletine g\u00fcveniyoruz. Adalet tecelli edecek -<\/title>\n<meta name=\"robots\" content=\"index, follow, max-snippet:-1, max-image-preview:large, max-video-preview:-1\" \/>\n<link rel=\"canonical\" href=\"https:\/\/kibrisdakik.com\/?p=70724\" \/>\n<meta property=\"og:locale\" content=\"tr_TR\" \/>\n<meta property=\"og:type\" content=\"article\" \/>\n<meta property=\"og:title\" content=\"Ba\u015fbakan \u00dcstel:T\u00fcrkiye Cumhuriyeti\u2019nin adaletine g\u00fcveniyoruz. Adalet tecelli edecek -\" \/>\n<meta property=\"og:description\" content=\"Ba\u015fbakan \u00dcnal \u00dcstel, \u0130sias duru\u015fmas\u0131 sonras\u0131 yapt\u0131\u011f\u0131 a\u00e7\u0131klamada, bu yarg\u0131laman\u0131n, T\u00fcrkiye Cumhuriyeti\u2019nde ya\u015fanacak do\u011fal afetlerde b\u00f6yle felaketlerin bir kere daha ya\u015fanmamas\u0131 ad\u0131na bir \u00f6rnek olaca\u011f\u0131n\u0131 d\u00fc\u015f\u00fcnd\u00fc\u011f\u00fcn\u00fc belirtti. Yapt\u0131\u011f\u0131 a\u00e7\u0131klamada, 6 \u015eubat 2023\u2019te ya\u015fanan asr\u0131n felaketinde 50 bine yak\u0131n ki\u015finin hayat\u0131n\u0131 kaybetti\u011fini hat\u0131rlatan \u00dcstel, Kuzey K\u0131br\u0131s T\u00fcrk Cumhuriyeti\u2019nin de evlatlar\u0131n\u0131, \u015eampiyon Melekleri yitirdi\u011fini ifade etti. O\" \/>\n<meta property=\"og:url\" content=\"https:\/\/kibrisdakik.com\/?p=70724\" \/>\n<meta property=\"article:published_time\" content=\"2024-12-03T15:19:52+00:00\" \/>\n<meta property=\"og:image\" content=\"https:\/\/kibrisdakik.com\/wp-content\/uploads\/2024\/12\/bbbbb-740x420.jpg\" \/>\n\t<meta property=\"og:image:width\" content=\"2048\" \/>\n\t<meta property=\"og:image:height\" content=\"1536\" \/>\n\t<meta property=\"og:image:type\" content=\"image\/jpeg\" \/>\n<meta name=\"author\" content=\"admin\" \/>\n<meta name=\"twitter:card\" content=\"summary_large_image\" \/>\n<meta name=\"twitter:label1\" content=\"Yazan:\" \/>\n\t<meta name=\"twitter:data1\" content=\"admin\" \/>\n\t<meta name=\"twitter:label2\" content=\"Tahmini okuma s\u00fcresi\" \/>\n\t<meta name=\"twitter:data2\" content=\"2 dakika\" \/>\n<script type=\"application\/ld+json\" class=\"yoast-schema-graph\">{\"@context\":\"https:\\\/\\\/schema.org\",\"@graph\":[{\"@type\":\"Article\",\"@id\":\"https:\\\/\\\/kibrisdakik.com\\\/?p=70724#article\",\"isPartOf\":{\"@id\":\"https:\\\/\\\/kibrisdakik.com\\\/?p=70724\"},\"author\":{\"name\":\"admin\",\"@id\":\"https:\\\/\\\/kibrisdakik.com\\\/#\\\/schema\\\/person\\\/9cd9d437bbb44f72b73ba127e06d8e79\"},\"headline\":\"Ba\u015fbakan \u00dcstel:T\u00fcrkiye Cumhuriyeti\u2019nin adaletine g\u00fcveniyoruz. Adalet tecelli edecek\",\"datePublished\":\"2024-12-03T15:19:52+00:00\",\"mainEntityOfPage\":{\"@id\":\"https:\\\/\\\/kibrisdakik.com\\\/?p=70724\"},\"wordCount\":355,\"commentCount\":0,\"image\":{\"@id\":\"https:\\\/\\\/kibrisdakik.com\\\/?p=70724#primaryimage\"},\"thumbnailUrl\":\"https:\\\/\\\/kibrisdakik.com\\\/wp-content\\\/uploads\\\/2024\\\/12\\\/bbbbb-740x420.jpg\",\"articleSection\":[\"K\u0131br\u0131s\"],\"inLanguage\":\"tr\",\"potentialAction\":[{\"@type\":\"CommentAction\",\"name\":\"Comment\",\"target\":[\"https:\\\/\\\/kibrisdakik.com\\\/?p=70724#respond\"]}]},{\"@type\":\"WebPage\",\"@id\":\"https:\\\/\\\/kibrisdakik.com\\\/?p=70724\",\"url\":\"https:\\\/\\\/kibrisdakik.com\\\/?p=70724\",\"name\":\"Ba\u015fbakan \u00dcstel:T\u00fcrkiye Cumhuriyeti\u2019nin adaletine g\u00fcveniyoruz. Adalet tecelli edecek -\",\"isPartOf\":{\"@id\":\"https:\\\/\\\/kibrisdakik.com\\\/#website\"},\"primaryImageOfPage\":{\"@id\":\"https:\\\/\\\/kibrisdakik.com\\\/?p=70724#primaryimage\"},\"image\":{\"@id\":\"https:\\\/\\\/kibrisdakik.com\\\/?p=70724#primaryimage\"},\"thumbnailUrl\":\"https:\\\/\\\/kibrisdakik.com\\\/wp-content\\\/uploads\\\/2024\\\/12\\\/bbbbb-740x420.jpg\",\"datePublished\":\"2024-12-03T15:19:52+00:00\",\"author\":{\"@id\":\"https:\\\/\\\/kibrisdakik.com\\\/#\\\/schema\\\/person\\\/9cd9d437bbb44f72b73ba127e06d8e79\"},\"breadcrumb\":{\"@id\":\"https:\\\/\\\/kibrisdakik.com\\\/?p=70724#breadcrumb\"},\"inLanguage\":\"tr\",\"potentialAction\":[{\"@type\":\"ReadAction\",\"target\":[\"https:\\\/\\\/kibrisdakik.com\\\/?p=70724\"]}]},{\"@type\":\"ImageObject\",\"inLanguage\":\"tr\",\"@id\":\"https:\\\/\\\/kibrisdakik.com\\\/?p=70724#primaryimage\",\"url\":\"https:\\\/\\\/kibrisdakik.com\\\/wp-content\\\/uploads\\\/2024\\\/12\\\/bbbbb-740x420.jpg\",\"contentUrl\":\"https:\\\/\\\/kibrisdakik.com\\\/wp-content\\\/uploads\\\/2024\\\/12\\\/bbbbb-740x420.jpg\",\"width\":2048,\"height\":1536},{\"@type\":\"BreadcrumbList\",\"@id\":\"https:\\\/\\\/kibrisdakik.com\\\/?p=70724#breadcrumb\",\"itemListElement\":[{\"@type\":\"ListItem\",\"position\":1,\"name\":\"Home\",\"item\":\"https:\\\/\\\/kibrisdakik.com\\\/\"},{\"@type\":\"ListItem\",\"position\":2,\"name\":\"Ba\u015fbakan \u00dcstel:T\u00fcrkiye Cumhuriyeti\u2019nin adaletine g\u00fcveniyoruz. Adalet tecelli edecek\"}]},{\"@type\":\"WebSite\",\"@id\":\"https:\\\/\\\/kibrisdakik.com\\\/#website\",\"url\":\"https:\\\/\\\/kibrisdakik.com\\\/\",\"name\":\"\",\"description\":\"Tam vaktinde haber\",\"potentialAction\":[{\"@type\":\"SearchAction\",\"target\":{\"@type\":\"EntryPoint\",\"urlTemplate\":\"https:\\\/\\\/kibrisdakik.com\\\/?s={search_term_string}\"},\"query-input\":{\"@type\":\"PropertyValueSpecification\",\"valueRequired\":true,\"valueName\":\"search_term_string\"}}],\"inLanguage\":\"tr\"},{\"@type\":\"Person\",\"@id\":\"https:\\\/\\\/kibrisdakik.com\\\/#\\\/schema\\\/person\\\/9cd9d437bbb44f72b73ba127e06d8e79\",\"name\":\"admin\",\"image\":{\"@type\":\"ImageObject\",\"inLanguage\":\"tr\",\"@id\":\"https:\\\/\\\/secure.gravatar.com\\\/avatar\\\/ccc17943b9d660506c869530f897617f7cb1c21a4bf30023f252596d83e1f007?s=96&d=mm&r=g\",\"url\":\"https:\\\/\\\/secure.gravatar.com\\\/avatar\\\/ccc17943b9d660506c869530f897617f7cb1c21a4bf30023f252596d83e1f007?s=96&d=mm&r=g\",\"contentUrl\":\"https:\\\/\\\/secure.gravatar.com\\\/avatar\\\/ccc17943b9d660506c869530f897617f7cb1c21a4bf30023f252596d83e1f007?s=96&d=mm&r=g\",\"caption\":\"admin\"},\"sameAs\":[\"https:\\\/\\\/kibrisdakik.com\"],\"url\":\"https:\\\/\\\/kibrisdakik.com\\\/?author=1\"}]}<\/script>\n<!-- \/ Yoast SEO plugin. -->","yoast_head_json":{"title":"Ba\u015fbakan \u00dcstel:T\u00fcrkiye Cumhuriyeti\u2019nin adaletine g\u00fcveniyoruz. Adalet tecelli edecek -","robots":{"index":"index","follow":"follow","max-snippet":"max-snippet:-1","max-image-preview":"max-image-preview:large","max-video-preview":"max-video-preview:-1"},"canonical":"https:\/\/kibrisdakik.com\/?p=70724","og_locale":"tr_TR","og_type":"article","og_title":"Ba\u015fbakan \u00dcstel:T\u00fcrkiye Cumhuriyeti\u2019nin adaletine g\u00fcveniyoruz. Adalet tecelli edecek -","og_description":"Ba\u015fbakan \u00dcnal \u00dcstel, \u0130sias duru\u015fmas\u0131 sonras\u0131 yapt\u0131\u011f\u0131 a\u00e7\u0131klamada, bu yarg\u0131laman\u0131n, T\u00fcrkiye Cumhuriyeti\u2019nde ya\u015fanacak do\u011fal afetlerde b\u00f6yle felaketlerin bir kere daha ya\u015fanmamas\u0131 ad\u0131na bir \u00f6rnek olaca\u011f\u0131n\u0131 d\u00fc\u015f\u00fcnd\u00fc\u011f\u00fcn\u00fc belirtti. Yapt\u0131\u011f\u0131 a\u00e7\u0131klamada, 6 \u015eubat 2023\u2019te ya\u015fanan asr\u0131n felaketinde 50 bine yak\u0131n ki\u015finin hayat\u0131n\u0131 kaybetti\u011fini hat\u0131rlatan \u00dcstel, Kuzey K\u0131br\u0131s T\u00fcrk Cumhuriyeti\u2019nin de evlatlar\u0131n\u0131, \u015eampiyon Melekleri yitirdi\u011fini ifade etti. O","og_url":"https:\/\/kibrisdakik.com\/?p=70724","article_published_time":"2024-12-03T15:19:52+00:00","og_image":[{"width":2048,"height":1536,"url":"https:\/\/kibrisdakik.com\/wp-content\/uploads\/2024\/12\/bbbbb-740x420.jpg","type":"image\/jpeg"}],"author":"admin","twitter_card":"summary_large_image","twitter_misc":{"Yazan:":"admin","Tahmini okuma s\u00fcresi":"2 dakika"},"schema":{"@context":"https:\/\/schema.org","@graph":[{"@type":"Article","@id":"https:\/\/kibrisdakik.com\/?p=70724#article","isPartOf":{"@id":"https:\/\/kibrisdakik.com\/?p=70724"},"author":{"name":"admin","@id":"https:\/\/kibrisdakik.com\/#\/schema\/person\/9cd9d437bbb44f72b73ba127e06d8e79"},"headline":"Ba\u015fbakan \u00dcstel:T\u00fcrkiye Cumhuriyeti\u2019nin adaletine g\u00fcveniyoruz. Adalet tecelli edecek","datePublished":"2024-12-03T15:19:52+00:00","mainEntityOfPage":{"@id":"https:\/\/kibrisdakik.com\/?p=70724"},"wordCount":355,"commentCount":0,"image":{"@id":"https:\/\/kibrisdakik.com\/?p=70724#primaryimage"},"thumbnailUrl":"https:\/\/kibrisdakik.com\/wp-content\/uploads\/2024\/12\/bbbbb-740x420.jpg","articleSection":["K\u0131br\u0131s"],"inLanguage":"tr","potentialAction":[{"@type":"CommentAction","name":"Comment","target":["https:\/\/kibrisdakik.com\/?p=70724#respond"]}]},{"@type":"WebPage","@id":"https:\/\/kibrisdakik.com\/?p=70724","url":"https:\/\/kibrisdakik.com\/?p=70724","name":"Ba\u015fbakan \u00dcstel:T\u00fcrkiye Cumhuriyeti\u2019nin adaletine g\u00fcveniyoruz. Adalet tecelli edecek -","isPartOf":{"@id":"https:\/\/kibrisdakik.com\/#website"},"primaryImageOfPage":{"@id":"https:\/\/kibrisdakik.com\/?p=70724#primaryimage"},"image":{"@id":"https:\/\/kibrisdakik.com\/?p=70724#primaryimage"},"thumbnailUrl":"https:\/\/kibrisdakik.com\/wp-content\/uploads\/2024\/12\/bbbbb-740x420.jpg","datePublished":"2024-12-03T15:19:52+00:00","author":{"@id":"https:\/\/kibrisdakik.com\/#\/schema\/person\/9cd9d437bbb44f72b73ba127e06d8e79"},"breadcrumb":{"@id":"https:\/\/kibrisdakik.com\/?p=70724#breadcrumb"},"inLanguage":"tr","potentialAction":[{"@type":"ReadAction","target":["https:\/\/kibrisdakik.com\/?p=70724"]}]},{"@type":"ImageObject","inLanguage":"tr","@id":"https:\/\/kibrisdakik.com\/?p=70724#primaryimage","url":"https:\/\/kibrisdakik.com\/wp-content\/uploads\/2024\/12\/bbbbb-740x420.jpg","contentUrl":"https:\/\/kibrisdakik.com\/wp-content\/uploads\/2024\/12\/bbbbb-740x420.jpg","width":2048,"height":1536},{"@type":"BreadcrumbList","@id":"https:\/\/kibrisdakik.com\/?p=70724#breadcrumb","itemListElement":[{"@type":"ListItem","position":1,"name":"Home","item":"https:\/\/kibrisdakik.com\/"},{"@type":"ListItem","position":2,"name":"Ba\u015fbakan \u00dcstel:T\u00fcrkiye Cumhuriyeti\u2019nin adaletine g\u00fcveniyoruz. Adalet tecelli edecek"}]},{"@type":"WebSite","@id":"https:\/\/kibrisdakik.com\/#website","url":"https:\/\/kibrisdakik.com\/","name":"","description":"Tam vaktinde haber","potentialAction":[{"@type":"SearchAction","target":{"@type":"EntryPoint","urlTemplate":"https:\/\/kibrisdakik.com\/?s={search_term_string}"},"query-input":{"@type":"PropertyValueSpecification","valueRequired":true,"valueName":"search_term_string"}}],"inLanguage":"tr"},{"@type":"Person","@id":"https:\/\/kibrisdakik.com\/#\/schema\/person\/9cd9d437bbb44f72b73ba127e06d8e79","name":"admin","image":{"@type":"ImageObject","inLanguage":"tr","@id":"https:\/\/secure.gravatar.com\/avatar\/ccc17943b9d660506c869530f897617f7cb1c21a4bf30023f252596d83e1f007?s=96&d=mm&r=g","url":"https:\/\/secure.gravatar.com\/avatar\/ccc17943b9d660506c869530f897617f7cb1c21a4bf30023f252596d83e1f007?s=96&d=mm&r=g","contentUrl":"https:\/\/secure.gravatar.com\/avatar\/ccc17943b9d660506c869530f897617f7cb1c21a4bf30023f252596d83e1f007?s=96&d=mm&r=g","caption":"admin"},"sameAs":["https:\/\/kibrisdakik.com"],"url":"https:\/\/kibrisdakik.com\/?author=1"}]}},"_links":{"self":[{"href":"https:\/\/kibrisdakik.com\/index.php?rest_route=\/wp\/v2\/posts\/70724","targetHints":{"allow":["GET"]}}],"collection":[{"href":"https:\/\/kibrisdakik.com\/index.php?rest_route=\/wp\/v2\/posts"}],"about":[{"href":"https:\/\/kibrisdakik.com\/index.php?rest_route=\/wp\/v2\/types\/post"}],"author":[{"embeddable":true,"href":"https:\/\/kibrisdakik.com\/index.php?rest_route=\/wp\/v2\/users\/1"}],"replies":[{"embeddable":true,"href":"https:\/\/kibrisdakik.com\/index.php?rest_route=%2Fwp%2Fv2%2Fcomments&post=70724"}],"version-history":[{"count":0,"href":"https:\/\/kibrisdakik.com\/index.php?rest_route=\/wp\/v2\/posts\/70724\/revisions"}],"wp:featuredmedia":[{"embeddable":true,"href":"https:\/\/kibrisdakik.com\/index.php?rest_route=\/wp\/v2\/media\/70725"}],"wp:attachment":[{"href":"https:\/\/kibrisdakik.com\/index.php?rest_route=%2Fwp%2Fv2%2Fmedia&parent=70724"}],"wp:term":[{"taxonomy":"category","embeddable":true,"href":"https:\/\/kibrisdakik.com\/index.php?rest_route=%2Fwp%2Fv2%2Fcategories&post=70724"},{"taxonomy":"post_tag","embeddable":true,"href":"https:\/\/kibrisdakik.com\/index.php?rest_route=%2Fwp%2Fv2%2Ftags&post=70724"}],"curies":[{"name":"wp","href":"https:\/\/api.w.org\/{rel}","templated":true}]}}