{"id":70726,"date":"2024-12-03T18:23:41","date_gmt":"2024-12-03T15:23:41","guid":{"rendered":"https:\/\/kibrisdakik.com\/index.php\/2024\/12\/03\/ertugruloglu-iranda-ekonomik-isbirligi-teskilati-bakanlar-konseyi-toplantisina-katildi\/"},"modified":"2024-12-03T18:23:41","modified_gmt":"2024-12-03T15:23:41","slug":"ertugruloglu-iranda-ekonomik-isbirligi-teskilati-bakanlar-konseyi-toplantisina-katildi","status":"publish","type":"post","link":"https:\/\/kibrisdakik.com\/?p=70726","title":{"rendered":"Ertu\u011frulo\u011flu, \u0130ran\u2019da Ekonomik \u0130\u015fbirli\u011fi Te\u015fkilat\u0131 Bakanlar Konseyi Toplant\u0131s\u0131\u2019na kat\u0131ld\u0131"},"content":{"rendered":"<div>\n<div class=\"mariselle-image-container center\">\n                                            <\/div>\n<p> D\u0131\u015fi\u015fleri Bakan\u0131 Tahsin Ertu\u011frulo\u011flu, \u0130ran\u2019\u0131n Me\u015fhed \u015fehrinde d\u00fczenlenen Ekonomik \u0130\u015fbirli\u011fi Te\u015fkilat\u0131 (E\u0130T) 28. Bakanlar Konseyi Toplant\u0131s\u0131\u2019na kat\u0131ld\u0131.<\/p>\n<p>Toplant\u0131da bir konu\u015fma ger\u00e7ekle\u015ftiren Ertu\u011frulo\u011flu, Kuzey K\u0131br\u0131s T\u00fcrk Cumhuriyeti\u2019nin Te\u015fkilata g\u00f6zlemci \u00fcye olarak kabul edildi\u011fi 1992 y\u0131l\u0131ndan itibaren Te\u015fkilat\u0131n  ger\u00e7ekle\u015ftirmi\u015f oldu\u011fu \u00e7al\u0131\u015fmalara etkin bir \u015fekilde destek ve kat\u0131l\u0131m sa\u011flad\u0131\u011f\u0131n\u0131 ifade etti.  Ertu\u011frulo\u011flu, E\u0130T \u00fcyesi \u00fclkelere 25 \u2013 26 Kas\u0131m 2024 tarihlerinde KKTC\u2019de ger\u00e7ekle\u015ftirilen 4. Ekoturizm Uzmanlar Grubu Toplant\u0131s\u0131\u2019na kat\u0131l\u0131mlar\u0131 ve vermi\u015f olduklar\u0131 destekten dolay\u0131 te\u015fekk\u00fcrlerini sundu.<\/p>\n<p>D\u0131\u015fi\u015fleri Bakan\u0131 Tahsin Ertu\u011frulo\u011flu, K\u0131br\u0131s konusundaki g\u00fcncel geli\u015fmelere ili\u015fkin olarak da muhataplar\u0131n\u0131 bilgilendirdi. Ertu\u011frulo\u011flu ayr\u0131ca, Me\u015fhed ziyareti s\u00fcresince E\u0130T \u00fcyesi \u00fclkelerin D\u0131\u015fi\u015fleri Bakanlar\u0131 ve Bakan Yard\u0131mc\u0131lar\u0131 ile bir araya geldi. Bakan Ertu\u011frulo\u011flu\u2019na, Me\u015fhed temaslar\u0131 s\u0131ras\u0131nda, \u00dc\u00e7\u00fcnc\u00fc Sekreter Mehmet Tuncan e\u015flik etti.<\/p>\n<\/p><\/div>\n<p><script async\n                    defer\n                    crossorigin=\"anonymous\"\n                    src=\"https:\/\/connect.facebook.net\/tr_TR\/sdk.js#xfbml=1&#038;version=v3.3\"\n            ><\/script><\/p>\n","protected":false},"excerpt":{"rendered":"<p>D\u0131\u015fi\u015fleri Bakan\u0131 Tahsin Ertu\u011frulo\u011flu, \u0130ran\u2019\u0131n Me\u015fhed \u015fehrinde d\u00fczenlenen Ekonomik \u0130\u015fbirli\u011fi Te\u015fkilat\u0131 (E\u0130T) 28. Bakanlar Konseyi Toplant\u0131s\u0131\u2019na kat\u0131ld\u0131. Toplant\u0131da bir konu\u015fma ger\u00e7ekle\u015ftiren Ertu\u011frulo\u011flu, Kuzey K\u0131br\u0131s T\u00fcrk Cumhuriyeti\u2019nin Te\u015fkilata g\u00f6zlemci \u00fcye olarak kabul edildi\u011fi 1992 y\u0131l\u0131ndan itibaren Te\u015fkilat\u0131n ger\u00e7ekle\u015ftirmi\u015f oldu\u011fu \u00e7al\u0131\u015fmalara etkin bir \u015fekilde destek ve kat\u0131l\u0131m sa\u011flad\u0131\u011f\u0131n\u0131 ifade etti. Ertu\u011frulo\u011flu, E\u0130T \u00fcyesi \u00fclkelere 25 \u2013 26<\/p>\n","protected":false},"author":1,"featured_media":70727,"comment_status":"open","ping_status":"open","sticky":false,"template":"","format":"standard","meta":{"footnotes":""},"categories":[81],"tags":[],"class_list":["post-70726","post","type-post","status-publish","format-standard","has-post-thumbnail","hentry","category-kibris"],"yoast_head":"<!-- This site is optimized with the Yoast SEO plugin v27.4 - https:\/\/yoast.com\/product\/yoast-seo-wordpress\/ -->\n<title>Ertu\u011frulo\u011flu, \u0130ran\u2019da Ekonomik \u0130\u015fbirli\u011fi Te\u015fkilat\u0131 Bakanlar Konseyi Toplant\u0131s\u0131\u2019na kat\u0131ld\u0131 -<\/title>\n<meta name=\"robots\" content=\"index, follow, max-snippet:-1, max-image-preview:large, max-video-preview:-1\" \/>\n<link rel=\"canonical\" href=\"https:\/\/kibrisdakik.com\/?p=70726\" \/>\n<meta property=\"og:locale\" content=\"tr_TR\" \/>\n<meta property=\"og:type\" content=\"article\" \/>\n<meta property=\"og:title\" content=\"Ertu\u011frulo\u011flu, \u0130ran\u2019da Ekonomik \u0130\u015fbirli\u011fi Te\u015fkilat\u0131 Bakanlar Konseyi Toplant\u0131s\u0131\u2019na kat\u0131ld\u0131 -\" \/>\n<meta property=\"og:description\" content=\"D\u0131\u015fi\u015fleri Bakan\u0131 Tahsin Ertu\u011frulo\u011flu, \u0130ran\u2019\u0131n Me\u015fhed \u015fehrinde d\u00fczenlenen Ekonomik \u0130\u015fbirli\u011fi Te\u015fkilat\u0131 (E\u0130T) 28. Bakanlar Konseyi Toplant\u0131s\u0131\u2019na kat\u0131ld\u0131. Toplant\u0131da bir konu\u015fma ger\u00e7ekle\u015ftiren Ertu\u011frulo\u011flu, Kuzey K\u0131br\u0131s T\u00fcrk Cumhuriyeti\u2019nin Te\u015fkilata g\u00f6zlemci \u00fcye olarak kabul edildi\u011fi 1992 y\u0131l\u0131ndan itibaren Te\u015fkilat\u0131n ger\u00e7ekle\u015ftirmi\u015f oldu\u011fu \u00e7al\u0131\u015fmalara etkin bir \u015fekilde destek ve kat\u0131l\u0131m sa\u011flad\u0131\u011f\u0131n\u0131 ifade etti. Ertu\u011frulo\u011flu, E\u0130T \u00fcyesi \u00fclkelere 25 \u2013 26\" \/>\n<meta property=\"og:url\" content=\"https:\/\/kibrisdakik.com\/?p=70726\" \/>\n<meta property=\"article:published_time\" content=\"2024-12-03T15:23:41+00:00\" \/>\n<meta property=\"og:image\" content=\"https:\/\/kibrisdakik.com\/wp-content\/uploads\/2024\/12\/ER-740x420.png\" \/>\n\t<meta property=\"og:image:width\" content=\"1047\" \/>\n\t<meta property=\"og:image:height\" content=\"691\" \/>\n\t<meta property=\"og:image:type\" content=\"image\/png\" \/>\n<meta name=\"author\" content=\"admin\" \/>\n<meta name=\"twitter:card\" content=\"summary_large_image\" \/>\n<meta name=\"twitter:label1\" content=\"Yazan:\" \/>\n\t<meta name=\"twitter:data1\" content=\"admin\" \/>\n\t<meta name=\"twitter:label2\" content=\"Tahmini okuma s\u00fcresi\" \/>\n\t<meta name=\"twitter:data2\" content=\"1 dakika\" \/>\n<script type=\"application\/ld+json\" class=\"yoast-schema-graph\">{\"@context\":\"https:\\\/\\\/schema.org\",\"@graph\":[{\"@type\":\"Article\",\"@id\":\"https:\\\/\\\/kibrisdakik.com\\\/?p=70726#article\",\"isPartOf\":{\"@id\":\"https:\\\/\\\/kibrisdakik.com\\\/?p=70726\"},\"author\":{\"name\":\"admin\",\"@id\":\"https:\\\/\\\/kibrisdakik.com\\\/#\\\/schema\\\/person\\\/9cd9d437bbb44f72b73ba127e06d8e79\"},\"headline\":\"Ertu\u011frulo\u011flu, \u0130ran\u2019da Ekonomik \u0130\u015fbirli\u011fi Te\u015fkilat\u0131 Bakanlar Konseyi Toplant\u0131s\u0131\u2019na kat\u0131ld\u0131\",\"datePublished\":\"2024-12-03T15:23:41+00:00\",\"mainEntityOfPage\":{\"@id\":\"https:\\\/\\\/kibrisdakik.com\\\/?p=70726\"},\"wordCount\":202,\"commentCount\":0,\"image\":{\"@id\":\"https:\\\/\\\/kibrisdakik.com\\\/?p=70726#primaryimage\"},\"thumbnailUrl\":\"https:\\\/\\\/kibrisdakik.com\\\/wp-content\\\/uploads\\\/2024\\\/12\\\/ER-740x420.png\",\"articleSection\":[\"K\u0131br\u0131s\"],\"inLanguage\":\"tr\",\"potentialAction\":[{\"@type\":\"CommentAction\",\"name\":\"Comment\",\"target\":[\"https:\\\/\\\/kibrisdakik.com\\\/?p=70726#respond\"]}]},{\"@type\":\"WebPage\",\"@id\":\"https:\\\/\\\/kibrisdakik.com\\\/?p=70726\",\"url\":\"https:\\\/\\\/kibrisdakik.com\\\/?p=70726\",\"name\":\"Ertu\u011frulo\u011flu, \u0130ran\u2019da Ekonomik \u0130\u015fbirli\u011fi Te\u015fkilat\u0131 Bakanlar Konseyi Toplant\u0131s\u0131\u2019na kat\u0131ld\u0131 -\",\"isPartOf\":{\"@id\":\"https:\\\/\\\/kibrisdakik.com\\\/#website\"},\"primaryImageOfPage\":{\"@id\":\"https:\\\/\\\/kibrisdakik.com\\\/?p=70726#primaryimage\"},\"image\":{\"@id\":\"https:\\\/\\\/kibrisdakik.com\\\/?p=70726#primaryimage\"},\"thumbnailUrl\":\"https:\\\/\\\/kibrisdakik.com\\\/wp-content\\\/uploads\\\/2024\\\/12\\\/ER-740x420.png\",\"datePublished\":\"2024-12-03T15:23:41+00:00\",\"author\":{\"@id\":\"https:\\\/\\\/kibrisdakik.com\\\/#\\\/schema\\\/person\\\/9cd9d437bbb44f72b73ba127e06d8e79\"},\"breadcrumb\":{\"@id\":\"https:\\\/\\\/kibrisdakik.com\\\/?p=70726#breadcrumb\"},\"inLanguage\":\"tr\",\"potentialAction\":[{\"@type\":\"ReadAction\",\"target\":[\"https:\\\/\\\/kibrisdakik.com\\\/?p=70726\"]}]},{\"@type\":\"ImageObject\",\"inLanguage\":\"tr\",\"@id\":\"https:\\\/\\\/kibrisdakik.com\\\/?p=70726#primaryimage\",\"url\":\"https:\\\/\\\/kibrisdakik.com\\\/wp-content\\\/uploads\\\/2024\\\/12\\\/ER-740x420.png\",\"contentUrl\":\"https:\\\/\\\/kibrisdakik.com\\\/wp-content\\\/uploads\\\/2024\\\/12\\\/ER-740x420.png\",\"width\":1047,\"height\":691},{\"@type\":\"BreadcrumbList\",\"@id\":\"https:\\\/\\\/kibrisdakik.com\\\/?p=70726#breadcrumb\",\"itemListElement\":[{\"@type\":\"ListItem\",\"position\":1,\"name\":\"Home\",\"item\":\"https:\\\/\\\/kibrisdakik.com\\\/\"},{\"@type\":\"ListItem\",\"position\":2,\"name\":\"Ertu\u011frulo\u011flu, \u0130ran\u2019da Ekonomik \u0130\u015fbirli\u011fi Te\u015fkilat\u0131 Bakanlar Konseyi Toplant\u0131s\u0131\u2019na kat\u0131ld\u0131\"}]},{\"@type\":\"WebSite\",\"@id\":\"https:\\\/\\\/kibrisdakik.com\\\/#website\",\"url\":\"https:\\\/\\\/kibrisdakik.com\\\/\",\"name\":\"\",\"description\":\"Tam vaktinde haber\",\"potentialAction\":[{\"@type\":\"SearchAction\",\"target\":{\"@type\":\"EntryPoint\",\"urlTemplate\":\"https:\\\/\\\/kibrisdakik.com\\\/?s={search_term_string}\"},\"query-input\":{\"@type\":\"PropertyValueSpecification\",\"valueRequired\":true,\"valueName\":\"search_term_string\"}}],\"inLanguage\":\"tr\"},{\"@type\":\"Person\",\"@id\":\"https:\\\/\\\/kibrisdakik.com\\\/#\\\/schema\\\/person\\\/9cd9d437bbb44f72b73ba127e06d8e79\",\"name\":\"admin\",\"image\":{\"@type\":\"ImageObject\",\"inLanguage\":\"tr\",\"@id\":\"https:\\\/\\\/secure.gravatar.com\\\/avatar\\\/ccc17943b9d660506c869530f897617f7cb1c21a4bf30023f252596d83e1f007?s=96&d=mm&r=g\",\"url\":\"https:\\\/\\\/secure.gravatar.com\\\/avatar\\\/ccc17943b9d660506c869530f897617f7cb1c21a4bf30023f252596d83e1f007?s=96&d=mm&r=g\",\"contentUrl\":\"https:\\\/\\\/secure.gravatar.com\\\/avatar\\\/ccc17943b9d660506c869530f897617f7cb1c21a4bf30023f252596d83e1f007?s=96&d=mm&r=g\",\"caption\":\"admin\"},\"sameAs\":[\"https:\\\/\\\/kibrisdakik.com\"],\"url\":\"https:\\\/\\\/kibrisdakik.com\\\/?author=1\"}]}<\/script>\n<!-- \/ Yoast SEO plugin. -->","yoast_head_json":{"title":"Ertu\u011frulo\u011flu, \u0130ran\u2019da Ekonomik \u0130\u015fbirli\u011fi Te\u015fkilat\u0131 Bakanlar Konseyi Toplant\u0131s\u0131\u2019na kat\u0131ld\u0131 -","robots":{"index":"index","follow":"follow","max-snippet":"max-snippet:-1","max-image-preview":"max-image-preview:large","max-video-preview":"max-video-preview:-1"},"canonical":"https:\/\/kibrisdakik.com\/?p=70726","og_locale":"tr_TR","og_type":"article","og_title":"Ertu\u011frulo\u011flu, \u0130ran\u2019da Ekonomik \u0130\u015fbirli\u011fi Te\u015fkilat\u0131 Bakanlar Konseyi Toplant\u0131s\u0131\u2019na kat\u0131ld\u0131 -","og_description":"D\u0131\u015fi\u015fleri Bakan\u0131 Tahsin Ertu\u011frulo\u011flu, \u0130ran\u2019\u0131n Me\u015fhed \u015fehrinde d\u00fczenlenen Ekonomik \u0130\u015fbirli\u011fi Te\u015fkilat\u0131 (E\u0130T) 28. Bakanlar Konseyi Toplant\u0131s\u0131\u2019na kat\u0131ld\u0131. Toplant\u0131da bir konu\u015fma ger\u00e7ekle\u015ftiren Ertu\u011frulo\u011flu, Kuzey K\u0131br\u0131s T\u00fcrk Cumhuriyeti\u2019nin Te\u015fkilata g\u00f6zlemci \u00fcye olarak kabul edildi\u011fi 1992 y\u0131l\u0131ndan itibaren Te\u015fkilat\u0131n ger\u00e7ekle\u015ftirmi\u015f oldu\u011fu \u00e7al\u0131\u015fmalara etkin bir \u015fekilde destek ve kat\u0131l\u0131m sa\u011flad\u0131\u011f\u0131n\u0131 ifade etti. Ertu\u011frulo\u011flu, E\u0130T \u00fcyesi \u00fclkelere 25 \u2013 26","og_url":"https:\/\/kibrisdakik.com\/?p=70726","article_published_time":"2024-12-03T15:23:41+00:00","og_image":[{"width":1047,"height":691,"url":"https:\/\/kibrisdakik.com\/wp-content\/uploads\/2024\/12\/ER-740x420.png","type":"image\/png"}],"author":"admin","twitter_card":"summary_large_image","twitter_misc":{"Yazan:":"admin","Tahmini okuma s\u00fcresi":"1 dakika"},"schema":{"@context":"https:\/\/schema.org","@graph":[{"@type":"Article","@id":"https:\/\/kibrisdakik.com\/?p=70726#article","isPartOf":{"@id":"https:\/\/kibrisdakik.com\/?p=70726"},"author":{"name":"admin","@id":"https:\/\/kibrisdakik.com\/#\/schema\/person\/9cd9d437bbb44f72b73ba127e06d8e79"},"headline":"Ertu\u011frulo\u011flu, \u0130ran\u2019da Ekonomik \u0130\u015fbirli\u011fi Te\u015fkilat\u0131 Bakanlar Konseyi Toplant\u0131s\u0131\u2019na kat\u0131ld\u0131","datePublished":"2024-12-03T15:23:41+00:00","mainEntityOfPage":{"@id":"https:\/\/kibrisdakik.com\/?p=70726"},"wordCount":202,"commentCount":0,"image":{"@id":"https:\/\/kibrisdakik.com\/?p=70726#primaryimage"},"thumbnailUrl":"https:\/\/kibrisdakik.com\/wp-content\/uploads\/2024\/12\/ER-740x420.png","articleSection":["K\u0131br\u0131s"],"inLanguage":"tr","potentialAction":[{"@type":"CommentAction","name":"Comment","target":["https:\/\/kibrisdakik.com\/?p=70726#respond"]}]},{"@type":"WebPage","@id":"https:\/\/kibrisdakik.com\/?p=70726","url":"https:\/\/kibrisdakik.com\/?p=70726","name":"Ertu\u011frulo\u011flu, \u0130ran\u2019da Ekonomik \u0130\u015fbirli\u011fi Te\u015fkilat\u0131 Bakanlar Konseyi Toplant\u0131s\u0131\u2019na kat\u0131ld\u0131 -","isPartOf":{"@id":"https:\/\/kibrisdakik.com\/#website"},"primaryImageOfPage":{"@id":"https:\/\/kibrisdakik.com\/?p=70726#primaryimage"},"image":{"@id":"https:\/\/kibrisdakik.com\/?p=70726#primaryimage"},"thumbnailUrl":"https:\/\/kibrisdakik.com\/wp-content\/uploads\/2024\/12\/ER-740x420.png","datePublished":"2024-12-03T15:23:41+00:00","author":{"@id":"https:\/\/kibrisdakik.com\/#\/schema\/person\/9cd9d437bbb44f72b73ba127e06d8e79"},"breadcrumb":{"@id":"https:\/\/kibrisdakik.com\/?p=70726#breadcrumb"},"inLanguage":"tr","potentialAction":[{"@type":"ReadAction","target":["https:\/\/kibrisdakik.com\/?p=70726"]}]},{"@type":"ImageObject","inLanguage":"tr","@id":"https:\/\/kibrisdakik.com\/?p=70726#primaryimage","url":"https:\/\/kibrisdakik.com\/wp-content\/uploads\/2024\/12\/ER-740x420.png","contentUrl":"https:\/\/kibrisdakik.com\/wp-content\/uploads\/2024\/12\/ER-740x420.png","width":1047,"height":691},{"@type":"BreadcrumbList","@id":"https:\/\/kibrisdakik.com\/?p=70726#breadcrumb","itemListElement":[{"@type":"ListItem","position":1,"name":"Home","item":"https:\/\/kibrisdakik.com\/"},{"@type":"ListItem","position":2,"name":"Ertu\u011frulo\u011flu, \u0130ran\u2019da Ekonomik \u0130\u015fbirli\u011fi Te\u015fkilat\u0131 Bakanlar Konseyi Toplant\u0131s\u0131\u2019na kat\u0131ld\u0131"}]},{"@type":"WebSite","@id":"https:\/\/kibrisdakik.com\/#website","url":"https:\/\/kibrisdakik.com\/","name":"","description":"Tam vaktinde haber","potentialAction":[{"@type":"SearchAction","target":{"@type":"EntryPoint","urlTemplate":"https:\/\/kibrisdakik.com\/?s={search_term_string}"},"query-input":{"@type":"PropertyValueSpecification","valueRequired":true,"valueName":"search_term_string"}}],"inLanguage":"tr"},{"@type":"Person","@id":"https:\/\/kibrisdakik.com\/#\/schema\/person\/9cd9d437bbb44f72b73ba127e06d8e79","name":"admin","image":{"@type":"ImageObject","inLanguage":"tr","@id":"https:\/\/secure.gravatar.com\/avatar\/ccc17943b9d660506c869530f897617f7cb1c21a4bf30023f252596d83e1f007?s=96&d=mm&r=g","url":"https:\/\/secure.gravatar.com\/avatar\/ccc17943b9d660506c869530f897617f7cb1c21a4bf30023f252596d83e1f007?s=96&d=mm&r=g","contentUrl":"https:\/\/secure.gravatar.com\/avatar\/ccc17943b9d660506c869530f897617f7cb1c21a4bf30023f252596d83e1f007?s=96&d=mm&r=g","caption":"admin"},"sameAs":["https:\/\/kibrisdakik.com"],"url":"https:\/\/kibrisdakik.com\/?author=1"}]}},"_links":{"self":[{"href":"https:\/\/kibrisdakik.com\/index.php?rest_route=\/wp\/v2\/posts\/70726","targetHints":{"allow":["GET"]}}],"collection":[{"href":"https:\/\/kibrisdakik.com\/index.php?rest_route=\/wp\/v2\/posts"}],"about":[{"href":"https:\/\/kibrisdakik.com\/index.php?rest_route=\/wp\/v2\/types\/post"}],"author":[{"embeddable":true,"href":"https:\/\/kibrisdakik.com\/index.php?rest_route=\/wp\/v2\/users\/1"}],"replies":[{"embeddable":true,"href":"https:\/\/kibrisdakik.com\/index.php?rest_route=%2Fwp%2Fv2%2Fcomments&post=70726"}],"version-history":[{"count":0,"href":"https:\/\/kibrisdakik.com\/index.php?rest_route=\/wp\/v2\/posts\/70726\/revisions"}],"wp:featuredmedia":[{"embeddable":true,"href":"https:\/\/kibrisdakik.com\/index.php?rest_route=\/wp\/v2\/media\/70727"}],"wp:attachment":[{"href":"https:\/\/kibrisdakik.com\/index.php?rest_route=%2Fwp%2Fv2%2Fmedia&parent=70726"}],"wp:term":[{"taxonomy":"category","embeddable":true,"href":"https:\/\/kibrisdakik.com\/index.php?rest_route=%2Fwp%2Fv2%2Fcategories&post=70726"},{"taxonomy":"post_tag","embeddable":true,"href":"https:\/\/kibrisdakik.com\/index.php?rest_route=%2Fwp%2Fv2%2Ftags&post=70726"}],"curies":[{"name":"wp","href":"https:\/\/api.w.org\/{rel}","templated":true}]}}