{"id":70741,"date":"2024-12-04T08:44:11","date_gmt":"2024-12-04T05:44:11","guid":{"rendered":"https:\/\/kibrisdakik.com\/index.php\/2024\/12\/04\/bm-genel-kurulunda-filistin-konulu-konferans-duzenleme-karari\/"},"modified":"2024-12-04T08:44:11","modified_gmt":"2024-12-04T05:44:11","slug":"bm-genel-kurulunda-filistin-konulu-konferans-duzenleme-karari","status":"publish","type":"post","link":"https:\/\/kibrisdakik.com\/?p=70741","title":{"rendered":"BM Genel Kurulu\u2019nda Filistin konulu konferans d\u00fczenleme karar\u0131"},"content":{"rendered":"<p><\/p>\n<div>\n<div class=\"mariselle-image-container center\">\n                <img loading=\"lazy\" decoding=\"async\" width=\"800\" height=\"450\" class=\"lazy-image\" alt=\"\" sizes=\"auto, (max-width: 800px) 100vw, 800px\" src=\"https:\/\/brtk.net\/wp-content\/uploads\/2024\/12\/04\/bm-genel-kurul-2310178_1.jpg?ver=37e4152d88375a47f9b58814c703074e\" srcset=\"https:\/\/brtk.net\/wp-content\/uploads\/2024\/12\/04\/bm-genel-kurul-2310178_1.jpg?ver=37e4152d88375a47f9b58814c703074e 800w, https:\/\/brtk.net\/wp-content\/uploads\/2024\/12\/04\/bm-genel-kurul-2310178_1-300x169.jpg?ver=d3f2d4f042e29a28d5b543c939804a9a 300w, https:\/\/brtk.net\/wp-content\/uploads\/2024\/12\/04\/bm-genel-kurul-2310178_1-768x432.jpg?ver=d3f2d4f042e29a28d5b543c939804a9a 768w\"\/>                            <\/div>\n<p>Birle\u015fmi\u015f Milletler Genel Kurulu, \u0130srail-Filistin sorununa ili\u015fkin, T\u00fcrkiye\u2019nin e\u015f sunucular\u0131ndan oldu\u011fu iki devletli \u00e7\u00f6z\u00fcm ve Orta Do\u011fu\u2019da bar\u0131\u015f s\u00fcreci konulu \u00fcst d\u00fczey kat\u0131l\u0131ml\u0131 konferans d\u00fczenlenmesi karar\u0131 ald\u0131. Konferans 2 Haziran\u2019da New York\u2019ta d\u00fczenlenecek.<\/p>\n<p>193 \u00fcyeli BM Genel Kurulunda Senegal taraf\u0131ndan sunulan ve T\u00fcrkiye dahil \u00e7ok say\u0131da \u00fclkenin e\u015f sunucusu oldu\u011fu iki devletli \u00e7\u00f6z\u00fcm ve Orta Do\u011fu\u2019da bar\u0131\u015f s\u00fcrecine ili\u015fkin karar tasar\u0131s\u0131 oylamaya sunuldu.<\/p>\n<p>Tasar\u0131, 8 \u201chay\u0131r\u201d, 7 \u201c\u00e7ekimser\u201d oya kar\u015f\u0131 157 \u201cevet\u201d oyuyla kabul edildi.<\/p>\n<p>Kararda, \u0130srail-Filistin sorununa ili\u015fkin kal\u0131c\u0131, adil ve kapsaml\u0131 bar\u0131\u015f in\u015fa etmek i\u00e7in ilgili kararlar\u0131n uygulanmas\u0131, Orta Do\u011fu\u2019da kal\u0131c\u0131, adil ve kapsaml\u0131 bar\u0131\u015f in\u015fa edilmesi ve bu konuda \u00fcst d\u00fczey kat\u0131l\u0131ml\u0131 konferans d\u00fczenlenmesi talep edildi.<\/p>\n<p>Konferans\u0131n \u201cFilistin Sorununun Bar\u0131\u015f\u00e7\u0131l \u00c7\u00f6z\u00fcm\u00fc ve \u0130ki Devletli \u00c7\u00f6z\u00fcm i\u00e7in \u00dcst D\u00fczey Uluslararas\u0131 Konferans\u201d ba\u015fl\u0131\u011f\u0131yla 2-4 Haziran 2025\u2019te New York\u2019ta d\u00fczenlenmesi kararla\u015ft\u0131r\u0131ld\u0131.<\/p>\n<p><strong>Konferans sonunda sonu\u00e7 bildirgesi kabul edilmesi talep edildi<\/strong><br \/>Kararda, konferans sonunda somut ad\u0131m at\u0131lmas\u0131na y\u00f6nelik bir sonu\u00e7 bildirgesinin kabul edilmesi talep edilirken, s\u00f6z konusu bildirgenin, Filistin sorununun bar\u0131\u015f\u00e7\u0131l \u00e7\u00f6z\u00fcm\u00fc ve iki devletli \u00e7\u00f6z\u00fcm\u00fcn in\u015fas\u0131 i\u00e7in bir yol haritas\u0131 belirlemesi gerekti\u011finin alt\u0131 \u00e7izildi.<\/p>\n<p>Kararda, Orta Do\u011fu bar\u0131\u015f s\u00fcrecine ili\u015fkin nihai stat\u00fc konular\u0131nda m\u00fczakerelerin tekrar ba\u015flamas\u0131, bu \u00e7er\u00e7evede Moskova\u2019da bir konferans d\u00fczenlenmesi istendi.<\/p>\n<p>\u0130ki tarafa da uluslararas\u0131 hukuk ve daha \u00f6nce imzalanan anla\u015fmalar uyar\u0131nca y\u00fck\u00fcml\u00fcl\u00fcklerini yerine getirme \u00e7a\u011fr\u0131s\u0131 yap\u0131lan kararda, i\u015fgalci g\u00fc\u00e7 olan \u0130srail\u2019in Uluslararas\u0131 Adalet Divan\u0131n\u0131n (UAD) dan\u0131\u015fma g\u00f6r\u00fc\u015f\u00fcnde de belirtilen y\u00fck\u00fcml\u00fcl\u00fcklerini yerine getirmesi talep edildi.<\/p>\n<p>Bu \u00e7er\u00e7evede \u0130srail\u2019in \u201cderhal t\u00fcm yerle\u015fim yeri faaliyetlerini sonland\u0131rma, i\u015fgal alt\u0131ndaki Filistin topraklar\u0131ndaki yerle\u015fimcileri tahliye etme ve yasa d\u0131\u015f\u0131 faaliyetlerine son vermesi\u201d gerekti\u011fine dikkat \u00e7ekilen kararda, Do\u011fu Kud\u00fcs dahil i\u015fgal alt\u0131ndaki Filistin topraklar\u0131 ve Gazze\u2019de demografik yap\u0131 ve topra\u011f\u0131na ili\u015fkin de\u011fi\u015fime kar\u015f\u0131 \u00e7\u0131k\u0131ld\u0131.<\/p>\n<p>Kararda, zorla toprak elde etmenin yasa d\u0131\u015f\u0131 oldu\u011funun alt\u0131 \u00e7izilerek, bunun iki devletli \u00e7\u00f6z\u00fcm\u00fc de baltalad\u0131\u011f\u0131 ifade edildi.<\/p>\n<p>Her t\u00fcrl\u00fc \u015fiddetin derhal ve tamamen sonlanmas\u0131 talep edilen kararda, buna askeri sald\u0131r\u0131lar, y\u0131k\u0131m ve ter\u00f6r faaliyetlerinin de dahil oldu\u011fu bildirildi.<\/p>\n<p>Kararda, t\u00fcm \u00fcye \u00fclkeler ve BM\u2019nin Filistin halk\u0131 ve Filistin y\u00f6netimine ekonomik, insani ve teknik yard\u0131m sa\u011flamaya devam etmeleri \u00e7a\u011fr\u0131s\u0131 yap\u0131l\u0131rken, Gazze\u2019deki durumun \u00e7ok korkun\u00e7 oldu\u011fu vurguland\u0131.<\/p>\n<p>UAD\u2019nin dan\u0131\u015fma g\u00f6r\u00fc\u015f\u00fcne g\u00f6re, \u0130srail\u2019in, yanl\u0131\u015f eylemleri nedeniyle yaratt\u0131\u011f\u0131 y\u0131k\u0131m\u0131 \u201d tam olarak tazmin\u201d etme y\u00fck\u00fcml\u00fcl\u00fc\u011f\u00fc oldu\u011fu an\u0131msat\u0131lan kararda, uluslararas\u0131 hukuk uyar\u0131nca \u0130srail ve Filistin\u2019in yan yana ya\u015fayaca\u011f\u0131 iki devletli \u00e7\u00f6z\u00fcme olan ba\u011fl\u0131l\u0131k teyit edildi.<\/p>\n<\/p><\/div>\n<p><script async\n                    defer\n                    crossorigin=\"anonymous\"\n                    src=\"https:\/\/connect.facebook.net\/tr_TR\/sdk.js#xfbml=1&#038;version=v3.3\"\n            ><\/script><\/p>\n","protected":false},"excerpt":{"rendered":"<p>Birle\u015fmi\u015f Milletler Genel Kurulu, \u0130srail-Filistin sorununa ili\u015fkin, T\u00fcrkiye\u2019nin e\u015f sunucular\u0131ndan oldu\u011fu iki devletli \u00e7\u00f6z\u00fcm ve Orta Do\u011fu\u2019da bar\u0131\u015f s\u00fcreci konulu \u00fcst d\u00fczey kat\u0131l\u0131ml\u0131 konferans d\u00fczenlenmesi karar\u0131 ald\u0131. Konferans 2 Haziran\u2019da New York\u2019ta d\u00fczenlenecek. 193 \u00fcyeli BM Genel Kurulunda Senegal taraf\u0131ndan sunulan ve T\u00fcrkiye dahil \u00e7ok say\u0131da \u00fclkenin e\u015f sunucusu oldu\u011fu iki devletli \u00e7\u00f6z\u00fcm ve Orta<\/p>\n","protected":false},"author":1,"featured_media":70742,"comment_status":"open","ping_status":"open","sticky":false,"template":"","format":"standard","meta":{"footnotes":""},"categories":[1],"tags":[],"class_list":["post-70741","post","type-post","status-publish","format-standard","has-post-thumbnail","hentry","category-gundem"],"yoast_head":"<!-- This site is optimized with the Yoast SEO plugin v27.5 - https:\/\/yoast.com\/product\/yoast-seo-wordpress\/ -->\n<title>BM Genel Kurulu\u2019nda Filistin konulu konferans d\u00fczenleme karar\u0131 -<\/title>\n<meta name=\"robots\" content=\"index, follow, max-snippet:-1, max-image-preview:large, max-video-preview:-1\" \/>\n<link rel=\"canonical\" href=\"https:\/\/kibrisdakik.com\/?p=70741\" \/>\n<meta property=\"og:locale\" content=\"tr_TR\" \/>\n<meta property=\"og:type\" content=\"article\" \/>\n<meta property=\"og:title\" content=\"BM Genel Kurulu\u2019nda Filistin konulu konferans d\u00fczenleme karar\u0131 -\" \/>\n<meta property=\"og:description\" content=\"Birle\u015fmi\u015f Milletler Genel Kurulu, \u0130srail-Filistin sorununa ili\u015fkin, T\u00fcrkiye\u2019nin e\u015f sunucular\u0131ndan oldu\u011fu iki devletli \u00e7\u00f6z\u00fcm ve Orta Do\u011fu\u2019da bar\u0131\u015f s\u00fcreci konulu \u00fcst d\u00fczey kat\u0131l\u0131ml\u0131 konferans d\u00fczenlenmesi karar\u0131 ald\u0131. Konferans 2 Haziran\u2019da New York\u2019ta d\u00fczenlenecek. 193 \u00fcyeli BM Genel Kurulunda Senegal taraf\u0131ndan sunulan ve T\u00fcrkiye dahil \u00e7ok say\u0131da \u00fclkenin e\u015f sunucusu oldu\u011fu iki devletli \u00e7\u00f6z\u00fcm ve Orta\" \/>\n<meta property=\"og:url\" content=\"https:\/\/kibrisdakik.com\/?p=70741\" \/>\n<meta property=\"article:published_time\" content=\"2024-12-04T05:44:11+00:00\" \/>\n<meta property=\"og:image\" content=\"https:\/\/kibrisdakik.com\/wp-content\/uploads\/2024\/12\/bm-genel-kurul-2310178_1-740x420.jpg\" \/>\n\t<meta property=\"og:image:width\" content=\"800\" \/>\n\t<meta property=\"og:image:height\" content=\"450\" \/>\n\t<meta property=\"og:image:type\" content=\"image\/jpeg\" \/>\n<meta name=\"author\" content=\"admin\" \/>\n<meta name=\"twitter:card\" content=\"summary_large_image\" \/>\n<meta name=\"twitter:label1\" content=\"Yazan:\" \/>\n\t<meta name=\"twitter:data1\" content=\"admin\" \/>\n\t<meta name=\"twitter:label2\" content=\"Tahmini okuma s\u00fcresi\" \/>\n\t<meta name=\"twitter:data2\" content=\"3 dakika\" \/>\n<script type=\"application\/ld+json\" class=\"yoast-schema-graph\">{\"@context\":\"https:\\\/\\\/schema.org\",\"@graph\":[{\"@type\":\"Article\",\"@id\":\"https:\\\/\\\/kibrisdakik.com\\\/?p=70741#article\",\"isPartOf\":{\"@id\":\"https:\\\/\\\/kibrisdakik.com\\\/?p=70741\"},\"author\":{\"name\":\"admin\",\"@id\":\"https:\\\/\\\/kibrisdakik.com\\\/#\\\/schema\\\/person\\\/9cd9d437bbb44f72b73ba127e06d8e79\"},\"headline\":\"BM Genel Kurulu\u2019nda Filistin konulu konferans d\u00fczenleme karar\u0131\",\"datePublished\":\"2024-12-04T05:44:11+00:00\",\"mainEntityOfPage\":{\"@id\":\"https:\\\/\\\/kibrisdakik.com\\\/?p=70741\"},\"wordCount\":530,\"commentCount\":0,\"image\":{\"@id\":\"https:\\\/\\\/kibrisdakik.com\\\/?p=70741#primaryimage\"},\"thumbnailUrl\":\"https:\\\/\\\/kibrisdakik.com\\\/wp-content\\\/uploads\\\/2024\\\/12\\\/bm-genel-kurul-2310178_1-740x420.jpg\",\"articleSection\":[\"G\u00fcndem\"],\"inLanguage\":\"tr\",\"potentialAction\":[{\"@type\":\"CommentAction\",\"name\":\"Comment\",\"target\":[\"https:\\\/\\\/kibrisdakik.com\\\/?p=70741#respond\"]}]},{\"@type\":\"WebPage\",\"@id\":\"https:\\\/\\\/kibrisdakik.com\\\/?p=70741\",\"url\":\"https:\\\/\\\/kibrisdakik.com\\\/?p=70741\",\"name\":\"BM Genel Kurulu\u2019nda Filistin konulu konferans d\u00fczenleme karar\u0131 -\",\"isPartOf\":{\"@id\":\"https:\\\/\\\/kibrisdakik.com\\\/#website\"},\"primaryImageOfPage\":{\"@id\":\"https:\\\/\\\/kibrisdakik.com\\\/?p=70741#primaryimage\"},\"image\":{\"@id\":\"https:\\\/\\\/kibrisdakik.com\\\/?p=70741#primaryimage\"},\"thumbnailUrl\":\"https:\\\/\\\/kibrisdakik.com\\\/wp-content\\\/uploads\\\/2024\\\/12\\\/bm-genel-kurul-2310178_1-740x420.jpg\",\"datePublished\":\"2024-12-04T05:44:11+00:00\",\"author\":{\"@id\":\"https:\\\/\\\/kibrisdakik.com\\\/#\\\/schema\\\/person\\\/9cd9d437bbb44f72b73ba127e06d8e79\"},\"breadcrumb\":{\"@id\":\"https:\\\/\\\/kibrisdakik.com\\\/?p=70741#breadcrumb\"},\"inLanguage\":\"tr\",\"potentialAction\":[{\"@type\":\"ReadAction\",\"target\":[\"https:\\\/\\\/kibrisdakik.com\\\/?p=70741\"]}]},{\"@type\":\"ImageObject\",\"inLanguage\":\"tr\",\"@id\":\"https:\\\/\\\/kibrisdakik.com\\\/?p=70741#primaryimage\",\"url\":\"https:\\\/\\\/kibrisdakik.com\\\/wp-content\\\/uploads\\\/2024\\\/12\\\/bm-genel-kurul-2310178_1-740x420.jpg\",\"contentUrl\":\"https:\\\/\\\/kibrisdakik.com\\\/wp-content\\\/uploads\\\/2024\\\/12\\\/bm-genel-kurul-2310178_1-740x420.jpg\",\"width\":800,\"height\":450},{\"@type\":\"BreadcrumbList\",\"@id\":\"https:\\\/\\\/kibrisdakik.com\\\/?p=70741#breadcrumb\",\"itemListElement\":[{\"@type\":\"ListItem\",\"position\":1,\"name\":\"Home\",\"item\":\"https:\\\/\\\/kibrisdakik.com\\\/\"},{\"@type\":\"ListItem\",\"position\":2,\"name\":\"BM Genel Kurulu\u2019nda Filistin konulu konferans d\u00fczenleme karar\u0131\"}]},{\"@type\":\"WebSite\",\"@id\":\"https:\\\/\\\/kibrisdakik.com\\\/#website\",\"url\":\"https:\\\/\\\/kibrisdakik.com\\\/\",\"name\":\"\",\"description\":\"Tam vaktinde haber\",\"potentialAction\":[{\"@type\":\"SearchAction\",\"target\":{\"@type\":\"EntryPoint\",\"urlTemplate\":\"https:\\\/\\\/kibrisdakik.com\\\/?s={search_term_string}\"},\"query-input\":{\"@type\":\"PropertyValueSpecification\",\"valueRequired\":true,\"valueName\":\"search_term_string\"}}],\"inLanguage\":\"tr\"},{\"@type\":\"Person\",\"@id\":\"https:\\\/\\\/kibrisdakik.com\\\/#\\\/schema\\\/person\\\/9cd9d437bbb44f72b73ba127e06d8e79\",\"name\":\"admin\",\"image\":{\"@type\":\"ImageObject\",\"inLanguage\":\"tr\",\"@id\":\"https:\\\/\\\/secure.gravatar.com\\\/avatar\\\/ccc17943b9d660506c869530f897617f7cb1c21a4bf30023f252596d83e1f007?s=96&d=mm&r=g\",\"url\":\"https:\\\/\\\/secure.gravatar.com\\\/avatar\\\/ccc17943b9d660506c869530f897617f7cb1c21a4bf30023f252596d83e1f007?s=96&d=mm&r=g\",\"contentUrl\":\"https:\\\/\\\/secure.gravatar.com\\\/avatar\\\/ccc17943b9d660506c869530f897617f7cb1c21a4bf30023f252596d83e1f007?s=96&d=mm&r=g\",\"caption\":\"admin\"},\"sameAs\":[\"https:\\\/\\\/kibrisdakik.com\"],\"url\":\"https:\\\/\\\/kibrisdakik.com\\\/?author=1\"}]}<\/script>\n<!-- \/ Yoast SEO plugin. -->","yoast_head_json":{"title":"BM Genel Kurulu\u2019nda Filistin konulu konferans d\u00fczenleme karar\u0131 -","robots":{"index":"index","follow":"follow","max-snippet":"max-snippet:-1","max-image-preview":"max-image-preview:large","max-video-preview":"max-video-preview:-1"},"canonical":"https:\/\/kibrisdakik.com\/?p=70741","og_locale":"tr_TR","og_type":"article","og_title":"BM Genel Kurulu\u2019nda Filistin konulu konferans d\u00fczenleme karar\u0131 -","og_description":"Birle\u015fmi\u015f Milletler Genel Kurulu, \u0130srail-Filistin sorununa ili\u015fkin, T\u00fcrkiye\u2019nin e\u015f sunucular\u0131ndan oldu\u011fu iki devletli \u00e7\u00f6z\u00fcm ve Orta Do\u011fu\u2019da bar\u0131\u015f s\u00fcreci konulu \u00fcst d\u00fczey kat\u0131l\u0131ml\u0131 konferans d\u00fczenlenmesi karar\u0131 ald\u0131. Konferans 2 Haziran\u2019da New York\u2019ta d\u00fczenlenecek. 193 \u00fcyeli BM Genel Kurulunda Senegal taraf\u0131ndan sunulan ve T\u00fcrkiye dahil \u00e7ok say\u0131da \u00fclkenin e\u015f sunucusu oldu\u011fu iki devletli \u00e7\u00f6z\u00fcm ve Orta","og_url":"https:\/\/kibrisdakik.com\/?p=70741","article_published_time":"2024-12-04T05:44:11+00:00","og_image":[{"width":800,"height":450,"url":"https:\/\/kibrisdakik.com\/wp-content\/uploads\/2024\/12\/bm-genel-kurul-2310178_1-740x420.jpg","type":"image\/jpeg"}],"author":"admin","twitter_card":"summary_large_image","twitter_misc":{"Yazan:":"admin","Tahmini okuma s\u00fcresi":"3 dakika"},"schema":{"@context":"https:\/\/schema.org","@graph":[{"@type":"Article","@id":"https:\/\/kibrisdakik.com\/?p=70741#article","isPartOf":{"@id":"https:\/\/kibrisdakik.com\/?p=70741"},"author":{"name":"admin","@id":"https:\/\/kibrisdakik.com\/#\/schema\/person\/9cd9d437bbb44f72b73ba127e06d8e79"},"headline":"BM Genel Kurulu\u2019nda Filistin konulu konferans d\u00fczenleme karar\u0131","datePublished":"2024-12-04T05:44:11+00:00","mainEntityOfPage":{"@id":"https:\/\/kibrisdakik.com\/?p=70741"},"wordCount":530,"commentCount":0,"image":{"@id":"https:\/\/kibrisdakik.com\/?p=70741#primaryimage"},"thumbnailUrl":"https:\/\/kibrisdakik.com\/wp-content\/uploads\/2024\/12\/bm-genel-kurul-2310178_1-740x420.jpg","articleSection":["G\u00fcndem"],"inLanguage":"tr","potentialAction":[{"@type":"CommentAction","name":"Comment","target":["https:\/\/kibrisdakik.com\/?p=70741#respond"]}]},{"@type":"WebPage","@id":"https:\/\/kibrisdakik.com\/?p=70741","url":"https:\/\/kibrisdakik.com\/?p=70741","name":"BM Genel Kurulu\u2019nda Filistin konulu konferans d\u00fczenleme karar\u0131 -","isPartOf":{"@id":"https:\/\/kibrisdakik.com\/#website"},"primaryImageOfPage":{"@id":"https:\/\/kibrisdakik.com\/?p=70741#primaryimage"},"image":{"@id":"https:\/\/kibrisdakik.com\/?p=70741#primaryimage"},"thumbnailUrl":"https:\/\/kibrisdakik.com\/wp-content\/uploads\/2024\/12\/bm-genel-kurul-2310178_1-740x420.jpg","datePublished":"2024-12-04T05:44:11+00:00","author":{"@id":"https:\/\/kibrisdakik.com\/#\/schema\/person\/9cd9d437bbb44f72b73ba127e06d8e79"},"breadcrumb":{"@id":"https:\/\/kibrisdakik.com\/?p=70741#breadcrumb"},"inLanguage":"tr","potentialAction":[{"@type":"ReadAction","target":["https:\/\/kibrisdakik.com\/?p=70741"]}]},{"@type":"ImageObject","inLanguage":"tr","@id":"https:\/\/kibrisdakik.com\/?p=70741#primaryimage","url":"https:\/\/kibrisdakik.com\/wp-content\/uploads\/2024\/12\/bm-genel-kurul-2310178_1-740x420.jpg","contentUrl":"https:\/\/kibrisdakik.com\/wp-content\/uploads\/2024\/12\/bm-genel-kurul-2310178_1-740x420.jpg","width":800,"height":450},{"@type":"BreadcrumbList","@id":"https:\/\/kibrisdakik.com\/?p=70741#breadcrumb","itemListElement":[{"@type":"ListItem","position":1,"name":"Home","item":"https:\/\/kibrisdakik.com\/"},{"@type":"ListItem","position":2,"name":"BM Genel Kurulu\u2019nda Filistin konulu konferans d\u00fczenleme karar\u0131"}]},{"@type":"WebSite","@id":"https:\/\/kibrisdakik.com\/#website","url":"https:\/\/kibrisdakik.com\/","name":"","description":"Tam vaktinde haber","potentialAction":[{"@type":"SearchAction","target":{"@type":"EntryPoint","urlTemplate":"https:\/\/kibrisdakik.com\/?s={search_term_string}"},"query-input":{"@type":"PropertyValueSpecification","valueRequired":true,"valueName":"search_term_string"}}],"inLanguage":"tr"},{"@type":"Person","@id":"https:\/\/kibrisdakik.com\/#\/schema\/person\/9cd9d437bbb44f72b73ba127e06d8e79","name":"admin","image":{"@type":"ImageObject","inLanguage":"tr","@id":"https:\/\/secure.gravatar.com\/avatar\/ccc17943b9d660506c869530f897617f7cb1c21a4bf30023f252596d83e1f007?s=96&d=mm&r=g","url":"https:\/\/secure.gravatar.com\/avatar\/ccc17943b9d660506c869530f897617f7cb1c21a4bf30023f252596d83e1f007?s=96&d=mm&r=g","contentUrl":"https:\/\/secure.gravatar.com\/avatar\/ccc17943b9d660506c869530f897617f7cb1c21a4bf30023f252596d83e1f007?s=96&d=mm&r=g","caption":"admin"},"sameAs":["https:\/\/kibrisdakik.com"],"url":"https:\/\/kibrisdakik.com\/?author=1"}]}},"_links":{"self":[{"href":"https:\/\/kibrisdakik.com\/index.php?rest_route=\/wp\/v2\/posts\/70741","targetHints":{"allow":["GET"]}}],"collection":[{"href":"https:\/\/kibrisdakik.com\/index.php?rest_route=\/wp\/v2\/posts"}],"about":[{"href":"https:\/\/kibrisdakik.com\/index.php?rest_route=\/wp\/v2\/types\/post"}],"author":[{"embeddable":true,"href":"https:\/\/kibrisdakik.com\/index.php?rest_route=\/wp\/v2\/users\/1"}],"replies":[{"embeddable":true,"href":"https:\/\/kibrisdakik.com\/index.php?rest_route=%2Fwp%2Fv2%2Fcomments&post=70741"}],"version-history":[{"count":0,"href":"https:\/\/kibrisdakik.com\/index.php?rest_route=\/wp\/v2\/posts\/70741\/revisions"}],"wp:featuredmedia":[{"embeddable":true,"href":"https:\/\/kibrisdakik.com\/index.php?rest_route=\/wp\/v2\/media\/70742"}],"wp:attachment":[{"href":"https:\/\/kibrisdakik.com\/index.php?rest_route=%2Fwp%2Fv2%2Fmedia&parent=70741"}],"wp:term":[{"taxonomy":"category","embeddable":true,"href":"https:\/\/kibrisdakik.com\/index.php?rest_route=%2Fwp%2Fv2%2Fcategories&post=70741"},{"taxonomy":"post_tag","embeddable":true,"href":"https:\/\/kibrisdakik.com\/index.php?rest_route=%2Fwp%2Fv2%2Ftags&post=70741"}],"curies":[{"name":"wp","href":"https:\/\/api.w.org\/{rel}","templated":true}]}}