{"id":70753,"date":"2024-12-04T12:14:16","date_gmt":"2024-12-04T09:14:16","guid":{"rendered":"https:\/\/kibrisdakik.com\/index.php\/2024\/12\/04\/meclis-genel-kurulu-pazartesi-2025-butcesini-gorusmeye-basliyor\/"},"modified":"2024-12-04T12:14:16","modified_gmt":"2024-12-04T09:14:16","slug":"meclis-genel-kurulu-pazartesi-2025-butcesini-gorusmeye-basliyor","status":"publish","type":"post","link":"https:\/\/kibrisdakik.com\/?p=70753","title":{"rendered":"Meclis Genel Kurulu pazartesi 2025 b\u00fct\u00e7esini g\u00f6r\u00fc\u015fmeye ba\u015fl\u0131yor"},"content":{"rendered":"<div>\n<div class=\"mariselle-image-container center\">\n                                            <\/div>\n<p>Cumhuriyet Meclisi Genel Kurulu pazartesi 2025 Mali Y\u0131l\u0131 B\u00fct\u00e7esi\u2019ni g\u00f6r\u00fc\u015fmeye ba\u015fl\u0131yor. 136 milyar 941 milyon TL olarak \u00f6ng\u00f6r\u00fclen Merkezi Devlet Y\u00f6netimi B\u00fct\u00e7e Yasa Tasar\u0131\u2019n\u0131 ele alacak genel kurul saat 10.00\u2019da toplanacak.<\/p>\n<p>Ekonomi Maliye B\u00fct\u00e7e ve Plan Komitesi\u2019nin 2025 Mali Y\u0131l\u0131 Merkezi Devlet Y\u00f6netimi B\u00fct\u00e7e Yasa Tasar\u0131s\u0131\u2019na ili\u015fkin komite raporunun sunulmas\u0131n\u0131n ard\u0131ndan rapor ve tasar\u0131n\u0131n b\u00fct\u00fcn\u00fc \u00fczerindeki g\u00f6r\u00fc\u015fmelere Maliye Bakan\u0131 \u00d6zdemir Berova\u2019n\u0131n sunu\u015f konu\u015fmas\u0131yla ba\u015flanacak.<\/p>\n<p>Tasar\u0131n\u0131n madde madde g\u00f6r\u00fc\u015f\u00fclmesine ge\u00e7ildikten sonra Cumhurba\u015fkanl\u0131\u011f\u0131 ve Cumhuriyet Meclisi b\u00fct\u00e7eleri ele al\u0131nacak. Cumhurba\u015fkanl\u0131\u011f\u0131 i\u00e7in 619 milyon 500 bin TL, Cumhuriyet Meclisi i\u00e7in ise 574 milyon 345 bin TL\u2019lik b\u00fct\u00e7e \u00f6ng\u00f6r\u00fcl\u00fcyor.<\/p>\n<\/p><\/div>\n<p><script async\n                    defer\n                    crossorigin=\"anonymous\"\n                    src=\"https:\/\/connect.facebook.net\/tr_TR\/sdk.js#xfbml=1&#038;version=v3.3\"\n            ><\/script><\/p>\n","protected":false},"excerpt":{"rendered":"<p>Cumhuriyet Meclisi Genel Kurulu pazartesi 2025 Mali Y\u0131l\u0131 B\u00fct\u00e7esi\u2019ni g\u00f6r\u00fc\u015fmeye ba\u015fl\u0131yor. 136 milyar 941 milyon TL olarak \u00f6ng\u00f6r\u00fclen Merkezi Devlet Y\u00f6netimi B\u00fct\u00e7e Yasa Tasar\u0131\u2019n\u0131 ele alacak genel kurul saat 10.00\u2019da toplanacak. Ekonomi Maliye B\u00fct\u00e7e ve Plan Komitesi\u2019nin 2025 Mali Y\u0131l\u0131 Merkezi Devlet Y\u00f6netimi B\u00fct\u00e7e Yasa Tasar\u0131s\u0131\u2019na ili\u015fkin komite raporunun sunulmas\u0131n\u0131n ard\u0131ndan rapor ve tasar\u0131n\u0131n b\u00fct\u00fcn\u00fc<\/p>\n","protected":false},"author":1,"featured_media":70754,"comment_status":"open","ping_status":"open","sticky":false,"template":"","format":"standard","meta":{"footnotes":""},"categories":[81],"tags":[],"class_list":["post-70753","post","type-post","status-publish","format-standard","has-post-thumbnail","hentry","category-kibris"],"yoast_head":"<!-- This site is optimized with the Yoast SEO plugin v27.5 - https:\/\/yoast.com\/product\/yoast-seo-wordpress\/ -->\n<title>Meclis Genel Kurulu pazartesi 2025 b\u00fct\u00e7esini g\u00f6r\u00fc\u015fmeye ba\u015fl\u0131yor -<\/title>\n<meta name=\"robots\" content=\"index, follow, max-snippet:-1, max-image-preview:large, max-video-preview:-1\" \/>\n<link rel=\"canonical\" href=\"https:\/\/kibrisdakik.com\/?p=70753\" \/>\n<meta property=\"og:locale\" content=\"tr_TR\" \/>\n<meta property=\"og:type\" content=\"article\" \/>\n<meta property=\"og:title\" content=\"Meclis Genel Kurulu pazartesi 2025 b\u00fct\u00e7esini g\u00f6r\u00fc\u015fmeye ba\u015fl\u0131yor -\" \/>\n<meta property=\"og:description\" content=\"Cumhuriyet Meclisi Genel Kurulu pazartesi 2025 Mali Y\u0131l\u0131 B\u00fct\u00e7esi\u2019ni g\u00f6r\u00fc\u015fmeye ba\u015fl\u0131yor. 136 milyar 941 milyon TL olarak \u00f6ng\u00f6r\u00fclen Merkezi Devlet Y\u00f6netimi B\u00fct\u00e7e Yasa Tasar\u0131\u2019n\u0131 ele alacak genel kurul saat 10.00\u2019da toplanacak. Ekonomi Maliye B\u00fct\u00e7e ve Plan Komitesi\u2019nin 2025 Mali Y\u0131l\u0131 Merkezi Devlet Y\u00f6netimi B\u00fct\u00e7e Yasa Tasar\u0131s\u0131\u2019na ili\u015fkin komite raporunun sunulmas\u0131n\u0131n ard\u0131ndan rapor ve tasar\u0131n\u0131n b\u00fct\u00fcn\u00fc\" \/>\n<meta property=\"og:url\" content=\"https:\/\/kibrisdakik.com\/?p=70753\" \/>\n<meta property=\"article:published_time\" content=\"2024-12-04T09:14:16+00:00\" \/>\n<meta property=\"og:image\" content=\"https:\/\/kibrisdakik.com\/wp-content\/uploads\/2024\/12\/meclis-bina31-1.jpg\" \/>\n\t<meta property=\"og:image:width\" content=\"302\" \/>\n\t<meta property=\"og:image:height\" content=\"167\" \/>\n\t<meta property=\"og:image:type\" content=\"image\/jpeg\" \/>\n<meta name=\"author\" content=\"admin\" \/>\n<meta name=\"twitter:card\" content=\"summary_large_image\" \/>\n<meta name=\"twitter:label1\" content=\"Yazan:\" \/>\n\t<meta name=\"twitter:data1\" content=\"admin\" \/>\n\t<meta name=\"twitter:label2\" content=\"Tahmini okuma s\u00fcresi\" \/>\n\t<meta name=\"twitter:data2\" content=\"1 dakika\" \/>\n<script type=\"application\/ld+json\" class=\"yoast-schema-graph\">{\"@context\":\"https:\\\/\\\/schema.org\",\"@graph\":[{\"@type\":\"Article\",\"@id\":\"https:\\\/\\\/kibrisdakik.com\\\/?p=70753#article\",\"isPartOf\":{\"@id\":\"https:\\\/\\\/kibrisdakik.com\\\/?p=70753\"},\"author\":{\"name\":\"admin\",\"@id\":\"https:\\\/\\\/kibrisdakik.com\\\/#\\\/schema\\\/person\\\/9cd9d437bbb44f72b73ba127e06d8e79\"},\"headline\":\"Meclis Genel Kurulu pazartesi 2025 b\u00fct\u00e7esini g\u00f6r\u00fc\u015fmeye ba\u015fl\u0131yor\",\"datePublished\":\"2024-12-04T09:14:16+00:00\",\"mainEntityOfPage\":{\"@id\":\"https:\\\/\\\/kibrisdakik.com\\\/?p=70753\"},\"wordCount\":156,\"commentCount\":0,\"image\":{\"@id\":\"https:\\\/\\\/kibrisdakik.com\\\/?p=70753#primaryimage\"},\"thumbnailUrl\":\"https:\\\/\\\/kibrisdakik.com\\\/wp-content\\\/uploads\\\/2024\\\/12\\\/meclis-bina31-1.jpg\",\"articleSection\":[\"K\u0131br\u0131s\"],\"inLanguage\":\"tr\",\"potentialAction\":[{\"@type\":\"CommentAction\",\"name\":\"Comment\",\"target\":[\"https:\\\/\\\/kibrisdakik.com\\\/?p=70753#respond\"]}]},{\"@type\":\"WebPage\",\"@id\":\"https:\\\/\\\/kibrisdakik.com\\\/?p=70753\",\"url\":\"https:\\\/\\\/kibrisdakik.com\\\/?p=70753\",\"name\":\"Meclis Genel Kurulu pazartesi 2025 b\u00fct\u00e7esini g\u00f6r\u00fc\u015fmeye ba\u015fl\u0131yor -\",\"isPartOf\":{\"@id\":\"https:\\\/\\\/kibrisdakik.com\\\/#website\"},\"primaryImageOfPage\":{\"@id\":\"https:\\\/\\\/kibrisdakik.com\\\/?p=70753#primaryimage\"},\"image\":{\"@id\":\"https:\\\/\\\/kibrisdakik.com\\\/?p=70753#primaryimage\"},\"thumbnailUrl\":\"https:\\\/\\\/kibrisdakik.com\\\/wp-content\\\/uploads\\\/2024\\\/12\\\/meclis-bina31-1.jpg\",\"datePublished\":\"2024-12-04T09:14:16+00:00\",\"author\":{\"@id\":\"https:\\\/\\\/kibrisdakik.com\\\/#\\\/schema\\\/person\\\/9cd9d437bbb44f72b73ba127e06d8e79\"},\"breadcrumb\":{\"@id\":\"https:\\\/\\\/kibrisdakik.com\\\/?p=70753#breadcrumb\"},\"inLanguage\":\"tr\",\"potentialAction\":[{\"@type\":\"ReadAction\",\"target\":[\"https:\\\/\\\/kibrisdakik.com\\\/?p=70753\"]}]},{\"@type\":\"ImageObject\",\"inLanguage\":\"tr\",\"@id\":\"https:\\\/\\\/kibrisdakik.com\\\/?p=70753#primaryimage\",\"url\":\"https:\\\/\\\/kibrisdakik.com\\\/wp-content\\\/uploads\\\/2024\\\/12\\\/meclis-bina31-1.jpg\",\"contentUrl\":\"https:\\\/\\\/kibrisdakik.com\\\/wp-content\\\/uploads\\\/2024\\\/12\\\/meclis-bina31-1.jpg\",\"width\":302,\"height\":167},{\"@type\":\"BreadcrumbList\",\"@id\":\"https:\\\/\\\/kibrisdakik.com\\\/?p=70753#breadcrumb\",\"itemListElement\":[{\"@type\":\"ListItem\",\"position\":1,\"name\":\"Home\",\"item\":\"https:\\\/\\\/kibrisdakik.com\\\/\"},{\"@type\":\"ListItem\",\"position\":2,\"name\":\"Meclis Genel Kurulu pazartesi 2025 b\u00fct\u00e7esini g\u00f6r\u00fc\u015fmeye ba\u015fl\u0131yor\"}]},{\"@type\":\"WebSite\",\"@id\":\"https:\\\/\\\/kibrisdakik.com\\\/#website\",\"url\":\"https:\\\/\\\/kibrisdakik.com\\\/\",\"name\":\"\",\"description\":\"Tam vaktinde haber\",\"potentialAction\":[{\"@type\":\"SearchAction\",\"target\":{\"@type\":\"EntryPoint\",\"urlTemplate\":\"https:\\\/\\\/kibrisdakik.com\\\/?s={search_term_string}\"},\"query-input\":{\"@type\":\"PropertyValueSpecification\",\"valueRequired\":true,\"valueName\":\"search_term_string\"}}],\"inLanguage\":\"tr\"},{\"@type\":\"Person\",\"@id\":\"https:\\\/\\\/kibrisdakik.com\\\/#\\\/schema\\\/person\\\/9cd9d437bbb44f72b73ba127e06d8e79\",\"name\":\"admin\",\"image\":{\"@type\":\"ImageObject\",\"inLanguage\":\"tr\",\"@id\":\"https:\\\/\\\/secure.gravatar.com\\\/avatar\\\/ccc17943b9d660506c869530f897617f7cb1c21a4bf30023f252596d83e1f007?s=96&d=mm&r=g\",\"url\":\"https:\\\/\\\/secure.gravatar.com\\\/avatar\\\/ccc17943b9d660506c869530f897617f7cb1c21a4bf30023f252596d83e1f007?s=96&d=mm&r=g\",\"contentUrl\":\"https:\\\/\\\/secure.gravatar.com\\\/avatar\\\/ccc17943b9d660506c869530f897617f7cb1c21a4bf30023f252596d83e1f007?s=96&d=mm&r=g\",\"caption\":\"admin\"},\"sameAs\":[\"https:\\\/\\\/kibrisdakik.com\"],\"url\":\"https:\\\/\\\/kibrisdakik.com\\\/?author=1\"}]}<\/script>\n<!-- \/ Yoast SEO plugin. -->","yoast_head_json":{"title":"Meclis Genel Kurulu pazartesi 2025 b\u00fct\u00e7esini g\u00f6r\u00fc\u015fmeye ba\u015fl\u0131yor -","robots":{"index":"index","follow":"follow","max-snippet":"max-snippet:-1","max-image-preview":"max-image-preview:large","max-video-preview":"max-video-preview:-1"},"canonical":"https:\/\/kibrisdakik.com\/?p=70753","og_locale":"tr_TR","og_type":"article","og_title":"Meclis Genel Kurulu pazartesi 2025 b\u00fct\u00e7esini g\u00f6r\u00fc\u015fmeye ba\u015fl\u0131yor -","og_description":"Cumhuriyet Meclisi Genel Kurulu pazartesi 2025 Mali Y\u0131l\u0131 B\u00fct\u00e7esi\u2019ni g\u00f6r\u00fc\u015fmeye ba\u015fl\u0131yor. 136 milyar 941 milyon TL olarak \u00f6ng\u00f6r\u00fclen Merkezi Devlet Y\u00f6netimi B\u00fct\u00e7e Yasa Tasar\u0131\u2019n\u0131 ele alacak genel kurul saat 10.00\u2019da toplanacak. Ekonomi Maliye B\u00fct\u00e7e ve Plan Komitesi\u2019nin 2025 Mali Y\u0131l\u0131 Merkezi Devlet Y\u00f6netimi B\u00fct\u00e7e Yasa Tasar\u0131s\u0131\u2019na ili\u015fkin komite raporunun sunulmas\u0131n\u0131n ard\u0131ndan rapor ve tasar\u0131n\u0131n b\u00fct\u00fcn\u00fc","og_url":"https:\/\/kibrisdakik.com\/?p=70753","article_published_time":"2024-12-04T09:14:16+00:00","og_image":[{"width":302,"height":167,"url":"https:\/\/kibrisdakik.com\/wp-content\/uploads\/2024\/12\/meclis-bina31-1.jpg","type":"image\/jpeg"}],"author":"admin","twitter_card":"summary_large_image","twitter_misc":{"Yazan:":"admin","Tahmini okuma s\u00fcresi":"1 dakika"},"schema":{"@context":"https:\/\/schema.org","@graph":[{"@type":"Article","@id":"https:\/\/kibrisdakik.com\/?p=70753#article","isPartOf":{"@id":"https:\/\/kibrisdakik.com\/?p=70753"},"author":{"name":"admin","@id":"https:\/\/kibrisdakik.com\/#\/schema\/person\/9cd9d437bbb44f72b73ba127e06d8e79"},"headline":"Meclis Genel Kurulu pazartesi 2025 b\u00fct\u00e7esini g\u00f6r\u00fc\u015fmeye ba\u015fl\u0131yor","datePublished":"2024-12-04T09:14:16+00:00","mainEntityOfPage":{"@id":"https:\/\/kibrisdakik.com\/?p=70753"},"wordCount":156,"commentCount":0,"image":{"@id":"https:\/\/kibrisdakik.com\/?p=70753#primaryimage"},"thumbnailUrl":"https:\/\/kibrisdakik.com\/wp-content\/uploads\/2024\/12\/meclis-bina31-1.jpg","articleSection":["K\u0131br\u0131s"],"inLanguage":"tr","potentialAction":[{"@type":"CommentAction","name":"Comment","target":["https:\/\/kibrisdakik.com\/?p=70753#respond"]}]},{"@type":"WebPage","@id":"https:\/\/kibrisdakik.com\/?p=70753","url":"https:\/\/kibrisdakik.com\/?p=70753","name":"Meclis Genel Kurulu pazartesi 2025 b\u00fct\u00e7esini g\u00f6r\u00fc\u015fmeye ba\u015fl\u0131yor -","isPartOf":{"@id":"https:\/\/kibrisdakik.com\/#website"},"primaryImageOfPage":{"@id":"https:\/\/kibrisdakik.com\/?p=70753#primaryimage"},"image":{"@id":"https:\/\/kibrisdakik.com\/?p=70753#primaryimage"},"thumbnailUrl":"https:\/\/kibrisdakik.com\/wp-content\/uploads\/2024\/12\/meclis-bina31-1.jpg","datePublished":"2024-12-04T09:14:16+00:00","author":{"@id":"https:\/\/kibrisdakik.com\/#\/schema\/person\/9cd9d437bbb44f72b73ba127e06d8e79"},"breadcrumb":{"@id":"https:\/\/kibrisdakik.com\/?p=70753#breadcrumb"},"inLanguage":"tr","potentialAction":[{"@type":"ReadAction","target":["https:\/\/kibrisdakik.com\/?p=70753"]}]},{"@type":"ImageObject","inLanguage":"tr","@id":"https:\/\/kibrisdakik.com\/?p=70753#primaryimage","url":"https:\/\/kibrisdakik.com\/wp-content\/uploads\/2024\/12\/meclis-bina31-1.jpg","contentUrl":"https:\/\/kibrisdakik.com\/wp-content\/uploads\/2024\/12\/meclis-bina31-1.jpg","width":302,"height":167},{"@type":"BreadcrumbList","@id":"https:\/\/kibrisdakik.com\/?p=70753#breadcrumb","itemListElement":[{"@type":"ListItem","position":1,"name":"Home","item":"https:\/\/kibrisdakik.com\/"},{"@type":"ListItem","position":2,"name":"Meclis Genel Kurulu pazartesi 2025 b\u00fct\u00e7esini g\u00f6r\u00fc\u015fmeye ba\u015fl\u0131yor"}]},{"@type":"WebSite","@id":"https:\/\/kibrisdakik.com\/#website","url":"https:\/\/kibrisdakik.com\/","name":"","description":"Tam vaktinde haber","potentialAction":[{"@type":"SearchAction","target":{"@type":"EntryPoint","urlTemplate":"https:\/\/kibrisdakik.com\/?s={search_term_string}"},"query-input":{"@type":"PropertyValueSpecification","valueRequired":true,"valueName":"search_term_string"}}],"inLanguage":"tr"},{"@type":"Person","@id":"https:\/\/kibrisdakik.com\/#\/schema\/person\/9cd9d437bbb44f72b73ba127e06d8e79","name":"admin","image":{"@type":"ImageObject","inLanguage":"tr","@id":"https:\/\/secure.gravatar.com\/avatar\/ccc17943b9d660506c869530f897617f7cb1c21a4bf30023f252596d83e1f007?s=96&d=mm&r=g","url":"https:\/\/secure.gravatar.com\/avatar\/ccc17943b9d660506c869530f897617f7cb1c21a4bf30023f252596d83e1f007?s=96&d=mm&r=g","contentUrl":"https:\/\/secure.gravatar.com\/avatar\/ccc17943b9d660506c869530f897617f7cb1c21a4bf30023f252596d83e1f007?s=96&d=mm&r=g","caption":"admin"},"sameAs":["https:\/\/kibrisdakik.com"],"url":"https:\/\/kibrisdakik.com\/?author=1"}]}},"_links":{"self":[{"href":"https:\/\/kibrisdakik.com\/index.php?rest_route=\/wp\/v2\/posts\/70753","targetHints":{"allow":["GET"]}}],"collection":[{"href":"https:\/\/kibrisdakik.com\/index.php?rest_route=\/wp\/v2\/posts"}],"about":[{"href":"https:\/\/kibrisdakik.com\/index.php?rest_route=\/wp\/v2\/types\/post"}],"author":[{"embeddable":true,"href":"https:\/\/kibrisdakik.com\/index.php?rest_route=\/wp\/v2\/users\/1"}],"replies":[{"embeddable":true,"href":"https:\/\/kibrisdakik.com\/index.php?rest_route=%2Fwp%2Fv2%2Fcomments&post=70753"}],"version-history":[{"count":0,"href":"https:\/\/kibrisdakik.com\/index.php?rest_route=\/wp\/v2\/posts\/70753\/revisions"}],"wp:featuredmedia":[{"embeddable":true,"href":"https:\/\/kibrisdakik.com\/index.php?rest_route=\/wp\/v2\/media\/70754"}],"wp:attachment":[{"href":"https:\/\/kibrisdakik.com\/index.php?rest_route=%2Fwp%2Fv2%2Fmedia&parent=70753"}],"wp:term":[{"taxonomy":"category","embeddable":true,"href":"https:\/\/kibrisdakik.com\/index.php?rest_route=%2Fwp%2Fv2%2Fcategories&post=70753"},{"taxonomy":"post_tag","embeddable":true,"href":"https:\/\/kibrisdakik.com\/index.php?rest_route=%2Fwp%2Fv2%2Ftags&post=70753"}],"curies":[{"name":"wp","href":"https:\/\/api.w.org\/{rel}","templated":true}]}}