{"id":70758,"date":"2024-12-04T14:12:05","date_gmt":"2024-12-04T11:12:05","guid":{"rendered":"https:\/\/kibrisdakik.com\/index.php\/2024\/12\/04\/buyuk-hamam-kapilarini-yeniden-halka-acti\/"},"modified":"2024-12-04T14:12:05","modified_gmt":"2024-12-04T11:12:05","slug":"buyuk-hamam-kapilarini-yeniden-halka-acti","status":"publish","type":"post","link":"https:\/\/kibrisdakik.com\/?p=70758","title":{"rendered":"B\u00fcy\u00fck Hamam kap\u0131lar\u0131n\u0131 yeniden halka a\u00e7t\u0131"},"content":{"rendered":"<p> <br \/>\n<\/p>\n<div>\n<div class=\"mariselle-image-container center\">\n                <img loading=\"lazy\" decoding=\"async\" width=\"1378\" height=\"775\" class=\"lazy-image\" alt=\"\" sizes=\"auto, (max-width: 1378px) 100vw, 1378px\" src=\"https:\/\/brtk.net\/wp-content\/uploads\/2024\/12\/04\/buyuk-hamam-ero-1-.jpeg?ver=f8e866c7450a5163506bd9a6f9767de6\" srcset=\"https:\/\/brtk.net\/wp-content\/uploads\/2024\/12\/04\/buyuk-hamam-ero-1-.jpeg?ver=f8e866c7450a5163506bd9a6f9767de6 1378w, https:\/\/brtk.net\/wp-content\/uploads\/2024\/12\/04\/buyuk-hamam-ero-1--300x169.jpeg?ver=ae55a970e6da7994853158a192253383 300w, https:\/\/brtk.net\/wp-content\/uploads\/2024\/12\/04\/buyuk-hamam-ero-1--1024x576.jpeg?ver=ae55a970e6da7994853158a192253383 1024w, https:\/\/brtk.net\/wp-content\/uploads\/2024\/12\/04\/buyuk-hamam-ero-1--768x432.jpeg?ver=ae55a970e6da7994853158a192253383 768w\"\/>                            <\/div>\n<p>\nK\u0131br\u0131s\u2019\u0131n tarihi ve k\u00fclt\u00fcrel miras\u0131n\u0131n \u00f6nemli bir par\u00e7as\u0131 olan ba\u015fkent Lefko\u015fa\u2019daki B\u00fcy\u00fck Hamam, K\u0131br\u0131s Vak\u0131flar \u0130daresi\u2019nin (EVKAF) katk\u0131lar\u0131yla bug\u00fcn yeniden a\u00e7\u0131ld\u0131.<\/p>\n<p>Osmanl\u0131 D\u00f6nemi\u2019nden bug\u00fcne gelen nadir yap\u0131lardan olan B\u00fcy\u00fck Hamam, Evkaf\u2019\u0131n ihalesi sonucunda kapsaml\u0131 bir restorasyondan ge\u00e7ti ve tarihi dokusu ile i\u015flevi korunarak bug\u00fcne ula\u015ft\u0131r\u0131ld\u0131.<\/p>\n<div class=\"mariselle-image-container center\">\n                <img loading=\"lazy\" decoding=\"async\" width=\"1504\" height=\"1004\" class=\"lazy-image\" alt=\"\" sizes=\"auto, (max-width: 1504px) 100vw, 1504px\" src=\"https:\/\/brtk.net\/wp-content\/uploads\/2024\/12\/04\/buyuk-hamam-ero-4-.jpeg?ver=6e4870e9d4fb0bec3018c5ae50a7c6d3\" srcset=\"https:\/\/brtk.net\/wp-content\/uploads\/2024\/12\/04\/buyuk-hamam-ero-4-.jpeg?ver=6e4870e9d4fb0bec3018c5ae50a7c6d3 1504w, https:\/\/brtk.net\/wp-content\/uploads\/2024\/12\/04\/buyuk-hamam-ero-4--300x200.jpeg?ver=6e4870e9d4fb0bec3018c5ae50a7c6d3 300w, https:\/\/brtk.net\/wp-content\/uploads\/2024\/12\/04\/buyuk-hamam-ero-4--1024x684.jpeg?ver=6e4870e9d4fb0bec3018c5ae50a7c6d3 1024w, https:\/\/brtk.net\/wp-content\/uploads\/2024\/12\/04\/buyuk-hamam-ero-4--768x513.jpeg?ver=25e0f7d7f596d05c189b7438be6ba3d5 768w\"\/>                            <\/div>\n<p>A\u00e7\u0131l\u0131\u015f nedeniyle d\u00fczenlenen t\u00f6ren konu\u015fmalar ve kurdele kesme t\u00f6reninin ard\u0131ndan B\u00fcy\u00fck Hamam\u2019\u0131n konuklar taraf\u0131ndan gezilmesiyle tamamland\u0131.<\/p>\n<p>K\u0131br\u0131s Vak\u0131flar \u0130daresi Genel M\u00fcd\u00fcr\u00fc Prof. Dr. Mustafa T\u00fcmer, B\u00fcy\u00fck Hamam\u2019\u0131n a\u00e7\u0131l\u0131\u015f\u0131nda yapt\u0131\u011f\u0131 konu\u015fmada, tarihi bir g\u00fcnde olduklar\u0131n\u0131 belirterek, B\u00fcy\u00fck Hamam\u2019\u0131n 1590\u2019lara dayanan ge\u00e7mi\u015fiyle \u00f6nemli bir yap\u0131 oldu\u011funu belirtti.<\/p>\n<p>Yat\u0131r\u0131m\u0131 de\u011ferlendiren yat\u0131r\u0131mc\u0131ya te\u015fekk\u00fcr eden T\u00fcmer, hay\u0131rl\u0131 olmas\u0131 temennisinde bulundu.<\/p>\n<p>B\u00fcy\u00fck Hamam\u2019\u0131n yeni i\u015fletme sahibi Resul G\u00fcl de, K\u0131br\u0131s\u2019\u0131n tarihine tan\u0131kl\u0131k eden B\u00fcy\u00fck Hamam\u2019\u0131n as\u0131rlard\u0131r bu topraklar\u0131n k\u00fclt\u00fcrel bir miras\u0131 ve bulu\u015fma notas\u0131 oldu\u011funu belirtti.<\/p>\n<p>K\u0131br\u0131s turizmine destek sa\u011flamak i\u00e7in bu yat\u0131r\u0131m\u0131 yapt\u0131klar\u0131n\u0131 ifade eden G\u00fcl, yat\u0131r\u0131mla ilgili bilgiler aktard\u0131.<\/p>\n<\/p><\/div>\n<p><script async\n                    defer\n                    crossorigin=\"anonymous\"\n                    src=\"https:\/\/connect.facebook.net\/tr_TR\/sdk.js#xfbml=1&#038;version=v3.3\"\n            ><\/script><br \/>\n<br \/><br \/>\n<br \/><a href=\"https:\/\/brtk.net\/buyuk-hamam-kapilarini-yeniden-halka-acti\/\">kpostasi <\/a><\/p>\n","protected":false},"excerpt":{"rendered":"<p>K\u0131br\u0131s\u2019\u0131n tarihi ve k\u00fclt\u00fcrel miras\u0131n\u0131n \u00f6nemli bir par\u00e7as\u0131 olan ba\u015fkent Lefko\u015fa\u2019daki B\u00fcy\u00fck Hamam, K\u0131br\u0131s Vak\u0131flar \u0130daresi\u2019nin (EVKAF) katk\u0131lar\u0131yla bug\u00fcn yeniden a\u00e7\u0131ld\u0131. Osmanl\u0131 D\u00f6nemi\u2019nden bug\u00fcne gelen nadir yap\u0131lardan olan B\u00fcy\u00fck Hamam, Evkaf\u2019\u0131n ihalesi sonucunda kapsaml\u0131 bir restorasyondan ge\u00e7ti ve tarihi dokusu ile i\u015flevi korunarak bug\u00fcne ula\u015ft\u0131r\u0131ld\u0131. A\u00e7\u0131l\u0131\u015f nedeniyle d\u00fczenlenen t\u00f6ren konu\u015fmalar ve kurdele kesme t\u00f6reninin ard\u0131ndan<\/p>\n","protected":false},"author":1,"featured_media":70759,"comment_status":"open","ping_status":"open","sticky":false,"template":"","format":"standard","meta":{"footnotes":""},"categories":[1,81],"tags":[],"class_list":["post-70758","post","type-post","status-publish","format-standard","has-post-thumbnail","hentry","category-gundem","category-kibris"],"yoast_head":"<!-- This site is optimized with the Yoast SEO plugin v27.4 - https:\/\/yoast.com\/product\/yoast-seo-wordpress\/ -->\n<title>B\u00fcy\u00fck Hamam kap\u0131lar\u0131n\u0131 yeniden halka a\u00e7t\u0131 -<\/title>\n<meta name=\"robots\" content=\"index, follow, max-snippet:-1, max-image-preview:large, max-video-preview:-1\" \/>\n<link rel=\"canonical\" href=\"https:\/\/kibrisdakik.com\/?p=70758\" \/>\n<meta property=\"og:locale\" content=\"tr_TR\" \/>\n<meta property=\"og:type\" content=\"article\" \/>\n<meta property=\"og:title\" content=\"B\u00fcy\u00fck Hamam kap\u0131lar\u0131n\u0131 yeniden halka a\u00e7t\u0131 -\" \/>\n<meta property=\"og:description\" content=\"K\u0131br\u0131s\u2019\u0131n tarihi ve k\u00fclt\u00fcrel miras\u0131n\u0131n \u00f6nemli bir par\u00e7as\u0131 olan ba\u015fkent Lefko\u015fa\u2019daki B\u00fcy\u00fck Hamam, K\u0131br\u0131s Vak\u0131flar \u0130daresi\u2019nin (EVKAF) katk\u0131lar\u0131yla bug\u00fcn yeniden a\u00e7\u0131ld\u0131. Osmanl\u0131 D\u00f6nemi\u2019nden bug\u00fcne gelen nadir yap\u0131lardan olan B\u00fcy\u00fck Hamam, Evkaf\u2019\u0131n ihalesi sonucunda kapsaml\u0131 bir restorasyondan ge\u00e7ti ve tarihi dokusu ile i\u015flevi korunarak bug\u00fcne ula\u015ft\u0131r\u0131ld\u0131. A\u00e7\u0131l\u0131\u015f nedeniyle d\u00fczenlenen t\u00f6ren konu\u015fmalar ve kurdele kesme t\u00f6reninin ard\u0131ndan\" \/>\n<meta property=\"og:url\" content=\"https:\/\/kibrisdakik.com\/?p=70758\" \/>\n<meta property=\"article:published_time\" content=\"2024-12-04T11:12:05+00:00\" \/>\n<meta property=\"og:image\" content=\"https:\/\/kibrisdakik.com\/wp-content\/uploads\/2024\/12\/buyuk-hamam-ero-1--740x420.jpeg\" \/>\n\t<meta property=\"og:image:width\" content=\"1378\" \/>\n\t<meta property=\"og:image:height\" content=\"775\" \/>\n\t<meta property=\"og:image:type\" content=\"image\/jpeg\" \/>\n<meta name=\"author\" content=\"admin\" \/>\n<meta name=\"twitter:card\" content=\"summary_large_image\" \/>\n<meta name=\"twitter:label1\" content=\"Yazan:\" \/>\n\t<meta name=\"twitter:data1\" content=\"admin\" \/>\n\t<meta name=\"twitter:label2\" content=\"Tahmini okuma s\u00fcresi\" \/>\n\t<meta name=\"twitter:data2\" content=\"1 dakika\" \/>\n<script type=\"application\/ld+json\" class=\"yoast-schema-graph\">{\"@context\":\"https:\\\/\\\/schema.org\",\"@graph\":[{\"@type\":\"Article\",\"@id\":\"https:\\\/\\\/kibrisdakik.com\\\/?p=70758#article\",\"isPartOf\":{\"@id\":\"https:\\\/\\\/kibrisdakik.com\\\/?p=70758\"},\"author\":{\"name\":\"admin\",\"@id\":\"https:\\\/\\\/kibrisdakik.com\\\/#\\\/schema\\\/person\\\/9cd9d437bbb44f72b73ba127e06d8e79\"},\"headline\":\"B\u00fcy\u00fck Hamam kap\u0131lar\u0131n\u0131 yeniden halka a\u00e7t\u0131\",\"datePublished\":\"2024-12-04T11:12:05+00:00\",\"mainEntityOfPage\":{\"@id\":\"https:\\\/\\\/kibrisdakik.com\\\/?p=70758\"},\"wordCount\":259,\"commentCount\":0,\"image\":{\"@id\":\"https:\\\/\\\/kibrisdakik.com\\\/?p=70758#primaryimage\"},\"thumbnailUrl\":\"https:\\\/\\\/kibrisdakik.com\\\/wp-content\\\/uploads\\\/2024\\\/12\\\/buyuk-hamam-ero-1--740x420.jpeg\",\"articleSection\":[\"G\u00fcndem\",\"K\u0131br\u0131s\"],\"inLanguage\":\"tr\",\"potentialAction\":[{\"@type\":\"CommentAction\",\"name\":\"Comment\",\"target\":[\"https:\\\/\\\/kibrisdakik.com\\\/?p=70758#respond\"]}]},{\"@type\":\"WebPage\",\"@id\":\"https:\\\/\\\/kibrisdakik.com\\\/?p=70758\",\"url\":\"https:\\\/\\\/kibrisdakik.com\\\/?p=70758\",\"name\":\"B\u00fcy\u00fck Hamam kap\u0131lar\u0131n\u0131 yeniden halka a\u00e7t\u0131 -\",\"isPartOf\":{\"@id\":\"https:\\\/\\\/kibrisdakik.com\\\/#website\"},\"primaryImageOfPage\":{\"@id\":\"https:\\\/\\\/kibrisdakik.com\\\/?p=70758#primaryimage\"},\"image\":{\"@id\":\"https:\\\/\\\/kibrisdakik.com\\\/?p=70758#primaryimage\"},\"thumbnailUrl\":\"https:\\\/\\\/kibrisdakik.com\\\/wp-content\\\/uploads\\\/2024\\\/12\\\/buyuk-hamam-ero-1--740x420.jpeg\",\"datePublished\":\"2024-12-04T11:12:05+00:00\",\"author\":{\"@id\":\"https:\\\/\\\/kibrisdakik.com\\\/#\\\/schema\\\/person\\\/9cd9d437bbb44f72b73ba127e06d8e79\"},\"breadcrumb\":{\"@id\":\"https:\\\/\\\/kibrisdakik.com\\\/?p=70758#breadcrumb\"},\"inLanguage\":\"tr\",\"potentialAction\":[{\"@type\":\"ReadAction\",\"target\":[\"https:\\\/\\\/kibrisdakik.com\\\/?p=70758\"]}]},{\"@type\":\"ImageObject\",\"inLanguage\":\"tr\",\"@id\":\"https:\\\/\\\/kibrisdakik.com\\\/?p=70758#primaryimage\",\"url\":\"https:\\\/\\\/kibrisdakik.com\\\/wp-content\\\/uploads\\\/2024\\\/12\\\/buyuk-hamam-ero-1--740x420.jpeg\",\"contentUrl\":\"https:\\\/\\\/kibrisdakik.com\\\/wp-content\\\/uploads\\\/2024\\\/12\\\/buyuk-hamam-ero-1--740x420.jpeg\",\"width\":1378,\"height\":775},{\"@type\":\"BreadcrumbList\",\"@id\":\"https:\\\/\\\/kibrisdakik.com\\\/?p=70758#breadcrumb\",\"itemListElement\":[{\"@type\":\"ListItem\",\"position\":1,\"name\":\"Home\",\"item\":\"https:\\\/\\\/kibrisdakik.com\\\/\"},{\"@type\":\"ListItem\",\"position\":2,\"name\":\"B\u00fcy\u00fck Hamam kap\u0131lar\u0131n\u0131 yeniden halka a\u00e7t\u0131\"}]},{\"@type\":\"WebSite\",\"@id\":\"https:\\\/\\\/kibrisdakik.com\\\/#website\",\"url\":\"https:\\\/\\\/kibrisdakik.com\\\/\",\"name\":\"\",\"description\":\"Tam vaktinde haber\",\"potentialAction\":[{\"@type\":\"SearchAction\",\"target\":{\"@type\":\"EntryPoint\",\"urlTemplate\":\"https:\\\/\\\/kibrisdakik.com\\\/?s={search_term_string}\"},\"query-input\":{\"@type\":\"PropertyValueSpecification\",\"valueRequired\":true,\"valueName\":\"search_term_string\"}}],\"inLanguage\":\"tr\"},{\"@type\":\"Person\",\"@id\":\"https:\\\/\\\/kibrisdakik.com\\\/#\\\/schema\\\/person\\\/9cd9d437bbb44f72b73ba127e06d8e79\",\"name\":\"admin\",\"image\":{\"@type\":\"ImageObject\",\"inLanguage\":\"tr\",\"@id\":\"https:\\\/\\\/secure.gravatar.com\\\/avatar\\\/ccc17943b9d660506c869530f897617f7cb1c21a4bf30023f252596d83e1f007?s=96&d=mm&r=g\",\"url\":\"https:\\\/\\\/secure.gravatar.com\\\/avatar\\\/ccc17943b9d660506c869530f897617f7cb1c21a4bf30023f252596d83e1f007?s=96&d=mm&r=g\",\"contentUrl\":\"https:\\\/\\\/secure.gravatar.com\\\/avatar\\\/ccc17943b9d660506c869530f897617f7cb1c21a4bf30023f252596d83e1f007?s=96&d=mm&r=g\",\"caption\":\"admin\"},\"sameAs\":[\"https:\\\/\\\/kibrisdakik.com\"],\"url\":\"https:\\\/\\\/kibrisdakik.com\\\/?author=1\"}]}<\/script>\n<!-- \/ Yoast SEO plugin. -->","yoast_head_json":{"title":"B\u00fcy\u00fck Hamam kap\u0131lar\u0131n\u0131 yeniden halka a\u00e7t\u0131 -","robots":{"index":"index","follow":"follow","max-snippet":"max-snippet:-1","max-image-preview":"max-image-preview:large","max-video-preview":"max-video-preview:-1"},"canonical":"https:\/\/kibrisdakik.com\/?p=70758","og_locale":"tr_TR","og_type":"article","og_title":"B\u00fcy\u00fck Hamam kap\u0131lar\u0131n\u0131 yeniden halka a\u00e7t\u0131 -","og_description":"K\u0131br\u0131s\u2019\u0131n tarihi ve k\u00fclt\u00fcrel miras\u0131n\u0131n \u00f6nemli bir par\u00e7as\u0131 olan ba\u015fkent Lefko\u015fa\u2019daki B\u00fcy\u00fck Hamam, K\u0131br\u0131s Vak\u0131flar \u0130daresi\u2019nin (EVKAF) katk\u0131lar\u0131yla bug\u00fcn yeniden a\u00e7\u0131ld\u0131. Osmanl\u0131 D\u00f6nemi\u2019nden bug\u00fcne gelen nadir yap\u0131lardan olan B\u00fcy\u00fck Hamam, Evkaf\u2019\u0131n ihalesi sonucunda kapsaml\u0131 bir restorasyondan ge\u00e7ti ve tarihi dokusu ile i\u015flevi korunarak bug\u00fcne ula\u015ft\u0131r\u0131ld\u0131. A\u00e7\u0131l\u0131\u015f nedeniyle d\u00fczenlenen t\u00f6ren konu\u015fmalar ve kurdele kesme t\u00f6reninin ard\u0131ndan","og_url":"https:\/\/kibrisdakik.com\/?p=70758","article_published_time":"2024-12-04T11:12:05+00:00","og_image":[{"width":1378,"height":775,"url":"https:\/\/kibrisdakik.com\/wp-content\/uploads\/2024\/12\/buyuk-hamam-ero-1--740x420.jpeg","type":"image\/jpeg"}],"author":"admin","twitter_card":"summary_large_image","twitter_misc":{"Yazan:":"admin","Tahmini okuma s\u00fcresi":"1 dakika"},"schema":{"@context":"https:\/\/schema.org","@graph":[{"@type":"Article","@id":"https:\/\/kibrisdakik.com\/?p=70758#article","isPartOf":{"@id":"https:\/\/kibrisdakik.com\/?p=70758"},"author":{"name":"admin","@id":"https:\/\/kibrisdakik.com\/#\/schema\/person\/9cd9d437bbb44f72b73ba127e06d8e79"},"headline":"B\u00fcy\u00fck Hamam kap\u0131lar\u0131n\u0131 yeniden halka a\u00e7t\u0131","datePublished":"2024-12-04T11:12:05+00:00","mainEntityOfPage":{"@id":"https:\/\/kibrisdakik.com\/?p=70758"},"wordCount":259,"commentCount":0,"image":{"@id":"https:\/\/kibrisdakik.com\/?p=70758#primaryimage"},"thumbnailUrl":"https:\/\/kibrisdakik.com\/wp-content\/uploads\/2024\/12\/buyuk-hamam-ero-1--740x420.jpeg","articleSection":["G\u00fcndem","K\u0131br\u0131s"],"inLanguage":"tr","potentialAction":[{"@type":"CommentAction","name":"Comment","target":["https:\/\/kibrisdakik.com\/?p=70758#respond"]}]},{"@type":"WebPage","@id":"https:\/\/kibrisdakik.com\/?p=70758","url":"https:\/\/kibrisdakik.com\/?p=70758","name":"B\u00fcy\u00fck Hamam kap\u0131lar\u0131n\u0131 yeniden halka a\u00e7t\u0131 -","isPartOf":{"@id":"https:\/\/kibrisdakik.com\/#website"},"primaryImageOfPage":{"@id":"https:\/\/kibrisdakik.com\/?p=70758#primaryimage"},"image":{"@id":"https:\/\/kibrisdakik.com\/?p=70758#primaryimage"},"thumbnailUrl":"https:\/\/kibrisdakik.com\/wp-content\/uploads\/2024\/12\/buyuk-hamam-ero-1--740x420.jpeg","datePublished":"2024-12-04T11:12:05+00:00","author":{"@id":"https:\/\/kibrisdakik.com\/#\/schema\/person\/9cd9d437bbb44f72b73ba127e06d8e79"},"breadcrumb":{"@id":"https:\/\/kibrisdakik.com\/?p=70758#breadcrumb"},"inLanguage":"tr","potentialAction":[{"@type":"ReadAction","target":["https:\/\/kibrisdakik.com\/?p=70758"]}]},{"@type":"ImageObject","inLanguage":"tr","@id":"https:\/\/kibrisdakik.com\/?p=70758#primaryimage","url":"https:\/\/kibrisdakik.com\/wp-content\/uploads\/2024\/12\/buyuk-hamam-ero-1--740x420.jpeg","contentUrl":"https:\/\/kibrisdakik.com\/wp-content\/uploads\/2024\/12\/buyuk-hamam-ero-1--740x420.jpeg","width":1378,"height":775},{"@type":"BreadcrumbList","@id":"https:\/\/kibrisdakik.com\/?p=70758#breadcrumb","itemListElement":[{"@type":"ListItem","position":1,"name":"Home","item":"https:\/\/kibrisdakik.com\/"},{"@type":"ListItem","position":2,"name":"B\u00fcy\u00fck Hamam kap\u0131lar\u0131n\u0131 yeniden halka a\u00e7t\u0131"}]},{"@type":"WebSite","@id":"https:\/\/kibrisdakik.com\/#website","url":"https:\/\/kibrisdakik.com\/","name":"","description":"Tam vaktinde haber","potentialAction":[{"@type":"SearchAction","target":{"@type":"EntryPoint","urlTemplate":"https:\/\/kibrisdakik.com\/?s={search_term_string}"},"query-input":{"@type":"PropertyValueSpecification","valueRequired":true,"valueName":"search_term_string"}}],"inLanguage":"tr"},{"@type":"Person","@id":"https:\/\/kibrisdakik.com\/#\/schema\/person\/9cd9d437bbb44f72b73ba127e06d8e79","name":"admin","image":{"@type":"ImageObject","inLanguage":"tr","@id":"https:\/\/secure.gravatar.com\/avatar\/ccc17943b9d660506c869530f897617f7cb1c21a4bf30023f252596d83e1f007?s=96&d=mm&r=g","url":"https:\/\/secure.gravatar.com\/avatar\/ccc17943b9d660506c869530f897617f7cb1c21a4bf30023f252596d83e1f007?s=96&d=mm&r=g","contentUrl":"https:\/\/secure.gravatar.com\/avatar\/ccc17943b9d660506c869530f897617f7cb1c21a4bf30023f252596d83e1f007?s=96&d=mm&r=g","caption":"admin"},"sameAs":["https:\/\/kibrisdakik.com"],"url":"https:\/\/kibrisdakik.com\/?author=1"}]}},"_links":{"self":[{"href":"https:\/\/kibrisdakik.com\/index.php?rest_route=\/wp\/v2\/posts\/70758","targetHints":{"allow":["GET"]}}],"collection":[{"href":"https:\/\/kibrisdakik.com\/index.php?rest_route=\/wp\/v2\/posts"}],"about":[{"href":"https:\/\/kibrisdakik.com\/index.php?rest_route=\/wp\/v2\/types\/post"}],"author":[{"embeddable":true,"href":"https:\/\/kibrisdakik.com\/index.php?rest_route=\/wp\/v2\/users\/1"}],"replies":[{"embeddable":true,"href":"https:\/\/kibrisdakik.com\/index.php?rest_route=%2Fwp%2Fv2%2Fcomments&post=70758"}],"version-history":[{"count":0,"href":"https:\/\/kibrisdakik.com\/index.php?rest_route=\/wp\/v2\/posts\/70758\/revisions"}],"wp:featuredmedia":[{"embeddable":true,"href":"https:\/\/kibrisdakik.com\/index.php?rest_route=\/wp\/v2\/media\/70759"}],"wp:attachment":[{"href":"https:\/\/kibrisdakik.com\/index.php?rest_route=%2Fwp%2Fv2%2Fmedia&parent=70758"}],"wp:term":[{"taxonomy":"category","embeddable":true,"href":"https:\/\/kibrisdakik.com\/index.php?rest_route=%2Fwp%2Fv2%2Fcategories&post=70758"},{"taxonomy":"post_tag","embeddable":true,"href":"https:\/\/kibrisdakik.com\/index.php?rest_route=%2Fwp%2Fv2%2Ftags&post=70758"}],"curies":[{"name":"wp","href":"https:\/\/api.w.org\/{rel}","templated":true}]}}