{"id":70788,"date":"2024-12-04T18:14:59","date_gmt":"2024-12-04T15:14:59","guid":{"rendered":"https:\/\/kibrisdakik.com\/index.php\/2024\/12\/04\/meclis-baskani-ozturkler-heyeti-ile-birlikte-ankaraya-gitti\/"},"modified":"2024-12-04T18:14:59","modified_gmt":"2024-12-04T15:14:59","slug":"meclis-baskani-ozturkler-heyeti-ile-birlikte-ankaraya-gitti","status":"publish","type":"post","link":"https:\/\/kibrisdakik.com\/?p=70788","title":{"rendered":"Meclis Ba\u015fkan\u0131 \u00d6zt\u00fcrkler, heyeti ile birlikte Ankara\u2019ya gitti"},"content":{"rendered":"<div>\n<div class=\"mariselle-image-container center\">\n                                            <\/div>\n<p>Cumhuriyet Meclisi Ba\u015fkan\u0131 Ziya \u00d6zt\u00fcrkler, T\u00fcrkiye B\u00fcy\u00fck Millet Meclisi Ba\u015fkan\u0131 (TBMM) Numan Kurtulmu\u015f\u2019tan ald\u0131\u011f\u0131 davet \u00fczerine Meclis Ba\u015fkanl\u0131k Divan\u0131 ile birlikte Ankara\u2019ya gitti.<\/p>\n<p>Meclisten verilen bilgiye g\u00f6re, \u00d6zt\u00fcrkler\u2019i Ankara Esenbo\u011fa Havaalan\u0131\u2019nda TBMM T\u00fcrkiye \u2013 KKTC Parlamentolar Aras\u0131 Dostluk Grubu \u00dcyesi, Hatay Milletvekili, Dijital Mecralar Komisyonu Ba\u015fkan\u0131 H\u00fcseyin Yaman, KKTC Ankara B\u00fcy\u00fckel\u00e7isi \u0130smet Koruko\u011flu ve di\u011fer yetkililer kar\u015f\u0131lad\u0131.<\/p>\n<p>\u00d6zt\u00fcrkler\u2019in heyetinde Ba\u015fkanl\u0131k Divan\u0131 \u00dcyesi UBP Milletvekilleri; Hasan K\u00fc\u00e7\u00fck, F\u0131rt\u0131na Karanfil ve CTP Milletvekili Devrim Bar\u00e7\u0131n bulunuyor.<\/p>\n<p>\u0130sias davas\u0131 nedeniyle Ad\u0131yaman\u2019da bulunan Meclis Ba\u015fkan Yard\u0131mc\u0131s\u0131 Fazilet \u00d6zdenefe , Meclis \u0130dari Amiri UBP Milletvekili Yasemi \u00d6zt\u00fcrk ve Ba\u015fkanl\u0131k Divan\u0131 \u00dcyesi  CTP Milletvekili \u015eifa \u00c7olako\u011flu ise heyete Ankara\u2019da e\u015flik edecek.<\/p>\n<p>\u00d6zt\u00fcrkler\u2019in temaslar\u0131na yar\u0131n ba\u015flamas\u0131 bekleniyor.<\/p>\n<\/p><\/div>\n<p><script async\n                    defer\n                    crossorigin=\"anonymous\"\n                    src=\"https:\/\/connect.facebook.net\/tr_TR\/sdk.js#xfbml=1&#038;version=v3.3\"\n            ><\/script><\/p>\n","protected":false},"excerpt":{"rendered":"<p>Cumhuriyet Meclisi Ba\u015fkan\u0131 Ziya \u00d6zt\u00fcrkler, T\u00fcrkiye B\u00fcy\u00fck Millet Meclisi Ba\u015fkan\u0131 (TBMM) Numan Kurtulmu\u015f\u2019tan ald\u0131\u011f\u0131 davet \u00fczerine Meclis Ba\u015fkanl\u0131k Divan\u0131 ile birlikte Ankara\u2019ya gitti. Meclisten verilen bilgiye g\u00f6re, \u00d6zt\u00fcrkler\u2019i Ankara Esenbo\u011fa Havaalan\u0131\u2019nda TBMM T\u00fcrkiye \u2013 KKTC Parlamentolar Aras\u0131 Dostluk Grubu \u00dcyesi, Hatay Milletvekili, Dijital Mecralar Komisyonu Ba\u015fkan\u0131 H\u00fcseyin Yaman, KKTC Ankara B\u00fcy\u00fckel\u00e7isi \u0130smet Koruko\u011flu ve di\u011fer<\/p>\n","protected":false},"author":1,"featured_media":70789,"comment_status":"open","ping_status":"open","sticky":false,"template":"","format":"standard","meta":{"footnotes":""},"categories":[81],"tags":[],"class_list":["post-70788","post","type-post","status-publish","format-standard","has-post-thumbnail","hentry","category-kibris"],"yoast_head":"<!-- This site is optimized with the Yoast SEO plugin v27.5 - https:\/\/yoast.com\/product\/yoast-seo-wordpress\/ -->\n<title>Meclis Ba\u015fkan\u0131 \u00d6zt\u00fcrkler, heyeti ile birlikte Ankara\u2019ya gitti -<\/title>\n<meta name=\"robots\" content=\"index, follow, max-snippet:-1, max-image-preview:large, max-video-preview:-1\" \/>\n<link rel=\"canonical\" href=\"https:\/\/kibrisdakik.com\/?p=70788\" \/>\n<meta property=\"og:locale\" content=\"tr_TR\" \/>\n<meta property=\"og:type\" content=\"article\" \/>\n<meta property=\"og:title\" content=\"Meclis Ba\u015fkan\u0131 \u00d6zt\u00fcrkler, heyeti ile birlikte Ankara\u2019ya gitti -\" \/>\n<meta property=\"og:description\" content=\"Cumhuriyet Meclisi Ba\u015fkan\u0131 Ziya \u00d6zt\u00fcrkler, T\u00fcrkiye B\u00fcy\u00fck Millet Meclisi Ba\u015fkan\u0131 (TBMM) Numan Kurtulmu\u015f\u2019tan ald\u0131\u011f\u0131 davet \u00fczerine Meclis Ba\u015fkanl\u0131k Divan\u0131 ile birlikte Ankara\u2019ya gitti. Meclisten verilen bilgiye g\u00f6re, \u00d6zt\u00fcrkler\u2019i Ankara Esenbo\u011fa Havaalan\u0131\u2019nda TBMM T\u00fcrkiye \u2013 KKTC Parlamentolar Aras\u0131 Dostluk Grubu \u00dcyesi, Hatay Milletvekili, Dijital Mecralar Komisyonu Ba\u015fkan\u0131 H\u00fcseyin Yaman, KKTC Ankara B\u00fcy\u00fckel\u00e7isi \u0130smet Koruko\u011flu ve di\u011fer\" \/>\n<meta property=\"og:url\" content=\"https:\/\/kibrisdakik.com\/?p=70788\" \/>\n<meta property=\"article:published_time\" content=\"2024-12-04T15:14:59+00:00\" \/>\n<meta property=\"og:image\" content=\"https:\/\/kibrisdakik.com\/wp-content\/uploads\/2024\/12\/ozturkler-ankarada-740x420.jpg\" \/>\n\t<meta property=\"og:image:width\" content=\"1800\" \/>\n\t<meta property=\"og:image:height\" content=\"1200\" \/>\n\t<meta property=\"og:image:type\" content=\"image\/jpeg\" \/>\n<meta name=\"author\" content=\"admin\" \/>\n<meta name=\"twitter:card\" content=\"summary_large_image\" \/>\n<meta name=\"twitter:label1\" content=\"Yazan:\" \/>\n\t<meta name=\"twitter:data1\" content=\"admin\" \/>\n\t<meta name=\"twitter:label2\" content=\"Tahmini okuma s\u00fcresi\" \/>\n\t<meta name=\"twitter:data2\" content=\"1 dakika\" \/>\n<script type=\"application\/ld+json\" class=\"yoast-schema-graph\">{\"@context\":\"https:\\\/\\\/schema.org\",\"@graph\":[{\"@type\":\"Article\",\"@id\":\"https:\\\/\\\/kibrisdakik.com\\\/?p=70788#article\",\"isPartOf\":{\"@id\":\"https:\\\/\\\/kibrisdakik.com\\\/?p=70788\"},\"author\":{\"name\":\"admin\",\"@id\":\"https:\\\/\\\/kibrisdakik.com\\\/#\\\/schema\\\/person\\\/9cd9d437bbb44f72b73ba127e06d8e79\"},\"headline\":\"Meclis Ba\u015fkan\u0131 \u00d6zt\u00fcrkler, heyeti ile birlikte Ankara\u2019ya gitti\",\"datePublished\":\"2024-12-04T15:14:59+00:00\",\"mainEntityOfPage\":{\"@id\":\"https:\\\/\\\/kibrisdakik.com\\\/?p=70788\"},\"wordCount\":167,\"commentCount\":0,\"image\":{\"@id\":\"https:\\\/\\\/kibrisdakik.com\\\/?p=70788#primaryimage\"},\"thumbnailUrl\":\"https:\\\/\\\/kibrisdakik.com\\\/wp-content\\\/uploads\\\/2024\\\/12\\\/ozturkler-ankarada-740x420.jpg\",\"articleSection\":[\"K\u0131br\u0131s\"],\"inLanguage\":\"tr\",\"potentialAction\":[{\"@type\":\"CommentAction\",\"name\":\"Comment\",\"target\":[\"https:\\\/\\\/kibrisdakik.com\\\/?p=70788#respond\"]}]},{\"@type\":\"WebPage\",\"@id\":\"https:\\\/\\\/kibrisdakik.com\\\/?p=70788\",\"url\":\"https:\\\/\\\/kibrisdakik.com\\\/?p=70788\",\"name\":\"Meclis Ba\u015fkan\u0131 \u00d6zt\u00fcrkler, heyeti ile birlikte Ankara\u2019ya gitti -\",\"isPartOf\":{\"@id\":\"https:\\\/\\\/kibrisdakik.com\\\/#website\"},\"primaryImageOfPage\":{\"@id\":\"https:\\\/\\\/kibrisdakik.com\\\/?p=70788#primaryimage\"},\"image\":{\"@id\":\"https:\\\/\\\/kibrisdakik.com\\\/?p=70788#primaryimage\"},\"thumbnailUrl\":\"https:\\\/\\\/kibrisdakik.com\\\/wp-content\\\/uploads\\\/2024\\\/12\\\/ozturkler-ankarada-740x420.jpg\",\"datePublished\":\"2024-12-04T15:14:59+00:00\",\"author\":{\"@id\":\"https:\\\/\\\/kibrisdakik.com\\\/#\\\/schema\\\/person\\\/9cd9d437bbb44f72b73ba127e06d8e79\"},\"breadcrumb\":{\"@id\":\"https:\\\/\\\/kibrisdakik.com\\\/?p=70788#breadcrumb\"},\"inLanguage\":\"tr\",\"potentialAction\":[{\"@type\":\"ReadAction\",\"target\":[\"https:\\\/\\\/kibrisdakik.com\\\/?p=70788\"]}]},{\"@type\":\"ImageObject\",\"inLanguage\":\"tr\",\"@id\":\"https:\\\/\\\/kibrisdakik.com\\\/?p=70788#primaryimage\",\"url\":\"https:\\\/\\\/kibrisdakik.com\\\/wp-content\\\/uploads\\\/2024\\\/12\\\/ozturkler-ankarada-740x420.jpg\",\"contentUrl\":\"https:\\\/\\\/kibrisdakik.com\\\/wp-content\\\/uploads\\\/2024\\\/12\\\/ozturkler-ankarada-740x420.jpg\",\"width\":1800,\"height\":1200},{\"@type\":\"BreadcrumbList\",\"@id\":\"https:\\\/\\\/kibrisdakik.com\\\/?p=70788#breadcrumb\",\"itemListElement\":[{\"@type\":\"ListItem\",\"position\":1,\"name\":\"Home\",\"item\":\"https:\\\/\\\/kibrisdakik.com\\\/\"},{\"@type\":\"ListItem\",\"position\":2,\"name\":\"Meclis Ba\u015fkan\u0131 \u00d6zt\u00fcrkler, heyeti ile birlikte Ankara\u2019ya gitti\"}]},{\"@type\":\"WebSite\",\"@id\":\"https:\\\/\\\/kibrisdakik.com\\\/#website\",\"url\":\"https:\\\/\\\/kibrisdakik.com\\\/\",\"name\":\"\",\"description\":\"Tam vaktinde haber\",\"potentialAction\":[{\"@type\":\"SearchAction\",\"target\":{\"@type\":\"EntryPoint\",\"urlTemplate\":\"https:\\\/\\\/kibrisdakik.com\\\/?s={search_term_string}\"},\"query-input\":{\"@type\":\"PropertyValueSpecification\",\"valueRequired\":true,\"valueName\":\"search_term_string\"}}],\"inLanguage\":\"tr\"},{\"@type\":\"Person\",\"@id\":\"https:\\\/\\\/kibrisdakik.com\\\/#\\\/schema\\\/person\\\/9cd9d437bbb44f72b73ba127e06d8e79\",\"name\":\"admin\",\"image\":{\"@type\":\"ImageObject\",\"inLanguage\":\"tr\",\"@id\":\"https:\\\/\\\/secure.gravatar.com\\\/avatar\\\/ccc17943b9d660506c869530f897617f7cb1c21a4bf30023f252596d83e1f007?s=96&d=mm&r=g\",\"url\":\"https:\\\/\\\/secure.gravatar.com\\\/avatar\\\/ccc17943b9d660506c869530f897617f7cb1c21a4bf30023f252596d83e1f007?s=96&d=mm&r=g\",\"contentUrl\":\"https:\\\/\\\/secure.gravatar.com\\\/avatar\\\/ccc17943b9d660506c869530f897617f7cb1c21a4bf30023f252596d83e1f007?s=96&d=mm&r=g\",\"caption\":\"admin\"},\"sameAs\":[\"https:\\\/\\\/kibrisdakik.com\"],\"url\":\"https:\\\/\\\/kibrisdakik.com\\\/?author=1\"}]}<\/script>\n<!-- \/ Yoast SEO plugin. -->","yoast_head_json":{"title":"Meclis Ba\u015fkan\u0131 \u00d6zt\u00fcrkler, heyeti ile birlikte Ankara\u2019ya gitti -","robots":{"index":"index","follow":"follow","max-snippet":"max-snippet:-1","max-image-preview":"max-image-preview:large","max-video-preview":"max-video-preview:-1"},"canonical":"https:\/\/kibrisdakik.com\/?p=70788","og_locale":"tr_TR","og_type":"article","og_title":"Meclis Ba\u015fkan\u0131 \u00d6zt\u00fcrkler, heyeti ile birlikte Ankara\u2019ya gitti -","og_description":"Cumhuriyet Meclisi Ba\u015fkan\u0131 Ziya \u00d6zt\u00fcrkler, T\u00fcrkiye B\u00fcy\u00fck Millet Meclisi Ba\u015fkan\u0131 (TBMM) Numan Kurtulmu\u015f\u2019tan ald\u0131\u011f\u0131 davet \u00fczerine Meclis Ba\u015fkanl\u0131k Divan\u0131 ile birlikte Ankara\u2019ya gitti. Meclisten verilen bilgiye g\u00f6re, \u00d6zt\u00fcrkler\u2019i Ankara Esenbo\u011fa Havaalan\u0131\u2019nda TBMM T\u00fcrkiye \u2013 KKTC Parlamentolar Aras\u0131 Dostluk Grubu \u00dcyesi, Hatay Milletvekili, Dijital Mecralar Komisyonu Ba\u015fkan\u0131 H\u00fcseyin Yaman, KKTC Ankara B\u00fcy\u00fckel\u00e7isi \u0130smet Koruko\u011flu ve di\u011fer","og_url":"https:\/\/kibrisdakik.com\/?p=70788","article_published_time":"2024-12-04T15:14:59+00:00","og_image":[{"width":1800,"height":1200,"url":"https:\/\/kibrisdakik.com\/wp-content\/uploads\/2024\/12\/ozturkler-ankarada-740x420.jpg","type":"image\/jpeg"}],"author":"admin","twitter_card":"summary_large_image","twitter_misc":{"Yazan:":"admin","Tahmini okuma s\u00fcresi":"1 dakika"},"schema":{"@context":"https:\/\/schema.org","@graph":[{"@type":"Article","@id":"https:\/\/kibrisdakik.com\/?p=70788#article","isPartOf":{"@id":"https:\/\/kibrisdakik.com\/?p=70788"},"author":{"name":"admin","@id":"https:\/\/kibrisdakik.com\/#\/schema\/person\/9cd9d437bbb44f72b73ba127e06d8e79"},"headline":"Meclis Ba\u015fkan\u0131 \u00d6zt\u00fcrkler, heyeti ile birlikte Ankara\u2019ya gitti","datePublished":"2024-12-04T15:14:59+00:00","mainEntityOfPage":{"@id":"https:\/\/kibrisdakik.com\/?p=70788"},"wordCount":167,"commentCount":0,"image":{"@id":"https:\/\/kibrisdakik.com\/?p=70788#primaryimage"},"thumbnailUrl":"https:\/\/kibrisdakik.com\/wp-content\/uploads\/2024\/12\/ozturkler-ankarada-740x420.jpg","articleSection":["K\u0131br\u0131s"],"inLanguage":"tr","potentialAction":[{"@type":"CommentAction","name":"Comment","target":["https:\/\/kibrisdakik.com\/?p=70788#respond"]}]},{"@type":"WebPage","@id":"https:\/\/kibrisdakik.com\/?p=70788","url":"https:\/\/kibrisdakik.com\/?p=70788","name":"Meclis Ba\u015fkan\u0131 \u00d6zt\u00fcrkler, heyeti ile birlikte Ankara\u2019ya gitti -","isPartOf":{"@id":"https:\/\/kibrisdakik.com\/#website"},"primaryImageOfPage":{"@id":"https:\/\/kibrisdakik.com\/?p=70788#primaryimage"},"image":{"@id":"https:\/\/kibrisdakik.com\/?p=70788#primaryimage"},"thumbnailUrl":"https:\/\/kibrisdakik.com\/wp-content\/uploads\/2024\/12\/ozturkler-ankarada-740x420.jpg","datePublished":"2024-12-04T15:14:59+00:00","author":{"@id":"https:\/\/kibrisdakik.com\/#\/schema\/person\/9cd9d437bbb44f72b73ba127e06d8e79"},"breadcrumb":{"@id":"https:\/\/kibrisdakik.com\/?p=70788#breadcrumb"},"inLanguage":"tr","potentialAction":[{"@type":"ReadAction","target":["https:\/\/kibrisdakik.com\/?p=70788"]}]},{"@type":"ImageObject","inLanguage":"tr","@id":"https:\/\/kibrisdakik.com\/?p=70788#primaryimage","url":"https:\/\/kibrisdakik.com\/wp-content\/uploads\/2024\/12\/ozturkler-ankarada-740x420.jpg","contentUrl":"https:\/\/kibrisdakik.com\/wp-content\/uploads\/2024\/12\/ozturkler-ankarada-740x420.jpg","width":1800,"height":1200},{"@type":"BreadcrumbList","@id":"https:\/\/kibrisdakik.com\/?p=70788#breadcrumb","itemListElement":[{"@type":"ListItem","position":1,"name":"Home","item":"https:\/\/kibrisdakik.com\/"},{"@type":"ListItem","position":2,"name":"Meclis Ba\u015fkan\u0131 \u00d6zt\u00fcrkler, heyeti ile birlikte Ankara\u2019ya gitti"}]},{"@type":"WebSite","@id":"https:\/\/kibrisdakik.com\/#website","url":"https:\/\/kibrisdakik.com\/","name":"","description":"Tam vaktinde haber","potentialAction":[{"@type":"SearchAction","target":{"@type":"EntryPoint","urlTemplate":"https:\/\/kibrisdakik.com\/?s={search_term_string}"},"query-input":{"@type":"PropertyValueSpecification","valueRequired":true,"valueName":"search_term_string"}}],"inLanguage":"tr"},{"@type":"Person","@id":"https:\/\/kibrisdakik.com\/#\/schema\/person\/9cd9d437bbb44f72b73ba127e06d8e79","name":"admin","image":{"@type":"ImageObject","inLanguage":"tr","@id":"https:\/\/secure.gravatar.com\/avatar\/ccc17943b9d660506c869530f897617f7cb1c21a4bf30023f252596d83e1f007?s=96&d=mm&r=g","url":"https:\/\/secure.gravatar.com\/avatar\/ccc17943b9d660506c869530f897617f7cb1c21a4bf30023f252596d83e1f007?s=96&d=mm&r=g","contentUrl":"https:\/\/secure.gravatar.com\/avatar\/ccc17943b9d660506c869530f897617f7cb1c21a4bf30023f252596d83e1f007?s=96&d=mm&r=g","caption":"admin"},"sameAs":["https:\/\/kibrisdakik.com"],"url":"https:\/\/kibrisdakik.com\/?author=1"}]}},"_links":{"self":[{"href":"https:\/\/kibrisdakik.com\/index.php?rest_route=\/wp\/v2\/posts\/70788","targetHints":{"allow":["GET"]}}],"collection":[{"href":"https:\/\/kibrisdakik.com\/index.php?rest_route=\/wp\/v2\/posts"}],"about":[{"href":"https:\/\/kibrisdakik.com\/index.php?rest_route=\/wp\/v2\/types\/post"}],"author":[{"embeddable":true,"href":"https:\/\/kibrisdakik.com\/index.php?rest_route=\/wp\/v2\/users\/1"}],"replies":[{"embeddable":true,"href":"https:\/\/kibrisdakik.com\/index.php?rest_route=%2Fwp%2Fv2%2Fcomments&post=70788"}],"version-history":[{"count":0,"href":"https:\/\/kibrisdakik.com\/index.php?rest_route=\/wp\/v2\/posts\/70788\/revisions"}],"wp:featuredmedia":[{"embeddable":true,"href":"https:\/\/kibrisdakik.com\/index.php?rest_route=\/wp\/v2\/media\/70789"}],"wp:attachment":[{"href":"https:\/\/kibrisdakik.com\/index.php?rest_route=%2Fwp%2Fv2%2Fmedia&parent=70788"}],"wp:term":[{"taxonomy":"category","embeddable":true,"href":"https:\/\/kibrisdakik.com\/index.php?rest_route=%2Fwp%2Fv2%2Fcategories&post=70788"},{"taxonomy":"post_tag","embeddable":true,"href":"https:\/\/kibrisdakik.com\/index.php?rest_route=%2Fwp%2Fv2%2Ftags&post=70788"}],"curies":[{"name":"wp","href":"https:\/\/api.w.org\/{rel}","templated":true}]}}