{"id":70790,"date":"2024-12-04T18:18:21","date_gmt":"2024-12-04T15:18:21","guid":{"rendered":"https:\/\/kibrisdakik.com\/index.php\/2024\/12\/04\/cumhurbaskani-tatar-ve-esi-sibel-tatar-engelliler-spor-federasyonu-dayanisma-gecesine-katildi\/"},"modified":"2024-12-04T18:18:21","modified_gmt":"2024-12-04T15:18:21","slug":"cumhurbaskani-tatar-ve-esi-sibel-tatar-engelliler-spor-federasyonu-dayanisma-gecesine-katildi","status":"publish","type":"post","link":"https:\/\/kibrisdakik.com\/?p=70790","title":{"rendered":"Cumhurba\u015fkan\u0131 Tatar ve e\u015fi Sibel Tatar, Engelliler Spor Federasyonu Dayan\u0131\u015fma Gecesi\u2019ne kat\u0131ld\u0131"},"content":{"rendered":"<div>\n<div class=\"mariselle-image-container center\">\n                                            <\/div>\n<p>\nCumhurba\u015fkan\u0131 Ersin Tatar ve e\u015fi Sibel Tatar, 3 Aral\u0131k D\u00fcnya Engelliler G\u00fcn\u00fc vesilesiyle Engelliler Spor Federasyonu\u2019nun d\u00fczenledi\u011fi dayan\u0131\u015fma gecesine kat\u0131ld\u0131.<\/p>\n<p>Cumhurba\u015fkanl\u0131\u011f\u0131\u2019ndan yap\u0131lan a\u00e7\u0131klamaya g\u00f6re Tatar, \u201cEngellilerimiz yaln\u0131z de\u011fildir. Engelleri birlikte a\u015faca\u011f\u0131z. \u00dclkede ya\u015fayan 6 bin engelli bireyin hayat\u0131n\u0131n kolayla\u015ft\u0131r\u0131lmas\u0131 i\u00e7in gerekli d\u00fczenlemelerin yap\u0131lmas\u0131n\u0131n takip\u00e7isi olaca\u011f\u0131z.\u201d dedi.<\/p>\n<p>Tatar, gecede yapt\u0131\u011f\u0131 konu\u015fmada dayan\u0131\u015fma gecesinde bulunmaktan duydu\u011fu memnuniyeti ifade etti.<\/p>\n<div class=\"mariselle-image-container center\">\n                <img loading=\"lazy\" decoding=\"async\" width=\"1600\" height=\"1066\" class=\"lazy-image\" alt=\"\" sizes=\"auto, (max-width: 1600px) 100vw, 1600px\" src=\"https:\/\/brtk.net\/wp-content\/uploads\/2024\/12\/04\/engelliler-spor-fed-tatar21.jpg?ver=14ff70e221d53878c655fccdf12685ee\" srcset=\"https:\/\/brtk.net\/wp-content\/uploads\/2024\/12\/04\/engelliler-spor-fed-tatar21.jpg?ver=14ff70e221d53878c655fccdf12685ee 1600w, https:\/\/brtk.net\/wp-content\/uploads\/2024\/12\/04\/engelliler-spor-fed-tatar21-300x200.jpg?ver=5a98ef156824f5982aa7c33d875d16be 300w, https:\/\/brtk.net\/wp-content\/uploads\/2024\/12\/04\/engelliler-spor-fed-tatar21-1024x682.jpg?ver=9d4942d94761acd006bf995c5be47cee 1024w, https:\/\/brtk.net\/wp-content\/uploads\/2024\/12\/04\/engelliler-spor-fed-tatar21-768x512.jpg?ver=9d4942d94761acd006bf995c5be47cee 768w, https:\/\/brtk.net\/wp-content\/uploads\/2024\/12\/04\/engelliler-spor-fed-tatar21-1536x1023.jpg?ver=9b048043e830dddd7518ecbfad120380 1536w\"\/>                            <\/div>\n<p>Cumhurba\u015fkan\u0131 Tatar, 25 y\u0131ld\u0131r engelli bireylerle birlikte \u00e7al\u0131\u015fma yapt\u0131\u011f\u0131n\u0131 kaydederek, Engelliler Spor Federasyonu\u2019nda eme\u011fi ge\u00e7en Mustafa \u00c7elik ve Faruk Ta\u015fk\u0131n\u00e7ay\u2019\u0131 rahmetle and\u0131, Cumhurba\u015fkanl\u0131\u011f\u0131 Engelliler Komitesi Ba\u015fkan\u0131 ve Engelliler Spor Federasyonu Ba\u015fkan\u0131 Ahmet Akdeniz\u2019i, G\u00fcnay Kibrit\u2019i ve di\u011fer eme\u011fi ge\u00e7enleri selamlad\u0131. <\/p>\n<p>Kuzey K\u0131br\u0131s T\u00fcrk Cumhuriyeti\u2019nin kurum, kurulu\u015flar\u0131yla engelli bireylerin yan\u0131nda oldu\u011funu anlatan Tatar, merhamet ve karde\u015flik duygular\u0131yla bir olmak i\u00e7in ortaya irade konuldu\u011funu dile getirdi. <\/p>\n<p>Engelliler Spor Federasyonu Ba\u015fkan\u0131 Ahmet Akdeniz\u2019in Cumhurba\u015fkanl\u0131\u011f\u0131 Engelliler Komitesi Ba\u015fkanl\u0131\u011f\u0131na getirilmesinin ard\u0131ndan 4 y\u0131lda \u00f6nemli i\u015flere imza att\u0131\u011f\u0131na i\u015faret eden Tatar, yapt\u0131\u011f\u0131 \u00e7al\u0131\u015fmalardan dolay\u0131 kendisine te\u015fekk\u00fcr etti.<\/p>\n<p>\u2013 \u201cEngellilerimiz yaln\u0131z de\u011fildir. Engelleri birlikte a\u015faca\u011f\u0131z\u201d<\/p>\n<p>Yapt\u0131\u011f\u0131 katk\u0131lardan dolay\u0131 kurum, kurulu\u015f ve sponsorlara te\u015fekk\u00fcr eden Tatar, sporda uluslararas\u0131 m\u00fcsabakalara kat\u0131lan tekerlekli basketbol tak\u0131m\u0131na da te\u015fekk\u00fcrlerini sundu, Fenerbah\u00e7e Tekerlekli Basketbol Tak\u0131m\u0131\u2019nda g\u00f6rev yapan oyuncu \u0130brahim Yavuz\u2019u tebrik etti.<\/p>\n<p>3 Aral\u0131k D\u00fcnya Engelliler G\u00fcn\u00fc\u2019nde engellerin a\u015f\u0131lmas\u0131 i\u00e7in ortaya konulan \u00e7abadan dolay\u0131 katk\u0131s\u0131 olan herkese de te\u015fekk\u00fcr eden Cumhurba\u015fkan\u0131 Tatar, \u201cEngellilerimiz yaln\u0131z de\u011fildir. Engelleri birlikte a\u015faca\u011f\u0131z. \u00dclkede ya\u015fayan 6 bin engelli bireyin hayat\u0131n\u0131n kolayla\u015ft\u0131r\u0131lmas\u0131 i\u00e7in gerekli d\u00fczenlemelerin yap\u0131lmas\u0131n\u0131n takip\u00e7isi olaca\u011f\u0131z.\u201d dedi.<\/p>\n<p>\u2013 Sibel Tatar: \u201cAmac\u0131m\u0131z engelli bireylerin e\u015fit sosyal haklardan faydalanmas\u0131\u201d<\/p>\n<div class=\"mariselle-image-container center\">\n                <img loading=\"lazy\" decoding=\"async\" width=\"1600\" height=\"1066\" class=\"lazy-image\" alt=\"\" sizes=\"auto, (max-width: 1600px) 100vw, 1600px\" src=\"https:\/\/brtk.net\/wp-content\/uploads\/2024\/12\/04\/engelliler-spor-fed-tatar5.jpg?ver=0bc8f95d859e7f2f16991054f81c1831\" srcset=\"https:\/\/brtk.net\/wp-content\/uploads\/2024\/12\/04\/engelliler-spor-fed-tatar5.jpg?ver=0bc8f95d859e7f2f16991054f81c1831 1600w, https:\/\/brtk.net\/wp-content\/uploads\/2024\/12\/04\/engelliler-spor-fed-tatar5-300x200.jpg?ver=4b673138b626cb5a09ed8fcd95065521 300w, https:\/\/brtk.net\/wp-content\/uploads\/2024\/12\/04\/engelliler-spor-fed-tatar5-1024x682.jpg?ver=4b673138b626cb5a09ed8fcd95065521 1024w, https:\/\/brtk.net\/wp-content\/uploads\/2024\/12\/04\/engelliler-spor-fed-tatar5-768x512.jpg?ver=4b673138b626cb5a09ed8fcd95065521 768w, https:\/\/brtk.net\/wp-content\/uploads\/2024\/12\/04\/engelliler-spor-fed-tatar5-1536x1023.jpg?ver=173c36e85d897d7f6e846f6cec109c58 1536w\"\/>                            <\/div>\n<p>Ersin Tatar\u2019\u0131n e\u015fi Sibel Tatar da konu\u015fmas\u0131nda, 16 May\u0131s\u2019ta Cumhurba\u015fkanl\u0131\u011f\u0131 himayesinde d\u00fczenlenen 1. Engelli Haklar\u0131 \u00c7al\u0131\u015ftay\u0131\u2019n\u0131n sonu\u00e7 bildirgesi ve kitap\u00e7\u0131\u011f\u0131n\u0131n Cumhurba\u015fkanl\u0131\u011f\u0131\u2019nda yap\u0131lan etkinlikte ilgili kurumlar ve kamuoyu ile payla\u015f\u0131ld\u0131\u011f\u0131n\u0131 s\u00f6yledi.<\/p>\n<p>Ama\u00e7lar\u0131n\u0131n engelli bireylerin di\u011fer bireyler gibi e\u015fit sosyal haklardan faydalanmas\u0131n\u0131n sa\u011flanmas\u0131 oldu\u011funu dile getiren Sibel Tatar, yap\u0131lan \u00c7al\u0131\u015ftay\u2019la birlikte eri\u015febilirlik, ula\u015fabilirlik ve yasal haklar konusunda engelli bireylerin yanlar\u0131nda oldu\u011funu hissettirmek istediklerini vurgulad\u0131.<\/p>\n<p>Engellilerin her a\u015famada yanlar\u0131nda bulunmak istediklerini ifade eden Sibel Tatar, \u201cBu \u00fclke hepimizin. Hepimiz  birbirimize sayg\u0131 g\u00f6stererek ve engelli bireylere de\u011fer vererek, \u00f6nlerindeki engelleri a\u015fmalar\u0131nda ve sorunlar\u0131n\u0131 ortadan kald\u0131rmas\u0131nda yanlar\u0131nda olaca\u011f\u0131z.\u201d dedi.<\/p>\n<p>Engelliler Spor Federasyonu\u2019na yap\u0131lan yard\u0131mlar\u0131n sadece bir sempati duyma olmad\u0131\u011f\u0131n\u0131 dile getiren Sibel Tatar, Engelliler Spor Federasyonu Ba\u015fkan\u0131 Ahmet Akdeniz\u2019in verdi\u011fi g\u00fcvenin sonucu oldu\u011funu kaydetti.<\/p>\n<p>Sibel Tatar, sivil toplum \u00f6rg\u00fctlerinde yapt\u0131\u011f\u0131 i\u015f ve katk\u0131larla topluma fayda sa\u011flayan ki\u015filere ihtiya\u00e7 duyuldu\u011funu belirterek, yapt\u0131\u011f\u0131 \u00e7al\u0131\u015fmalardan dolay\u0131 Ahmet Akdeniz\u2019e, katk\u0131lar\u0131ndan dolay\u0131 sponsorlara ve m\u00fccadele eden herkese te\u015fekk\u00fcr etti.<\/p>\n<p>\u2013 Akdeniz: \u201cDeste\u011finizle engelli bireylerin engelli kald\u0131r\u0131l\u0131yor\u201d<br \/>Cumhurba\u015fkanl\u0131\u011f\u0131 Engelliler Komitesi Ba\u015fkan\u0131 ve Engelliler Spor Federasyonu Ba\u015fkan\u0131 Ahmet Akdeniz de yapt\u0131\u011f\u0131 konu\u015fmada; kurum, kurulu\u015f ve sponsorlar\u0131n deste\u011fiyle engelli bireylerin engellerinin kald\u0131r\u0131ld\u0131\u011f\u0131n\u0131 s\u00f6yledi.<\/p>\n<p>Ahmet Akdeniz, Cumhurba\u015fkanl\u0131\u011f\u0131 himayesinde ve Sibel Tatar \u00f6nc\u00fcl\u00fc\u011f\u00fcndeki 1. Engelli Haklar\u0131 \u00c7al\u0131\u015ftay\u0131\u2019n\u0131n Cumhurba\u015fkanl\u0131\u011f\u0131nda eylem plan\u0131 tan\u0131t\u0131m\u0131n\u0131n yap\u0131ld\u0131\u011f\u0131n\u0131 belirterek, t\u00fcm engellilerin temsil edildi\u011fi bir platform olu\u015fturuldu\u011funu s\u00f6yledi. <\/p>\n<p>Hedeflerinin Engelliler Dairesi\u2019nin hayata ge\u00e7irilmesi oldu\u011funu anlatan Ahmet Akdeniz, bu sayede engelliler konusunda daha etkin ve verimli \u00e7al\u0131\u015fmalar yap\u0131laca\u011f\u0131n\u0131 kaydetti.<\/p>\n<p>Engelliler ile ilgili bug\u00fcne kadar \u00e7al\u0131\u015fma yapanlar\u0131 sayg\u0131yla anan Akdeniz, sivil toplum \u00f6rg\u00fct\u00fc olarak \u00e7al\u0131\u015fmalar\u0131n\u0131n s\u00fcrece\u011fini belirtti, ileride kurumsal bir yap\u0131da \u00e7al\u0131\u015fmalar\u0131n devam etmesi temennisinde bulundu.<\/p>\n<p>Engelliye f\u0131rsat verildi\u011finde neler yap\u0131laca\u011f\u0131n\u0131 g\u00f6steren kader arkada\u015flar\u0131n\u0131n d\u00fczenlenen dayan\u0131\u015fma gecesinde yer ald\u0131\u011f\u0131n\u0131 aktaran Akdeniz, \u00fclkeye T\u00fcrkiye\u2019den \u00f6nemli spor kul\u00fcplerinin geldi\u011fini ve kar\u015f\u0131la\u015fma yapt\u0131klar\u0131n\u0131 vurgulad\u0131. Firmalar\u0131n yard\u0131mlar\u0131yla ihtiya\u00e7lar\u0131n giderildi\u011fini aktaran Akdeniz, katk\u0131da bulunan sponsorlara te\u015fekk\u00fcr etti.<\/p>\n<p>Akdeniz konu\u015fmas\u0131n\u0131n devam\u0131nda, \u201cBizi istedikleri kadar g\u00f6rmezden gelsinler biz var\u0131z. Haks\u0131z ambargolar uygulanan \u00fclkemizi Avrupa\u2019da temsil ediyoruz.\u201d dedi.<\/p>\n<p>Gecede Rusya K\u0131talararas\u0131 ve D\u00fcnya \u015eampiyonu, T\u00fcrkiye Tekerlekli Sandalye Dans Milli Sporcusu Yeliz G\u00fcll\u00fc g\u00f6steri yapt\u0131.<\/p>\n<\/p><\/div>\n<p><script async\n                    defer\n                    crossorigin=\"anonymous\"\n                    src=\"https:\/\/connect.facebook.net\/tr_TR\/sdk.js#xfbml=1&#038;version=v3.3\"\n            ><\/script><\/p>\n","protected":false},"excerpt":{"rendered":"<p>Cumhurba\u015fkan\u0131 Ersin Tatar ve e\u015fi Sibel Tatar, 3 Aral\u0131k D\u00fcnya Engelliler G\u00fcn\u00fc vesilesiyle Engelliler Spor Federasyonu\u2019nun d\u00fczenledi\u011fi dayan\u0131\u015fma gecesine kat\u0131ld\u0131. Cumhurba\u015fkanl\u0131\u011f\u0131\u2019ndan yap\u0131lan a\u00e7\u0131klamaya g\u00f6re Tatar, \u201cEngellilerimiz yaln\u0131z de\u011fildir. Engelleri birlikte a\u015faca\u011f\u0131z. \u00dclkede ya\u015fayan 6 bin engelli bireyin hayat\u0131n\u0131n kolayla\u015ft\u0131r\u0131lmas\u0131 i\u00e7in gerekli d\u00fczenlemelerin yap\u0131lmas\u0131n\u0131n takip\u00e7isi olaca\u011f\u0131z.\u201d dedi. Tatar, gecede yapt\u0131\u011f\u0131 konu\u015fmada dayan\u0131\u015fma gecesinde bulunmaktan duydu\u011fu memnuniyeti<\/p>\n","protected":false},"author":1,"featured_media":70791,"comment_status":"open","ping_status":"open","sticky":false,"template":"","format":"standard","meta":{"footnotes":""},"categories":[81],"tags":[],"class_list":["post-70790","post","type-post","status-publish","format-standard","has-post-thumbnail","hentry","category-kibris"],"yoast_head":"<!-- This site is optimized with the Yoast SEO plugin v27.4 - https:\/\/yoast.com\/product\/yoast-seo-wordpress\/ -->\n<title>Cumhurba\u015fkan\u0131 Tatar ve e\u015fi Sibel Tatar, Engelliler Spor Federasyonu Dayan\u0131\u015fma Gecesi\u2019ne kat\u0131ld\u0131 -<\/title>\n<meta name=\"robots\" content=\"index, follow, max-snippet:-1, max-image-preview:large, max-video-preview:-1\" \/>\n<link rel=\"canonical\" href=\"https:\/\/kibrisdakik.com\/?p=70790\" \/>\n<meta property=\"og:locale\" content=\"tr_TR\" \/>\n<meta property=\"og:type\" content=\"article\" \/>\n<meta property=\"og:title\" content=\"Cumhurba\u015fkan\u0131 Tatar ve e\u015fi Sibel Tatar, Engelliler Spor Federasyonu Dayan\u0131\u015fma Gecesi\u2019ne kat\u0131ld\u0131 -\" \/>\n<meta property=\"og:description\" content=\"Cumhurba\u015fkan\u0131 Ersin Tatar ve e\u015fi Sibel Tatar, 3 Aral\u0131k D\u00fcnya Engelliler G\u00fcn\u00fc vesilesiyle Engelliler Spor Federasyonu\u2019nun d\u00fczenledi\u011fi dayan\u0131\u015fma gecesine kat\u0131ld\u0131. Cumhurba\u015fkanl\u0131\u011f\u0131\u2019ndan yap\u0131lan a\u00e7\u0131klamaya g\u00f6re Tatar, \u201cEngellilerimiz yaln\u0131z de\u011fildir. Engelleri birlikte a\u015faca\u011f\u0131z. \u00dclkede ya\u015fayan 6 bin engelli bireyin hayat\u0131n\u0131n kolayla\u015ft\u0131r\u0131lmas\u0131 i\u00e7in gerekli d\u00fczenlemelerin yap\u0131lmas\u0131n\u0131n takip\u00e7isi olaca\u011f\u0131z.\u201d dedi. Tatar, gecede yapt\u0131\u011f\u0131 konu\u015fmada dayan\u0131\u015fma gecesinde bulunmaktan duydu\u011fu memnuniyeti\" \/>\n<meta property=\"og:url\" content=\"https:\/\/kibrisdakik.com\/?p=70790\" \/>\n<meta property=\"article:published_time\" content=\"2024-12-04T15:18:21+00:00\" \/>\n<meta property=\"og:image\" content=\"https:\/\/kibrisdakik.com\/wp-content\/uploads\/2024\/12\/engelliler-spor-fed-tatar8-740x420.jpg\" \/>\n\t<meta property=\"og:image:width\" content=\"1600\" \/>\n\t<meta property=\"og:image:height\" content=\"1066\" \/>\n\t<meta property=\"og:image:type\" content=\"image\/jpeg\" \/>\n<meta name=\"author\" content=\"admin\" \/>\n<meta name=\"twitter:card\" content=\"summary_large_image\" \/>\n<meta name=\"twitter:label1\" content=\"Yazan:\" \/>\n\t<meta name=\"twitter:data1\" content=\"admin\" \/>\n\t<meta name=\"twitter:label2\" content=\"Tahmini okuma s\u00fcresi\" \/>\n\t<meta name=\"twitter:data2\" content=\"4 dakika\" \/>\n<script type=\"application\/ld+json\" class=\"yoast-schema-graph\">{\"@context\":\"https:\\\/\\\/schema.org\",\"@graph\":[{\"@type\":\"Article\",\"@id\":\"https:\\\/\\\/kibrisdakik.com\\\/?p=70790#article\",\"isPartOf\":{\"@id\":\"https:\\\/\\\/kibrisdakik.com\\\/?p=70790\"},\"author\":{\"name\":\"admin\",\"@id\":\"https:\\\/\\\/kibrisdakik.com\\\/#\\\/schema\\\/person\\\/9cd9d437bbb44f72b73ba127e06d8e79\"},\"headline\":\"Cumhurba\u015fkan\u0131 Tatar ve e\u015fi Sibel Tatar, Engelliler Spor Federasyonu Dayan\u0131\u015fma Gecesi\u2019ne kat\u0131ld\u0131\",\"datePublished\":\"2024-12-04T15:18:21+00:00\",\"mainEntityOfPage\":{\"@id\":\"https:\\\/\\\/kibrisdakik.com\\\/?p=70790\"},\"wordCount\":852,\"commentCount\":0,\"image\":{\"@id\":\"https:\\\/\\\/kibrisdakik.com\\\/?p=70790#primaryimage\"},\"thumbnailUrl\":\"https:\\\/\\\/kibrisdakik.com\\\/wp-content\\\/uploads\\\/2024\\\/12\\\/engelliler-spor-fed-tatar8-740x420.jpg\",\"articleSection\":[\"K\u0131br\u0131s\"],\"inLanguage\":\"tr\",\"potentialAction\":[{\"@type\":\"CommentAction\",\"name\":\"Comment\",\"target\":[\"https:\\\/\\\/kibrisdakik.com\\\/?p=70790#respond\"]}]},{\"@type\":\"WebPage\",\"@id\":\"https:\\\/\\\/kibrisdakik.com\\\/?p=70790\",\"url\":\"https:\\\/\\\/kibrisdakik.com\\\/?p=70790\",\"name\":\"Cumhurba\u015fkan\u0131 Tatar ve e\u015fi Sibel Tatar, Engelliler Spor Federasyonu Dayan\u0131\u015fma Gecesi\u2019ne kat\u0131ld\u0131 -\",\"isPartOf\":{\"@id\":\"https:\\\/\\\/kibrisdakik.com\\\/#website\"},\"primaryImageOfPage\":{\"@id\":\"https:\\\/\\\/kibrisdakik.com\\\/?p=70790#primaryimage\"},\"image\":{\"@id\":\"https:\\\/\\\/kibrisdakik.com\\\/?p=70790#primaryimage\"},\"thumbnailUrl\":\"https:\\\/\\\/kibrisdakik.com\\\/wp-content\\\/uploads\\\/2024\\\/12\\\/engelliler-spor-fed-tatar8-740x420.jpg\",\"datePublished\":\"2024-12-04T15:18:21+00:00\",\"author\":{\"@id\":\"https:\\\/\\\/kibrisdakik.com\\\/#\\\/schema\\\/person\\\/9cd9d437bbb44f72b73ba127e06d8e79\"},\"breadcrumb\":{\"@id\":\"https:\\\/\\\/kibrisdakik.com\\\/?p=70790#breadcrumb\"},\"inLanguage\":\"tr\",\"potentialAction\":[{\"@type\":\"ReadAction\",\"target\":[\"https:\\\/\\\/kibrisdakik.com\\\/?p=70790\"]}]},{\"@type\":\"ImageObject\",\"inLanguage\":\"tr\",\"@id\":\"https:\\\/\\\/kibrisdakik.com\\\/?p=70790#primaryimage\",\"url\":\"https:\\\/\\\/kibrisdakik.com\\\/wp-content\\\/uploads\\\/2024\\\/12\\\/engelliler-spor-fed-tatar8-740x420.jpg\",\"contentUrl\":\"https:\\\/\\\/kibrisdakik.com\\\/wp-content\\\/uploads\\\/2024\\\/12\\\/engelliler-spor-fed-tatar8-740x420.jpg\",\"width\":1600,\"height\":1066},{\"@type\":\"BreadcrumbList\",\"@id\":\"https:\\\/\\\/kibrisdakik.com\\\/?p=70790#breadcrumb\",\"itemListElement\":[{\"@type\":\"ListItem\",\"position\":1,\"name\":\"Home\",\"item\":\"https:\\\/\\\/kibrisdakik.com\\\/\"},{\"@type\":\"ListItem\",\"position\":2,\"name\":\"Cumhurba\u015fkan\u0131 Tatar ve e\u015fi Sibel Tatar, Engelliler Spor Federasyonu Dayan\u0131\u015fma Gecesi\u2019ne kat\u0131ld\u0131\"}]},{\"@type\":\"WebSite\",\"@id\":\"https:\\\/\\\/kibrisdakik.com\\\/#website\",\"url\":\"https:\\\/\\\/kibrisdakik.com\\\/\",\"name\":\"\",\"description\":\"Tam vaktinde haber\",\"potentialAction\":[{\"@type\":\"SearchAction\",\"target\":{\"@type\":\"EntryPoint\",\"urlTemplate\":\"https:\\\/\\\/kibrisdakik.com\\\/?s={search_term_string}\"},\"query-input\":{\"@type\":\"PropertyValueSpecification\",\"valueRequired\":true,\"valueName\":\"search_term_string\"}}],\"inLanguage\":\"tr\"},{\"@type\":\"Person\",\"@id\":\"https:\\\/\\\/kibrisdakik.com\\\/#\\\/schema\\\/person\\\/9cd9d437bbb44f72b73ba127e06d8e79\",\"name\":\"admin\",\"image\":{\"@type\":\"ImageObject\",\"inLanguage\":\"tr\",\"@id\":\"https:\\\/\\\/secure.gravatar.com\\\/avatar\\\/ccc17943b9d660506c869530f897617f7cb1c21a4bf30023f252596d83e1f007?s=96&d=mm&r=g\",\"url\":\"https:\\\/\\\/secure.gravatar.com\\\/avatar\\\/ccc17943b9d660506c869530f897617f7cb1c21a4bf30023f252596d83e1f007?s=96&d=mm&r=g\",\"contentUrl\":\"https:\\\/\\\/secure.gravatar.com\\\/avatar\\\/ccc17943b9d660506c869530f897617f7cb1c21a4bf30023f252596d83e1f007?s=96&d=mm&r=g\",\"caption\":\"admin\"},\"sameAs\":[\"https:\\\/\\\/kibrisdakik.com\"],\"url\":\"https:\\\/\\\/kibrisdakik.com\\\/?author=1\"}]}<\/script>\n<!-- \/ Yoast SEO plugin. -->","yoast_head_json":{"title":"Cumhurba\u015fkan\u0131 Tatar ve e\u015fi Sibel Tatar, Engelliler Spor Federasyonu Dayan\u0131\u015fma Gecesi\u2019ne kat\u0131ld\u0131 -","robots":{"index":"index","follow":"follow","max-snippet":"max-snippet:-1","max-image-preview":"max-image-preview:large","max-video-preview":"max-video-preview:-1"},"canonical":"https:\/\/kibrisdakik.com\/?p=70790","og_locale":"tr_TR","og_type":"article","og_title":"Cumhurba\u015fkan\u0131 Tatar ve e\u015fi Sibel Tatar, Engelliler Spor Federasyonu Dayan\u0131\u015fma Gecesi\u2019ne kat\u0131ld\u0131 -","og_description":"Cumhurba\u015fkan\u0131 Ersin Tatar ve e\u015fi Sibel Tatar, 3 Aral\u0131k D\u00fcnya Engelliler G\u00fcn\u00fc vesilesiyle Engelliler Spor Federasyonu\u2019nun d\u00fczenledi\u011fi dayan\u0131\u015fma gecesine kat\u0131ld\u0131. Cumhurba\u015fkanl\u0131\u011f\u0131\u2019ndan yap\u0131lan a\u00e7\u0131klamaya g\u00f6re Tatar, \u201cEngellilerimiz yaln\u0131z de\u011fildir. Engelleri birlikte a\u015faca\u011f\u0131z. \u00dclkede ya\u015fayan 6 bin engelli bireyin hayat\u0131n\u0131n kolayla\u015ft\u0131r\u0131lmas\u0131 i\u00e7in gerekli d\u00fczenlemelerin yap\u0131lmas\u0131n\u0131n takip\u00e7isi olaca\u011f\u0131z.\u201d dedi. Tatar, gecede yapt\u0131\u011f\u0131 konu\u015fmada dayan\u0131\u015fma gecesinde bulunmaktan duydu\u011fu memnuniyeti","og_url":"https:\/\/kibrisdakik.com\/?p=70790","article_published_time":"2024-12-04T15:18:21+00:00","og_image":[{"width":1600,"height":1066,"url":"https:\/\/kibrisdakik.com\/wp-content\/uploads\/2024\/12\/engelliler-spor-fed-tatar8-740x420.jpg","type":"image\/jpeg"}],"author":"admin","twitter_card":"summary_large_image","twitter_misc":{"Yazan:":"admin","Tahmini okuma s\u00fcresi":"4 dakika"},"schema":{"@context":"https:\/\/schema.org","@graph":[{"@type":"Article","@id":"https:\/\/kibrisdakik.com\/?p=70790#article","isPartOf":{"@id":"https:\/\/kibrisdakik.com\/?p=70790"},"author":{"name":"admin","@id":"https:\/\/kibrisdakik.com\/#\/schema\/person\/9cd9d437bbb44f72b73ba127e06d8e79"},"headline":"Cumhurba\u015fkan\u0131 Tatar ve e\u015fi Sibel Tatar, Engelliler Spor Federasyonu Dayan\u0131\u015fma Gecesi\u2019ne kat\u0131ld\u0131","datePublished":"2024-12-04T15:18:21+00:00","mainEntityOfPage":{"@id":"https:\/\/kibrisdakik.com\/?p=70790"},"wordCount":852,"commentCount":0,"image":{"@id":"https:\/\/kibrisdakik.com\/?p=70790#primaryimage"},"thumbnailUrl":"https:\/\/kibrisdakik.com\/wp-content\/uploads\/2024\/12\/engelliler-spor-fed-tatar8-740x420.jpg","articleSection":["K\u0131br\u0131s"],"inLanguage":"tr","potentialAction":[{"@type":"CommentAction","name":"Comment","target":["https:\/\/kibrisdakik.com\/?p=70790#respond"]}]},{"@type":"WebPage","@id":"https:\/\/kibrisdakik.com\/?p=70790","url":"https:\/\/kibrisdakik.com\/?p=70790","name":"Cumhurba\u015fkan\u0131 Tatar ve e\u015fi Sibel Tatar, Engelliler Spor Federasyonu Dayan\u0131\u015fma Gecesi\u2019ne kat\u0131ld\u0131 -","isPartOf":{"@id":"https:\/\/kibrisdakik.com\/#website"},"primaryImageOfPage":{"@id":"https:\/\/kibrisdakik.com\/?p=70790#primaryimage"},"image":{"@id":"https:\/\/kibrisdakik.com\/?p=70790#primaryimage"},"thumbnailUrl":"https:\/\/kibrisdakik.com\/wp-content\/uploads\/2024\/12\/engelliler-spor-fed-tatar8-740x420.jpg","datePublished":"2024-12-04T15:18:21+00:00","author":{"@id":"https:\/\/kibrisdakik.com\/#\/schema\/person\/9cd9d437bbb44f72b73ba127e06d8e79"},"breadcrumb":{"@id":"https:\/\/kibrisdakik.com\/?p=70790#breadcrumb"},"inLanguage":"tr","potentialAction":[{"@type":"ReadAction","target":["https:\/\/kibrisdakik.com\/?p=70790"]}]},{"@type":"ImageObject","inLanguage":"tr","@id":"https:\/\/kibrisdakik.com\/?p=70790#primaryimage","url":"https:\/\/kibrisdakik.com\/wp-content\/uploads\/2024\/12\/engelliler-spor-fed-tatar8-740x420.jpg","contentUrl":"https:\/\/kibrisdakik.com\/wp-content\/uploads\/2024\/12\/engelliler-spor-fed-tatar8-740x420.jpg","width":1600,"height":1066},{"@type":"BreadcrumbList","@id":"https:\/\/kibrisdakik.com\/?p=70790#breadcrumb","itemListElement":[{"@type":"ListItem","position":1,"name":"Home","item":"https:\/\/kibrisdakik.com\/"},{"@type":"ListItem","position":2,"name":"Cumhurba\u015fkan\u0131 Tatar ve e\u015fi Sibel Tatar, Engelliler Spor Federasyonu Dayan\u0131\u015fma Gecesi\u2019ne kat\u0131ld\u0131"}]},{"@type":"WebSite","@id":"https:\/\/kibrisdakik.com\/#website","url":"https:\/\/kibrisdakik.com\/","name":"","description":"Tam vaktinde haber","potentialAction":[{"@type":"SearchAction","target":{"@type":"EntryPoint","urlTemplate":"https:\/\/kibrisdakik.com\/?s={search_term_string}"},"query-input":{"@type":"PropertyValueSpecification","valueRequired":true,"valueName":"search_term_string"}}],"inLanguage":"tr"},{"@type":"Person","@id":"https:\/\/kibrisdakik.com\/#\/schema\/person\/9cd9d437bbb44f72b73ba127e06d8e79","name":"admin","image":{"@type":"ImageObject","inLanguage":"tr","@id":"https:\/\/secure.gravatar.com\/avatar\/ccc17943b9d660506c869530f897617f7cb1c21a4bf30023f252596d83e1f007?s=96&d=mm&r=g","url":"https:\/\/secure.gravatar.com\/avatar\/ccc17943b9d660506c869530f897617f7cb1c21a4bf30023f252596d83e1f007?s=96&d=mm&r=g","contentUrl":"https:\/\/secure.gravatar.com\/avatar\/ccc17943b9d660506c869530f897617f7cb1c21a4bf30023f252596d83e1f007?s=96&d=mm&r=g","caption":"admin"},"sameAs":["https:\/\/kibrisdakik.com"],"url":"https:\/\/kibrisdakik.com\/?author=1"}]}},"_links":{"self":[{"href":"https:\/\/kibrisdakik.com\/index.php?rest_route=\/wp\/v2\/posts\/70790","targetHints":{"allow":["GET"]}}],"collection":[{"href":"https:\/\/kibrisdakik.com\/index.php?rest_route=\/wp\/v2\/posts"}],"about":[{"href":"https:\/\/kibrisdakik.com\/index.php?rest_route=\/wp\/v2\/types\/post"}],"author":[{"embeddable":true,"href":"https:\/\/kibrisdakik.com\/index.php?rest_route=\/wp\/v2\/users\/1"}],"replies":[{"embeddable":true,"href":"https:\/\/kibrisdakik.com\/index.php?rest_route=%2Fwp%2Fv2%2Fcomments&post=70790"}],"version-history":[{"count":0,"href":"https:\/\/kibrisdakik.com\/index.php?rest_route=\/wp\/v2\/posts\/70790\/revisions"}],"wp:featuredmedia":[{"embeddable":true,"href":"https:\/\/kibrisdakik.com\/index.php?rest_route=\/wp\/v2\/media\/70791"}],"wp:attachment":[{"href":"https:\/\/kibrisdakik.com\/index.php?rest_route=%2Fwp%2Fv2%2Fmedia&parent=70790"}],"wp:term":[{"taxonomy":"category","embeddable":true,"href":"https:\/\/kibrisdakik.com\/index.php?rest_route=%2Fwp%2Fv2%2Fcategories&post=70790"},{"taxonomy":"post_tag","embeddable":true,"href":"https:\/\/kibrisdakik.com\/index.php?rest_route=%2Fwp%2Fv2%2Ftags&post=70790"}],"curies":[{"name":"wp","href":"https:\/\/api.w.org\/{rel}","templated":true}]}}