{"id":70801,"date":"2024-12-04T19:16:06","date_gmt":"2024-12-04T16:16:06","guid":{"rendered":"https:\/\/kibrisdakik.com\/index.php\/2024\/12\/04\/engelli-bireylere-yonelik-farkindalik-olusturmak-amaciyla-klip-cekildi\/"},"modified":"2024-12-04T19:16:06","modified_gmt":"2024-12-04T16:16:06","slug":"engelli-bireylere-yonelik-farkindalik-olusturmak-amaciyla-klip-cekildi","status":"publish","type":"post","link":"https:\/\/kibrisdakik.com\/?p=70801","title":{"rendered":"Engelli bireylere y\u00f6nelik fark\u0131ndal\u0131k olu\u015fturmak amac\u0131yla klip \u00e7ekildi"},"content":{"rendered":"<div>\n<div class=\"mariselle-image-container center\">\n                                            <\/div>\n<p>\tSosyal Hizmetler Dairesi\u2019ne ba\u011fl\u0131 Demirhan Engelsiz Ya\u015fam Evi \u00d6\u011fretmenleri ve \u00e7al\u0131\u015fanlar\u0131, 3 Aral\u0131k D\u00fcnya Engelliler G\u00fcn\u00fc\u2019nde  engelli bireylere y\u00f6nelik fark\u0131ndal\u0131k olu\u015fturmak amac\u0131yla  klip \u00e7ekti.<\/p>\n<p>\tEngelsiz Ya\u015fam Evi Merkezi  \u00f6\u011fretmenlerinin yaz\u0131p besteledi\u011fi \u015fark\u0131, \u00f6\u011fretmenler ve merkeze devam eden \u00f6zel gereksinimli gen\u00e7ler taraf\u0131ndan seslendirildi.<\/p>\n<p>\t\u00c7al\u0131\u015fma ve Sosyal G\u00fcvenlik Bakan\u0131 Sad\u0131k Gardiyano\u011flu, Sosyal Hizmetler Dairesi M\u00fcd\u00fcr\u00fc Alev Ecevit ve Engelsiz Ya\u015fam\u0131 Destekleme Derne\u011fi Ba\u015fkan\u0131 G\u00fcliz Kaner de klipte yer alarak, engelliler i\u00e7in yarat\u0131lan fark\u0131ndal\u0131\u011fa katk\u0131 koydu.<\/p>\n<p><iframe loading=\"lazy\" src=\"https:\/\/www.facebook.com\/plugins\/video.php?height=317&amp;href=https%3A%2F%2Fwww.facebook.com%2Fbrtsosyalmedya%2Fvideos%2F577934734837240%2F&amp;show_text=false&amp;width=560&amp;t=0\" width=\"560\" height=\"317\" style=\"border:none;overflow:hidden\" scrolling=\"no\" frameborder=\"0\" allowfullscreen=\"true\" allow=\"autoplay; clipboard-write; encrypted-media; picture-in-picture; web-share\"><\/iframe><\/p>\n<\/p><\/div>\n<p><script async\n                    defer\n                    crossorigin=\"anonymous\"\n                    src=\"https:\/\/connect.facebook.net\/tr_TR\/sdk.js#xfbml=1&#038;version=v3.3\"\n            ><\/script><\/p>\n","protected":false},"excerpt":{"rendered":"<p>Sosyal Hizmetler Dairesi\u2019ne ba\u011fl\u0131 Demirhan Engelsiz Ya\u015fam Evi \u00d6\u011fretmenleri ve \u00e7al\u0131\u015fanlar\u0131, 3 Aral\u0131k D\u00fcnya Engelliler G\u00fcn\u00fc\u2019nde engelli bireylere y\u00f6nelik fark\u0131ndal\u0131k olu\u015fturmak amac\u0131yla klip \u00e7ekti. Engelsiz Ya\u015fam Evi Merkezi \u00f6\u011fretmenlerinin yaz\u0131p besteledi\u011fi \u015fark\u0131, \u00f6\u011fretmenler ve merkeze devam eden \u00f6zel gereksinimli gen\u00e7ler taraf\u0131ndan seslendirildi. \u00c7al\u0131\u015fma ve Sosyal G\u00fcvenlik Bakan\u0131 Sad\u0131k Gardiyano\u011flu, Sosyal Hizmetler Dairesi M\u00fcd\u00fcr\u00fc Alev Ecevit<\/p>\n","protected":false},"author":1,"featured_media":70802,"comment_status":"open","ping_status":"open","sticky":false,"template":"","format":"standard","meta":{"footnotes":""},"categories":[81],"tags":[],"class_list":["post-70801","post","type-post","status-publish","format-standard","has-post-thumbnail","hentry","category-kibris"],"yoast_head":"<!-- This site is optimized with the Yoast SEO plugin v27.4 - https:\/\/yoast.com\/product\/yoast-seo-wordpress\/ -->\n<title>Engelli bireylere y\u00f6nelik fark\u0131ndal\u0131k olu\u015fturmak amac\u0131yla klip \u00e7ekildi -<\/title>\n<meta name=\"robots\" content=\"index, follow, max-snippet:-1, max-image-preview:large, max-video-preview:-1\" \/>\n<link rel=\"canonical\" href=\"https:\/\/kibrisdakik.com\/?p=70801\" \/>\n<meta property=\"og:locale\" content=\"tr_TR\" \/>\n<meta property=\"og:type\" content=\"article\" \/>\n<meta property=\"og:title\" content=\"Engelli bireylere y\u00f6nelik fark\u0131ndal\u0131k olu\u015fturmak amac\u0131yla klip \u00e7ekildi -\" \/>\n<meta property=\"og:description\" content=\"Sosyal Hizmetler Dairesi\u2019ne ba\u011fl\u0131 Demirhan Engelsiz Ya\u015fam Evi \u00d6\u011fretmenleri ve \u00e7al\u0131\u015fanlar\u0131, 3 Aral\u0131k D\u00fcnya Engelliler G\u00fcn\u00fc\u2019nde engelli bireylere y\u00f6nelik fark\u0131ndal\u0131k olu\u015fturmak amac\u0131yla klip \u00e7ekti. Engelsiz Ya\u015fam Evi Merkezi \u00f6\u011fretmenlerinin yaz\u0131p besteledi\u011fi \u015fark\u0131, \u00f6\u011fretmenler ve merkeze devam eden \u00f6zel gereksinimli gen\u00e7ler taraf\u0131ndan seslendirildi. \u00c7al\u0131\u015fma ve Sosyal G\u00fcvenlik Bakan\u0131 Sad\u0131k Gardiyano\u011flu, Sosyal Hizmetler Dairesi M\u00fcd\u00fcr\u00fc Alev Ecevit\" \/>\n<meta property=\"og:url\" content=\"https:\/\/kibrisdakik.com\/?p=70801\" \/>\n<meta property=\"article:published_time\" content=\"2024-12-04T16:16:06+00:00\" \/>\n<meta property=\"og:image\" content=\"https:\/\/kibrisdakik.com\/wp-content\/uploads\/2024\/12\/asdsaksdsa-740x420.jpg\" \/>\n\t<meta property=\"og:image:width\" content=\"895\" \/>\n\t<meta property=\"og:image:height\" content=\"443\" \/>\n\t<meta property=\"og:image:type\" content=\"image\/jpeg\" \/>\n<meta name=\"author\" content=\"admin\" \/>\n<meta name=\"twitter:card\" content=\"summary_large_image\" \/>\n<meta name=\"twitter:label1\" content=\"Yazan:\" \/>\n\t<meta name=\"twitter:data1\" content=\"admin\" \/>\n\t<meta name=\"twitter:label2\" content=\"Tahmini okuma s\u00fcresi\" \/>\n\t<meta name=\"twitter:data2\" content=\"1 dakika\" \/>\n<script type=\"application\/ld+json\" class=\"yoast-schema-graph\">{\"@context\":\"https:\\\/\\\/schema.org\",\"@graph\":[{\"@type\":\"Article\",\"@id\":\"https:\\\/\\\/kibrisdakik.com\\\/?p=70801#article\",\"isPartOf\":{\"@id\":\"https:\\\/\\\/kibrisdakik.com\\\/?p=70801\"},\"author\":{\"name\":\"admin\",\"@id\":\"https:\\\/\\\/kibrisdakik.com\\\/#\\\/schema\\\/person\\\/9cd9d437bbb44f72b73ba127e06d8e79\"},\"headline\":\"Engelli bireylere y\u00f6nelik fark\u0131ndal\u0131k olu\u015fturmak amac\u0131yla klip \u00e7ekildi\",\"datePublished\":\"2024-12-04T16:16:06+00:00\",\"mainEntityOfPage\":{\"@id\":\"https:\\\/\\\/kibrisdakik.com\\\/?p=70801\"},\"wordCount\":117,\"commentCount\":0,\"image\":{\"@id\":\"https:\\\/\\\/kibrisdakik.com\\\/?p=70801#primaryimage\"},\"thumbnailUrl\":\"https:\\\/\\\/kibrisdakik.com\\\/wp-content\\\/uploads\\\/2024\\\/12\\\/asdsaksdsa-740x420.jpg\",\"articleSection\":[\"K\u0131br\u0131s\"],\"inLanguage\":\"tr\",\"potentialAction\":[{\"@type\":\"CommentAction\",\"name\":\"Comment\",\"target\":[\"https:\\\/\\\/kibrisdakik.com\\\/?p=70801#respond\"]}]},{\"@type\":\"WebPage\",\"@id\":\"https:\\\/\\\/kibrisdakik.com\\\/?p=70801\",\"url\":\"https:\\\/\\\/kibrisdakik.com\\\/?p=70801\",\"name\":\"Engelli bireylere y\u00f6nelik fark\u0131ndal\u0131k olu\u015fturmak amac\u0131yla klip \u00e7ekildi -\",\"isPartOf\":{\"@id\":\"https:\\\/\\\/kibrisdakik.com\\\/#website\"},\"primaryImageOfPage\":{\"@id\":\"https:\\\/\\\/kibrisdakik.com\\\/?p=70801#primaryimage\"},\"image\":{\"@id\":\"https:\\\/\\\/kibrisdakik.com\\\/?p=70801#primaryimage\"},\"thumbnailUrl\":\"https:\\\/\\\/kibrisdakik.com\\\/wp-content\\\/uploads\\\/2024\\\/12\\\/asdsaksdsa-740x420.jpg\",\"datePublished\":\"2024-12-04T16:16:06+00:00\",\"author\":{\"@id\":\"https:\\\/\\\/kibrisdakik.com\\\/#\\\/schema\\\/person\\\/9cd9d437bbb44f72b73ba127e06d8e79\"},\"breadcrumb\":{\"@id\":\"https:\\\/\\\/kibrisdakik.com\\\/?p=70801#breadcrumb\"},\"inLanguage\":\"tr\",\"potentialAction\":[{\"@type\":\"ReadAction\",\"target\":[\"https:\\\/\\\/kibrisdakik.com\\\/?p=70801\"]}]},{\"@type\":\"ImageObject\",\"inLanguage\":\"tr\",\"@id\":\"https:\\\/\\\/kibrisdakik.com\\\/?p=70801#primaryimage\",\"url\":\"https:\\\/\\\/kibrisdakik.com\\\/wp-content\\\/uploads\\\/2024\\\/12\\\/asdsaksdsa-740x420.jpg\",\"contentUrl\":\"https:\\\/\\\/kibrisdakik.com\\\/wp-content\\\/uploads\\\/2024\\\/12\\\/asdsaksdsa-740x420.jpg\",\"width\":895,\"height\":443},{\"@type\":\"BreadcrumbList\",\"@id\":\"https:\\\/\\\/kibrisdakik.com\\\/?p=70801#breadcrumb\",\"itemListElement\":[{\"@type\":\"ListItem\",\"position\":1,\"name\":\"Home\",\"item\":\"https:\\\/\\\/kibrisdakik.com\\\/\"},{\"@type\":\"ListItem\",\"position\":2,\"name\":\"Engelli bireylere y\u00f6nelik fark\u0131ndal\u0131k olu\u015fturmak amac\u0131yla klip \u00e7ekildi\"}]},{\"@type\":\"WebSite\",\"@id\":\"https:\\\/\\\/kibrisdakik.com\\\/#website\",\"url\":\"https:\\\/\\\/kibrisdakik.com\\\/\",\"name\":\"\",\"description\":\"Tam vaktinde haber\",\"potentialAction\":[{\"@type\":\"SearchAction\",\"target\":{\"@type\":\"EntryPoint\",\"urlTemplate\":\"https:\\\/\\\/kibrisdakik.com\\\/?s={search_term_string}\"},\"query-input\":{\"@type\":\"PropertyValueSpecification\",\"valueRequired\":true,\"valueName\":\"search_term_string\"}}],\"inLanguage\":\"tr\"},{\"@type\":\"Person\",\"@id\":\"https:\\\/\\\/kibrisdakik.com\\\/#\\\/schema\\\/person\\\/9cd9d437bbb44f72b73ba127e06d8e79\",\"name\":\"admin\",\"image\":{\"@type\":\"ImageObject\",\"inLanguage\":\"tr\",\"@id\":\"https:\\\/\\\/secure.gravatar.com\\\/avatar\\\/ccc17943b9d660506c869530f897617f7cb1c21a4bf30023f252596d83e1f007?s=96&d=mm&r=g\",\"url\":\"https:\\\/\\\/secure.gravatar.com\\\/avatar\\\/ccc17943b9d660506c869530f897617f7cb1c21a4bf30023f252596d83e1f007?s=96&d=mm&r=g\",\"contentUrl\":\"https:\\\/\\\/secure.gravatar.com\\\/avatar\\\/ccc17943b9d660506c869530f897617f7cb1c21a4bf30023f252596d83e1f007?s=96&d=mm&r=g\",\"caption\":\"admin\"},\"sameAs\":[\"https:\\\/\\\/kibrisdakik.com\"],\"url\":\"https:\\\/\\\/kibrisdakik.com\\\/?author=1\"}]}<\/script>\n<!-- \/ Yoast SEO plugin. -->","yoast_head_json":{"title":"Engelli bireylere y\u00f6nelik fark\u0131ndal\u0131k olu\u015fturmak amac\u0131yla klip \u00e7ekildi -","robots":{"index":"index","follow":"follow","max-snippet":"max-snippet:-1","max-image-preview":"max-image-preview:large","max-video-preview":"max-video-preview:-1"},"canonical":"https:\/\/kibrisdakik.com\/?p=70801","og_locale":"tr_TR","og_type":"article","og_title":"Engelli bireylere y\u00f6nelik fark\u0131ndal\u0131k olu\u015fturmak amac\u0131yla klip \u00e7ekildi -","og_description":"Sosyal Hizmetler Dairesi\u2019ne ba\u011fl\u0131 Demirhan Engelsiz Ya\u015fam Evi \u00d6\u011fretmenleri ve \u00e7al\u0131\u015fanlar\u0131, 3 Aral\u0131k D\u00fcnya Engelliler G\u00fcn\u00fc\u2019nde engelli bireylere y\u00f6nelik fark\u0131ndal\u0131k olu\u015fturmak amac\u0131yla klip \u00e7ekti. Engelsiz Ya\u015fam Evi Merkezi \u00f6\u011fretmenlerinin yaz\u0131p besteledi\u011fi \u015fark\u0131, \u00f6\u011fretmenler ve merkeze devam eden \u00f6zel gereksinimli gen\u00e7ler taraf\u0131ndan seslendirildi. \u00c7al\u0131\u015fma ve Sosyal G\u00fcvenlik Bakan\u0131 Sad\u0131k Gardiyano\u011flu, Sosyal Hizmetler Dairesi M\u00fcd\u00fcr\u00fc Alev Ecevit","og_url":"https:\/\/kibrisdakik.com\/?p=70801","article_published_time":"2024-12-04T16:16:06+00:00","og_image":[{"width":895,"height":443,"url":"https:\/\/kibrisdakik.com\/wp-content\/uploads\/2024\/12\/asdsaksdsa-740x420.jpg","type":"image\/jpeg"}],"author":"admin","twitter_card":"summary_large_image","twitter_misc":{"Yazan:":"admin","Tahmini okuma s\u00fcresi":"1 dakika"},"schema":{"@context":"https:\/\/schema.org","@graph":[{"@type":"Article","@id":"https:\/\/kibrisdakik.com\/?p=70801#article","isPartOf":{"@id":"https:\/\/kibrisdakik.com\/?p=70801"},"author":{"name":"admin","@id":"https:\/\/kibrisdakik.com\/#\/schema\/person\/9cd9d437bbb44f72b73ba127e06d8e79"},"headline":"Engelli bireylere y\u00f6nelik fark\u0131ndal\u0131k olu\u015fturmak amac\u0131yla klip \u00e7ekildi","datePublished":"2024-12-04T16:16:06+00:00","mainEntityOfPage":{"@id":"https:\/\/kibrisdakik.com\/?p=70801"},"wordCount":117,"commentCount":0,"image":{"@id":"https:\/\/kibrisdakik.com\/?p=70801#primaryimage"},"thumbnailUrl":"https:\/\/kibrisdakik.com\/wp-content\/uploads\/2024\/12\/asdsaksdsa-740x420.jpg","articleSection":["K\u0131br\u0131s"],"inLanguage":"tr","potentialAction":[{"@type":"CommentAction","name":"Comment","target":["https:\/\/kibrisdakik.com\/?p=70801#respond"]}]},{"@type":"WebPage","@id":"https:\/\/kibrisdakik.com\/?p=70801","url":"https:\/\/kibrisdakik.com\/?p=70801","name":"Engelli bireylere y\u00f6nelik fark\u0131ndal\u0131k olu\u015fturmak amac\u0131yla klip \u00e7ekildi -","isPartOf":{"@id":"https:\/\/kibrisdakik.com\/#website"},"primaryImageOfPage":{"@id":"https:\/\/kibrisdakik.com\/?p=70801#primaryimage"},"image":{"@id":"https:\/\/kibrisdakik.com\/?p=70801#primaryimage"},"thumbnailUrl":"https:\/\/kibrisdakik.com\/wp-content\/uploads\/2024\/12\/asdsaksdsa-740x420.jpg","datePublished":"2024-12-04T16:16:06+00:00","author":{"@id":"https:\/\/kibrisdakik.com\/#\/schema\/person\/9cd9d437bbb44f72b73ba127e06d8e79"},"breadcrumb":{"@id":"https:\/\/kibrisdakik.com\/?p=70801#breadcrumb"},"inLanguage":"tr","potentialAction":[{"@type":"ReadAction","target":["https:\/\/kibrisdakik.com\/?p=70801"]}]},{"@type":"ImageObject","inLanguage":"tr","@id":"https:\/\/kibrisdakik.com\/?p=70801#primaryimage","url":"https:\/\/kibrisdakik.com\/wp-content\/uploads\/2024\/12\/asdsaksdsa-740x420.jpg","contentUrl":"https:\/\/kibrisdakik.com\/wp-content\/uploads\/2024\/12\/asdsaksdsa-740x420.jpg","width":895,"height":443},{"@type":"BreadcrumbList","@id":"https:\/\/kibrisdakik.com\/?p=70801#breadcrumb","itemListElement":[{"@type":"ListItem","position":1,"name":"Home","item":"https:\/\/kibrisdakik.com\/"},{"@type":"ListItem","position":2,"name":"Engelli bireylere y\u00f6nelik fark\u0131ndal\u0131k olu\u015fturmak amac\u0131yla klip \u00e7ekildi"}]},{"@type":"WebSite","@id":"https:\/\/kibrisdakik.com\/#website","url":"https:\/\/kibrisdakik.com\/","name":"","description":"Tam vaktinde haber","potentialAction":[{"@type":"SearchAction","target":{"@type":"EntryPoint","urlTemplate":"https:\/\/kibrisdakik.com\/?s={search_term_string}"},"query-input":{"@type":"PropertyValueSpecification","valueRequired":true,"valueName":"search_term_string"}}],"inLanguage":"tr"},{"@type":"Person","@id":"https:\/\/kibrisdakik.com\/#\/schema\/person\/9cd9d437bbb44f72b73ba127e06d8e79","name":"admin","image":{"@type":"ImageObject","inLanguage":"tr","@id":"https:\/\/secure.gravatar.com\/avatar\/ccc17943b9d660506c869530f897617f7cb1c21a4bf30023f252596d83e1f007?s=96&d=mm&r=g","url":"https:\/\/secure.gravatar.com\/avatar\/ccc17943b9d660506c869530f897617f7cb1c21a4bf30023f252596d83e1f007?s=96&d=mm&r=g","contentUrl":"https:\/\/secure.gravatar.com\/avatar\/ccc17943b9d660506c869530f897617f7cb1c21a4bf30023f252596d83e1f007?s=96&d=mm&r=g","caption":"admin"},"sameAs":["https:\/\/kibrisdakik.com"],"url":"https:\/\/kibrisdakik.com\/?author=1"}]}},"_links":{"self":[{"href":"https:\/\/kibrisdakik.com\/index.php?rest_route=\/wp\/v2\/posts\/70801","targetHints":{"allow":["GET"]}}],"collection":[{"href":"https:\/\/kibrisdakik.com\/index.php?rest_route=\/wp\/v2\/posts"}],"about":[{"href":"https:\/\/kibrisdakik.com\/index.php?rest_route=\/wp\/v2\/types\/post"}],"author":[{"embeddable":true,"href":"https:\/\/kibrisdakik.com\/index.php?rest_route=\/wp\/v2\/users\/1"}],"replies":[{"embeddable":true,"href":"https:\/\/kibrisdakik.com\/index.php?rest_route=%2Fwp%2Fv2%2Fcomments&post=70801"}],"version-history":[{"count":0,"href":"https:\/\/kibrisdakik.com\/index.php?rest_route=\/wp\/v2\/posts\/70801\/revisions"}],"wp:featuredmedia":[{"embeddable":true,"href":"https:\/\/kibrisdakik.com\/index.php?rest_route=\/wp\/v2\/media\/70802"}],"wp:attachment":[{"href":"https:\/\/kibrisdakik.com\/index.php?rest_route=%2Fwp%2Fv2%2Fmedia&parent=70801"}],"wp:term":[{"taxonomy":"category","embeddable":true,"href":"https:\/\/kibrisdakik.com\/index.php?rest_route=%2Fwp%2Fv2%2Fcategories&post=70801"},{"taxonomy":"post_tag","embeddable":true,"href":"https:\/\/kibrisdakik.com\/index.php?rest_route=%2Fwp%2Fv2%2Ftags&post=70801"}],"curies":[{"name":"wp","href":"https:\/\/api.w.org\/{rel}","templated":true}]}}