{"id":70820,"date":"2024-12-05T12:53:05","date_gmt":"2024-12-05T09:53:05","guid":{"rendered":"https:\/\/kibrisdakik.com\/index.php\/2024\/12\/05\/ataoglundan-deprem-aciklamasi-insaatlari-guclendirip-depreme-dayanikli-hale-getirecegiz\/"},"modified":"2024-12-05T12:53:05","modified_gmt":"2024-12-05T09:53:05","slug":"ataoglundan-deprem-aciklamasi-insaatlari-guclendirip-depreme-dayanikli-hale-getirecegiz","status":"publish","type":"post","link":"https:\/\/kibrisdakik.com\/?p=70820","title":{"rendered":"Atao\u011flu\u2019ndan deprem a\u00e7\u0131klamas\u0131: \u2018\u0130n\u015faatlar\u0131 g\u00fc\u00e7lendirip depreme dayan\u0131kl\u0131 hale getirece\u011fiz\u2019"},"content":{"rendered":"<div>\n<div class=\"mariselle-image-container center\">\n                                            <\/div>\n<p>Ba\u015fbakan Yard\u0131mc\u0131s\u0131, Turizm, K\u00fclt\u00fcr, Gen\u00e7lik ve \u00c7evre Bakan\u0131 Fikri Atao\u011flu, son g\u00fcnlerde Akdeniz b\u00f6lgesinde ger\u00e7ekle\u015fen depremler ile ilgili a\u00e7\u0131klama yapt\u0131.<\/p>\n<p>Bakanl\u0131k b\u00fcnyesinde bulunan Jeoloji ve Maden Dairesi\u2019nin T\u00fcrkiye Maden Tetkik ve Arama ve  AFAD gibi T\u00fcrkiye\u2019nin yerbilimleri alan\u0131nda \u00e7al\u0131\u015fan g\u00fczide kurumlar ile protokoller imzalad\u0131\u011f\u0131n\u0131 belirten Atao\u011flu, bu protokoller \u00e7er\u00e7evesinde, deprem konular\u0131nda hayati \u00e7al\u0131\u015fmalar ortaya koyduklar\u0131n\u0131 ifade etti.<\/p>\n<p>Atao\u011flu, bunlar\u0131n ge\u00e7 kal\u0131nm\u0131\u015f, \u00f6nemli ve gerekli \u00e7al\u0131\u015fmalar oldu\u011funu ve titizlik i\u00e7inde ve bilimsel ger\u00e7ekler \u0131\u015f\u0131\u011f\u0131nda y\u00fcr\u00fct\u00fcld\u00fc\u011f\u00fcn\u00fc kaydetti.<\/p>\n<p>Ocak ay\u0131 itibar\u0131yla konu ile ilgili y\u00fcr\u00fct\u00fclen proje sonu\u00e7lar\u0131n\u0131 kurum temsilcilerinin de olaca\u011f\u0131 bir seminerle halkla ve ilgili payda\u015f kurumlara duyurmay\u0131 ve bir rapor halinde kamuoyunun dikkatine getirmeyi hedeflediklerini aktaran Atao\u011flu, ikinci etap \u00e7al\u0131\u015fmalar\u0131n da devam edece\u011fini s\u00f6yledi. <\/p>\n<p>Atao\u011flu a\u00e7\u0131klamas\u0131nda, \u201cDepremden korkmaya gerek yok, pani\u011fe kap\u0131lacak bir durum yok. Bilim neyi gerekli k\u0131l\u0131yorsa, bizler de onu yap\u0131yoruz. Bilimin \u0131\u015f\u0131\u011f\u0131ndan \u015fa\u015fmadan, bilime g\u00fcvenerek ya\u015fam alanlar\u0131m\u0131z\u0131 yeniden revize etmek zorunday\u0131z. Bilimsel ger\u00e7eklikleri dikkate alarak, ya\u015fam\u0131m\u0131z\u0131 d\u00fczenlersek, do\u011fa olaylar\u0131 kar\u015f\u0131s\u0131nda daha g\u00fcvenli olaca\u011f\u0131m\u0131z kesindir\u201d ifadelerine yer verdi.<\/p>\n<p>Bakan Atao\u011flu, in\u015faatlar\u0131 g\u00fc\u00e7lendirip depreme dayan\u0131kl\u0131 hale getireceklerini ve sunacaklar\u0131 raporlarla depreme dayan\u0131kl\u0131l\u0131\u011f\u0131 sa\u011flayacaklar\u0131n\u0131 kaydetti.<\/p>\n<\/p><\/div>\n<p><script async\n                    defer\n                    crossorigin=\"anonymous\"\n                    src=\"https:\/\/connect.facebook.net\/tr_TR\/sdk.js#xfbml=1&#038;version=v3.3\"\n            ><\/script><\/p>\n","protected":false},"excerpt":{"rendered":"<p>Ba\u015fbakan Yard\u0131mc\u0131s\u0131, Turizm, K\u00fclt\u00fcr, Gen\u00e7lik ve \u00c7evre Bakan\u0131 Fikri Atao\u011flu, son g\u00fcnlerde Akdeniz b\u00f6lgesinde ger\u00e7ekle\u015fen depremler ile ilgili a\u00e7\u0131klama yapt\u0131. Bakanl\u0131k b\u00fcnyesinde bulunan Jeoloji ve Maden Dairesi\u2019nin T\u00fcrkiye Maden Tetkik ve Arama ve AFAD gibi T\u00fcrkiye\u2019nin yerbilimleri alan\u0131nda \u00e7al\u0131\u015fan g\u00fczide kurumlar ile protokoller imzalad\u0131\u011f\u0131n\u0131 belirten Atao\u011flu, bu protokoller \u00e7er\u00e7evesinde, deprem konular\u0131nda hayati \u00e7al\u0131\u015fmalar ortaya koyduklar\u0131n\u0131<\/p>\n","protected":false},"author":1,"featured_media":66218,"comment_status":"open","ping_status":"open","sticky":false,"template":"","format":"standard","meta":{"footnotes":""},"categories":[81],"tags":[],"class_list":["post-70820","post","type-post","status-publish","format-standard","has-post-thumbnail","hentry","category-kibris"],"yoast_head":"<!-- This site is optimized with the Yoast SEO plugin v27.5 - https:\/\/yoast.com\/product\/yoast-seo-wordpress\/ -->\n<title>Atao\u011flu\u2019ndan deprem a\u00e7\u0131klamas\u0131: \u2018\u0130n\u015faatlar\u0131 g\u00fc\u00e7lendirip depreme dayan\u0131kl\u0131 hale getirece\u011fiz\u2019 -<\/title>\n<meta name=\"robots\" content=\"index, follow, max-snippet:-1, max-image-preview:large, max-video-preview:-1\" \/>\n<link rel=\"canonical\" href=\"https:\/\/kibrisdakik.com\/?p=70820\" \/>\n<meta property=\"og:locale\" content=\"tr_TR\" \/>\n<meta property=\"og:type\" content=\"article\" \/>\n<meta property=\"og:title\" content=\"Atao\u011flu\u2019ndan deprem a\u00e7\u0131klamas\u0131: \u2018\u0130n\u015faatlar\u0131 g\u00fc\u00e7lendirip depreme dayan\u0131kl\u0131 hale getirece\u011fiz\u2019 -\" \/>\n<meta property=\"og:description\" content=\"Ba\u015fbakan Yard\u0131mc\u0131s\u0131, Turizm, K\u00fclt\u00fcr, Gen\u00e7lik ve \u00c7evre Bakan\u0131 Fikri Atao\u011flu, son g\u00fcnlerde Akdeniz b\u00f6lgesinde ger\u00e7ekle\u015fen depremler ile ilgili a\u00e7\u0131klama yapt\u0131. Bakanl\u0131k b\u00fcnyesinde bulunan Jeoloji ve Maden Dairesi\u2019nin T\u00fcrkiye Maden Tetkik ve Arama ve AFAD gibi T\u00fcrkiye\u2019nin yerbilimleri alan\u0131nda \u00e7al\u0131\u015fan g\u00fczide kurumlar ile protokoller imzalad\u0131\u011f\u0131n\u0131 belirten Atao\u011flu, bu protokoller \u00e7er\u00e7evesinde, deprem konular\u0131nda hayati \u00e7al\u0131\u015fmalar ortaya koyduklar\u0131n\u0131\" \/>\n<meta property=\"og:url\" content=\"https:\/\/kibrisdakik.com\/?p=70820\" \/>\n<meta property=\"article:published_time\" content=\"2024-12-05T09:53:05+00:00\" \/>\n<meta property=\"og:image\" content=\"https:\/\/kibrisdakik.com\/wp-content\/uploads\/2024\/10\/fikri-ataoglu1.jpg\" \/>\n\t<meta property=\"og:image:width\" content=\"360\" \/>\n\t<meta property=\"og:image:height\" content=\"270\" \/>\n\t<meta property=\"og:image:type\" content=\"image\/jpeg\" \/>\n<meta name=\"author\" content=\"admin\" \/>\n<meta name=\"twitter:card\" content=\"summary_large_image\" \/>\n<meta name=\"twitter:label1\" content=\"Yazan:\" \/>\n\t<meta name=\"twitter:data1\" content=\"admin\" \/>\n\t<meta name=\"twitter:label2\" content=\"Tahmini okuma s\u00fcresi\" \/>\n\t<meta name=\"twitter:data2\" content=\"1 dakika\" \/>\n<script type=\"application\/ld+json\" class=\"yoast-schema-graph\">{\"@context\":\"https:\\\/\\\/schema.org\",\"@graph\":[{\"@type\":\"Article\",\"@id\":\"https:\\\/\\\/kibrisdakik.com\\\/?p=70820#article\",\"isPartOf\":{\"@id\":\"https:\\\/\\\/kibrisdakik.com\\\/?p=70820\"},\"author\":{\"name\":\"admin\",\"@id\":\"https:\\\/\\\/kibrisdakik.com\\\/#\\\/schema\\\/person\\\/9cd9d437bbb44f72b73ba127e06d8e79\"},\"headline\":\"Atao\u011flu\u2019ndan deprem a\u00e7\u0131klamas\u0131: \u2018\u0130n\u015faatlar\u0131 g\u00fc\u00e7lendirip depreme dayan\u0131kl\u0131 hale getirece\u011fiz\u2019\",\"datePublished\":\"2024-12-05T09:53:05+00:00\",\"mainEntityOfPage\":{\"@id\":\"https:\\\/\\\/kibrisdakik.com\\\/?p=70820\"},\"wordCount\":272,\"commentCount\":0,\"image\":{\"@id\":\"https:\\\/\\\/kibrisdakik.com\\\/?p=70820#primaryimage\"},\"thumbnailUrl\":\"https:\\\/\\\/kibrisdakik.com\\\/wp-content\\\/uploads\\\/2024\\\/10\\\/fikri-ataoglu1.jpg\",\"articleSection\":[\"K\u0131br\u0131s\"],\"inLanguage\":\"tr\",\"potentialAction\":[{\"@type\":\"CommentAction\",\"name\":\"Comment\",\"target\":[\"https:\\\/\\\/kibrisdakik.com\\\/?p=70820#respond\"]}]},{\"@type\":\"WebPage\",\"@id\":\"https:\\\/\\\/kibrisdakik.com\\\/?p=70820\",\"url\":\"https:\\\/\\\/kibrisdakik.com\\\/?p=70820\",\"name\":\"Atao\u011flu\u2019ndan deprem a\u00e7\u0131klamas\u0131: \u2018\u0130n\u015faatlar\u0131 g\u00fc\u00e7lendirip depreme dayan\u0131kl\u0131 hale getirece\u011fiz\u2019 -\",\"isPartOf\":{\"@id\":\"https:\\\/\\\/kibrisdakik.com\\\/#website\"},\"primaryImageOfPage\":{\"@id\":\"https:\\\/\\\/kibrisdakik.com\\\/?p=70820#primaryimage\"},\"image\":{\"@id\":\"https:\\\/\\\/kibrisdakik.com\\\/?p=70820#primaryimage\"},\"thumbnailUrl\":\"https:\\\/\\\/kibrisdakik.com\\\/wp-content\\\/uploads\\\/2024\\\/10\\\/fikri-ataoglu1.jpg\",\"datePublished\":\"2024-12-05T09:53:05+00:00\",\"author\":{\"@id\":\"https:\\\/\\\/kibrisdakik.com\\\/#\\\/schema\\\/person\\\/9cd9d437bbb44f72b73ba127e06d8e79\"},\"breadcrumb\":{\"@id\":\"https:\\\/\\\/kibrisdakik.com\\\/?p=70820#breadcrumb\"},\"inLanguage\":\"tr\",\"potentialAction\":[{\"@type\":\"ReadAction\",\"target\":[\"https:\\\/\\\/kibrisdakik.com\\\/?p=70820\"]}]},{\"@type\":\"ImageObject\",\"inLanguage\":\"tr\",\"@id\":\"https:\\\/\\\/kibrisdakik.com\\\/?p=70820#primaryimage\",\"url\":\"https:\\\/\\\/kibrisdakik.com\\\/wp-content\\\/uploads\\\/2024\\\/10\\\/fikri-ataoglu1.jpg\",\"contentUrl\":\"https:\\\/\\\/kibrisdakik.com\\\/wp-content\\\/uploads\\\/2024\\\/10\\\/fikri-ataoglu1.jpg\",\"width\":360,\"height\":270},{\"@type\":\"BreadcrumbList\",\"@id\":\"https:\\\/\\\/kibrisdakik.com\\\/?p=70820#breadcrumb\",\"itemListElement\":[{\"@type\":\"ListItem\",\"position\":1,\"name\":\"Home\",\"item\":\"https:\\\/\\\/kibrisdakik.com\\\/\"},{\"@type\":\"ListItem\",\"position\":2,\"name\":\"Atao\u011flu\u2019ndan deprem a\u00e7\u0131klamas\u0131: \u2018\u0130n\u015faatlar\u0131 g\u00fc\u00e7lendirip depreme dayan\u0131kl\u0131 hale getirece\u011fiz\u2019\"}]},{\"@type\":\"WebSite\",\"@id\":\"https:\\\/\\\/kibrisdakik.com\\\/#website\",\"url\":\"https:\\\/\\\/kibrisdakik.com\\\/\",\"name\":\"\",\"description\":\"Tam vaktinde haber\",\"potentialAction\":[{\"@type\":\"SearchAction\",\"target\":{\"@type\":\"EntryPoint\",\"urlTemplate\":\"https:\\\/\\\/kibrisdakik.com\\\/?s={search_term_string}\"},\"query-input\":{\"@type\":\"PropertyValueSpecification\",\"valueRequired\":true,\"valueName\":\"search_term_string\"}}],\"inLanguage\":\"tr\"},{\"@type\":\"Person\",\"@id\":\"https:\\\/\\\/kibrisdakik.com\\\/#\\\/schema\\\/person\\\/9cd9d437bbb44f72b73ba127e06d8e79\",\"name\":\"admin\",\"image\":{\"@type\":\"ImageObject\",\"inLanguage\":\"tr\",\"@id\":\"https:\\\/\\\/secure.gravatar.com\\\/avatar\\\/ccc17943b9d660506c869530f897617f7cb1c21a4bf30023f252596d83e1f007?s=96&d=mm&r=g\",\"url\":\"https:\\\/\\\/secure.gravatar.com\\\/avatar\\\/ccc17943b9d660506c869530f897617f7cb1c21a4bf30023f252596d83e1f007?s=96&d=mm&r=g\",\"contentUrl\":\"https:\\\/\\\/secure.gravatar.com\\\/avatar\\\/ccc17943b9d660506c869530f897617f7cb1c21a4bf30023f252596d83e1f007?s=96&d=mm&r=g\",\"caption\":\"admin\"},\"sameAs\":[\"https:\\\/\\\/kibrisdakik.com\"],\"url\":\"https:\\\/\\\/kibrisdakik.com\\\/?author=1\"}]}<\/script>\n<!-- \/ Yoast SEO plugin. -->","yoast_head_json":{"title":"Atao\u011flu\u2019ndan deprem a\u00e7\u0131klamas\u0131: \u2018\u0130n\u015faatlar\u0131 g\u00fc\u00e7lendirip depreme dayan\u0131kl\u0131 hale getirece\u011fiz\u2019 -","robots":{"index":"index","follow":"follow","max-snippet":"max-snippet:-1","max-image-preview":"max-image-preview:large","max-video-preview":"max-video-preview:-1"},"canonical":"https:\/\/kibrisdakik.com\/?p=70820","og_locale":"tr_TR","og_type":"article","og_title":"Atao\u011flu\u2019ndan deprem a\u00e7\u0131klamas\u0131: \u2018\u0130n\u015faatlar\u0131 g\u00fc\u00e7lendirip depreme dayan\u0131kl\u0131 hale getirece\u011fiz\u2019 -","og_description":"Ba\u015fbakan Yard\u0131mc\u0131s\u0131, Turizm, K\u00fclt\u00fcr, Gen\u00e7lik ve \u00c7evre Bakan\u0131 Fikri Atao\u011flu, son g\u00fcnlerde Akdeniz b\u00f6lgesinde ger\u00e7ekle\u015fen depremler ile ilgili a\u00e7\u0131klama yapt\u0131. Bakanl\u0131k b\u00fcnyesinde bulunan Jeoloji ve Maden Dairesi\u2019nin T\u00fcrkiye Maden Tetkik ve Arama ve AFAD gibi T\u00fcrkiye\u2019nin yerbilimleri alan\u0131nda \u00e7al\u0131\u015fan g\u00fczide kurumlar ile protokoller imzalad\u0131\u011f\u0131n\u0131 belirten Atao\u011flu, bu protokoller \u00e7er\u00e7evesinde, deprem konular\u0131nda hayati \u00e7al\u0131\u015fmalar ortaya koyduklar\u0131n\u0131","og_url":"https:\/\/kibrisdakik.com\/?p=70820","article_published_time":"2024-12-05T09:53:05+00:00","og_image":[{"width":360,"height":270,"url":"https:\/\/kibrisdakik.com\/wp-content\/uploads\/2024\/10\/fikri-ataoglu1.jpg","type":"image\/jpeg"}],"author":"admin","twitter_card":"summary_large_image","twitter_misc":{"Yazan:":"admin","Tahmini okuma s\u00fcresi":"1 dakika"},"schema":{"@context":"https:\/\/schema.org","@graph":[{"@type":"Article","@id":"https:\/\/kibrisdakik.com\/?p=70820#article","isPartOf":{"@id":"https:\/\/kibrisdakik.com\/?p=70820"},"author":{"name":"admin","@id":"https:\/\/kibrisdakik.com\/#\/schema\/person\/9cd9d437bbb44f72b73ba127e06d8e79"},"headline":"Atao\u011flu\u2019ndan deprem a\u00e7\u0131klamas\u0131: \u2018\u0130n\u015faatlar\u0131 g\u00fc\u00e7lendirip depreme dayan\u0131kl\u0131 hale getirece\u011fiz\u2019","datePublished":"2024-12-05T09:53:05+00:00","mainEntityOfPage":{"@id":"https:\/\/kibrisdakik.com\/?p=70820"},"wordCount":272,"commentCount":0,"image":{"@id":"https:\/\/kibrisdakik.com\/?p=70820#primaryimage"},"thumbnailUrl":"https:\/\/kibrisdakik.com\/wp-content\/uploads\/2024\/10\/fikri-ataoglu1.jpg","articleSection":["K\u0131br\u0131s"],"inLanguage":"tr","potentialAction":[{"@type":"CommentAction","name":"Comment","target":["https:\/\/kibrisdakik.com\/?p=70820#respond"]}]},{"@type":"WebPage","@id":"https:\/\/kibrisdakik.com\/?p=70820","url":"https:\/\/kibrisdakik.com\/?p=70820","name":"Atao\u011flu\u2019ndan deprem a\u00e7\u0131klamas\u0131: \u2018\u0130n\u015faatlar\u0131 g\u00fc\u00e7lendirip depreme dayan\u0131kl\u0131 hale getirece\u011fiz\u2019 -","isPartOf":{"@id":"https:\/\/kibrisdakik.com\/#website"},"primaryImageOfPage":{"@id":"https:\/\/kibrisdakik.com\/?p=70820#primaryimage"},"image":{"@id":"https:\/\/kibrisdakik.com\/?p=70820#primaryimage"},"thumbnailUrl":"https:\/\/kibrisdakik.com\/wp-content\/uploads\/2024\/10\/fikri-ataoglu1.jpg","datePublished":"2024-12-05T09:53:05+00:00","author":{"@id":"https:\/\/kibrisdakik.com\/#\/schema\/person\/9cd9d437bbb44f72b73ba127e06d8e79"},"breadcrumb":{"@id":"https:\/\/kibrisdakik.com\/?p=70820#breadcrumb"},"inLanguage":"tr","potentialAction":[{"@type":"ReadAction","target":["https:\/\/kibrisdakik.com\/?p=70820"]}]},{"@type":"ImageObject","inLanguage":"tr","@id":"https:\/\/kibrisdakik.com\/?p=70820#primaryimage","url":"https:\/\/kibrisdakik.com\/wp-content\/uploads\/2024\/10\/fikri-ataoglu1.jpg","contentUrl":"https:\/\/kibrisdakik.com\/wp-content\/uploads\/2024\/10\/fikri-ataoglu1.jpg","width":360,"height":270},{"@type":"BreadcrumbList","@id":"https:\/\/kibrisdakik.com\/?p=70820#breadcrumb","itemListElement":[{"@type":"ListItem","position":1,"name":"Home","item":"https:\/\/kibrisdakik.com\/"},{"@type":"ListItem","position":2,"name":"Atao\u011flu\u2019ndan deprem a\u00e7\u0131klamas\u0131: \u2018\u0130n\u015faatlar\u0131 g\u00fc\u00e7lendirip depreme dayan\u0131kl\u0131 hale getirece\u011fiz\u2019"}]},{"@type":"WebSite","@id":"https:\/\/kibrisdakik.com\/#website","url":"https:\/\/kibrisdakik.com\/","name":"","description":"Tam vaktinde haber","potentialAction":[{"@type":"SearchAction","target":{"@type":"EntryPoint","urlTemplate":"https:\/\/kibrisdakik.com\/?s={search_term_string}"},"query-input":{"@type":"PropertyValueSpecification","valueRequired":true,"valueName":"search_term_string"}}],"inLanguage":"tr"},{"@type":"Person","@id":"https:\/\/kibrisdakik.com\/#\/schema\/person\/9cd9d437bbb44f72b73ba127e06d8e79","name":"admin","image":{"@type":"ImageObject","inLanguage":"tr","@id":"https:\/\/secure.gravatar.com\/avatar\/ccc17943b9d660506c869530f897617f7cb1c21a4bf30023f252596d83e1f007?s=96&d=mm&r=g","url":"https:\/\/secure.gravatar.com\/avatar\/ccc17943b9d660506c869530f897617f7cb1c21a4bf30023f252596d83e1f007?s=96&d=mm&r=g","contentUrl":"https:\/\/secure.gravatar.com\/avatar\/ccc17943b9d660506c869530f897617f7cb1c21a4bf30023f252596d83e1f007?s=96&d=mm&r=g","caption":"admin"},"sameAs":["https:\/\/kibrisdakik.com"],"url":"https:\/\/kibrisdakik.com\/?author=1"}]}},"_links":{"self":[{"href":"https:\/\/kibrisdakik.com\/index.php?rest_route=\/wp\/v2\/posts\/70820","targetHints":{"allow":["GET"]}}],"collection":[{"href":"https:\/\/kibrisdakik.com\/index.php?rest_route=\/wp\/v2\/posts"}],"about":[{"href":"https:\/\/kibrisdakik.com\/index.php?rest_route=\/wp\/v2\/types\/post"}],"author":[{"embeddable":true,"href":"https:\/\/kibrisdakik.com\/index.php?rest_route=\/wp\/v2\/users\/1"}],"replies":[{"embeddable":true,"href":"https:\/\/kibrisdakik.com\/index.php?rest_route=%2Fwp%2Fv2%2Fcomments&post=70820"}],"version-history":[{"count":0,"href":"https:\/\/kibrisdakik.com\/index.php?rest_route=\/wp\/v2\/posts\/70820\/revisions"}],"wp:featuredmedia":[{"embeddable":true,"href":"https:\/\/kibrisdakik.com\/index.php?rest_route=\/wp\/v2\/media\/66218"}],"wp:attachment":[{"href":"https:\/\/kibrisdakik.com\/index.php?rest_route=%2Fwp%2Fv2%2Fmedia&parent=70820"}],"wp:term":[{"taxonomy":"category","embeddable":true,"href":"https:\/\/kibrisdakik.com\/index.php?rest_route=%2Fwp%2Fv2%2Fcategories&post=70820"},{"taxonomy":"post_tag","embeddable":true,"href":"https:\/\/kibrisdakik.com\/index.php?rest_route=%2Fwp%2Fv2%2Ftags&post=70820"}],"curies":[{"name":"wp","href":"https:\/\/api.w.org\/{rel}","templated":true}]}}