{"id":70821,"date":"2024-12-05T12:56:48","date_gmt":"2024-12-05T09:56:48","guid":{"rendered":"https:\/\/kibrisdakik.com\/index.php\/2024\/12\/05\/gardiyanoglu-5-aralik-dunya-kadin-haklari-gunu-dolayisiyla-bir-mesaj-yayimladi\/"},"modified":"2024-12-05T12:56:48","modified_gmt":"2024-12-05T09:56:48","slug":"gardiyanoglu-5-aralik-dunya-kadin-haklari-gunu-dolayisiyla-bir-mesaj-yayimladi","status":"publish","type":"post","link":"https:\/\/kibrisdakik.com\/?p=70821","title":{"rendered":"Gardiyano\u011flu  \u201c5 Aral\u0131k D\u00fcnya Kad\u0131n Haklar\u0131 G\u00fcn\u00fc\u201d dolay\u0131s\u0131yla bir mesaj yay\u0131mlad\u0131"},"content":{"rendered":"<div>\n<div class=\"mariselle-image-container center\">\n                                            <\/div>\n<p>\u00c7al\u0131\u015fma ve Sosyal G\u00fcvenlik Bakan\u0131 Sad\u0131k Gardiyano\u011flu  \u201c5 Aral\u0131k D\u00fcnya Kad\u0131n Haklar\u0131 G\u00fcn\u00fc\u201d dolay\u0131s\u0131yla bir mesaj yay\u0131mlad\u0131.<\/p>\n<p> Bakan Gardiyano\u011flu mesaj\u0131nda \u015fu ifadelere yer verdi:<\/p>\n<p>\u201c5 Aral\u0131k 1934 tarihinde Kad\u0131nlara Se\u00e7me ve Se\u00e7ilme Hakk\u0131 veren yasan\u0131n kabul\u00fc ile, d\u00fcnyan\u0131n pek \u00e7ok \u00fclkesinden \u00f6nce,  T\u00fcrk kad\u0131n\u0131 siyasal, sosyal ve ekonomik  alanda e\u015fit haklara sahip olmu\u015ftur.<\/p>\n<p>T\u00fcrk kad\u0131n\u0131na se\u00e7me ve se\u00e7ilme hakk\u0131n\u0131n verilmi\u015f olmas\u0131, T\u00fcrkiye Cumhuriyeti Devleti\u2019nin kad\u0131nlara verdi\u011fi de\u011ferin \u00e7ok \u00f6nemli bir g\u00f6stergesidir.<br \/>Kad\u0131nlara  se\u00e7me ve se\u00e7ilme hakk\u0131n\u0131n tan\u0131nmas\u0131,  kad\u0131nlar i\u00e7in toplum hayat\u0131na kat\u0131l\u0131m\u0131n \u00f6n\u00fcn\u00fc a\u00e7m\u0131\u015f, demokrasinin ve kalk\u0131nman\u0131n \u00f6l\u00e7\u00fcs\u00fc olmu\u015ftur. <\/p>\n<p>Bug\u00fcn kad\u0131nlar\u0131m\u0131z, e\u011fitimden sanata, spordan bilime, ekonomiden siyasete kadar pek \u00e7ok alanda \u00fclkemizi ba\u015far\u0131yla temsil etmekte ve gurur kayna\u011f\u0131m\u0131z olmaktad\u0131r.<br \/>Fedak\u00e2rl\u0131\u011f\u0131, sevecenli\u011fi, \u00e7al\u0131\u015fkanl\u0131\u011f\u0131 ve \u00fcretkenli\u011fiyle her zaman ailesine ve topluma \u00f6nemli katk\u0131lar sunan kad\u0131nlar\u0131m\u0131z\u0131, hayat\u0131n her alan\u0131nda etkin ve g\u00fc\u00e7l\u00fc bir \u015fekilde g\u00f6rmek ve  onlara daha e\u015fit, daha adil ve daha g\u00fc\u00e7l\u00fc bir gelecek in\u015fa etmek i\u00e7in \u00c7al\u0131\u015fma ve Sosyal G\u00fcvenlik Bakanl\u0131\u011f\u0131 olarak \u00e7al\u0131\u015fmalar\u0131m\u0131z\u0131 s\u00fcrd\u00fcrece\u011fiz.<\/p>\n<p>  Bu inan\u00e7la,  T\u00fcrk kad\u0131n\u0131na se\u00e7me ve se\u00e7ilme hakk\u0131 verili\u015finin 90. y\u0131ld\u00f6n\u00fcm\u00fc olan 5 Aral\u0131k D\u00fcnya Kad\u0131n haklar\u0131 G\u00fcn\u00fcn\u00fc kutluyor, sevginin, \u015fefkatin ve \u00f6zverinin simgesi olan kad\u0131nlar\u0131m\u0131za ba\u015far\u0131, sa\u011fl\u0131k, mutluluk ve esenlikler dilerim.\u201d<\/p>\n<\/p><\/div>\n<p><script async\n                    defer\n                    crossorigin=\"anonymous\"\n                    src=\"https:\/\/connect.facebook.net\/tr_TR\/sdk.js#xfbml=1&#038;version=v3.3\"\n            ><\/script><\/p>\n","protected":false},"excerpt":{"rendered":"<p>\u00c7al\u0131\u015fma ve Sosyal G\u00fcvenlik Bakan\u0131 Sad\u0131k Gardiyano\u011flu \u201c5 Aral\u0131k D\u00fcnya Kad\u0131n Haklar\u0131 G\u00fcn\u00fc\u201d dolay\u0131s\u0131yla bir mesaj yay\u0131mlad\u0131. Bakan Gardiyano\u011flu mesaj\u0131nda \u015fu ifadelere yer verdi: \u201c5 Aral\u0131k 1934 tarihinde Kad\u0131nlara Se\u00e7me ve Se\u00e7ilme Hakk\u0131 veren yasan\u0131n kabul\u00fc ile, d\u00fcnyan\u0131n pek \u00e7ok \u00fclkesinden \u00f6nce, T\u00fcrk kad\u0131n\u0131 siyasal, sosyal ve ekonomik alanda e\u015fit haklara sahip olmu\u015ftur. T\u00fcrk kad\u0131n\u0131na<\/p>\n","protected":false},"author":1,"featured_media":70822,"comment_status":"open","ping_status":"open","sticky":false,"template":"","format":"standard","meta":{"footnotes":""},"categories":[81],"tags":[],"class_list":["post-70821","post","type-post","status-publish","format-standard","has-post-thumbnail","hentry","category-kibris"],"yoast_head":"<!-- This site is optimized with the Yoast SEO plugin v27.5 - https:\/\/yoast.com\/product\/yoast-seo-wordpress\/ -->\n<title>Gardiyano\u011flu \u201c5 Aral\u0131k D\u00fcnya Kad\u0131n Haklar\u0131 G\u00fcn\u00fc\u201d dolay\u0131s\u0131yla bir mesaj yay\u0131mlad\u0131 -<\/title>\n<meta name=\"robots\" content=\"index, follow, max-snippet:-1, max-image-preview:large, max-video-preview:-1\" \/>\n<link rel=\"canonical\" href=\"https:\/\/kibrisdakik.com\/?p=70821\" \/>\n<meta property=\"og:locale\" content=\"tr_TR\" \/>\n<meta property=\"og:type\" content=\"article\" \/>\n<meta property=\"og:title\" content=\"Gardiyano\u011flu \u201c5 Aral\u0131k D\u00fcnya Kad\u0131n Haklar\u0131 G\u00fcn\u00fc\u201d dolay\u0131s\u0131yla bir mesaj yay\u0131mlad\u0131 -\" \/>\n<meta property=\"og:description\" content=\"\u00c7al\u0131\u015fma ve Sosyal G\u00fcvenlik Bakan\u0131 Sad\u0131k Gardiyano\u011flu \u201c5 Aral\u0131k D\u00fcnya Kad\u0131n Haklar\u0131 G\u00fcn\u00fc\u201d dolay\u0131s\u0131yla bir mesaj yay\u0131mlad\u0131. Bakan Gardiyano\u011flu mesaj\u0131nda \u015fu ifadelere yer verdi: \u201c5 Aral\u0131k 1934 tarihinde Kad\u0131nlara Se\u00e7me ve Se\u00e7ilme Hakk\u0131 veren yasan\u0131n kabul\u00fc ile, d\u00fcnyan\u0131n pek \u00e7ok \u00fclkesinden \u00f6nce, T\u00fcrk kad\u0131n\u0131 siyasal, sosyal ve ekonomik alanda e\u015fit haklara sahip olmu\u015ftur. T\u00fcrk kad\u0131n\u0131na\" \/>\n<meta property=\"og:url\" content=\"https:\/\/kibrisdakik.com\/?p=70821\" \/>\n<meta property=\"article:published_time\" content=\"2024-12-05T09:56:48+00:00\" \/>\n<meta property=\"og:image\" content=\"https:\/\/kibrisdakik.com\/wp-content\/uploads\/2024\/12\/414003703_690561666497174_437803593876280724_n-740x420.jpg\" \/>\n\t<meta property=\"og:image:width\" content=\"2048\" \/>\n\t<meta property=\"og:image:height\" content=\"811\" \/>\n\t<meta property=\"og:image:type\" content=\"image\/jpeg\" \/>\n<meta name=\"author\" content=\"admin\" \/>\n<meta name=\"twitter:card\" content=\"summary_large_image\" \/>\n<meta name=\"twitter:label1\" content=\"Yazan:\" \/>\n\t<meta name=\"twitter:data1\" content=\"admin\" \/>\n\t<meta name=\"twitter:label2\" content=\"Tahmini okuma s\u00fcresi\" \/>\n\t<meta name=\"twitter:data2\" content=\"1 dakika\" \/>\n<script type=\"application\/ld+json\" class=\"yoast-schema-graph\">{\"@context\":\"https:\\\/\\\/schema.org\",\"@graph\":[{\"@type\":\"Article\",\"@id\":\"https:\\\/\\\/kibrisdakik.com\\\/?p=70821#article\",\"isPartOf\":{\"@id\":\"https:\\\/\\\/kibrisdakik.com\\\/?p=70821\"},\"author\":{\"name\":\"admin\",\"@id\":\"https:\\\/\\\/kibrisdakik.com\\\/#\\\/schema\\\/person\\\/9cd9d437bbb44f72b73ba127e06d8e79\"},\"headline\":\"Gardiyano\u011flu \u201c5 Aral\u0131k D\u00fcnya Kad\u0131n Haklar\u0131 G\u00fcn\u00fc\u201d dolay\u0131s\u0131yla bir mesaj yay\u0131mlad\u0131\",\"datePublished\":\"2024-12-05T09:56:48+00:00\",\"mainEntityOfPage\":{\"@id\":\"https:\\\/\\\/kibrisdakik.com\\\/?p=70821\"},\"wordCount\":309,\"commentCount\":0,\"image\":{\"@id\":\"https:\\\/\\\/kibrisdakik.com\\\/?p=70821#primaryimage\"},\"thumbnailUrl\":\"https:\\\/\\\/kibrisdakik.com\\\/wp-content\\\/uploads\\\/2024\\\/12\\\/414003703_690561666497174_437803593876280724_n-740x420.jpg\",\"articleSection\":[\"K\u0131br\u0131s\"],\"inLanguage\":\"tr\",\"potentialAction\":[{\"@type\":\"CommentAction\",\"name\":\"Comment\",\"target\":[\"https:\\\/\\\/kibrisdakik.com\\\/?p=70821#respond\"]}]},{\"@type\":\"WebPage\",\"@id\":\"https:\\\/\\\/kibrisdakik.com\\\/?p=70821\",\"url\":\"https:\\\/\\\/kibrisdakik.com\\\/?p=70821\",\"name\":\"Gardiyano\u011flu \u201c5 Aral\u0131k D\u00fcnya Kad\u0131n Haklar\u0131 G\u00fcn\u00fc\u201d dolay\u0131s\u0131yla bir mesaj yay\u0131mlad\u0131 -\",\"isPartOf\":{\"@id\":\"https:\\\/\\\/kibrisdakik.com\\\/#website\"},\"primaryImageOfPage\":{\"@id\":\"https:\\\/\\\/kibrisdakik.com\\\/?p=70821#primaryimage\"},\"image\":{\"@id\":\"https:\\\/\\\/kibrisdakik.com\\\/?p=70821#primaryimage\"},\"thumbnailUrl\":\"https:\\\/\\\/kibrisdakik.com\\\/wp-content\\\/uploads\\\/2024\\\/12\\\/414003703_690561666497174_437803593876280724_n-740x420.jpg\",\"datePublished\":\"2024-12-05T09:56:48+00:00\",\"author\":{\"@id\":\"https:\\\/\\\/kibrisdakik.com\\\/#\\\/schema\\\/person\\\/9cd9d437bbb44f72b73ba127e06d8e79\"},\"breadcrumb\":{\"@id\":\"https:\\\/\\\/kibrisdakik.com\\\/?p=70821#breadcrumb\"},\"inLanguage\":\"tr\",\"potentialAction\":[{\"@type\":\"ReadAction\",\"target\":[\"https:\\\/\\\/kibrisdakik.com\\\/?p=70821\"]}]},{\"@type\":\"ImageObject\",\"inLanguage\":\"tr\",\"@id\":\"https:\\\/\\\/kibrisdakik.com\\\/?p=70821#primaryimage\",\"url\":\"https:\\\/\\\/kibrisdakik.com\\\/wp-content\\\/uploads\\\/2024\\\/12\\\/414003703_690561666497174_437803593876280724_n-740x420.jpg\",\"contentUrl\":\"https:\\\/\\\/kibrisdakik.com\\\/wp-content\\\/uploads\\\/2024\\\/12\\\/414003703_690561666497174_437803593876280724_n-740x420.jpg\",\"width\":2048,\"height\":811},{\"@type\":\"BreadcrumbList\",\"@id\":\"https:\\\/\\\/kibrisdakik.com\\\/?p=70821#breadcrumb\",\"itemListElement\":[{\"@type\":\"ListItem\",\"position\":1,\"name\":\"Home\",\"item\":\"https:\\\/\\\/kibrisdakik.com\\\/\"},{\"@type\":\"ListItem\",\"position\":2,\"name\":\"Gardiyano\u011flu \u201c5 Aral\u0131k D\u00fcnya Kad\u0131n Haklar\u0131 G\u00fcn\u00fc\u201d dolay\u0131s\u0131yla bir mesaj yay\u0131mlad\u0131\"}]},{\"@type\":\"WebSite\",\"@id\":\"https:\\\/\\\/kibrisdakik.com\\\/#website\",\"url\":\"https:\\\/\\\/kibrisdakik.com\\\/\",\"name\":\"\",\"description\":\"Tam vaktinde haber\",\"potentialAction\":[{\"@type\":\"SearchAction\",\"target\":{\"@type\":\"EntryPoint\",\"urlTemplate\":\"https:\\\/\\\/kibrisdakik.com\\\/?s={search_term_string}\"},\"query-input\":{\"@type\":\"PropertyValueSpecification\",\"valueRequired\":true,\"valueName\":\"search_term_string\"}}],\"inLanguage\":\"tr\"},{\"@type\":\"Person\",\"@id\":\"https:\\\/\\\/kibrisdakik.com\\\/#\\\/schema\\\/person\\\/9cd9d437bbb44f72b73ba127e06d8e79\",\"name\":\"admin\",\"image\":{\"@type\":\"ImageObject\",\"inLanguage\":\"tr\",\"@id\":\"https:\\\/\\\/secure.gravatar.com\\\/avatar\\\/ccc17943b9d660506c869530f897617f7cb1c21a4bf30023f252596d83e1f007?s=96&d=mm&r=g\",\"url\":\"https:\\\/\\\/secure.gravatar.com\\\/avatar\\\/ccc17943b9d660506c869530f897617f7cb1c21a4bf30023f252596d83e1f007?s=96&d=mm&r=g\",\"contentUrl\":\"https:\\\/\\\/secure.gravatar.com\\\/avatar\\\/ccc17943b9d660506c869530f897617f7cb1c21a4bf30023f252596d83e1f007?s=96&d=mm&r=g\",\"caption\":\"admin\"},\"sameAs\":[\"https:\\\/\\\/kibrisdakik.com\"],\"url\":\"https:\\\/\\\/kibrisdakik.com\\\/?author=1\"}]}<\/script>\n<!-- \/ Yoast SEO plugin. -->","yoast_head_json":{"title":"Gardiyano\u011flu \u201c5 Aral\u0131k D\u00fcnya Kad\u0131n Haklar\u0131 G\u00fcn\u00fc\u201d dolay\u0131s\u0131yla bir mesaj yay\u0131mlad\u0131 -","robots":{"index":"index","follow":"follow","max-snippet":"max-snippet:-1","max-image-preview":"max-image-preview:large","max-video-preview":"max-video-preview:-1"},"canonical":"https:\/\/kibrisdakik.com\/?p=70821","og_locale":"tr_TR","og_type":"article","og_title":"Gardiyano\u011flu \u201c5 Aral\u0131k D\u00fcnya Kad\u0131n Haklar\u0131 G\u00fcn\u00fc\u201d dolay\u0131s\u0131yla bir mesaj yay\u0131mlad\u0131 -","og_description":"\u00c7al\u0131\u015fma ve Sosyal G\u00fcvenlik Bakan\u0131 Sad\u0131k Gardiyano\u011flu \u201c5 Aral\u0131k D\u00fcnya Kad\u0131n Haklar\u0131 G\u00fcn\u00fc\u201d dolay\u0131s\u0131yla bir mesaj yay\u0131mlad\u0131. Bakan Gardiyano\u011flu mesaj\u0131nda \u015fu ifadelere yer verdi: \u201c5 Aral\u0131k 1934 tarihinde Kad\u0131nlara Se\u00e7me ve Se\u00e7ilme Hakk\u0131 veren yasan\u0131n kabul\u00fc ile, d\u00fcnyan\u0131n pek \u00e7ok \u00fclkesinden \u00f6nce, T\u00fcrk kad\u0131n\u0131 siyasal, sosyal ve ekonomik alanda e\u015fit haklara sahip olmu\u015ftur. T\u00fcrk kad\u0131n\u0131na","og_url":"https:\/\/kibrisdakik.com\/?p=70821","article_published_time":"2024-12-05T09:56:48+00:00","og_image":[{"width":2048,"height":811,"url":"https:\/\/kibrisdakik.com\/wp-content\/uploads\/2024\/12\/414003703_690561666497174_437803593876280724_n-740x420.jpg","type":"image\/jpeg"}],"author":"admin","twitter_card":"summary_large_image","twitter_misc":{"Yazan:":"admin","Tahmini okuma s\u00fcresi":"1 dakika"},"schema":{"@context":"https:\/\/schema.org","@graph":[{"@type":"Article","@id":"https:\/\/kibrisdakik.com\/?p=70821#article","isPartOf":{"@id":"https:\/\/kibrisdakik.com\/?p=70821"},"author":{"name":"admin","@id":"https:\/\/kibrisdakik.com\/#\/schema\/person\/9cd9d437bbb44f72b73ba127e06d8e79"},"headline":"Gardiyano\u011flu \u201c5 Aral\u0131k D\u00fcnya Kad\u0131n Haklar\u0131 G\u00fcn\u00fc\u201d dolay\u0131s\u0131yla bir mesaj yay\u0131mlad\u0131","datePublished":"2024-12-05T09:56:48+00:00","mainEntityOfPage":{"@id":"https:\/\/kibrisdakik.com\/?p=70821"},"wordCount":309,"commentCount":0,"image":{"@id":"https:\/\/kibrisdakik.com\/?p=70821#primaryimage"},"thumbnailUrl":"https:\/\/kibrisdakik.com\/wp-content\/uploads\/2024\/12\/414003703_690561666497174_437803593876280724_n-740x420.jpg","articleSection":["K\u0131br\u0131s"],"inLanguage":"tr","potentialAction":[{"@type":"CommentAction","name":"Comment","target":["https:\/\/kibrisdakik.com\/?p=70821#respond"]}]},{"@type":"WebPage","@id":"https:\/\/kibrisdakik.com\/?p=70821","url":"https:\/\/kibrisdakik.com\/?p=70821","name":"Gardiyano\u011flu \u201c5 Aral\u0131k D\u00fcnya Kad\u0131n Haklar\u0131 G\u00fcn\u00fc\u201d dolay\u0131s\u0131yla bir mesaj yay\u0131mlad\u0131 -","isPartOf":{"@id":"https:\/\/kibrisdakik.com\/#website"},"primaryImageOfPage":{"@id":"https:\/\/kibrisdakik.com\/?p=70821#primaryimage"},"image":{"@id":"https:\/\/kibrisdakik.com\/?p=70821#primaryimage"},"thumbnailUrl":"https:\/\/kibrisdakik.com\/wp-content\/uploads\/2024\/12\/414003703_690561666497174_437803593876280724_n-740x420.jpg","datePublished":"2024-12-05T09:56:48+00:00","author":{"@id":"https:\/\/kibrisdakik.com\/#\/schema\/person\/9cd9d437bbb44f72b73ba127e06d8e79"},"breadcrumb":{"@id":"https:\/\/kibrisdakik.com\/?p=70821#breadcrumb"},"inLanguage":"tr","potentialAction":[{"@type":"ReadAction","target":["https:\/\/kibrisdakik.com\/?p=70821"]}]},{"@type":"ImageObject","inLanguage":"tr","@id":"https:\/\/kibrisdakik.com\/?p=70821#primaryimage","url":"https:\/\/kibrisdakik.com\/wp-content\/uploads\/2024\/12\/414003703_690561666497174_437803593876280724_n-740x420.jpg","contentUrl":"https:\/\/kibrisdakik.com\/wp-content\/uploads\/2024\/12\/414003703_690561666497174_437803593876280724_n-740x420.jpg","width":2048,"height":811},{"@type":"BreadcrumbList","@id":"https:\/\/kibrisdakik.com\/?p=70821#breadcrumb","itemListElement":[{"@type":"ListItem","position":1,"name":"Home","item":"https:\/\/kibrisdakik.com\/"},{"@type":"ListItem","position":2,"name":"Gardiyano\u011flu \u201c5 Aral\u0131k D\u00fcnya Kad\u0131n Haklar\u0131 G\u00fcn\u00fc\u201d dolay\u0131s\u0131yla bir mesaj yay\u0131mlad\u0131"}]},{"@type":"WebSite","@id":"https:\/\/kibrisdakik.com\/#website","url":"https:\/\/kibrisdakik.com\/","name":"","description":"Tam vaktinde haber","potentialAction":[{"@type":"SearchAction","target":{"@type":"EntryPoint","urlTemplate":"https:\/\/kibrisdakik.com\/?s={search_term_string}"},"query-input":{"@type":"PropertyValueSpecification","valueRequired":true,"valueName":"search_term_string"}}],"inLanguage":"tr"},{"@type":"Person","@id":"https:\/\/kibrisdakik.com\/#\/schema\/person\/9cd9d437bbb44f72b73ba127e06d8e79","name":"admin","image":{"@type":"ImageObject","inLanguage":"tr","@id":"https:\/\/secure.gravatar.com\/avatar\/ccc17943b9d660506c869530f897617f7cb1c21a4bf30023f252596d83e1f007?s=96&d=mm&r=g","url":"https:\/\/secure.gravatar.com\/avatar\/ccc17943b9d660506c869530f897617f7cb1c21a4bf30023f252596d83e1f007?s=96&d=mm&r=g","contentUrl":"https:\/\/secure.gravatar.com\/avatar\/ccc17943b9d660506c869530f897617f7cb1c21a4bf30023f252596d83e1f007?s=96&d=mm&r=g","caption":"admin"},"sameAs":["https:\/\/kibrisdakik.com"],"url":"https:\/\/kibrisdakik.com\/?author=1"}]}},"_links":{"self":[{"href":"https:\/\/kibrisdakik.com\/index.php?rest_route=\/wp\/v2\/posts\/70821","targetHints":{"allow":["GET"]}}],"collection":[{"href":"https:\/\/kibrisdakik.com\/index.php?rest_route=\/wp\/v2\/posts"}],"about":[{"href":"https:\/\/kibrisdakik.com\/index.php?rest_route=\/wp\/v2\/types\/post"}],"author":[{"embeddable":true,"href":"https:\/\/kibrisdakik.com\/index.php?rest_route=\/wp\/v2\/users\/1"}],"replies":[{"embeddable":true,"href":"https:\/\/kibrisdakik.com\/index.php?rest_route=%2Fwp%2Fv2%2Fcomments&post=70821"}],"version-history":[{"count":0,"href":"https:\/\/kibrisdakik.com\/index.php?rest_route=\/wp\/v2\/posts\/70821\/revisions"}],"wp:featuredmedia":[{"embeddable":true,"href":"https:\/\/kibrisdakik.com\/index.php?rest_route=\/wp\/v2\/media\/70822"}],"wp:attachment":[{"href":"https:\/\/kibrisdakik.com\/index.php?rest_route=%2Fwp%2Fv2%2Fmedia&parent=70821"}],"wp:term":[{"taxonomy":"category","embeddable":true,"href":"https:\/\/kibrisdakik.com\/index.php?rest_route=%2Fwp%2Fv2%2Fcategories&post=70821"},{"taxonomy":"post_tag","embeddable":true,"href":"https:\/\/kibrisdakik.com\/index.php?rest_route=%2Fwp%2Fv2%2Ftags&post=70821"}],"curies":[{"name":"wp","href":"https:\/\/api.w.org\/{rel}","templated":true}]}}