{"id":70841,"date":"2024-12-05T16:32:47","date_gmt":"2024-12-05T13:32:47","guid":{"rendered":"https:\/\/kibrisdakik.com\/index.php\/2024\/12\/05\/bayindirlik-ve-ulastirma-bakani-arikli-kamu-tasimacilarinin-sorunlarini-el-birligiyle-cozecegiz\/"},"modified":"2024-12-05T16:32:47","modified_gmt":"2024-12-05T13:32:47","slug":"bayindirlik-ve-ulastirma-bakani-arikli-kamu-tasimacilarinin-sorunlarini-el-birligiyle-cozecegiz","status":"publish","type":"post","link":"https:\/\/kibrisdakik.com\/?p=70841","title":{"rendered":"Bay\u0131nd\u0131rl\u0131k ve Ula\u015ft\u0131rma Bakan\u0131 Ar\u0131kl\u0131: Kamu ta\u015f\u0131mac\u0131lar\u0131n\u0131n sorunlar\u0131n\u0131 el birli\u011fiyle \u00e7\u00f6zece\u011fiz"},"content":{"rendered":"<div>\n<div class=\"mariselle-image-container none\">\n                                            <\/div>\n<p>Bay\u0131nd\u0131rl\u0131k ve Ula\u015ft\u0131rma Bakan\u0131 Erhan Ar\u0131kl\u0131, kamu ta\u015f\u0131mac\u0131l\u0131\u011f\u0131 yapan i\u015fletmecilerin sorunlar\u0131n\u0131n ortak oldu\u011funu, bu sorunlar\u0131 yine sekt\u00f6r\u00fcn payda\u015flar\u0131yla el birli\u011fi i\u00e7erisinde \u00e7\u00f6zeceklerini belirtti.\u00a0<\/p>\n<p>Bay\u0131nd\u0131rl\u0131k ve Ula\u015ft\u0131rma Bakan\u0131 Ar\u0131kl\u0131, K\u0131br\u0131s T\u00fcrk Toplu Ta\u015f\u0131mac\u0131lar Birli\u011fi Ba\u015fkan\u0131 Beksan Bekir Akandere ve Y\u00f6netim Kurulu \u00fcyelerini kabul etti. Ar\u0131kl\u0131, toplu ta\u015f\u0131mac\u0131l\u0131\u011f\u0131n \u00fclke a\u00e7\u0131s\u0131ndan vazge\u00e7ilmez oldu\u011funu, sorunlar\u0131n giderilmesi i\u00e7in gerekli \u00e7al\u0131\u015fmalar\u0131n yap\u0131laca\u011f\u0131n\u0131 s\u00f6yledi.<\/p>\n<p>Bakanl\u0131k\u2019tan verilen bilgiye g\u00f6re, K\u0131br\u0131s T\u00fcrk Toplu Ta\u015f\u0131mac\u0131lar Birli\u011fi Ba\u015fkan\u0131 Akandere, kabul s\u0131ras\u0131nda yapt\u0131\u011f\u0131 konu\u015fmada, turist ta\u015f\u0131mac\u0131l\u0131\u011f\u0131 yapan 9+1 ara\u00e7lar\u0131n koltuk eksikli\u011fi nedeniyle polis taraf\u0131ndan kontroller s\u0131ras\u0131nda, i\u00e7erisinde turist olmas\u0131na ra\u011fmen trafikten al\u0131konulmak istendi\u011fini, bunun hem sekt\u00f6re b\u00fcy\u00fck darbe vurdu\u011funu hem de turizm a\u00e7\u0131s\u0131ndan \u00fclke ad\u0131na k\u00f6t\u00fc bir imaj verildi\u011fini kaydetti.<\/p>\n<p>Halk aras\u0131nda \u201cvito\u201d olarak bilinen ve turizm ta\u015f\u0131mac\u0131l\u0131\u011f\u0131 yapan turizm ta\u015f\u0131mac\u0131lar\u0131na \u00fclkenin ihtiyac\u0131 oldu\u011funu belirten Akandere, s\u00f6z konusu olumsuz durumun ortadan kald\u0131r\u0131lmas\u0131 i\u00e7in yasal d\u00fczenleme yap\u0131lmas\u0131n\u0131 talep etti.<\/p>\n<p>-Tarifelere art\u0131\u015f talep edildi<\/p>\n<p>Akandere, Eyl\u00fcl 2023\u2019ten bu yana ta\u015f\u0131mac\u0131l\u0131k tarifelerine art\u0131\u015f yap\u0131lmad\u0131\u011f\u0131n\u0131, bunun da sekt\u00f6r\u00fc zor durumda b\u0131rakt\u0131\u011f\u0131n\u0131 ifade etti. Akandere, ta\u015f\u0131mac\u0131l\u0131k \u00fccretleriyle ba\u011flant\u0131l\u0131 olarak sekt\u00f6rdeki adaletsizliklerden dolay\u0131 baz\u0131 ta\u015f\u0131mac\u0131lar\u0131n giderek zenginle\u015fti\u011fini, di\u011ferlerinin ise yerinde sayd\u0131\u011f\u0131n\u0131 belirterek bu durumun giderilmesi talebinde bulundu.<\/p>\n<p>K\u0131br\u0131s T\u00fcrk Toplu Ta\u015f\u0131mac\u0131lar Birli\u011fi\u2019nin \u0130zin Kurulu\u2019nda bir temsilcisi olmas\u0131 da talep eden Akandere, son olarak yeni olu\u015fturulacak olan toplu ta\u015f\u0131ma sistemine desteklerinin tam oldu\u011funu, toplu ta\u015f\u0131mac\u0131l\u0131\u011f\u0131n daha da ileriye g\u00f6t\u00fcr\u00fclmesi i\u00e7in bakanl\u0131\u011f\u0131n ataca\u011f\u0131 ad\u0131mlar\u0131 da desteklemeye haz\u0131r olduklar\u0131n\u0131 dile getirdi.<\/p>\n<p><strong>-\u201cVito sorunun \u00e7\u00f6z\u00fcm\u00fc i\u00e7in gerekirse mevzuat de\u011fi\u015fecek\u201d<\/strong><\/p>\n<p>Bakan Ar\u0131kl\u0131 ise 9+1 ara\u00e7lar\u0131n ta\u015f\u0131mac\u0131l\u0131k alan\u0131ndaki \u00f6nemli bir eksikli\u011fi giderdi\u011fini, ya\u015fanan sorunlar\u0131n ortadan kald\u0131r\u0131lmas\u0131 i\u00e7in gerekli talimatlar\u0131 verdi\u011fini s\u00f6yledi. Polis Genel M\u00fcd\u00fcrl\u00fc\u011f\u00fc ile de g\u00f6r\u00fc\u015f\u00fcp gerekmesi halinde mevzuat de\u011fi\u015fikli\u011fine gidilece\u011fini de kaydeden Ar\u0131kl\u0131, \u201c\u0130\u00e7erisinde turist varken ara\u00e7lar\u0131n ba\u011flanmas\u0131n\u0131n (trafikten men edilmesinin) \u00fclke imaj\u0131 a\u00e7\u0131s\u0131ndan kabul edilebilir bir durum de\u011fildir\u201d dedi.<\/p>\n<p>Ar\u0131kl\u0131, yeni ta\u015f\u0131mac\u0131l\u0131k tarifeleri ile ilgili Trafik ve Ula\u015ft\u0131rma Hizmetleri Komisyonu\u2019nun Ocak 2025\u2019te toplanaca\u011f\u0131n\u0131, o zamana kadar kendilerinin de gerekli \u00e7al\u0131\u015fmay\u0131 yap\u0131p yeni tarifelerin ortakla\u015fa belirlenece\u011fini s\u00f6yledi.<\/p>\n<p>Yeni ta\u015f\u0131mac\u0131l\u0131k tarifelerinin enflasyonu art\u0131racak \u015fekilde olmamas\u0131 gerekti\u011fini kaydeden Ar\u0131kl\u0131, aksi halde ta\u015f\u0131mac\u0131lar\u0131n alaca\u011f\u0131 art\u0131\u015f\u0131n enflasyonun etkisiyle bir anda u\u00e7up gidece\u011fine dikkat \u00e7ekti.<\/p>\n<p>Erhan Ar\u0131kl\u0131, toplu ta\u015f\u0131mac\u0131l\u0131k i\u00e7in haz\u0131rlanan projeye verdi\u011fi destekten dolay\u0131 K\u0131br\u0131s T\u00fcrk Toplu Ta\u015f\u0131mac\u0131lar Birli\u011fi\u2019ne te\u015fekk\u00fcr ederek, \u201cYeni toplu ta\u015f\u0131ma sistemi \u00f6zellikle kamu ta\u015f\u0131mac\u0131l\u0131\u011f\u0131 yapan i\u015fletmecilere iyi gelecek. Elektrikli ara\u00e7lar\u0131n kullan\u0131lacak olmas\u0131 ve kartl\u0131 \u00f6deme sistemi ise genelde \u00fclkeye b\u00fcy\u00fck fayda sa\u011flayacak\u201d dedi.<\/p>\n<p>Bay\u0131nd\u0131rl\u0131k ve Ula\u015ft\u0131rma Bakan\u0131 Ar\u0131kl\u0131, projenin be\u015f senedir g\u00fcndemde oldu\u011funu ve art\u0131k uygulamaya ge\u00e7mesi gerekti\u011fini belirterek uygulama s\u00fcrecinde de ta\u015f\u0131mac\u0131lar\u0131n deste\u011fine ihtiya\u00e7 duyacaklar\u0131n\u0131 ifade etti.<\/p>\n<\/p><\/div>\n<p><script async\n                    defer\n                    crossorigin=\"anonymous\"\n                    src=\"https:\/\/connect.facebook.net\/tr_TR\/sdk.js#xfbml=1&#038;version=v3.3\"\n            ><\/script><\/p>\n","protected":false},"excerpt":{"rendered":"<p>Bay\u0131nd\u0131rl\u0131k ve Ula\u015ft\u0131rma Bakan\u0131 Erhan Ar\u0131kl\u0131, kamu ta\u015f\u0131mac\u0131l\u0131\u011f\u0131 yapan i\u015fletmecilerin sorunlar\u0131n\u0131n ortak oldu\u011funu, bu sorunlar\u0131 yine sekt\u00f6r\u00fcn payda\u015flar\u0131yla el birli\u011fi i\u00e7erisinde \u00e7\u00f6zeceklerini belirtti.\u00a0 Bay\u0131nd\u0131rl\u0131k ve Ula\u015ft\u0131rma Bakan\u0131 Ar\u0131kl\u0131, K\u0131br\u0131s T\u00fcrk Toplu Ta\u015f\u0131mac\u0131lar Birli\u011fi Ba\u015fkan\u0131 Beksan Bekir Akandere ve Y\u00f6netim Kurulu \u00fcyelerini kabul etti. Ar\u0131kl\u0131, toplu ta\u015f\u0131mac\u0131l\u0131\u011f\u0131n \u00fclke a\u00e7\u0131s\u0131ndan vazge\u00e7ilmez oldu\u011funu, sorunlar\u0131n giderilmesi i\u00e7in gerekli \u00e7al\u0131\u015fmalar\u0131n<\/p>\n","protected":false},"author":1,"featured_media":70842,"comment_status":"open","ping_status":"open","sticky":false,"template":"","format":"standard","meta":{"footnotes":""},"categories":[81],"tags":[],"class_list":["post-70841","post","type-post","status-publish","format-standard","has-post-thumbnail","hentry","category-kibris"],"yoast_head":"<!-- This site is optimized with the Yoast SEO plugin v27.5 - https:\/\/yoast.com\/product\/yoast-seo-wordpress\/ -->\n<title>Bay\u0131nd\u0131rl\u0131k ve Ula\u015ft\u0131rma Bakan\u0131 Ar\u0131kl\u0131: Kamu ta\u015f\u0131mac\u0131lar\u0131n\u0131n sorunlar\u0131n\u0131 el birli\u011fiyle \u00e7\u00f6zece\u011fiz -<\/title>\n<meta name=\"robots\" content=\"index, follow, max-snippet:-1, max-image-preview:large, max-video-preview:-1\" \/>\n<link rel=\"canonical\" href=\"https:\/\/kibrisdakik.com\/?p=70841\" \/>\n<meta property=\"og:locale\" content=\"tr_TR\" \/>\n<meta property=\"og:type\" content=\"article\" \/>\n<meta property=\"og:title\" content=\"Bay\u0131nd\u0131rl\u0131k ve Ula\u015ft\u0131rma Bakan\u0131 Ar\u0131kl\u0131: Kamu ta\u015f\u0131mac\u0131lar\u0131n\u0131n sorunlar\u0131n\u0131 el birli\u011fiyle \u00e7\u00f6zece\u011fiz -\" \/>\n<meta property=\"og:description\" content=\"Bay\u0131nd\u0131rl\u0131k ve Ula\u015ft\u0131rma Bakan\u0131 Erhan Ar\u0131kl\u0131, kamu ta\u015f\u0131mac\u0131l\u0131\u011f\u0131 yapan i\u015fletmecilerin sorunlar\u0131n\u0131n ortak oldu\u011funu, bu sorunlar\u0131 yine sekt\u00f6r\u00fcn payda\u015flar\u0131yla el birli\u011fi i\u00e7erisinde \u00e7\u00f6zeceklerini belirtti.\u00a0 Bay\u0131nd\u0131rl\u0131k ve Ula\u015ft\u0131rma Bakan\u0131 Ar\u0131kl\u0131, K\u0131br\u0131s T\u00fcrk Toplu Ta\u015f\u0131mac\u0131lar Birli\u011fi Ba\u015fkan\u0131 Beksan Bekir Akandere ve Y\u00f6netim Kurulu \u00fcyelerini kabul etti. Ar\u0131kl\u0131, toplu ta\u015f\u0131mac\u0131l\u0131\u011f\u0131n \u00fclke a\u00e7\u0131s\u0131ndan vazge\u00e7ilmez oldu\u011funu, sorunlar\u0131n giderilmesi i\u00e7in gerekli \u00e7al\u0131\u015fmalar\u0131n\" \/>\n<meta property=\"og:url\" content=\"https:\/\/kibrisdakik.com\/?p=70841\" \/>\n<meta property=\"article:published_time\" content=\"2024-12-05T13:32:47+00:00\" \/>\n<meta property=\"og:image\" content=\"https:\/\/kibrisdakik.com\/wp-content\/uploads\/2024\/12\/ARIKLI-TASIMACILAR-KABUL1-740x414.jpg\" \/>\n\t<meta property=\"og:image:width\" content=\"926\" \/>\n\t<meta property=\"og:image:height\" content=\"414\" \/>\n\t<meta property=\"og:image:type\" content=\"image\/jpeg\" \/>\n<meta name=\"author\" content=\"admin\" \/>\n<meta name=\"twitter:card\" content=\"summary_large_image\" \/>\n<meta name=\"twitter:label1\" content=\"Yazan:\" \/>\n\t<meta name=\"twitter:data1\" content=\"admin\" \/>\n\t<meta name=\"twitter:label2\" content=\"Tahmini okuma s\u00fcresi\" \/>\n\t<meta name=\"twitter:data2\" content=\"3 dakika\" \/>\n<script type=\"application\/ld+json\" class=\"yoast-schema-graph\">{\"@context\":\"https:\\\/\\\/schema.org\",\"@graph\":[{\"@type\":\"Article\",\"@id\":\"https:\\\/\\\/kibrisdakik.com\\\/?p=70841#article\",\"isPartOf\":{\"@id\":\"https:\\\/\\\/kibrisdakik.com\\\/?p=70841\"},\"author\":{\"name\":\"admin\",\"@id\":\"https:\\\/\\\/kibrisdakik.com\\\/#\\\/schema\\\/person\\\/9cd9d437bbb44f72b73ba127e06d8e79\"},\"headline\":\"Bay\u0131nd\u0131rl\u0131k ve Ula\u015ft\u0131rma Bakan\u0131 Ar\u0131kl\u0131: Kamu ta\u015f\u0131mac\u0131lar\u0131n\u0131n sorunlar\u0131n\u0131 el birli\u011fiyle \u00e7\u00f6zece\u011fiz\",\"datePublished\":\"2024-12-05T13:32:47+00:00\",\"mainEntityOfPage\":{\"@id\":\"https:\\\/\\\/kibrisdakik.com\\\/?p=70841\"},\"wordCount\":664,\"commentCount\":0,\"image\":{\"@id\":\"https:\\\/\\\/kibrisdakik.com\\\/?p=70841#primaryimage\"},\"thumbnailUrl\":\"https:\\\/\\\/kibrisdakik.com\\\/wp-content\\\/uploads\\\/2024\\\/12\\\/ARIKLI-TASIMACILAR-KABUL1-740x414.jpg\",\"articleSection\":[\"K\u0131br\u0131s\"],\"inLanguage\":\"tr\",\"potentialAction\":[{\"@type\":\"CommentAction\",\"name\":\"Comment\",\"target\":[\"https:\\\/\\\/kibrisdakik.com\\\/?p=70841#respond\"]}]},{\"@type\":\"WebPage\",\"@id\":\"https:\\\/\\\/kibrisdakik.com\\\/?p=70841\",\"url\":\"https:\\\/\\\/kibrisdakik.com\\\/?p=70841\",\"name\":\"Bay\u0131nd\u0131rl\u0131k ve Ula\u015ft\u0131rma Bakan\u0131 Ar\u0131kl\u0131: Kamu ta\u015f\u0131mac\u0131lar\u0131n\u0131n sorunlar\u0131n\u0131 el birli\u011fiyle \u00e7\u00f6zece\u011fiz -\",\"isPartOf\":{\"@id\":\"https:\\\/\\\/kibrisdakik.com\\\/#website\"},\"primaryImageOfPage\":{\"@id\":\"https:\\\/\\\/kibrisdakik.com\\\/?p=70841#primaryimage\"},\"image\":{\"@id\":\"https:\\\/\\\/kibrisdakik.com\\\/?p=70841#primaryimage\"},\"thumbnailUrl\":\"https:\\\/\\\/kibrisdakik.com\\\/wp-content\\\/uploads\\\/2024\\\/12\\\/ARIKLI-TASIMACILAR-KABUL1-740x414.jpg\",\"datePublished\":\"2024-12-05T13:32:47+00:00\",\"author\":{\"@id\":\"https:\\\/\\\/kibrisdakik.com\\\/#\\\/schema\\\/person\\\/9cd9d437bbb44f72b73ba127e06d8e79\"},\"breadcrumb\":{\"@id\":\"https:\\\/\\\/kibrisdakik.com\\\/?p=70841#breadcrumb\"},\"inLanguage\":\"tr\",\"potentialAction\":[{\"@type\":\"ReadAction\",\"target\":[\"https:\\\/\\\/kibrisdakik.com\\\/?p=70841\"]}]},{\"@type\":\"ImageObject\",\"inLanguage\":\"tr\",\"@id\":\"https:\\\/\\\/kibrisdakik.com\\\/?p=70841#primaryimage\",\"url\":\"https:\\\/\\\/kibrisdakik.com\\\/wp-content\\\/uploads\\\/2024\\\/12\\\/ARIKLI-TASIMACILAR-KABUL1-740x414.jpg\",\"contentUrl\":\"https:\\\/\\\/kibrisdakik.com\\\/wp-content\\\/uploads\\\/2024\\\/12\\\/ARIKLI-TASIMACILAR-KABUL1-740x414.jpg\",\"width\":926,\"height\":414},{\"@type\":\"BreadcrumbList\",\"@id\":\"https:\\\/\\\/kibrisdakik.com\\\/?p=70841#breadcrumb\",\"itemListElement\":[{\"@type\":\"ListItem\",\"position\":1,\"name\":\"Home\",\"item\":\"https:\\\/\\\/kibrisdakik.com\\\/\"},{\"@type\":\"ListItem\",\"position\":2,\"name\":\"Bay\u0131nd\u0131rl\u0131k ve Ula\u015ft\u0131rma Bakan\u0131 Ar\u0131kl\u0131: Kamu ta\u015f\u0131mac\u0131lar\u0131n\u0131n sorunlar\u0131n\u0131 el birli\u011fiyle \u00e7\u00f6zece\u011fiz\"}]},{\"@type\":\"WebSite\",\"@id\":\"https:\\\/\\\/kibrisdakik.com\\\/#website\",\"url\":\"https:\\\/\\\/kibrisdakik.com\\\/\",\"name\":\"\",\"description\":\"Tam vaktinde haber\",\"potentialAction\":[{\"@type\":\"SearchAction\",\"target\":{\"@type\":\"EntryPoint\",\"urlTemplate\":\"https:\\\/\\\/kibrisdakik.com\\\/?s={search_term_string}\"},\"query-input\":{\"@type\":\"PropertyValueSpecification\",\"valueRequired\":true,\"valueName\":\"search_term_string\"}}],\"inLanguage\":\"tr\"},{\"@type\":\"Person\",\"@id\":\"https:\\\/\\\/kibrisdakik.com\\\/#\\\/schema\\\/person\\\/9cd9d437bbb44f72b73ba127e06d8e79\",\"name\":\"admin\",\"image\":{\"@type\":\"ImageObject\",\"inLanguage\":\"tr\",\"@id\":\"https:\\\/\\\/secure.gravatar.com\\\/avatar\\\/ccc17943b9d660506c869530f897617f7cb1c21a4bf30023f252596d83e1f007?s=96&d=mm&r=g\",\"url\":\"https:\\\/\\\/secure.gravatar.com\\\/avatar\\\/ccc17943b9d660506c869530f897617f7cb1c21a4bf30023f252596d83e1f007?s=96&d=mm&r=g\",\"contentUrl\":\"https:\\\/\\\/secure.gravatar.com\\\/avatar\\\/ccc17943b9d660506c869530f897617f7cb1c21a4bf30023f252596d83e1f007?s=96&d=mm&r=g\",\"caption\":\"admin\"},\"sameAs\":[\"https:\\\/\\\/kibrisdakik.com\"],\"url\":\"https:\\\/\\\/kibrisdakik.com\\\/?author=1\"}]}<\/script>\n<!-- \/ Yoast SEO plugin. -->","yoast_head_json":{"title":"Bay\u0131nd\u0131rl\u0131k ve Ula\u015ft\u0131rma Bakan\u0131 Ar\u0131kl\u0131: Kamu ta\u015f\u0131mac\u0131lar\u0131n\u0131n sorunlar\u0131n\u0131 el birli\u011fiyle \u00e7\u00f6zece\u011fiz -","robots":{"index":"index","follow":"follow","max-snippet":"max-snippet:-1","max-image-preview":"max-image-preview:large","max-video-preview":"max-video-preview:-1"},"canonical":"https:\/\/kibrisdakik.com\/?p=70841","og_locale":"tr_TR","og_type":"article","og_title":"Bay\u0131nd\u0131rl\u0131k ve Ula\u015ft\u0131rma Bakan\u0131 Ar\u0131kl\u0131: Kamu ta\u015f\u0131mac\u0131lar\u0131n\u0131n sorunlar\u0131n\u0131 el birli\u011fiyle \u00e7\u00f6zece\u011fiz -","og_description":"Bay\u0131nd\u0131rl\u0131k ve Ula\u015ft\u0131rma Bakan\u0131 Erhan Ar\u0131kl\u0131, kamu ta\u015f\u0131mac\u0131l\u0131\u011f\u0131 yapan i\u015fletmecilerin sorunlar\u0131n\u0131n ortak oldu\u011funu, bu sorunlar\u0131 yine sekt\u00f6r\u00fcn payda\u015flar\u0131yla el birli\u011fi i\u00e7erisinde \u00e7\u00f6zeceklerini belirtti.\u00a0 Bay\u0131nd\u0131rl\u0131k ve Ula\u015ft\u0131rma Bakan\u0131 Ar\u0131kl\u0131, K\u0131br\u0131s T\u00fcrk Toplu Ta\u015f\u0131mac\u0131lar Birli\u011fi Ba\u015fkan\u0131 Beksan Bekir Akandere ve Y\u00f6netim Kurulu \u00fcyelerini kabul etti. Ar\u0131kl\u0131, toplu ta\u015f\u0131mac\u0131l\u0131\u011f\u0131n \u00fclke a\u00e7\u0131s\u0131ndan vazge\u00e7ilmez oldu\u011funu, sorunlar\u0131n giderilmesi i\u00e7in gerekli \u00e7al\u0131\u015fmalar\u0131n","og_url":"https:\/\/kibrisdakik.com\/?p=70841","article_published_time":"2024-12-05T13:32:47+00:00","og_image":[{"width":926,"height":414,"url":"https:\/\/kibrisdakik.com\/wp-content\/uploads\/2024\/12\/ARIKLI-TASIMACILAR-KABUL1-740x414.jpg","type":"image\/jpeg"}],"author":"admin","twitter_card":"summary_large_image","twitter_misc":{"Yazan:":"admin","Tahmini okuma s\u00fcresi":"3 dakika"},"schema":{"@context":"https:\/\/schema.org","@graph":[{"@type":"Article","@id":"https:\/\/kibrisdakik.com\/?p=70841#article","isPartOf":{"@id":"https:\/\/kibrisdakik.com\/?p=70841"},"author":{"name":"admin","@id":"https:\/\/kibrisdakik.com\/#\/schema\/person\/9cd9d437bbb44f72b73ba127e06d8e79"},"headline":"Bay\u0131nd\u0131rl\u0131k ve Ula\u015ft\u0131rma Bakan\u0131 Ar\u0131kl\u0131: Kamu ta\u015f\u0131mac\u0131lar\u0131n\u0131n sorunlar\u0131n\u0131 el birli\u011fiyle \u00e7\u00f6zece\u011fiz","datePublished":"2024-12-05T13:32:47+00:00","mainEntityOfPage":{"@id":"https:\/\/kibrisdakik.com\/?p=70841"},"wordCount":664,"commentCount":0,"image":{"@id":"https:\/\/kibrisdakik.com\/?p=70841#primaryimage"},"thumbnailUrl":"https:\/\/kibrisdakik.com\/wp-content\/uploads\/2024\/12\/ARIKLI-TASIMACILAR-KABUL1-740x414.jpg","articleSection":["K\u0131br\u0131s"],"inLanguage":"tr","potentialAction":[{"@type":"CommentAction","name":"Comment","target":["https:\/\/kibrisdakik.com\/?p=70841#respond"]}]},{"@type":"WebPage","@id":"https:\/\/kibrisdakik.com\/?p=70841","url":"https:\/\/kibrisdakik.com\/?p=70841","name":"Bay\u0131nd\u0131rl\u0131k ve Ula\u015ft\u0131rma Bakan\u0131 Ar\u0131kl\u0131: Kamu ta\u015f\u0131mac\u0131lar\u0131n\u0131n sorunlar\u0131n\u0131 el birli\u011fiyle \u00e7\u00f6zece\u011fiz -","isPartOf":{"@id":"https:\/\/kibrisdakik.com\/#website"},"primaryImageOfPage":{"@id":"https:\/\/kibrisdakik.com\/?p=70841#primaryimage"},"image":{"@id":"https:\/\/kibrisdakik.com\/?p=70841#primaryimage"},"thumbnailUrl":"https:\/\/kibrisdakik.com\/wp-content\/uploads\/2024\/12\/ARIKLI-TASIMACILAR-KABUL1-740x414.jpg","datePublished":"2024-12-05T13:32:47+00:00","author":{"@id":"https:\/\/kibrisdakik.com\/#\/schema\/person\/9cd9d437bbb44f72b73ba127e06d8e79"},"breadcrumb":{"@id":"https:\/\/kibrisdakik.com\/?p=70841#breadcrumb"},"inLanguage":"tr","potentialAction":[{"@type":"ReadAction","target":["https:\/\/kibrisdakik.com\/?p=70841"]}]},{"@type":"ImageObject","inLanguage":"tr","@id":"https:\/\/kibrisdakik.com\/?p=70841#primaryimage","url":"https:\/\/kibrisdakik.com\/wp-content\/uploads\/2024\/12\/ARIKLI-TASIMACILAR-KABUL1-740x414.jpg","contentUrl":"https:\/\/kibrisdakik.com\/wp-content\/uploads\/2024\/12\/ARIKLI-TASIMACILAR-KABUL1-740x414.jpg","width":926,"height":414},{"@type":"BreadcrumbList","@id":"https:\/\/kibrisdakik.com\/?p=70841#breadcrumb","itemListElement":[{"@type":"ListItem","position":1,"name":"Home","item":"https:\/\/kibrisdakik.com\/"},{"@type":"ListItem","position":2,"name":"Bay\u0131nd\u0131rl\u0131k ve Ula\u015ft\u0131rma Bakan\u0131 Ar\u0131kl\u0131: Kamu ta\u015f\u0131mac\u0131lar\u0131n\u0131n sorunlar\u0131n\u0131 el birli\u011fiyle \u00e7\u00f6zece\u011fiz"}]},{"@type":"WebSite","@id":"https:\/\/kibrisdakik.com\/#website","url":"https:\/\/kibrisdakik.com\/","name":"","description":"Tam vaktinde haber","potentialAction":[{"@type":"SearchAction","target":{"@type":"EntryPoint","urlTemplate":"https:\/\/kibrisdakik.com\/?s={search_term_string}"},"query-input":{"@type":"PropertyValueSpecification","valueRequired":true,"valueName":"search_term_string"}}],"inLanguage":"tr"},{"@type":"Person","@id":"https:\/\/kibrisdakik.com\/#\/schema\/person\/9cd9d437bbb44f72b73ba127e06d8e79","name":"admin","image":{"@type":"ImageObject","inLanguage":"tr","@id":"https:\/\/secure.gravatar.com\/avatar\/ccc17943b9d660506c869530f897617f7cb1c21a4bf30023f252596d83e1f007?s=96&d=mm&r=g","url":"https:\/\/secure.gravatar.com\/avatar\/ccc17943b9d660506c869530f897617f7cb1c21a4bf30023f252596d83e1f007?s=96&d=mm&r=g","contentUrl":"https:\/\/secure.gravatar.com\/avatar\/ccc17943b9d660506c869530f897617f7cb1c21a4bf30023f252596d83e1f007?s=96&d=mm&r=g","caption":"admin"},"sameAs":["https:\/\/kibrisdakik.com"],"url":"https:\/\/kibrisdakik.com\/?author=1"}]}},"_links":{"self":[{"href":"https:\/\/kibrisdakik.com\/index.php?rest_route=\/wp\/v2\/posts\/70841","targetHints":{"allow":["GET"]}}],"collection":[{"href":"https:\/\/kibrisdakik.com\/index.php?rest_route=\/wp\/v2\/posts"}],"about":[{"href":"https:\/\/kibrisdakik.com\/index.php?rest_route=\/wp\/v2\/types\/post"}],"author":[{"embeddable":true,"href":"https:\/\/kibrisdakik.com\/index.php?rest_route=\/wp\/v2\/users\/1"}],"replies":[{"embeddable":true,"href":"https:\/\/kibrisdakik.com\/index.php?rest_route=%2Fwp%2Fv2%2Fcomments&post=70841"}],"version-history":[{"count":0,"href":"https:\/\/kibrisdakik.com\/index.php?rest_route=\/wp\/v2\/posts\/70841\/revisions"}],"wp:featuredmedia":[{"embeddable":true,"href":"https:\/\/kibrisdakik.com\/index.php?rest_route=\/wp\/v2\/media\/70842"}],"wp:attachment":[{"href":"https:\/\/kibrisdakik.com\/index.php?rest_route=%2Fwp%2Fv2%2Fmedia&parent=70841"}],"wp:term":[{"taxonomy":"category","embeddable":true,"href":"https:\/\/kibrisdakik.com\/index.php?rest_route=%2Fwp%2Fv2%2Fcategories&post=70841"},{"taxonomy":"post_tag","embeddable":true,"href":"https:\/\/kibrisdakik.com\/index.php?rest_route=%2Fwp%2Fv2%2Ftags&post=70841"}],"curies":[{"name":"wp","href":"https:\/\/api.w.org\/{rel}","templated":true}]}}