{"id":70853,"date":"2024-12-05T16:46:32","date_gmt":"2024-12-05T13:46:32","guid":{"rendered":"https:\/\/kibrisdakik.com\/index.php\/2024\/12\/05\/azerbaycan-kktc-parlamentolararasi-dostluk-grubu-baskani-feyziyev-orta-asya-turk-devletlerini-kktc-ile-iliskiler-kurmaya-cagiriyoruz\/"},"modified":"2024-12-05T16:46:32","modified_gmt":"2024-12-05T13:46:32","slug":"azerbaycan-kktc-parlamentolararasi-dostluk-grubu-baskani-feyziyev-orta-asya-turk-devletlerini-kktc-ile-iliskiler-kurmaya-cagiriyoruz","status":"publish","type":"post","link":"https:\/\/kibrisdakik.com\/?p=70853","title":{"rendered":"Azerbaycan-KKTC Parlamentolararas\u0131 Dostluk Grubu Ba\u015fkan\u0131 Feyziyev: \u201cOrta Asya T\u00fcrk devletlerini, KKTC ile ili\u015fkiler kurmaya \u00e7a\u011f\u0131r\u0131yoruz\u201d"},"content":{"rendered":"<div>\n<div class=\"mariselle-image-container center\">\n                                            <\/div>\n<p>Azerbaycan Cumhuriyeti Milli Meclisi \u00fcyesi, Azerbaycan-KKTC Parlamentolararas\u0131 Dostluk Grubu Ba\u015fkan\u0131 Cavan\u015fir Feyziyev, \u201cAzerbaycan Cumhurba\u015fkan\u0131 \u0130lham Aliyev\u2019in kararl\u0131 politikas\u0131 sonucunda Kuzey K\u0131br\u0131s T\u00fcrk Cumhuriyeti ile ili\u015fkilerimizde son y\u0131llarda \u00f6zel bir canlanma ya\u015fand\u0131. KKTC, T\u00fcrk Devletleri Te\u015fkilat\u0131\u2019na (TDT) g\u00f6zlemci \u00fcye stat\u00fcs\u00fc kazand\u0131. Parlamentolar aras\u0131nda do\u011frudan ili\u015fkiler kurulmu\u015f ve \u00e7ok \u00fcst d\u00fczeydedir\u201d dedi.<\/p>\n<p>Feyziyev, \u201cOrta Asya T\u00fcrk devletlerini, KKTC ile ili\u015fkiler kurmaya ve adada ya\u015fayan soyda\u015flar\u0131m\u0131za siyasi ve manevi destek sa\u011flamaya \u00e7a\u011f\u0131r\u0131yoruz\u201d dedi.<\/p>\n<p>Feyziyev, TRT\/Azerbaycan sitesine verdi\u011fi \u00f6zel r\u00f6portajda, Azerbaycan ile KKTC parlamentolararas\u0131 dostluk ili\u015fkilerine dair a\u00e7\u0131klamalarda bulundu.<\/p>\n<p>-\u201cKar\u015f\u0131l\u0131kl\u0131 i\u015fbirli\u011fi potansiyeli var\u201d<\/p>\n<p>Feyziyev, KKTC-Azerbaycan Parlamentolararas\u0131 dostluk ili\u015fkilerinin gelece\u011fine ili\u015fkin olarak, 5 Nisan 2024 tarihinde Azerbaycan Cumhuriyeti Milli Meclisi\u2019nin KKTC ile Parlamentolararas\u0131 Dostluk Grubu kurulmas\u0131 karar\u0131n\u0131 kabul etti\u011fini an\u0131msatarak, o g\u00fcnden bu yana her iki parlamentonun heyetlerinin kar\u015f\u0131l\u0131kl\u0131 ziyaretlerde bulundu\u011funu belirtti ve \u015funlar\u0131 kaydetti:<\/p>\n<p>\u201cAmac\u0131m\u0131z \u00fclkelerimiz aras\u0131nda siyasi-ekonomik ve k\u00fclt\u00fcrel-insani ili\u015fkileri canland\u0131rarak yeni kar\u015f\u0131l\u0131kl\u0131 i\u015fbirli\u011fi ili\u015fkileri olu\u015fturmakt\u0131r. Kar\u015f\u0131l\u0131kl\u0131 i\u015fbirli\u011fi potansiyeli oldu\u011funa inan\u0131yorum. \u00d6zellikle bilim, e\u011fitim, k\u00fclt\u00fcr ve turizm sekt\u00f6rlerinde \u00e7al\u0131\u015fan profesyonellerimiz aras\u0131nda i\u015fbirli\u011fi i\u00e7in geni\u015f f\u0131rsatlar bulunmaktad\u0131r. \u015eu anda bu i\u015fbirli\u011finin \u00e7e\u015fitli i\u015f alanlar\u0131na geni\u015fletilmesi i\u00e7in kar\u015f\u0131l\u0131kl\u0131 f\u0131rsatlar \u00fczerinde \u00e7al\u0131\u015f\u0131l\u0131yor. Tar\u0131m ve sanayi \u00fcr\u00fcnlerinin ithalat-ihracat i\u015flemlerinin hayata ge\u00e7irilmesinin yollar\u0131 aran\u0131yor. Bizim g\u00f6revimiz bu \u00e7al\u0131\u015fmalar\u0131 y\u00fcr\u00fcterek ekonominin \u00e7e\u015fitli sekt\u00f6rlerini temsil eden i\u015f adamlar\u0131n\u0131 bilgilendirmek ve i\u015fbirli\u011fine te\u015fvik etmektir.\u201d<\/p>\n<p>\u2013 \u201cB\u00fct\u00fcn Avrupa, K\u0131br\u0131sl\u0131 T\u00fcrklere kar\u015f\u0131 a\u00e7\u0131k\u00e7a ayr\u0131mc\u0131l\u0131k yap\u0131yor\u201d<\/p>\n<p>\u201cKKTC\u2019ye uygulanan \u00e7ifte standartlar\u0131n devam etti\u011fi ve d\u00fcnya \u00fclkeleri taraf\u0131ndan tan\u0131nmad\u0131\u011f\u0131 hat\u0131rlat\u0131larak Bat\u0131\u2019n\u0131n neden bu \u00e7ifte standartlar\u0131 s\u00fcrd\u00fcrd\u00fc\u011f\u00fcn\u00fcn\u201d sorulmas\u0131 \u00fczerine Feyziyev, \u201cK\u0131br\u0131s\u2019ta K\u0131br\u0131sl\u0131 T\u00fcrklerin, 1960\u2019lardan Kuzey K\u0131br\u0131s T\u00fcrk Cumhuriyeti\u2019nin 1983\u2019te ba\u011f\u0131ms\u0131zl\u0131\u011f\u0131n\u0131 ilan etmesine kadar pek \u00e7ok tecrit ile kar\u015f\u0131 kar\u015f\u0131ya kald\u0131\u011f\u0131n\u0131, ba\u011f\u0131ms\u0131zl\u0131k ilan edildikten sonra bile Bat\u0131 d\u00fcnyas\u0131n\u0131n bir b\u00fct\u00fcn olarak K\u0131br\u0131sl\u0131 T\u00fcrklerin haklar\u0131n\u0131 tan\u0131may\u0131 reddetti\u011fini\u201d belirtti.<\/p>\n<p>Feyziyev, 2004 y\u0131l\u0131nda, Annan Plan\u0131 referandumda \u201cK\u0131br\u0131sl\u0131 Rumlar\u0131n K\u0131br\u0131sl\u0131 T\u00fcrklerle bir devlette ya\u015famay\u0131 reddederken, T\u00fcrkler bir arada ya\u015fama y\u00f6n\u00fcnde oy kulland\u0131\u011f\u0131n\u0131, buna ra\u011fmen Avrupa Birli\u011fi adan\u0131n Rum kesimini \u2018K\u0131br\u0131s Cumhuriyeti\u2019 ad\u0131 alt\u0131nda tan\u0131d\u0131\u011f\u0131n\u0131 ve AB \u00fcyesi olarak kabul etti\u011fini\u201d belirterek, \u201cAyn\u0131 zamanda, K\u0131br\u0131sl\u0131 T\u00fcrklerin ba\u011f\u0131ms\u0131zl\u0131\u011f\u0131n\u0131 tan\u0131may\u0131 da reddettiler\u2026 B\u00fct\u00fcn Avrupa, K\u0131br\u0131sl\u0131 T\u00fcrklere kar\u015f\u0131 a\u00e7\u0131k\u00e7a ayr\u0131mc\u0131l\u0131k yap\u0131yor.\u201d dedi.<\/p>\n<p>Feyziyev, \u201cG\u00f6r\u00fcn\u00fc\u015fe g\u00f6re Avrupa sadece K\u0131br\u0131sl\u0131 T\u00fcrkleri de\u011fil, genel olarak T\u00fcrk halk\u0131n\u0131 g\u00f6rmek istemiyor. T\u00fcrkiye\u2019nin AB \u00fcyeli\u011finin yar\u0131m as\u0131r ertelenmesi Bat\u0131\u2019n\u0131n \u00e7ifte standart politikas\u0131n\u0131n g\u00f6stergesidir.\u201d diye ekledi.<\/p>\n<p>-\u201cOrta Asya T\u00fcrk devletlerini KKTC ile ili\u015fkiler kurmaya \u00e7a\u011f\u0131r\u0131yoruz\u201d<\/p>\n<p>Feyziyev konu\u015fmas\u0131nda devamla \u015funlar\u0131 kaydetti:<\/p>\n<p>\u201cMevcut durumda K\u0131br\u0131sl\u0131 T\u00fcrklerin devletlerini korumak ve geli\u015ftirmekten ba\u015fka se\u00e7ene\u011fi yoktur. Dolay\u0131s\u0131yla b\u00fcy\u00fck T\u00fcrk d\u00fcnyas\u0131 K\u0131br\u0131sl\u0131 T\u00fcrklerin bu \u00e7alkant\u0131l\u0131 kaderine kay\u0131ts\u0131z kalamaz. Bug\u00fcn resmi olarak yaln\u0131zca T\u00fcrkiye taraf\u0131ndan tan\u0131nan KKTC\u2019nin siyasi, ekonomik ve manevi deste\u011fe ihtiyac\u0131 var. Parlamentolararas\u0131 \u00c7al\u0131\u015fma Grubu\u2019nun kurulu\u015fu da bu zorunluluktan do\u011fdu ve biz de bu deste\u011fi, yetkimiz dahilinde K\u0131br\u0131sl\u0131 T\u00fcrk yurtta\u015flar\u0131m\u0131za sa\u011flamaya \u00e7al\u0131\u015f\u0131yoruz. T\u00fcm ba\u011f\u0131ms\u0131z T\u00fcrk devletleri ile KKTC aras\u0131nda siyasi, ekonomik ve k\u00fclt\u00fcrel ili\u015fkilerin kurulmas\u0131n\u0131n, KKTC\u2019nin uluslararas\u0131 izolasyondan \u00e7\u0131kar\u0131lmas\u0131na ve ba\u011f\u0131ms\u0131zl\u0131\u011f\u0131n\u0131n uluslararas\u0131 d\u00fczeyde tan\u0131nmas\u0131na b\u00fcy\u00fck katk\u0131 sa\u011flayabilece\u011fini d\u00fc\u015f\u00fcn\u00fcyorum. Bu nedenle, Orta Asya T\u00fcrk devletlerini KKTC ile ili\u015fkiler kurmaya ve adada ya\u015fayan soyda\u015flar\u0131m\u0131za siyasi ve manevi destek sa\u011flamaya \u00e7a\u011f\u0131r\u0131yoruz.\u201d<\/p>\n<p>-Azerbaycan ile KKTC aras\u0131ndaki i\u015fbirlikleri<\/p>\n<p>Azerbaycan ile KKTC aras\u0131ndaki ekonomik, siyasi, e\u011fitimsel ve k\u00fclt\u00fcrel i\u015fbirliklerine ili\u015fkin de\u011ferlendirmede de bulunan Feyziyev, \u201cAzerbaycan Cumhuriyeti Cumhurba\u015fkan\u0131 \u0130lham Aliyev\u2019in kararl\u0131 politikas\u0131 sonucunda Kuzey K\u0131br\u0131s T\u00fcrk Cumhuriyeti ile ili\u015fkilerimizde son y\u0131llarda \u00f6zel bir canlanma ya\u015fand\u0131. KKTC, T\u00fcrk Devletleri Te\u015fkilat\u0131\u2019na (TDT) g\u00f6zlemci \u00fcye stat\u00fcs\u00fc kazand\u0131. Parlamentolar aras\u0131nda do\u011frudan ili\u015fkiler kurulmu\u015f ve \u00e7ok \u00fcst d\u00fczeydedir. E\u011fitim alan\u0131nda i\u015fbirli\u011fi i\u00e7erisinde b\u00fcy\u00fck ba\u015far\u0131lara imza at\u0131yoruz. \u015eu anda Kuzey K\u0131br\u0131s \u00fcniversitelerinde 1000\u2019den fazla Azerbaycanl\u0131 \u00f6\u011frenci e\u011fitim g\u00f6rmektedir. Her iki \u00fclkenin k\u00fclt\u00fcr temsilcileri aras\u0131nda s\u00fcrekli bir i\u015fbirli\u011fi bulunmaktad\u0131r. \u00dcniversitelerin profes\u00f6rleri ve \u00f6\u011fretmenleri aras\u0131nda ili\u015fkiler vard\u0131r. 2023 y\u0131l\u0131ndan bu yana Kuzey K\u0131br\u0131s\u2019tan \u00e7ok say\u0131da tar\u0131m \u00fcr\u00fcn\u00fc ithal ediliyor ve \u015fu anda i\u015fadamlar\u0131 aras\u0131ndaki toplant\u0131lar\u0131 canland\u0131rmaya \u00e7al\u0131\u015f\u0131yoruz. Orta Asya\u2019daki T\u00fcrk devletleri ile KKTC aras\u0131nda benzer ili\u015fkilerin kurulmas\u0131n\u0131n \u00f6nemli oldu\u011funu d\u00fc\u015f\u00fcn\u00fcyorum, Azerbaycan-Kuzey K\u0131br\u0131s parlamentolararas\u0131 \u00e7al\u0131\u015fma grubumuz da bu y\u00f6nde \u00e7aba g\u00f6stermektedir. K\u0131sacas\u0131 amac\u0131m\u0131z KKTC\u2019nin uluslararas\u0131 siyasi ve ekonomik sisteme entegrasyonuna fayda sa\u011flamakt\u0131r.\u201d dedi.<\/p>\n<\/p><\/div>\n<p><script async\n                    defer\n                    crossorigin=\"anonymous\"\n                    src=\"https:\/\/connect.facebook.net\/tr_TR\/sdk.js#xfbml=1&#038;version=v3.3\"\n            ><\/script><\/p>\n","protected":false},"excerpt":{"rendered":"<p>Azerbaycan Cumhuriyeti Milli Meclisi \u00fcyesi, Azerbaycan-KKTC Parlamentolararas\u0131 Dostluk Grubu Ba\u015fkan\u0131 Cavan\u015fir Feyziyev, \u201cAzerbaycan Cumhurba\u015fkan\u0131 \u0130lham Aliyev\u2019in kararl\u0131 politikas\u0131 sonucunda Kuzey K\u0131br\u0131s T\u00fcrk Cumhuriyeti ile ili\u015fkilerimizde son y\u0131llarda \u00f6zel bir canlanma ya\u015fand\u0131. KKTC, T\u00fcrk Devletleri Te\u015fkilat\u0131\u2019na (TDT) g\u00f6zlemci \u00fcye stat\u00fcs\u00fc kazand\u0131. Parlamentolar aras\u0131nda do\u011frudan ili\u015fkiler kurulmu\u015f ve \u00e7ok \u00fcst d\u00fczeydedir\u201d dedi. Feyziyev, \u201cOrta Asya T\u00fcrk devletlerini,<\/p>\n","protected":false},"author":1,"featured_media":70854,"comment_status":"open","ping_status":"open","sticky":false,"template":"","format":"standard","meta":{"footnotes":""},"categories":[81],"tags":[],"class_list":["post-70853","post","type-post","status-publish","format-standard","has-post-thumbnail","hentry","category-kibris"],"yoast_head":"<!-- This site is optimized with the Yoast SEO plugin v27.4 - https:\/\/yoast.com\/product\/yoast-seo-wordpress\/ -->\n<title>Azerbaycan-KKTC Parlamentolararas\u0131 Dostluk Grubu Ba\u015fkan\u0131 Feyziyev: \u201cOrta Asya T\u00fcrk devletlerini, KKTC ile ili\u015fkiler kurmaya \u00e7a\u011f\u0131r\u0131yoruz\u201d -<\/title>\n<meta name=\"robots\" content=\"index, follow, max-snippet:-1, max-image-preview:large, max-video-preview:-1\" \/>\n<link rel=\"canonical\" href=\"https:\/\/kibrisdakik.com\/?p=70853\" \/>\n<meta property=\"og:locale\" content=\"tr_TR\" \/>\n<meta property=\"og:type\" content=\"article\" \/>\n<meta property=\"og:title\" content=\"Azerbaycan-KKTC Parlamentolararas\u0131 Dostluk Grubu Ba\u015fkan\u0131 Feyziyev: \u201cOrta Asya T\u00fcrk devletlerini, KKTC ile ili\u015fkiler kurmaya \u00e7a\u011f\u0131r\u0131yoruz\u201d -\" \/>\n<meta property=\"og:description\" content=\"Azerbaycan Cumhuriyeti Milli Meclisi \u00fcyesi, Azerbaycan-KKTC Parlamentolararas\u0131 Dostluk Grubu Ba\u015fkan\u0131 Cavan\u015fir Feyziyev, \u201cAzerbaycan Cumhurba\u015fkan\u0131 \u0130lham Aliyev\u2019in kararl\u0131 politikas\u0131 sonucunda Kuzey K\u0131br\u0131s T\u00fcrk Cumhuriyeti ile ili\u015fkilerimizde son y\u0131llarda \u00f6zel bir canlanma ya\u015fand\u0131. KKTC, T\u00fcrk Devletleri Te\u015fkilat\u0131\u2019na (TDT) g\u00f6zlemci \u00fcye stat\u00fcs\u00fc kazand\u0131. Parlamentolar aras\u0131nda do\u011frudan ili\u015fkiler kurulmu\u015f ve \u00e7ok \u00fcst d\u00fczeydedir\u201d dedi. Feyziyev, \u201cOrta Asya T\u00fcrk devletlerini,\" \/>\n<meta property=\"og:url\" content=\"https:\/\/kibrisdakik.com\/?p=70853\" \/>\n<meta property=\"article:published_time\" content=\"2024-12-05T13:46:32+00:00\" \/>\n<meta property=\"og:image\" content=\"https:\/\/kibrisdakik.com\/wp-content\/uploads\/2024\/12\/1733404886256675036f0cfec0-740x420.jpg\" \/>\n\t<meta property=\"og:image:width\" content=\"1220\" \/>\n\t<meta property=\"og:image:height\" content=\"686\" \/>\n\t<meta property=\"og:image:type\" content=\"image\/jpeg\" \/>\n<meta name=\"author\" content=\"admin\" \/>\n<meta name=\"twitter:card\" content=\"summary_large_image\" \/>\n<meta name=\"twitter:label1\" content=\"Yazan:\" \/>\n\t<meta name=\"twitter:data1\" content=\"admin\" \/>\n\t<meta name=\"twitter:label2\" content=\"Tahmini okuma s\u00fcresi\" \/>\n\t<meta name=\"twitter:data2\" content=\"5 dakika\" \/>\n<script type=\"application\/ld+json\" class=\"yoast-schema-graph\">{\"@context\":\"https:\\\/\\\/schema.org\",\"@graph\":[{\"@type\":\"Article\",\"@id\":\"https:\\\/\\\/kibrisdakik.com\\\/?p=70853#article\",\"isPartOf\":{\"@id\":\"https:\\\/\\\/kibrisdakik.com\\\/?p=70853\"},\"author\":{\"name\":\"admin\",\"@id\":\"https:\\\/\\\/kibrisdakik.com\\\/#\\\/schema\\\/person\\\/9cd9d437bbb44f72b73ba127e06d8e79\"},\"headline\":\"Azerbaycan-KKTC Parlamentolararas\u0131 Dostluk Grubu Ba\u015fkan\u0131 Feyziyev: \u201cOrta Asya T\u00fcrk devletlerini, KKTC ile ili\u015fkiler kurmaya \u00e7a\u011f\u0131r\u0131yoruz\u201d\",\"datePublished\":\"2024-12-05T13:46:32+00:00\",\"mainEntityOfPage\":{\"@id\":\"https:\\\/\\\/kibrisdakik.com\\\/?p=70853\"},\"wordCount\":1021,\"commentCount\":0,\"image\":{\"@id\":\"https:\\\/\\\/kibrisdakik.com\\\/?p=70853#primaryimage\"},\"thumbnailUrl\":\"https:\\\/\\\/kibrisdakik.com\\\/wp-content\\\/uploads\\\/2024\\\/12\\\/1733404886256675036f0cfec0-740x420.jpg\",\"articleSection\":[\"K\u0131br\u0131s\"],\"inLanguage\":\"tr\",\"potentialAction\":[{\"@type\":\"CommentAction\",\"name\":\"Comment\",\"target\":[\"https:\\\/\\\/kibrisdakik.com\\\/?p=70853#respond\"]}]},{\"@type\":\"WebPage\",\"@id\":\"https:\\\/\\\/kibrisdakik.com\\\/?p=70853\",\"url\":\"https:\\\/\\\/kibrisdakik.com\\\/?p=70853\",\"name\":\"Azerbaycan-KKTC Parlamentolararas\u0131 Dostluk Grubu Ba\u015fkan\u0131 Feyziyev: \u201cOrta Asya T\u00fcrk devletlerini, KKTC ile ili\u015fkiler kurmaya \u00e7a\u011f\u0131r\u0131yoruz\u201d -\",\"isPartOf\":{\"@id\":\"https:\\\/\\\/kibrisdakik.com\\\/#website\"},\"primaryImageOfPage\":{\"@id\":\"https:\\\/\\\/kibrisdakik.com\\\/?p=70853#primaryimage\"},\"image\":{\"@id\":\"https:\\\/\\\/kibrisdakik.com\\\/?p=70853#primaryimage\"},\"thumbnailUrl\":\"https:\\\/\\\/kibrisdakik.com\\\/wp-content\\\/uploads\\\/2024\\\/12\\\/1733404886256675036f0cfec0-740x420.jpg\",\"datePublished\":\"2024-12-05T13:46:32+00:00\",\"author\":{\"@id\":\"https:\\\/\\\/kibrisdakik.com\\\/#\\\/schema\\\/person\\\/9cd9d437bbb44f72b73ba127e06d8e79\"},\"breadcrumb\":{\"@id\":\"https:\\\/\\\/kibrisdakik.com\\\/?p=70853#breadcrumb\"},\"inLanguage\":\"tr\",\"potentialAction\":[{\"@type\":\"ReadAction\",\"target\":[\"https:\\\/\\\/kibrisdakik.com\\\/?p=70853\"]}]},{\"@type\":\"ImageObject\",\"inLanguage\":\"tr\",\"@id\":\"https:\\\/\\\/kibrisdakik.com\\\/?p=70853#primaryimage\",\"url\":\"https:\\\/\\\/kibrisdakik.com\\\/wp-content\\\/uploads\\\/2024\\\/12\\\/1733404886256675036f0cfec0-740x420.jpg\",\"contentUrl\":\"https:\\\/\\\/kibrisdakik.com\\\/wp-content\\\/uploads\\\/2024\\\/12\\\/1733404886256675036f0cfec0-740x420.jpg\",\"width\":1220,\"height\":686},{\"@type\":\"BreadcrumbList\",\"@id\":\"https:\\\/\\\/kibrisdakik.com\\\/?p=70853#breadcrumb\",\"itemListElement\":[{\"@type\":\"ListItem\",\"position\":1,\"name\":\"Home\",\"item\":\"https:\\\/\\\/kibrisdakik.com\\\/\"},{\"@type\":\"ListItem\",\"position\":2,\"name\":\"Azerbaycan-KKTC Parlamentolararas\u0131 Dostluk Grubu Ba\u015fkan\u0131 Feyziyev: \u201cOrta Asya T\u00fcrk devletlerini, KKTC ile ili\u015fkiler kurmaya \u00e7a\u011f\u0131r\u0131yoruz\u201d\"}]},{\"@type\":\"WebSite\",\"@id\":\"https:\\\/\\\/kibrisdakik.com\\\/#website\",\"url\":\"https:\\\/\\\/kibrisdakik.com\\\/\",\"name\":\"\",\"description\":\"Tam vaktinde haber\",\"potentialAction\":[{\"@type\":\"SearchAction\",\"target\":{\"@type\":\"EntryPoint\",\"urlTemplate\":\"https:\\\/\\\/kibrisdakik.com\\\/?s={search_term_string}\"},\"query-input\":{\"@type\":\"PropertyValueSpecification\",\"valueRequired\":true,\"valueName\":\"search_term_string\"}}],\"inLanguage\":\"tr\"},{\"@type\":\"Person\",\"@id\":\"https:\\\/\\\/kibrisdakik.com\\\/#\\\/schema\\\/person\\\/9cd9d437bbb44f72b73ba127e06d8e79\",\"name\":\"admin\",\"image\":{\"@type\":\"ImageObject\",\"inLanguage\":\"tr\",\"@id\":\"https:\\\/\\\/secure.gravatar.com\\\/avatar\\\/ccc17943b9d660506c869530f897617f7cb1c21a4bf30023f252596d83e1f007?s=96&d=mm&r=g\",\"url\":\"https:\\\/\\\/secure.gravatar.com\\\/avatar\\\/ccc17943b9d660506c869530f897617f7cb1c21a4bf30023f252596d83e1f007?s=96&d=mm&r=g\",\"contentUrl\":\"https:\\\/\\\/secure.gravatar.com\\\/avatar\\\/ccc17943b9d660506c869530f897617f7cb1c21a4bf30023f252596d83e1f007?s=96&d=mm&r=g\",\"caption\":\"admin\"},\"sameAs\":[\"https:\\\/\\\/kibrisdakik.com\"],\"url\":\"https:\\\/\\\/kibrisdakik.com\\\/?author=1\"}]}<\/script>\n<!-- \/ Yoast SEO plugin. -->","yoast_head_json":{"title":"Azerbaycan-KKTC Parlamentolararas\u0131 Dostluk Grubu Ba\u015fkan\u0131 Feyziyev: \u201cOrta Asya T\u00fcrk devletlerini, KKTC ile ili\u015fkiler kurmaya \u00e7a\u011f\u0131r\u0131yoruz\u201d -","robots":{"index":"index","follow":"follow","max-snippet":"max-snippet:-1","max-image-preview":"max-image-preview:large","max-video-preview":"max-video-preview:-1"},"canonical":"https:\/\/kibrisdakik.com\/?p=70853","og_locale":"tr_TR","og_type":"article","og_title":"Azerbaycan-KKTC Parlamentolararas\u0131 Dostluk Grubu Ba\u015fkan\u0131 Feyziyev: \u201cOrta Asya T\u00fcrk devletlerini, KKTC ile ili\u015fkiler kurmaya \u00e7a\u011f\u0131r\u0131yoruz\u201d -","og_description":"Azerbaycan Cumhuriyeti Milli Meclisi \u00fcyesi, Azerbaycan-KKTC Parlamentolararas\u0131 Dostluk Grubu Ba\u015fkan\u0131 Cavan\u015fir Feyziyev, \u201cAzerbaycan Cumhurba\u015fkan\u0131 \u0130lham Aliyev\u2019in kararl\u0131 politikas\u0131 sonucunda Kuzey K\u0131br\u0131s T\u00fcrk Cumhuriyeti ile ili\u015fkilerimizde son y\u0131llarda \u00f6zel bir canlanma ya\u015fand\u0131. KKTC, T\u00fcrk Devletleri Te\u015fkilat\u0131\u2019na (TDT) g\u00f6zlemci \u00fcye stat\u00fcs\u00fc kazand\u0131. Parlamentolar aras\u0131nda do\u011frudan ili\u015fkiler kurulmu\u015f ve \u00e7ok \u00fcst d\u00fczeydedir\u201d dedi. Feyziyev, \u201cOrta Asya T\u00fcrk devletlerini,","og_url":"https:\/\/kibrisdakik.com\/?p=70853","article_published_time":"2024-12-05T13:46:32+00:00","og_image":[{"width":1220,"height":686,"url":"https:\/\/kibrisdakik.com\/wp-content\/uploads\/2024\/12\/1733404886256675036f0cfec0-740x420.jpg","type":"image\/jpeg"}],"author":"admin","twitter_card":"summary_large_image","twitter_misc":{"Yazan:":"admin","Tahmini okuma s\u00fcresi":"5 dakika"},"schema":{"@context":"https:\/\/schema.org","@graph":[{"@type":"Article","@id":"https:\/\/kibrisdakik.com\/?p=70853#article","isPartOf":{"@id":"https:\/\/kibrisdakik.com\/?p=70853"},"author":{"name":"admin","@id":"https:\/\/kibrisdakik.com\/#\/schema\/person\/9cd9d437bbb44f72b73ba127e06d8e79"},"headline":"Azerbaycan-KKTC Parlamentolararas\u0131 Dostluk Grubu Ba\u015fkan\u0131 Feyziyev: \u201cOrta Asya T\u00fcrk devletlerini, KKTC ile ili\u015fkiler kurmaya \u00e7a\u011f\u0131r\u0131yoruz\u201d","datePublished":"2024-12-05T13:46:32+00:00","mainEntityOfPage":{"@id":"https:\/\/kibrisdakik.com\/?p=70853"},"wordCount":1021,"commentCount":0,"image":{"@id":"https:\/\/kibrisdakik.com\/?p=70853#primaryimage"},"thumbnailUrl":"https:\/\/kibrisdakik.com\/wp-content\/uploads\/2024\/12\/1733404886256675036f0cfec0-740x420.jpg","articleSection":["K\u0131br\u0131s"],"inLanguage":"tr","potentialAction":[{"@type":"CommentAction","name":"Comment","target":["https:\/\/kibrisdakik.com\/?p=70853#respond"]}]},{"@type":"WebPage","@id":"https:\/\/kibrisdakik.com\/?p=70853","url":"https:\/\/kibrisdakik.com\/?p=70853","name":"Azerbaycan-KKTC Parlamentolararas\u0131 Dostluk Grubu Ba\u015fkan\u0131 Feyziyev: \u201cOrta Asya T\u00fcrk devletlerini, KKTC ile ili\u015fkiler kurmaya \u00e7a\u011f\u0131r\u0131yoruz\u201d -","isPartOf":{"@id":"https:\/\/kibrisdakik.com\/#website"},"primaryImageOfPage":{"@id":"https:\/\/kibrisdakik.com\/?p=70853#primaryimage"},"image":{"@id":"https:\/\/kibrisdakik.com\/?p=70853#primaryimage"},"thumbnailUrl":"https:\/\/kibrisdakik.com\/wp-content\/uploads\/2024\/12\/1733404886256675036f0cfec0-740x420.jpg","datePublished":"2024-12-05T13:46:32+00:00","author":{"@id":"https:\/\/kibrisdakik.com\/#\/schema\/person\/9cd9d437bbb44f72b73ba127e06d8e79"},"breadcrumb":{"@id":"https:\/\/kibrisdakik.com\/?p=70853#breadcrumb"},"inLanguage":"tr","potentialAction":[{"@type":"ReadAction","target":["https:\/\/kibrisdakik.com\/?p=70853"]}]},{"@type":"ImageObject","inLanguage":"tr","@id":"https:\/\/kibrisdakik.com\/?p=70853#primaryimage","url":"https:\/\/kibrisdakik.com\/wp-content\/uploads\/2024\/12\/1733404886256675036f0cfec0-740x420.jpg","contentUrl":"https:\/\/kibrisdakik.com\/wp-content\/uploads\/2024\/12\/1733404886256675036f0cfec0-740x420.jpg","width":1220,"height":686},{"@type":"BreadcrumbList","@id":"https:\/\/kibrisdakik.com\/?p=70853#breadcrumb","itemListElement":[{"@type":"ListItem","position":1,"name":"Home","item":"https:\/\/kibrisdakik.com\/"},{"@type":"ListItem","position":2,"name":"Azerbaycan-KKTC Parlamentolararas\u0131 Dostluk Grubu Ba\u015fkan\u0131 Feyziyev: \u201cOrta Asya T\u00fcrk devletlerini, KKTC ile ili\u015fkiler kurmaya \u00e7a\u011f\u0131r\u0131yoruz\u201d"}]},{"@type":"WebSite","@id":"https:\/\/kibrisdakik.com\/#website","url":"https:\/\/kibrisdakik.com\/","name":"","description":"Tam vaktinde haber","potentialAction":[{"@type":"SearchAction","target":{"@type":"EntryPoint","urlTemplate":"https:\/\/kibrisdakik.com\/?s={search_term_string}"},"query-input":{"@type":"PropertyValueSpecification","valueRequired":true,"valueName":"search_term_string"}}],"inLanguage":"tr"},{"@type":"Person","@id":"https:\/\/kibrisdakik.com\/#\/schema\/person\/9cd9d437bbb44f72b73ba127e06d8e79","name":"admin","image":{"@type":"ImageObject","inLanguage":"tr","@id":"https:\/\/secure.gravatar.com\/avatar\/ccc17943b9d660506c869530f897617f7cb1c21a4bf30023f252596d83e1f007?s=96&d=mm&r=g","url":"https:\/\/secure.gravatar.com\/avatar\/ccc17943b9d660506c869530f897617f7cb1c21a4bf30023f252596d83e1f007?s=96&d=mm&r=g","contentUrl":"https:\/\/secure.gravatar.com\/avatar\/ccc17943b9d660506c869530f897617f7cb1c21a4bf30023f252596d83e1f007?s=96&d=mm&r=g","caption":"admin"},"sameAs":["https:\/\/kibrisdakik.com"],"url":"https:\/\/kibrisdakik.com\/?author=1"}]}},"_links":{"self":[{"href":"https:\/\/kibrisdakik.com\/index.php?rest_route=\/wp\/v2\/posts\/70853","targetHints":{"allow":["GET"]}}],"collection":[{"href":"https:\/\/kibrisdakik.com\/index.php?rest_route=\/wp\/v2\/posts"}],"about":[{"href":"https:\/\/kibrisdakik.com\/index.php?rest_route=\/wp\/v2\/types\/post"}],"author":[{"embeddable":true,"href":"https:\/\/kibrisdakik.com\/index.php?rest_route=\/wp\/v2\/users\/1"}],"replies":[{"embeddable":true,"href":"https:\/\/kibrisdakik.com\/index.php?rest_route=%2Fwp%2Fv2%2Fcomments&post=70853"}],"version-history":[{"count":0,"href":"https:\/\/kibrisdakik.com\/index.php?rest_route=\/wp\/v2\/posts\/70853\/revisions"}],"wp:featuredmedia":[{"embeddable":true,"href":"https:\/\/kibrisdakik.com\/index.php?rest_route=\/wp\/v2\/media\/70854"}],"wp:attachment":[{"href":"https:\/\/kibrisdakik.com\/index.php?rest_route=%2Fwp%2Fv2%2Fmedia&parent=70853"}],"wp:term":[{"taxonomy":"category","embeddable":true,"href":"https:\/\/kibrisdakik.com\/index.php?rest_route=%2Fwp%2Fv2%2Fcategories&post=70853"},{"taxonomy":"post_tag","embeddable":true,"href":"https:\/\/kibrisdakik.com\/index.php?rest_route=%2Fwp%2Fv2%2Ftags&post=70853"}],"curies":[{"name":"wp","href":"https:\/\/api.w.org\/{rel}","templated":true}]}}