{"id":70895,"date":"2024-12-06T00:10:01","date_gmt":"2024-12-05T21:10:01","guid":{"rendered":"https:\/\/kibrisdakik.com\/index.php\/2024\/12\/06\/tc-lefkosa-buyukelcisi-serimkibris-turkunu-daha-aydinlik-yarinlara-tasimak-icin-var-gucumuzle-calismayi-surdurecegiz\/"},"modified":"2024-12-06T00:10:01","modified_gmt":"2024-12-05T21:10:01","slug":"tc-lefkosa-buyukelcisi-serimkibris-turkunu-daha-aydinlik-yarinlara-tasimak-icin-var-gucumuzle-calismayi-surdurecegiz","status":"publish","type":"post","link":"https:\/\/kibrisdakik.com\/?p=70895","title":{"rendered":"TC Lefko\u015fa B\u00fcy\u00fckel\u00e7isi Serim:K\u0131br\u0131s T\u00fcrk\u00fc\u2019n\u00fc daha ayd\u0131nl\u0131k yar\u0131nlara ta\u015f\u0131mak i\u00e7in var g\u00fcc\u00fcm\u00fczle \u00e7al\u0131\u015fmay\u0131 s\u00fcrd\u00fcrece\u011fiz"},"content":{"rendered":"<div>\n<div class=\"mariselle-image-container center\">\n                                            <\/div>\n<p>T\u00fcrkiye\u2019nin Lefko\u015fa B\u00fcy\u00fckel\u00e7isi Yasin Ekrem Serim, G\u00f6nyeli-Alayk\u00f6y Belediye Ba\u015fkan\u0131 H\u00fcseyin Amcao\u011flu ve b\u00f6lge muhtarlar\u0131yla bir araya geldi.<\/p>\n<p>B\u00fcy\u00fckel\u00e7i Serim, Ekonomi ve Enerji Bakan\u0131 Olgun Amcao\u011flu ile birlikte Alayk\u00f6y Organize Sanayi B\u00f6lgesi\u2019ndeki sanayicilerle de g\u00f6r\u00fc\u015ft\u00fc.  <\/p>\n<p>G\u00f6r\u00fc\u015fmelere ili\u015fkin sosyal medya hesab\u0131 \u00fczerinden payla\u015f\u0131m yapan B\u00fcy\u00fckel\u00e7i Serim, \u201cBug\u00fcn Alayk\u00f6y ve G\u00f6nyeli\u2019deydik. Evvela G\u00f6nyeli-Alayk\u00f6y Belediye Ba\u015fkan\u0131 Say\u0131n H\u00fcseyin Amcao\u011flu ile beraber b\u00f6lgedeki karayolu projelerine ili\u015fkin yerinde incelemelerde bulunduk. Ard\u0131ndan Alayk\u00f6y ve G\u00f6nyeli b\u00f6lgesi muhtarlar\u0131yla bir araya gelerek hasbihal etme f\u0131rsat\u0131 bulduk, tespit ve \u00f6nerilerini dinledik\u201d ifadelerini kulland\u0131.<\/p>\n<p>Serim, \u201cSon olarak, Ekonomi ve Enerji Bakan\u0131 Say\u0131n Olgun Amcao\u011flu ile birlikte, Alayk\u00f6y Organize Sanayi B\u00f6lgesi\u2019nde sanayicilerimizle bir araya gelerek \u00fcretime dayal\u0131 b\u00fcy\u00fcme vizyonumuz \u00fczerine sohbet ettik\u201d dedi.<\/p>\n<p>B\u00fcy\u00fckel\u00e7i Serim, \u201c\u00dcreticilerimizden, muhtarlar\u0131m\u0131zdan ve temas etti\u011fimiz t\u00fcm muhataplar\u0131m\u0131zdan ald\u0131\u011f\u0131m\u0131z geri bildirimlerin de katk\u0131s\u0131yla, K\u0131br\u0131s T\u00fcrk\u00fc\u2019n\u00fc daha ayd\u0131nl\u0131k yar\u0131nlara ta\u015f\u0131mak i\u00e7in var g\u00fcc\u00fcm\u00fczle \u00e7al\u0131\u015fmay\u0131 s\u00fcrd\u00fcrece\u011fiz\u201d a\u00e7\u0131klamas\u0131n\u0131 yapt\u0131.<\/p>\n<\/p><\/div>\n<p><script async\n                    defer\n                    crossorigin=\"anonymous\"\n                    src=\"https:\/\/connect.facebook.net\/tr_TR\/sdk.js#xfbml=1&#038;version=v3.3\"\n            ><\/script><\/p>\n","protected":false},"excerpt":{"rendered":"<p>T\u00fcrkiye\u2019nin Lefko\u015fa B\u00fcy\u00fckel\u00e7isi Yasin Ekrem Serim, G\u00f6nyeli-Alayk\u00f6y Belediye Ba\u015fkan\u0131 H\u00fcseyin Amcao\u011flu ve b\u00f6lge muhtarlar\u0131yla bir araya geldi. B\u00fcy\u00fckel\u00e7i Serim, Ekonomi ve Enerji Bakan\u0131 Olgun Amcao\u011flu ile birlikte Alayk\u00f6y Organize Sanayi B\u00f6lgesi\u2019ndeki sanayicilerle de g\u00f6r\u00fc\u015ft\u00fc. G\u00f6r\u00fc\u015fmelere ili\u015fkin sosyal medya hesab\u0131 \u00fczerinden payla\u015f\u0131m yapan B\u00fcy\u00fckel\u00e7i Serim, \u201cBug\u00fcn Alayk\u00f6y ve G\u00f6nyeli\u2019deydik. Evvela G\u00f6nyeli-Alayk\u00f6y Belediye Ba\u015fkan\u0131 Say\u0131n H\u00fcseyin Amcao\u011flu<\/p>\n","protected":false},"author":1,"featured_media":70896,"comment_status":"open","ping_status":"open","sticky":false,"template":"","format":"standard","meta":{"footnotes":""},"categories":[81],"tags":[],"class_list":["post-70895","post","type-post","status-publish","format-standard","has-post-thumbnail","hentry","category-kibris"],"yoast_head":"<!-- This site is optimized with the Yoast SEO plugin v27.5 - https:\/\/yoast.com\/product\/yoast-seo-wordpress\/ -->\n<title>TC Lefko\u015fa B\u00fcy\u00fckel\u00e7isi Serim:K\u0131br\u0131s T\u00fcrk\u00fc\u2019n\u00fc daha ayd\u0131nl\u0131k yar\u0131nlara ta\u015f\u0131mak i\u00e7in var g\u00fcc\u00fcm\u00fczle \u00e7al\u0131\u015fmay\u0131 s\u00fcrd\u00fcrece\u011fiz -<\/title>\n<meta name=\"robots\" content=\"index, follow, max-snippet:-1, max-image-preview:large, max-video-preview:-1\" \/>\n<link rel=\"canonical\" href=\"https:\/\/kibrisdakik.com\/?p=70895\" \/>\n<meta property=\"og:locale\" content=\"tr_TR\" \/>\n<meta property=\"og:type\" content=\"article\" \/>\n<meta property=\"og:title\" content=\"TC Lefko\u015fa B\u00fcy\u00fckel\u00e7isi Serim:K\u0131br\u0131s T\u00fcrk\u00fc\u2019n\u00fc daha ayd\u0131nl\u0131k yar\u0131nlara ta\u015f\u0131mak i\u00e7in var g\u00fcc\u00fcm\u00fczle \u00e7al\u0131\u015fmay\u0131 s\u00fcrd\u00fcrece\u011fiz -\" \/>\n<meta property=\"og:description\" content=\"T\u00fcrkiye\u2019nin Lefko\u015fa B\u00fcy\u00fckel\u00e7isi Yasin Ekrem Serim, G\u00f6nyeli-Alayk\u00f6y Belediye Ba\u015fkan\u0131 H\u00fcseyin Amcao\u011flu ve b\u00f6lge muhtarlar\u0131yla bir araya geldi. B\u00fcy\u00fckel\u00e7i Serim, Ekonomi ve Enerji Bakan\u0131 Olgun Amcao\u011flu ile birlikte Alayk\u00f6y Organize Sanayi B\u00f6lgesi\u2019ndeki sanayicilerle de g\u00f6r\u00fc\u015ft\u00fc. G\u00f6r\u00fc\u015fmelere ili\u015fkin sosyal medya hesab\u0131 \u00fczerinden payla\u015f\u0131m yapan B\u00fcy\u00fckel\u00e7i Serim, \u201cBug\u00fcn Alayk\u00f6y ve G\u00f6nyeli\u2019deydik. Evvela G\u00f6nyeli-Alayk\u00f6y Belediye Ba\u015fkan\u0131 Say\u0131n H\u00fcseyin Amcao\u011flu\" \/>\n<meta property=\"og:url\" content=\"https:\/\/kibrisdakik.com\/?p=70895\" \/>\n<meta property=\"article:published_time\" content=\"2024-12-05T21:10:01+00:00\" \/>\n<meta property=\"og:image\" content=\"https:\/\/kibrisdakik.com\/wp-content\/uploads\/2024\/12\/InShot_20241205_231801093-scaled-740x420.jpg\" \/>\n\t<meta property=\"og:image:width\" content=\"2560\" \/>\n\t<meta property=\"og:image:height\" content=\"1439\" \/>\n\t<meta property=\"og:image:type\" content=\"image\/jpeg\" \/>\n<meta name=\"author\" content=\"admin\" \/>\n<meta name=\"twitter:card\" content=\"summary_large_image\" \/>\n<meta name=\"twitter:label1\" content=\"Yazan:\" \/>\n\t<meta name=\"twitter:data1\" content=\"admin\" \/>\n\t<meta name=\"twitter:label2\" content=\"Tahmini okuma s\u00fcresi\" \/>\n\t<meta name=\"twitter:data2\" content=\"1 dakika\" \/>\n<script type=\"application\/ld+json\" class=\"yoast-schema-graph\">{\"@context\":\"https:\\\/\\\/schema.org\",\"@graph\":[{\"@type\":\"Article\",\"@id\":\"https:\\\/\\\/kibrisdakik.com\\\/?p=70895#article\",\"isPartOf\":{\"@id\":\"https:\\\/\\\/kibrisdakik.com\\\/?p=70895\"},\"author\":{\"name\":\"admin\",\"@id\":\"https:\\\/\\\/kibrisdakik.com\\\/#\\\/schema\\\/person\\\/9cd9d437bbb44f72b73ba127e06d8e79\"},\"headline\":\"TC Lefko\u015fa B\u00fcy\u00fckel\u00e7isi Serim:K\u0131br\u0131s T\u00fcrk\u00fc\u2019n\u00fc daha ayd\u0131nl\u0131k yar\u0131nlara ta\u015f\u0131mak i\u00e7in var g\u00fcc\u00fcm\u00fczle \u00e7al\u0131\u015fmay\u0131 s\u00fcrd\u00fcrece\u011fiz\",\"datePublished\":\"2024-12-05T21:10:01+00:00\",\"mainEntityOfPage\":{\"@id\":\"https:\\\/\\\/kibrisdakik.com\\\/?p=70895\"},\"wordCount\":258,\"commentCount\":0,\"image\":{\"@id\":\"https:\\\/\\\/kibrisdakik.com\\\/?p=70895#primaryimage\"},\"thumbnailUrl\":\"https:\\\/\\\/kibrisdakik.com\\\/wp-content\\\/uploads\\\/2024\\\/12\\\/InShot_20241205_231801093-scaled-740x420.jpg\",\"articleSection\":[\"K\u0131br\u0131s\"],\"inLanguage\":\"tr\",\"potentialAction\":[{\"@type\":\"CommentAction\",\"name\":\"Comment\",\"target\":[\"https:\\\/\\\/kibrisdakik.com\\\/?p=70895#respond\"]}]},{\"@type\":\"WebPage\",\"@id\":\"https:\\\/\\\/kibrisdakik.com\\\/?p=70895\",\"url\":\"https:\\\/\\\/kibrisdakik.com\\\/?p=70895\",\"name\":\"TC Lefko\u015fa B\u00fcy\u00fckel\u00e7isi Serim:K\u0131br\u0131s T\u00fcrk\u00fc\u2019n\u00fc daha ayd\u0131nl\u0131k yar\u0131nlara ta\u015f\u0131mak i\u00e7in var g\u00fcc\u00fcm\u00fczle \u00e7al\u0131\u015fmay\u0131 s\u00fcrd\u00fcrece\u011fiz -\",\"isPartOf\":{\"@id\":\"https:\\\/\\\/kibrisdakik.com\\\/#website\"},\"primaryImageOfPage\":{\"@id\":\"https:\\\/\\\/kibrisdakik.com\\\/?p=70895#primaryimage\"},\"image\":{\"@id\":\"https:\\\/\\\/kibrisdakik.com\\\/?p=70895#primaryimage\"},\"thumbnailUrl\":\"https:\\\/\\\/kibrisdakik.com\\\/wp-content\\\/uploads\\\/2024\\\/12\\\/InShot_20241205_231801093-scaled-740x420.jpg\",\"datePublished\":\"2024-12-05T21:10:01+00:00\",\"author\":{\"@id\":\"https:\\\/\\\/kibrisdakik.com\\\/#\\\/schema\\\/person\\\/9cd9d437bbb44f72b73ba127e06d8e79\"},\"breadcrumb\":{\"@id\":\"https:\\\/\\\/kibrisdakik.com\\\/?p=70895#breadcrumb\"},\"inLanguage\":\"tr\",\"potentialAction\":[{\"@type\":\"ReadAction\",\"target\":[\"https:\\\/\\\/kibrisdakik.com\\\/?p=70895\"]}]},{\"@type\":\"ImageObject\",\"inLanguage\":\"tr\",\"@id\":\"https:\\\/\\\/kibrisdakik.com\\\/?p=70895#primaryimage\",\"url\":\"https:\\\/\\\/kibrisdakik.com\\\/wp-content\\\/uploads\\\/2024\\\/12\\\/InShot_20241205_231801093-scaled-740x420.jpg\",\"contentUrl\":\"https:\\\/\\\/kibrisdakik.com\\\/wp-content\\\/uploads\\\/2024\\\/12\\\/InShot_20241205_231801093-scaled-740x420.jpg\",\"width\":2560,\"height\":1439},{\"@type\":\"BreadcrumbList\",\"@id\":\"https:\\\/\\\/kibrisdakik.com\\\/?p=70895#breadcrumb\",\"itemListElement\":[{\"@type\":\"ListItem\",\"position\":1,\"name\":\"Home\",\"item\":\"https:\\\/\\\/kibrisdakik.com\\\/\"},{\"@type\":\"ListItem\",\"position\":2,\"name\":\"TC Lefko\u015fa B\u00fcy\u00fckel\u00e7isi Serim:K\u0131br\u0131s T\u00fcrk\u00fc\u2019n\u00fc daha ayd\u0131nl\u0131k yar\u0131nlara ta\u015f\u0131mak i\u00e7in var g\u00fcc\u00fcm\u00fczle \u00e7al\u0131\u015fmay\u0131 s\u00fcrd\u00fcrece\u011fiz\"}]},{\"@type\":\"WebSite\",\"@id\":\"https:\\\/\\\/kibrisdakik.com\\\/#website\",\"url\":\"https:\\\/\\\/kibrisdakik.com\\\/\",\"name\":\"\",\"description\":\"Tam vaktinde haber\",\"potentialAction\":[{\"@type\":\"SearchAction\",\"target\":{\"@type\":\"EntryPoint\",\"urlTemplate\":\"https:\\\/\\\/kibrisdakik.com\\\/?s={search_term_string}\"},\"query-input\":{\"@type\":\"PropertyValueSpecification\",\"valueRequired\":true,\"valueName\":\"search_term_string\"}}],\"inLanguage\":\"tr\"},{\"@type\":\"Person\",\"@id\":\"https:\\\/\\\/kibrisdakik.com\\\/#\\\/schema\\\/person\\\/9cd9d437bbb44f72b73ba127e06d8e79\",\"name\":\"admin\",\"image\":{\"@type\":\"ImageObject\",\"inLanguage\":\"tr\",\"@id\":\"https:\\\/\\\/secure.gravatar.com\\\/avatar\\\/ccc17943b9d660506c869530f897617f7cb1c21a4bf30023f252596d83e1f007?s=96&d=mm&r=g\",\"url\":\"https:\\\/\\\/secure.gravatar.com\\\/avatar\\\/ccc17943b9d660506c869530f897617f7cb1c21a4bf30023f252596d83e1f007?s=96&d=mm&r=g\",\"contentUrl\":\"https:\\\/\\\/secure.gravatar.com\\\/avatar\\\/ccc17943b9d660506c869530f897617f7cb1c21a4bf30023f252596d83e1f007?s=96&d=mm&r=g\",\"caption\":\"admin\"},\"sameAs\":[\"https:\\\/\\\/kibrisdakik.com\"],\"url\":\"https:\\\/\\\/kibrisdakik.com\\\/?author=1\"}]}<\/script>\n<!-- \/ Yoast SEO plugin. -->","yoast_head_json":{"title":"TC Lefko\u015fa B\u00fcy\u00fckel\u00e7isi Serim:K\u0131br\u0131s T\u00fcrk\u00fc\u2019n\u00fc daha ayd\u0131nl\u0131k yar\u0131nlara ta\u015f\u0131mak i\u00e7in var g\u00fcc\u00fcm\u00fczle \u00e7al\u0131\u015fmay\u0131 s\u00fcrd\u00fcrece\u011fiz -","robots":{"index":"index","follow":"follow","max-snippet":"max-snippet:-1","max-image-preview":"max-image-preview:large","max-video-preview":"max-video-preview:-1"},"canonical":"https:\/\/kibrisdakik.com\/?p=70895","og_locale":"tr_TR","og_type":"article","og_title":"TC Lefko\u015fa B\u00fcy\u00fckel\u00e7isi Serim:K\u0131br\u0131s T\u00fcrk\u00fc\u2019n\u00fc daha ayd\u0131nl\u0131k yar\u0131nlara ta\u015f\u0131mak i\u00e7in var g\u00fcc\u00fcm\u00fczle \u00e7al\u0131\u015fmay\u0131 s\u00fcrd\u00fcrece\u011fiz -","og_description":"T\u00fcrkiye\u2019nin Lefko\u015fa B\u00fcy\u00fckel\u00e7isi Yasin Ekrem Serim, G\u00f6nyeli-Alayk\u00f6y Belediye Ba\u015fkan\u0131 H\u00fcseyin Amcao\u011flu ve b\u00f6lge muhtarlar\u0131yla bir araya geldi. B\u00fcy\u00fckel\u00e7i Serim, Ekonomi ve Enerji Bakan\u0131 Olgun Amcao\u011flu ile birlikte Alayk\u00f6y Organize Sanayi B\u00f6lgesi\u2019ndeki sanayicilerle de g\u00f6r\u00fc\u015ft\u00fc. G\u00f6r\u00fc\u015fmelere ili\u015fkin sosyal medya hesab\u0131 \u00fczerinden payla\u015f\u0131m yapan B\u00fcy\u00fckel\u00e7i Serim, \u201cBug\u00fcn Alayk\u00f6y ve G\u00f6nyeli\u2019deydik. Evvela G\u00f6nyeli-Alayk\u00f6y Belediye Ba\u015fkan\u0131 Say\u0131n H\u00fcseyin Amcao\u011flu","og_url":"https:\/\/kibrisdakik.com\/?p=70895","article_published_time":"2024-12-05T21:10:01+00:00","og_image":[{"width":2560,"height":1439,"url":"https:\/\/kibrisdakik.com\/wp-content\/uploads\/2024\/12\/InShot_20241205_231801093-scaled-740x420.jpg","type":"image\/jpeg"}],"author":"admin","twitter_card":"summary_large_image","twitter_misc":{"Yazan:":"admin","Tahmini okuma s\u00fcresi":"1 dakika"},"schema":{"@context":"https:\/\/schema.org","@graph":[{"@type":"Article","@id":"https:\/\/kibrisdakik.com\/?p=70895#article","isPartOf":{"@id":"https:\/\/kibrisdakik.com\/?p=70895"},"author":{"name":"admin","@id":"https:\/\/kibrisdakik.com\/#\/schema\/person\/9cd9d437bbb44f72b73ba127e06d8e79"},"headline":"TC Lefko\u015fa B\u00fcy\u00fckel\u00e7isi Serim:K\u0131br\u0131s T\u00fcrk\u00fc\u2019n\u00fc daha ayd\u0131nl\u0131k yar\u0131nlara ta\u015f\u0131mak i\u00e7in var g\u00fcc\u00fcm\u00fczle \u00e7al\u0131\u015fmay\u0131 s\u00fcrd\u00fcrece\u011fiz","datePublished":"2024-12-05T21:10:01+00:00","mainEntityOfPage":{"@id":"https:\/\/kibrisdakik.com\/?p=70895"},"wordCount":258,"commentCount":0,"image":{"@id":"https:\/\/kibrisdakik.com\/?p=70895#primaryimage"},"thumbnailUrl":"https:\/\/kibrisdakik.com\/wp-content\/uploads\/2024\/12\/InShot_20241205_231801093-scaled-740x420.jpg","articleSection":["K\u0131br\u0131s"],"inLanguage":"tr","potentialAction":[{"@type":"CommentAction","name":"Comment","target":["https:\/\/kibrisdakik.com\/?p=70895#respond"]}]},{"@type":"WebPage","@id":"https:\/\/kibrisdakik.com\/?p=70895","url":"https:\/\/kibrisdakik.com\/?p=70895","name":"TC Lefko\u015fa B\u00fcy\u00fckel\u00e7isi Serim:K\u0131br\u0131s T\u00fcrk\u00fc\u2019n\u00fc daha ayd\u0131nl\u0131k yar\u0131nlara ta\u015f\u0131mak i\u00e7in var g\u00fcc\u00fcm\u00fczle \u00e7al\u0131\u015fmay\u0131 s\u00fcrd\u00fcrece\u011fiz -","isPartOf":{"@id":"https:\/\/kibrisdakik.com\/#website"},"primaryImageOfPage":{"@id":"https:\/\/kibrisdakik.com\/?p=70895#primaryimage"},"image":{"@id":"https:\/\/kibrisdakik.com\/?p=70895#primaryimage"},"thumbnailUrl":"https:\/\/kibrisdakik.com\/wp-content\/uploads\/2024\/12\/InShot_20241205_231801093-scaled-740x420.jpg","datePublished":"2024-12-05T21:10:01+00:00","author":{"@id":"https:\/\/kibrisdakik.com\/#\/schema\/person\/9cd9d437bbb44f72b73ba127e06d8e79"},"breadcrumb":{"@id":"https:\/\/kibrisdakik.com\/?p=70895#breadcrumb"},"inLanguage":"tr","potentialAction":[{"@type":"ReadAction","target":["https:\/\/kibrisdakik.com\/?p=70895"]}]},{"@type":"ImageObject","inLanguage":"tr","@id":"https:\/\/kibrisdakik.com\/?p=70895#primaryimage","url":"https:\/\/kibrisdakik.com\/wp-content\/uploads\/2024\/12\/InShot_20241205_231801093-scaled-740x420.jpg","contentUrl":"https:\/\/kibrisdakik.com\/wp-content\/uploads\/2024\/12\/InShot_20241205_231801093-scaled-740x420.jpg","width":2560,"height":1439},{"@type":"BreadcrumbList","@id":"https:\/\/kibrisdakik.com\/?p=70895#breadcrumb","itemListElement":[{"@type":"ListItem","position":1,"name":"Home","item":"https:\/\/kibrisdakik.com\/"},{"@type":"ListItem","position":2,"name":"TC Lefko\u015fa B\u00fcy\u00fckel\u00e7isi Serim:K\u0131br\u0131s T\u00fcrk\u00fc\u2019n\u00fc daha ayd\u0131nl\u0131k yar\u0131nlara ta\u015f\u0131mak i\u00e7in var g\u00fcc\u00fcm\u00fczle \u00e7al\u0131\u015fmay\u0131 s\u00fcrd\u00fcrece\u011fiz"}]},{"@type":"WebSite","@id":"https:\/\/kibrisdakik.com\/#website","url":"https:\/\/kibrisdakik.com\/","name":"","description":"Tam vaktinde haber","potentialAction":[{"@type":"SearchAction","target":{"@type":"EntryPoint","urlTemplate":"https:\/\/kibrisdakik.com\/?s={search_term_string}"},"query-input":{"@type":"PropertyValueSpecification","valueRequired":true,"valueName":"search_term_string"}}],"inLanguage":"tr"},{"@type":"Person","@id":"https:\/\/kibrisdakik.com\/#\/schema\/person\/9cd9d437bbb44f72b73ba127e06d8e79","name":"admin","image":{"@type":"ImageObject","inLanguage":"tr","@id":"https:\/\/secure.gravatar.com\/avatar\/ccc17943b9d660506c869530f897617f7cb1c21a4bf30023f252596d83e1f007?s=96&d=mm&r=g","url":"https:\/\/secure.gravatar.com\/avatar\/ccc17943b9d660506c869530f897617f7cb1c21a4bf30023f252596d83e1f007?s=96&d=mm&r=g","contentUrl":"https:\/\/secure.gravatar.com\/avatar\/ccc17943b9d660506c869530f897617f7cb1c21a4bf30023f252596d83e1f007?s=96&d=mm&r=g","caption":"admin"},"sameAs":["https:\/\/kibrisdakik.com"],"url":"https:\/\/kibrisdakik.com\/?author=1"}]}},"_links":{"self":[{"href":"https:\/\/kibrisdakik.com\/index.php?rest_route=\/wp\/v2\/posts\/70895","targetHints":{"allow":["GET"]}}],"collection":[{"href":"https:\/\/kibrisdakik.com\/index.php?rest_route=\/wp\/v2\/posts"}],"about":[{"href":"https:\/\/kibrisdakik.com\/index.php?rest_route=\/wp\/v2\/types\/post"}],"author":[{"embeddable":true,"href":"https:\/\/kibrisdakik.com\/index.php?rest_route=\/wp\/v2\/users\/1"}],"replies":[{"embeddable":true,"href":"https:\/\/kibrisdakik.com\/index.php?rest_route=%2Fwp%2Fv2%2Fcomments&post=70895"}],"version-history":[{"count":0,"href":"https:\/\/kibrisdakik.com\/index.php?rest_route=\/wp\/v2\/posts\/70895\/revisions"}],"wp:featuredmedia":[{"embeddable":true,"href":"https:\/\/kibrisdakik.com\/index.php?rest_route=\/wp\/v2\/media\/70896"}],"wp:attachment":[{"href":"https:\/\/kibrisdakik.com\/index.php?rest_route=%2Fwp%2Fv2%2Fmedia&parent=70895"}],"wp:term":[{"taxonomy":"category","embeddable":true,"href":"https:\/\/kibrisdakik.com\/index.php?rest_route=%2Fwp%2Fv2%2Fcategories&post=70895"},{"taxonomy":"post_tag","embeddable":true,"href":"https:\/\/kibrisdakik.com\/index.php?rest_route=%2Fwp%2Fv2%2Ftags&post=70895"}],"curies":[{"name":"wp","href":"https:\/\/api.w.org\/{rel}","templated":true}]}}