{"id":70953,"date":"2024-12-06T16:05:32","date_gmt":"2024-12-06T13:05:32","guid":{"rendered":"https:\/\/kibrisdakik.com\/index.php\/2024\/12\/06\/erhurmancozumu-bulmazsak-barisin-surekli-tehdit-altinda-olacagi-bir-adada-yasamak-zorunda-kalacagiz\/"},"modified":"2024-12-06T16:05:32","modified_gmt":"2024-12-06T13:05:32","slug":"erhurmancozumu-bulmazsak-barisin-surekli-tehdit-altinda-olacagi-bir-adada-yasamak-zorunda-kalacagiz","status":"publish","type":"post","link":"https:\/\/kibrisdakik.com\/?p=70953","title":{"rendered":"Erh\u00fcrman:\u00c7\u00f6z\u00fcm\u00fc bulmazsak, bar\u0131\u015f\u0131n s\u00fcrekli tehdit alt\u0131nda olaca\u011f\u0131 bir adada ya\u015famak zorunda kalaca\u011f\u0131z"},"content":{"rendered":"<div>\n<div class=\"mariselle-image-container center\">\n                                            <\/div>\n<p>Cumhuriyet\u00e7i T\u00fcrk Partisi (CTP) Genel Ba\u015fkan\u0131 Tufan Erh\u00fcrman, 2025\u2019in K\u0131br\u0131s sorununda hareketli ge\u00e7ece\u011fini s\u00f6yleyerek, \u201cBar\u0131\u015f ve \u00e7\u00f6z\u00fcm, s\u00fcrd\u00fcr\u00fclebilirlik i\u00e7in zorunludur.\u201d ifadelerini kulland\u0131.<\/p>\n<p>Erh\u00fcrman, \u201cMevcut tezlerin s\u00fcrd\u00fcr\u00fclebilir olmad\u0131\u011f\u0131n\u0131 g\u00f6r\u00fcyoruz. \u00c7\u00f6z\u00fcm\u00fc bulmazsak, bar\u0131\u015f\u0131n s\u00fcrekli olarak tehdit alt\u0131nda olaca\u011f\u0131 bir adada ya\u015famak zorunda kalaca\u011f\u0131z son geli\u015fmelerle ortaya \u00e7\u0131kt\u0131\u201d dedi.<\/p>\n<p>B\u00f6lgede \u201cta\u015flar\u0131n yerinden oynad\u0131\u011f\u0131n\u0131\u201d s\u00f6yleyen Erh\u00fcrman, K\u0131br\u0131s sorunuyla ilgili diplomasinin de devam etti\u011fini kaydetti.<\/p>\n<p>CTP\u2019den yap\u0131lan yaz\u0131l\u0131 a\u00e7\u0131klamaya g\u00f6re CTP Genel Ba\u015fkan\u0131 Tufan kat\u0131ld\u0131\u011f\u0131 programda, h\u00fck\u00fcmeti ele\u015ftirerek,  depremden ekonomik krizlere kadar bir\u00e7ok konuda somut ad\u0131mlar at\u0131lmad\u0131\u011f\u0131n\u0131 ileri s\u00fcrd\u00fc.<\/p>\n<p>Tufan Erh\u00fcrman, K\u0131br\u0131s\u2019\u0131n deprem b\u00f6lgesinde oldu\u011funu hat\u0131rlatarak, h\u00fck\u00fcmetin bu konuda haz\u0131rl\u0131k yapmad\u0131\u011f\u0131n\u0131 savundu.<\/p>\n<p>Yerbilimleri M\u00fchendisleri Odas\u0131\u2019n\u0131n uyar\u0131lar\u0131na ra\u011fmen herhangi bir uzmanl\u0131k \u00e7al\u0131\u015fmas\u0131 yap\u0131lmad\u0131\u011f\u0131n\u0131 ileri s\u00fcren Erh\u00fcrman, \u201cBiz hala haz\u0131rl\u0131ks\u0131z\u0131z. Toplumda endi\u015fe b\u00fcy\u00fck, ancak h\u00fck\u00fcmetten hi\u00e7bir a\u00e7\u0131klama yok\u201d dedi.<\/p>\n<p>Erh\u00fcrman, hayat pahal\u0131l\u0131\u011f\u0131 oranlar\u0131n\u0131n a\u00e7\u0131klanmas\u0131na ra\u011fmen kamuoyunda bunun \u201cinand\u0131r\u0131c\u0131 bulunmad\u0131\u011f\u0131n\u0131\u201d s\u00f6yledi.<\/p>\n<p>Ekonomide \u201cplans\u0131zl\u0131k ve \u00f6ng\u00f6r\u00fcs\u00fczl\u00fc\u011f\u00fcn hakim oldu\u011funu\u201d savunan Erh\u00fcrman, \u201cEkonomi y\u00f6netilmiyor. Elektrikteki yanl\u0131\u015f politikalar, hayat pahal\u0131l\u0131\u011f\u0131 ve asgari \u00fccret art\u0131\u015flar\u0131n\u0131n ard\u0131ndan her defas\u0131nda fiyatlar\u0131n y\u00fckselmesine neden oldu. G\u00fcneyden kuzeye ge\u00e7i\u015flerde azalma var, \u00e7\u00fcnk\u00fc ekonomi g\u00fcneye kayd\u0131\u201d diye konu\u015ftu.<\/p>\n<p>Tar\u0131m politikalar\u0131n\u0131n eksikli\u011fine de dikkat \u00e7eken Erh\u00fcrman, n\u00fcfusun bilinmemesi ve plans\u0131zl\u0131k nedeniyle \u00fcretimin dahi y\u00f6netilemedi\u011fini belirtti.<\/p>\n<p>\u201cBu \u00fclke bir zamanlar patates ihra\u00e7 ediyordu, \u015fimdi ne kadar \u00fcretece\u011fimizi bile bilemiyoruz\u201d diyen Erh\u00fcrman, patates ithal edildi\u011fini an\u0131msatt\u0131.<\/p>\n<p>Metehan S\u0131n\u0131r Kap\u0131s\u0131\u2019ndaki yo\u011funluk konusuna da de\u011finen Erh\u00fcrman, bu sorunun ba\u015fka kap\u0131lar\u0131n a\u00e7\u0131lmas\u0131yla \u00e7\u00f6z\u00fclebilece\u011fini ifade etti.<\/p>\n<p>K\u0131br\u0131s sorununun b\u00f6lgede ya\u015fanan geli\u015fmeler nedeniyle daha da \u00f6nem kazand\u0131\u011f\u0131n\u0131 belirten Erh\u00fcrman, 2025\u2019in kritik bir y\u0131l olaca\u011f\u0131n\u0131 kaydetti.<\/p>\n<p>Erh\u00fcrman, mevcut h\u00fck\u00fcmetin toplumun sorunlar\u0131na \u201c\u00e7\u00f6z\u00fcm \u00fcretemedi\u011fini\u201d savunarak, erken se\u00e7ime ihtiya\u00e7 duyuldu\u011funu s\u00f6yledi.<\/p>\n<p>Erh\u00fcrman, \u201cBu zihniyetten kurtulmadan, bir \u015feylerin de\u011fi\u015fmesi m\u00fcmk\u00fcn de\u011fil. Erken se\u00e7im bir olgu olarak \u00f6n\u00fcm\u00fczde duruyor, sadece tarih bekleniyor\u201d dedi.<\/p>\n<\/p><\/div>\n<p><script async\n                    defer\n                    crossorigin=\"anonymous\"\n                    src=\"https:\/\/connect.facebook.net\/tr_TR\/sdk.js#xfbml=1&#038;version=v3.3\"\n            ><\/script><\/p>\n","protected":false},"excerpt":{"rendered":"<p>Cumhuriyet\u00e7i T\u00fcrk Partisi (CTP) Genel Ba\u015fkan\u0131 Tufan Erh\u00fcrman, 2025\u2019in K\u0131br\u0131s sorununda hareketli ge\u00e7ece\u011fini s\u00f6yleyerek, \u201cBar\u0131\u015f ve \u00e7\u00f6z\u00fcm, s\u00fcrd\u00fcr\u00fclebilirlik i\u00e7in zorunludur.\u201d ifadelerini kulland\u0131. Erh\u00fcrman, \u201cMevcut tezlerin s\u00fcrd\u00fcr\u00fclebilir olmad\u0131\u011f\u0131n\u0131 g\u00f6r\u00fcyoruz. \u00c7\u00f6z\u00fcm\u00fc bulmazsak, bar\u0131\u015f\u0131n s\u00fcrekli olarak tehdit alt\u0131nda olaca\u011f\u0131 bir adada ya\u015famak zorunda kalaca\u011f\u0131z son geli\u015fmelerle ortaya \u00e7\u0131kt\u0131\u201d dedi. B\u00f6lgede \u201cta\u015flar\u0131n yerinden oynad\u0131\u011f\u0131n\u0131\u201d s\u00f6yleyen Erh\u00fcrman, K\u0131br\u0131s sorunuyla ilgili<\/p>\n","protected":false},"author":1,"featured_media":67010,"comment_status":"open","ping_status":"open","sticky":false,"template":"","format":"standard","meta":{"footnotes":""},"categories":[81],"tags":[],"class_list":["post-70953","post","type-post","status-publish","format-standard","has-post-thumbnail","hentry","category-kibris"],"yoast_head":"<!-- This site is optimized with the Yoast SEO plugin v27.5 - https:\/\/yoast.com\/product\/yoast-seo-wordpress\/ -->\n<title>Erh\u00fcrman:\u00c7\u00f6z\u00fcm\u00fc bulmazsak, bar\u0131\u015f\u0131n s\u00fcrekli tehdit alt\u0131nda olaca\u011f\u0131 bir adada ya\u015famak zorunda kalaca\u011f\u0131z -<\/title>\n<meta name=\"robots\" content=\"index, follow, max-snippet:-1, max-image-preview:large, max-video-preview:-1\" \/>\n<link rel=\"canonical\" href=\"https:\/\/kibrisdakik.com\/?p=70953\" \/>\n<meta property=\"og:locale\" content=\"tr_TR\" \/>\n<meta property=\"og:type\" content=\"article\" \/>\n<meta property=\"og:title\" content=\"Erh\u00fcrman:\u00c7\u00f6z\u00fcm\u00fc bulmazsak, bar\u0131\u015f\u0131n s\u00fcrekli tehdit alt\u0131nda olaca\u011f\u0131 bir adada ya\u015famak zorunda kalaca\u011f\u0131z -\" \/>\n<meta property=\"og:description\" content=\"Cumhuriyet\u00e7i T\u00fcrk Partisi (CTP) Genel Ba\u015fkan\u0131 Tufan Erh\u00fcrman, 2025\u2019in K\u0131br\u0131s sorununda hareketli ge\u00e7ece\u011fini s\u00f6yleyerek, \u201cBar\u0131\u015f ve \u00e7\u00f6z\u00fcm, s\u00fcrd\u00fcr\u00fclebilirlik i\u00e7in zorunludur.\u201d ifadelerini kulland\u0131. Erh\u00fcrman, \u201cMevcut tezlerin s\u00fcrd\u00fcr\u00fclebilir olmad\u0131\u011f\u0131n\u0131 g\u00f6r\u00fcyoruz. \u00c7\u00f6z\u00fcm\u00fc bulmazsak, bar\u0131\u015f\u0131n s\u00fcrekli olarak tehdit alt\u0131nda olaca\u011f\u0131 bir adada ya\u015famak zorunda kalaca\u011f\u0131z son geli\u015fmelerle ortaya \u00e7\u0131kt\u0131\u201d dedi. B\u00f6lgede \u201cta\u015flar\u0131n yerinden oynad\u0131\u011f\u0131n\u0131\u201d s\u00f6yleyen Erh\u00fcrman, K\u0131br\u0131s sorunuyla ilgili\" \/>\n<meta property=\"og:url\" content=\"https:\/\/kibrisdakik.com\/?p=70953\" \/>\n<meta property=\"article:published_time\" content=\"2024-12-06T13:05:32+00:00\" \/>\n<meta property=\"og:image\" content=\"https:\/\/kibrisdakik.com\/wp-content\/uploads\/2024\/10\/erhurmannn-740x420.jpg\" \/>\n\t<meta property=\"og:image:width\" content=\"2007\" \/>\n\t<meta property=\"og:image:height\" content=\"827\" \/>\n\t<meta property=\"og:image:type\" content=\"image\/jpeg\" \/>\n<meta name=\"author\" content=\"admin\" \/>\n<meta name=\"twitter:card\" content=\"summary_large_image\" \/>\n<meta name=\"twitter:label1\" content=\"Yazan:\" \/>\n\t<meta name=\"twitter:data1\" content=\"admin\" \/>\n\t<meta name=\"twitter:label2\" content=\"Tahmini okuma s\u00fcresi\" \/>\n\t<meta name=\"twitter:data2\" content=\"2 dakika\" \/>\n<script type=\"application\/ld+json\" class=\"yoast-schema-graph\">{\"@context\":\"https:\\\/\\\/schema.org\",\"@graph\":[{\"@type\":\"Article\",\"@id\":\"https:\\\/\\\/kibrisdakik.com\\\/?p=70953#article\",\"isPartOf\":{\"@id\":\"https:\\\/\\\/kibrisdakik.com\\\/?p=70953\"},\"author\":{\"name\":\"admin\",\"@id\":\"https:\\\/\\\/kibrisdakik.com\\\/#\\\/schema\\\/person\\\/9cd9d437bbb44f72b73ba127e06d8e79\"},\"headline\":\"Erh\u00fcrman:\u00c7\u00f6z\u00fcm\u00fc bulmazsak, bar\u0131\u015f\u0131n s\u00fcrekli tehdit alt\u0131nda olaca\u011f\u0131 bir adada ya\u015famak zorunda kalaca\u011f\u0131z\",\"datePublished\":\"2024-12-06T13:05:32+00:00\",\"mainEntityOfPage\":{\"@id\":\"https:\\\/\\\/kibrisdakik.com\\\/?p=70953\"},\"wordCount\":467,\"commentCount\":0,\"image\":{\"@id\":\"https:\\\/\\\/kibrisdakik.com\\\/?p=70953#primaryimage\"},\"thumbnailUrl\":\"https:\\\/\\\/kibrisdakik.com\\\/wp-content\\\/uploads\\\/2024\\\/10\\\/erhurmannn-740x420.jpg\",\"articleSection\":[\"K\u0131br\u0131s\"],\"inLanguage\":\"tr\",\"potentialAction\":[{\"@type\":\"CommentAction\",\"name\":\"Comment\",\"target\":[\"https:\\\/\\\/kibrisdakik.com\\\/?p=70953#respond\"]}]},{\"@type\":\"WebPage\",\"@id\":\"https:\\\/\\\/kibrisdakik.com\\\/?p=70953\",\"url\":\"https:\\\/\\\/kibrisdakik.com\\\/?p=70953\",\"name\":\"Erh\u00fcrman:\u00c7\u00f6z\u00fcm\u00fc bulmazsak, bar\u0131\u015f\u0131n s\u00fcrekli tehdit alt\u0131nda olaca\u011f\u0131 bir adada ya\u015famak zorunda kalaca\u011f\u0131z -\",\"isPartOf\":{\"@id\":\"https:\\\/\\\/kibrisdakik.com\\\/#website\"},\"primaryImageOfPage\":{\"@id\":\"https:\\\/\\\/kibrisdakik.com\\\/?p=70953#primaryimage\"},\"image\":{\"@id\":\"https:\\\/\\\/kibrisdakik.com\\\/?p=70953#primaryimage\"},\"thumbnailUrl\":\"https:\\\/\\\/kibrisdakik.com\\\/wp-content\\\/uploads\\\/2024\\\/10\\\/erhurmannn-740x420.jpg\",\"datePublished\":\"2024-12-06T13:05:32+00:00\",\"author\":{\"@id\":\"https:\\\/\\\/kibrisdakik.com\\\/#\\\/schema\\\/person\\\/9cd9d437bbb44f72b73ba127e06d8e79\"},\"breadcrumb\":{\"@id\":\"https:\\\/\\\/kibrisdakik.com\\\/?p=70953#breadcrumb\"},\"inLanguage\":\"tr\",\"potentialAction\":[{\"@type\":\"ReadAction\",\"target\":[\"https:\\\/\\\/kibrisdakik.com\\\/?p=70953\"]}]},{\"@type\":\"ImageObject\",\"inLanguage\":\"tr\",\"@id\":\"https:\\\/\\\/kibrisdakik.com\\\/?p=70953#primaryimage\",\"url\":\"https:\\\/\\\/kibrisdakik.com\\\/wp-content\\\/uploads\\\/2024\\\/10\\\/erhurmannn-740x420.jpg\",\"contentUrl\":\"https:\\\/\\\/kibrisdakik.com\\\/wp-content\\\/uploads\\\/2024\\\/10\\\/erhurmannn-740x420.jpg\",\"width\":2007,\"height\":827},{\"@type\":\"BreadcrumbList\",\"@id\":\"https:\\\/\\\/kibrisdakik.com\\\/?p=70953#breadcrumb\",\"itemListElement\":[{\"@type\":\"ListItem\",\"position\":1,\"name\":\"Home\",\"item\":\"https:\\\/\\\/kibrisdakik.com\\\/\"},{\"@type\":\"ListItem\",\"position\":2,\"name\":\"Erh\u00fcrman:\u00c7\u00f6z\u00fcm\u00fc bulmazsak, bar\u0131\u015f\u0131n s\u00fcrekli tehdit alt\u0131nda olaca\u011f\u0131 bir adada ya\u015famak zorunda kalaca\u011f\u0131z\"}]},{\"@type\":\"WebSite\",\"@id\":\"https:\\\/\\\/kibrisdakik.com\\\/#website\",\"url\":\"https:\\\/\\\/kibrisdakik.com\\\/\",\"name\":\"\",\"description\":\"Tam vaktinde haber\",\"potentialAction\":[{\"@type\":\"SearchAction\",\"target\":{\"@type\":\"EntryPoint\",\"urlTemplate\":\"https:\\\/\\\/kibrisdakik.com\\\/?s={search_term_string}\"},\"query-input\":{\"@type\":\"PropertyValueSpecification\",\"valueRequired\":true,\"valueName\":\"search_term_string\"}}],\"inLanguage\":\"tr\"},{\"@type\":\"Person\",\"@id\":\"https:\\\/\\\/kibrisdakik.com\\\/#\\\/schema\\\/person\\\/9cd9d437bbb44f72b73ba127e06d8e79\",\"name\":\"admin\",\"image\":{\"@type\":\"ImageObject\",\"inLanguage\":\"tr\",\"@id\":\"https:\\\/\\\/secure.gravatar.com\\\/avatar\\\/ccc17943b9d660506c869530f897617f7cb1c21a4bf30023f252596d83e1f007?s=96&d=mm&r=g\",\"url\":\"https:\\\/\\\/secure.gravatar.com\\\/avatar\\\/ccc17943b9d660506c869530f897617f7cb1c21a4bf30023f252596d83e1f007?s=96&d=mm&r=g\",\"contentUrl\":\"https:\\\/\\\/secure.gravatar.com\\\/avatar\\\/ccc17943b9d660506c869530f897617f7cb1c21a4bf30023f252596d83e1f007?s=96&d=mm&r=g\",\"caption\":\"admin\"},\"sameAs\":[\"https:\\\/\\\/kibrisdakik.com\"],\"url\":\"https:\\\/\\\/kibrisdakik.com\\\/?author=1\"}]}<\/script>\n<!-- \/ Yoast SEO plugin. -->","yoast_head_json":{"title":"Erh\u00fcrman:\u00c7\u00f6z\u00fcm\u00fc bulmazsak, bar\u0131\u015f\u0131n s\u00fcrekli tehdit alt\u0131nda olaca\u011f\u0131 bir adada ya\u015famak zorunda kalaca\u011f\u0131z -","robots":{"index":"index","follow":"follow","max-snippet":"max-snippet:-1","max-image-preview":"max-image-preview:large","max-video-preview":"max-video-preview:-1"},"canonical":"https:\/\/kibrisdakik.com\/?p=70953","og_locale":"tr_TR","og_type":"article","og_title":"Erh\u00fcrman:\u00c7\u00f6z\u00fcm\u00fc bulmazsak, bar\u0131\u015f\u0131n s\u00fcrekli tehdit alt\u0131nda olaca\u011f\u0131 bir adada ya\u015famak zorunda kalaca\u011f\u0131z -","og_description":"Cumhuriyet\u00e7i T\u00fcrk Partisi (CTP) Genel Ba\u015fkan\u0131 Tufan Erh\u00fcrman, 2025\u2019in K\u0131br\u0131s sorununda hareketli ge\u00e7ece\u011fini s\u00f6yleyerek, \u201cBar\u0131\u015f ve \u00e7\u00f6z\u00fcm, s\u00fcrd\u00fcr\u00fclebilirlik i\u00e7in zorunludur.\u201d ifadelerini kulland\u0131. Erh\u00fcrman, \u201cMevcut tezlerin s\u00fcrd\u00fcr\u00fclebilir olmad\u0131\u011f\u0131n\u0131 g\u00f6r\u00fcyoruz. \u00c7\u00f6z\u00fcm\u00fc bulmazsak, bar\u0131\u015f\u0131n s\u00fcrekli olarak tehdit alt\u0131nda olaca\u011f\u0131 bir adada ya\u015famak zorunda kalaca\u011f\u0131z son geli\u015fmelerle ortaya \u00e7\u0131kt\u0131\u201d dedi. B\u00f6lgede \u201cta\u015flar\u0131n yerinden oynad\u0131\u011f\u0131n\u0131\u201d s\u00f6yleyen Erh\u00fcrman, K\u0131br\u0131s sorunuyla ilgili","og_url":"https:\/\/kibrisdakik.com\/?p=70953","article_published_time":"2024-12-06T13:05:32+00:00","og_image":[{"width":2007,"height":827,"url":"https:\/\/kibrisdakik.com\/wp-content\/uploads\/2024\/10\/erhurmannn-740x420.jpg","type":"image\/jpeg"}],"author":"admin","twitter_card":"summary_large_image","twitter_misc":{"Yazan:":"admin","Tahmini okuma s\u00fcresi":"2 dakika"},"schema":{"@context":"https:\/\/schema.org","@graph":[{"@type":"Article","@id":"https:\/\/kibrisdakik.com\/?p=70953#article","isPartOf":{"@id":"https:\/\/kibrisdakik.com\/?p=70953"},"author":{"name":"admin","@id":"https:\/\/kibrisdakik.com\/#\/schema\/person\/9cd9d437bbb44f72b73ba127e06d8e79"},"headline":"Erh\u00fcrman:\u00c7\u00f6z\u00fcm\u00fc bulmazsak, bar\u0131\u015f\u0131n s\u00fcrekli tehdit alt\u0131nda olaca\u011f\u0131 bir adada ya\u015famak zorunda kalaca\u011f\u0131z","datePublished":"2024-12-06T13:05:32+00:00","mainEntityOfPage":{"@id":"https:\/\/kibrisdakik.com\/?p=70953"},"wordCount":467,"commentCount":0,"image":{"@id":"https:\/\/kibrisdakik.com\/?p=70953#primaryimage"},"thumbnailUrl":"https:\/\/kibrisdakik.com\/wp-content\/uploads\/2024\/10\/erhurmannn-740x420.jpg","articleSection":["K\u0131br\u0131s"],"inLanguage":"tr","potentialAction":[{"@type":"CommentAction","name":"Comment","target":["https:\/\/kibrisdakik.com\/?p=70953#respond"]}]},{"@type":"WebPage","@id":"https:\/\/kibrisdakik.com\/?p=70953","url":"https:\/\/kibrisdakik.com\/?p=70953","name":"Erh\u00fcrman:\u00c7\u00f6z\u00fcm\u00fc bulmazsak, bar\u0131\u015f\u0131n s\u00fcrekli tehdit alt\u0131nda olaca\u011f\u0131 bir adada ya\u015famak zorunda kalaca\u011f\u0131z -","isPartOf":{"@id":"https:\/\/kibrisdakik.com\/#website"},"primaryImageOfPage":{"@id":"https:\/\/kibrisdakik.com\/?p=70953#primaryimage"},"image":{"@id":"https:\/\/kibrisdakik.com\/?p=70953#primaryimage"},"thumbnailUrl":"https:\/\/kibrisdakik.com\/wp-content\/uploads\/2024\/10\/erhurmannn-740x420.jpg","datePublished":"2024-12-06T13:05:32+00:00","author":{"@id":"https:\/\/kibrisdakik.com\/#\/schema\/person\/9cd9d437bbb44f72b73ba127e06d8e79"},"breadcrumb":{"@id":"https:\/\/kibrisdakik.com\/?p=70953#breadcrumb"},"inLanguage":"tr","potentialAction":[{"@type":"ReadAction","target":["https:\/\/kibrisdakik.com\/?p=70953"]}]},{"@type":"ImageObject","inLanguage":"tr","@id":"https:\/\/kibrisdakik.com\/?p=70953#primaryimage","url":"https:\/\/kibrisdakik.com\/wp-content\/uploads\/2024\/10\/erhurmannn-740x420.jpg","contentUrl":"https:\/\/kibrisdakik.com\/wp-content\/uploads\/2024\/10\/erhurmannn-740x420.jpg","width":2007,"height":827},{"@type":"BreadcrumbList","@id":"https:\/\/kibrisdakik.com\/?p=70953#breadcrumb","itemListElement":[{"@type":"ListItem","position":1,"name":"Home","item":"https:\/\/kibrisdakik.com\/"},{"@type":"ListItem","position":2,"name":"Erh\u00fcrman:\u00c7\u00f6z\u00fcm\u00fc bulmazsak, bar\u0131\u015f\u0131n s\u00fcrekli tehdit alt\u0131nda olaca\u011f\u0131 bir adada ya\u015famak zorunda kalaca\u011f\u0131z"}]},{"@type":"WebSite","@id":"https:\/\/kibrisdakik.com\/#website","url":"https:\/\/kibrisdakik.com\/","name":"","description":"Tam vaktinde haber","potentialAction":[{"@type":"SearchAction","target":{"@type":"EntryPoint","urlTemplate":"https:\/\/kibrisdakik.com\/?s={search_term_string}"},"query-input":{"@type":"PropertyValueSpecification","valueRequired":true,"valueName":"search_term_string"}}],"inLanguage":"tr"},{"@type":"Person","@id":"https:\/\/kibrisdakik.com\/#\/schema\/person\/9cd9d437bbb44f72b73ba127e06d8e79","name":"admin","image":{"@type":"ImageObject","inLanguage":"tr","@id":"https:\/\/secure.gravatar.com\/avatar\/ccc17943b9d660506c869530f897617f7cb1c21a4bf30023f252596d83e1f007?s=96&d=mm&r=g","url":"https:\/\/secure.gravatar.com\/avatar\/ccc17943b9d660506c869530f897617f7cb1c21a4bf30023f252596d83e1f007?s=96&d=mm&r=g","contentUrl":"https:\/\/secure.gravatar.com\/avatar\/ccc17943b9d660506c869530f897617f7cb1c21a4bf30023f252596d83e1f007?s=96&d=mm&r=g","caption":"admin"},"sameAs":["https:\/\/kibrisdakik.com"],"url":"https:\/\/kibrisdakik.com\/?author=1"}]}},"_links":{"self":[{"href":"https:\/\/kibrisdakik.com\/index.php?rest_route=\/wp\/v2\/posts\/70953","targetHints":{"allow":["GET"]}}],"collection":[{"href":"https:\/\/kibrisdakik.com\/index.php?rest_route=\/wp\/v2\/posts"}],"about":[{"href":"https:\/\/kibrisdakik.com\/index.php?rest_route=\/wp\/v2\/types\/post"}],"author":[{"embeddable":true,"href":"https:\/\/kibrisdakik.com\/index.php?rest_route=\/wp\/v2\/users\/1"}],"replies":[{"embeddable":true,"href":"https:\/\/kibrisdakik.com\/index.php?rest_route=%2Fwp%2Fv2%2Fcomments&post=70953"}],"version-history":[{"count":0,"href":"https:\/\/kibrisdakik.com\/index.php?rest_route=\/wp\/v2\/posts\/70953\/revisions"}],"wp:featuredmedia":[{"embeddable":true,"href":"https:\/\/kibrisdakik.com\/index.php?rest_route=\/wp\/v2\/media\/67010"}],"wp:attachment":[{"href":"https:\/\/kibrisdakik.com\/index.php?rest_route=%2Fwp%2Fv2%2Fmedia&parent=70953"}],"wp:term":[{"taxonomy":"category","embeddable":true,"href":"https:\/\/kibrisdakik.com\/index.php?rest_route=%2Fwp%2Fv2%2Fcategories&post=70953"},{"taxonomy":"post_tag","embeddable":true,"href":"https:\/\/kibrisdakik.com\/index.php?rest_route=%2Fwp%2Fv2%2Ftags&post=70953"}],"curies":[{"name":"wp","href":"https:\/\/api.w.org\/{rel}","templated":true}]}}