{"id":70954,"date":"2024-12-06T16:09:42","date_gmt":"2024-12-06T13:09:42","guid":{"rendered":"https:\/\/kibrisdakik.com\/index.php\/2024\/12\/06\/milliyetci-demokrasi-partisi-sehit-aileleri-ve-malul-gaziler-dernegini-kabul-etti\/"},"modified":"2024-12-06T16:09:42","modified_gmt":"2024-12-06T13:09:42","slug":"milliyetci-demokrasi-partisi-sehit-aileleri-ve-malul-gaziler-dernegini-kabul-etti","status":"publish","type":"post","link":"https:\/\/kibrisdakik.com\/?p=70954","title":{"rendered":"Milliyet\u00e7i Demokrasi Partisi, \u015eehit Aileleri ve Malul Gaziler Derne\u011fi\u2019ni kabul etti"},"content":{"rendered":"<div>\n<div class=\"mariselle-image-container center\">\n                                            <\/div>\n<p>Milliyet\u00e7i Demokrasi Partisi (MDP), \u015eehit Aileleri ve Malul Gaziler Derne\u011fi\u2019ni kabul etti.<br \/>Partiden yap\u0131lan a\u00e7\u0131klamaya g\u00f6re, MDP Genel Ba\u015fkan\u0131 Buray B\u00fcsk\u00fcv\u00fct\u00e7\u00fc, \u015eehit Aileleri ve Malul Gaziler Derne\u011fi Ba\u015fkan\u0131 G\u00fcrsel Benan ve heyetiyle \u00fclkenin i\u00e7erisinde bulundu\u011fu sorunlar\u0131 ve halk\u0131n ya\u015fad\u0131\u011f\u0131 zorluklar\u0131 ele ald\u0131.<br \/>Ziyaretin sonunda Benan, B\u00fcsk\u00fcv\u00fct\u00e7\u00fc\u2019ye  plaket ve \u201c\u015eehitler \u00d6lmez\u201d alb\u00fcm\u00fc takdim etti.<\/p>\n<\/p><\/div>\n<p><script async\n                    defer\n                    crossorigin=\"anonymous\"\n                    src=\"https:\/\/connect.facebook.net\/tr_TR\/sdk.js#xfbml=1&#038;version=v3.3\"\n            ><\/script><\/p>\n","protected":false},"excerpt":{"rendered":"<p>Milliyet\u00e7i Demokrasi Partisi (MDP), \u015eehit Aileleri ve Malul Gaziler Derne\u011fi\u2019ni kabul etti.Partiden yap\u0131lan a\u00e7\u0131klamaya g\u00f6re, MDP Genel Ba\u015fkan\u0131 Buray B\u00fcsk\u00fcv\u00fct\u00e7\u00fc, \u015eehit Aileleri ve Malul Gaziler Derne\u011fi Ba\u015fkan\u0131 G\u00fcrsel Benan ve heyetiyle \u00fclkenin i\u00e7erisinde bulundu\u011fu sorunlar\u0131 ve halk\u0131n ya\u015fad\u0131\u011f\u0131 zorluklar\u0131 ele ald\u0131.Ziyaretin sonunda Benan, B\u00fcsk\u00fcv\u00fct\u00e7\u00fc\u2019ye plaket ve \u201c\u015eehitler \u00d6lmez\u201d alb\u00fcm\u00fc takdim etti.<\/p>\n","protected":false},"author":1,"featured_media":70955,"comment_status":"open","ping_status":"open","sticky":false,"template":"","format":"standard","meta":{"footnotes":""},"categories":[81],"tags":[],"class_list":["post-70954","post","type-post","status-publish","format-standard","has-post-thumbnail","hentry","category-kibris"],"yoast_head":"<!-- This site is optimized with the Yoast SEO plugin v27.5 - https:\/\/yoast.com\/product\/yoast-seo-wordpress\/ -->\n<title>Milliyet\u00e7i Demokrasi Partisi, \u015eehit Aileleri ve Malul Gaziler Derne\u011fi\u2019ni kabul etti -<\/title>\n<meta name=\"robots\" content=\"index, follow, max-snippet:-1, max-image-preview:large, max-video-preview:-1\" \/>\n<link rel=\"canonical\" href=\"https:\/\/kibrisdakik.com\/?p=70954\" \/>\n<meta property=\"og:locale\" content=\"tr_TR\" \/>\n<meta property=\"og:type\" content=\"article\" \/>\n<meta property=\"og:title\" content=\"Milliyet\u00e7i Demokrasi Partisi, \u015eehit Aileleri ve Malul Gaziler Derne\u011fi\u2019ni kabul etti -\" \/>\n<meta property=\"og:description\" content=\"Milliyet\u00e7i Demokrasi Partisi (MDP), \u015eehit Aileleri ve Malul Gaziler Derne\u011fi\u2019ni kabul etti.Partiden yap\u0131lan a\u00e7\u0131klamaya g\u00f6re, MDP Genel Ba\u015fkan\u0131 Buray B\u00fcsk\u00fcv\u00fct\u00e7\u00fc, \u015eehit Aileleri ve Malul Gaziler Derne\u011fi Ba\u015fkan\u0131 G\u00fcrsel Benan ve heyetiyle \u00fclkenin i\u00e7erisinde bulundu\u011fu sorunlar\u0131 ve halk\u0131n ya\u015fad\u0131\u011f\u0131 zorluklar\u0131 ele ald\u0131.Ziyaretin sonunda Benan, B\u00fcsk\u00fcv\u00fct\u00e7\u00fc\u2019ye plaket ve \u201c\u015eehitler \u00d6lmez\u201d alb\u00fcm\u00fc takdim etti.\" \/>\n<meta property=\"og:url\" content=\"https:\/\/kibrisdakik.com\/?p=70954\" \/>\n<meta property=\"article:published_time\" content=\"2024-12-06T13:09:42+00:00\" \/>\n<meta property=\"og:image\" content=\"https:\/\/kibrisdakik.com\/wp-content\/uploads\/2024\/12\/1733488570418MDP-SEHIT-AILELERI1-740x420.jpeg\" \/>\n\t<meta property=\"og:image:width\" content=\"2048\" \/>\n\t<meta property=\"og:image:height\" content=\"1152\" \/>\n\t<meta property=\"og:image:type\" content=\"image\/jpeg\" \/>\n<meta name=\"author\" content=\"admin\" \/>\n<meta name=\"twitter:card\" content=\"summary_large_image\" \/>\n<meta name=\"twitter:label1\" content=\"Yazan:\" \/>\n\t<meta name=\"twitter:data1\" content=\"admin\" \/>\n<script type=\"application\/ld+json\" class=\"yoast-schema-graph\">{\"@context\":\"https:\\\/\\\/schema.org\",\"@graph\":[{\"@type\":\"Article\",\"@id\":\"https:\\\/\\\/kibrisdakik.com\\\/?p=70954#article\",\"isPartOf\":{\"@id\":\"https:\\\/\\\/kibrisdakik.com\\\/?p=70954\"},\"author\":{\"name\":\"admin\",\"@id\":\"https:\\\/\\\/kibrisdakik.com\\\/#\\\/schema\\\/person\\\/9cd9d437bbb44f72b73ba127e06d8e79\"},\"headline\":\"Milliyet\u00e7i Demokrasi Partisi, \u015eehit Aileleri ve Malul Gaziler Derne\u011fi\u2019ni kabul etti\",\"datePublished\":\"2024-12-06T13:09:42+00:00\",\"mainEntityOfPage\":{\"@id\":\"https:\\\/\\\/kibrisdakik.com\\\/?p=70954\"},\"wordCount\":89,\"commentCount\":0,\"image\":{\"@id\":\"https:\\\/\\\/kibrisdakik.com\\\/?p=70954#primaryimage\"},\"thumbnailUrl\":\"https:\\\/\\\/kibrisdakik.com\\\/wp-content\\\/uploads\\\/2024\\\/12\\\/1733488570418MDP-SEHIT-AILELERI1-740x420.jpeg\",\"articleSection\":[\"K\u0131br\u0131s\"],\"inLanguage\":\"tr\",\"potentialAction\":[{\"@type\":\"CommentAction\",\"name\":\"Comment\",\"target\":[\"https:\\\/\\\/kibrisdakik.com\\\/?p=70954#respond\"]}]},{\"@type\":\"WebPage\",\"@id\":\"https:\\\/\\\/kibrisdakik.com\\\/?p=70954\",\"url\":\"https:\\\/\\\/kibrisdakik.com\\\/?p=70954\",\"name\":\"Milliyet\u00e7i Demokrasi Partisi, \u015eehit Aileleri ve Malul Gaziler Derne\u011fi\u2019ni kabul etti -\",\"isPartOf\":{\"@id\":\"https:\\\/\\\/kibrisdakik.com\\\/#website\"},\"primaryImageOfPage\":{\"@id\":\"https:\\\/\\\/kibrisdakik.com\\\/?p=70954#primaryimage\"},\"image\":{\"@id\":\"https:\\\/\\\/kibrisdakik.com\\\/?p=70954#primaryimage\"},\"thumbnailUrl\":\"https:\\\/\\\/kibrisdakik.com\\\/wp-content\\\/uploads\\\/2024\\\/12\\\/1733488570418MDP-SEHIT-AILELERI1-740x420.jpeg\",\"datePublished\":\"2024-12-06T13:09:42+00:00\",\"author\":{\"@id\":\"https:\\\/\\\/kibrisdakik.com\\\/#\\\/schema\\\/person\\\/9cd9d437bbb44f72b73ba127e06d8e79\"},\"breadcrumb\":{\"@id\":\"https:\\\/\\\/kibrisdakik.com\\\/?p=70954#breadcrumb\"},\"inLanguage\":\"tr\",\"potentialAction\":[{\"@type\":\"ReadAction\",\"target\":[\"https:\\\/\\\/kibrisdakik.com\\\/?p=70954\"]}]},{\"@type\":\"ImageObject\",\"inLanguage\":\"tr\",\"@id\":\"https:\\\/\\\/kibrisdakik.com\\\/?p=70954#primaryimage\",\"url\":\"https:\\\/\\\/kibrisdakik.com\\\/wp-content\\\/uploads\\\/2024\\\/12\\\/1733488570418MDP-SEHIT-AILELERI1-740x420.jpeg\",\"contentUrl\":\"https:\\\/\\\/kibrisdakik.com\\\/wp-content\\\/uploads\\\/2024\\\/12\\\/1733488570418MDP-SEHIT-AILELERI1-740x420.jpeg\",\"width\":2048,\"height\":1152},{\"@type\":\"BreadcrumbList\",\"@id\":\"https:\\\/\\\/kibrisdakik.com\\\/?p=70954#breadcrumb\",\"itemListElement\":[{\"@type\":\"ListItem\",\"position\":1,\"name\":\"Home\",\"item\":\"https:\\\/\\\/kibrisdakik.com\\\/\"},{\"@type\":\"ListItem\",\"position\":2,\"name\":\"Milliyet\u00e7i Demokrasi Partisi, \u015eehit Aileleri ve Malul Gaziler Derne\u011fi\u2019ni kabul etti\"}]},{\"@type\":\"WebSite\",\"@id\":\"https:\\\/\\\/kibrisdakik.com\\\/#website\",\"url\":\"https:\\\/\\\/kibrisdakik.com\\\/\",\"name\":\"\",\"description\":\"Tam vaktinde haber\",\"potentialAction\":[{\"@type\":\"SearchAction\",\"target\":{\"@type\":\"EntryPoint\",\"urlTemplate\":\"https:\\\/\\\/kibrisdakik.com\\\/?s={search_term_string}\"},\"query-input\":{\"@type\":\"PropertyValueSpecification\",\"valueRequired\":true,\"valueName\":\"search_term_string\"}}],\"inLanguage\":\"tr\"},{\"@type\":\"Person\",\"@id\":\"https:\\\/\\\/kibrisdakik.com\\\/#\\\/schema\\\/person\\\/9cd9d437bbb44f72b73ba127e06d8e79\",\"name\":\"admin\",\"image\":{\"@type\":\"ImageObject\",\"inLanguage\":\"tr\",\"@id\":\"https:\\\/\\\/secure.gravatar.com\\\/avatar\\\/ccc17943b9d660506c869530f897617f7cb1c21a4bf30023f252596d83e1f007?s=96&d=mm&r=g\",\"url\":\"https:\\\/\\\/secure.gravatar.com\\\/avatar\\\/ccc17943b9d660506c869530f897617f7cb1c21a4bf30023f252596d83e1f007?s=96&d=mm&r=g\",\"contentUrl\":\"https:\\\/\\\/secure.gravatar.com\\\/avatar\\\/ccc17943b9d660506c869530f897617f7cb1c21a4bf30023f252596d83e1f007?s=96&d=mm&r=g\",\"caption\":\"admin\"},\"sameAs\":[\"https:\\\/\\\/kibrisdakik.com\"],\"url\":\"https:\\\/\\\/kibrisdakik.com\\\/?author=1\"}]}<\/script>\n<!-- \/ Yoast SEO plugin. -->","yoast_head_json":{"title":"Milliyet\u00e7i Demokrasi Partisi, \u015eehit Aileleri ve Malul Gaziler Derne\u011fi\u2019ni kabul etti -","robots":{"index":"index","follow":"follow","max-snippet":"max-snippet:-1","max-image-preview":"max-image-preview:large","max-video-preview":"max-video-preview:-1"},"canonical":"https:\/\/kibrisdakik.com\/?p=70954","og_locale":"tr_TR","og_type":"article","og_title":"Milliyet\u00e7i Demokrasi Partisi, \u015eehit Aileleri ve Malul Gaziler Derne\u011fi\u2019ni kabul etti -","og_description":"Milliyet\u00e7i Demokrasi Partisi (MDP), \u015eehit Aileleri ve Malul Gaziler Derne\u011fi\u2019ni kabul etti.Partiden yap\u0131lan a\u00e7\u0131klamaya g\u00f6re, MDP Genel Ba\u015fkan\u0131 Buray B\u00fcsk\u00fcv\u00fct\u00e7\u00fc, \u015eehit Aileleri ve Malul Gaziler Derne\u011fi Ba\u015fkan\u0131 G\u00fcrsel Benan ve heyetiyle \u00fclkenin i\u00e7erisinde bulundu\u011fu sorunlar\u0131 ve halk\u0131n ya\u015fad\u0131\u011f\u0131 zorluklar\u0131 ele ald\u0131.Ziyaretin sonunda Benan, B\u00fcsk\u00fcv\u00fct\u00e7\u00fc\u2019ye plaket ve \u201c\u015eehitler \u00d6lmez\u201d alb\u00fcm\u00fc takdim etti.","og_url":"https:\/\/kibrisdakik.com\/?p=70954","article_published_time":"2024-12-06T13:09:42+00:00","og_image":[{"width":2048,"height":1152,"url":"https:\/\/kibrisdakik.com\/wp-content\/uploads\/2024\/12\/1733488570418MDP-SEHIT-AILELERI1-740x420.jpeg","type":"image\/jpeg"}],"author":"admin","twitter_card":"summary_large_image","twitter_misc":{"Yazan:":"admin"},"schema":{"@context":"https:\/\/schema.org","@graph":[{"@type":"Article","@id":"https:\/\/kibrisdakik.com\/?p=70954#article","isPartOf":{"@id":"https:\/\/kibrisdakik.com\/?p=70954"},"author":{"name":"admin","@id":"https:\/\/kibrisdakik.com\/#\/schema\/person\/9cd9d437bbb44f72b73ba127e06d8e79"},"headline":"Milliyet\u00e7i Demokrasi Partisi, \u015eehit Aileleri ve Malul Gaziler Derne\u011fi\u2019ni kabul etti","datePublished":"2024-12-06T13:09:42+00:00","mainEntityOfPage":{"@id":"https:\/\/kibrisdakik.com\/?p=70954"},"wordCount":89,"commentCount":0,"image":{"@id":"https:\/\/kibrisdakik.com\/?p=70954#primaryimage"},"thumbnailUrl":"https:\/\/kibrisdakik.com\/wp-content\/uploads\/2024\/12\/1733488570418MDP-SEHIT-AILELERI1-740x420.jpeg","articleSection":["K\u0131br\u0131s"],"inLanguage":"tr","potentialAction":[{"@type":"CommentAction","name":"Comment","target":["https:\/\/kibrisdakik.com\/?p=70954#respond"]}]},{"@type":"WebPage","@id":"https:\/\/kibrisdakik.com\/?p=70954","url":"https:\/\/kibrisdakik.com\/?p=70954","name":"Milliyet\u00e7i Demokrasi Partisi, \u015eehit Aileleri ve Malul Gaziler Derne\u011fi\u2019ni kabul etti -","isPartOf":{"@id":"https:\/\/kibrisdakik.com\/#website"},"primaryImageOfPage":{"@id":"https:\/\/kibrisdakik.com\/?p=70954#primaryimage"},"image":{"@id":"https:\/\/kibrisdakik.com\/?p=70954#primaryimage"},"thumbnailUrl":"https:\/\/kibrisdakik.com\/wp-content\/uploads\/2024\/12\/1733488570418MDP-SEHIT-AILELERI1-740x420.jpeg","datePublished":"2024-12-06T13:09:42+00:00","author":{"@id":"https:\/\/kibrisdakik.com\/#\/schema\/person\/9cd9d437bbb44f72b73ba127e06d8e79"},"breadcrumb":{"@id":"https:\/\/kibrisdakik.com\/?p=70954#breadcrumb"},"inLanguage":"tr","potentialAction":[{"@type":"ReadAction","target":["https:\/\/kibrisdakik.com\/?p=70954"]}]},{"@type":"ImageObject","inLanguage":"tr","@id":"https:\/\/kibrisdakik.com\/?p=70954#primaryimage","url":"https:\/\/kibrisdakik.com\/wp-content\/uploads\/2024\/12\/1733488570418MDP-SEHIT-AILELERI1-740x420.jpeg","contentUrl":"https:\/\/kibrisdakik.com\/wp-content\/uploads\/2024\/12\/1733488570418MDP-SEHIT-AILELERI1-740x420.jpeg","width":2048,"height":1152},{"@type":"BreadcrumbList","@id":"https:\/\/kibrisdakik.com\/?p=70954#breadcrumb","itemListElement":[{"@type":"ListItem","position":1,"name":"Home","item":"https:\/\/kibrisdakik.com\/"},{"@type":"ListItem","position":2,"name":"Milliyet\u00e7i Demokrasi Partisi, \u015eehit Aileleri ve Malul Gaziler Derne\u011fi\u2019ni kabul etti"}]},{"@type":"WebSite","@id":"https:\/\/kibrisdakik.com\/#website","url":"https:\/\/kibrisdakik.com\/","name":"","description":"Tam vaktinde haber","potentialAction":[{"@type":"SearchAction","target":{"@type":"EntryPoint","urlTemplate":"https:\/\/kibrisdakik.com\/?s={search_term_string}"},"query-input":{"@type":"PropertyValueSpecification","valueRequired":true,"valueName":"search_term_string"}}],"inLanguage":"tr"},{"@type":"Person","@id":"https:\/\/kibrisdakik.com\/#\/schema\/person\/9cd9d437bbb44f72b73ba127e06d8e79","name":"admin","image":{"@type":"ImageObject","inLanguage":"tr","@id":"https:\/\/secure.gravatar.com\/avatar\/ccc17943b9d660506c869530f897617f7cb1c21a4bf30023f252596d83e1f007?s=96&d=mm&r=g","url":"https:\/\/secure.gravatar.com\/avatar\/ccc17943b9d660506c869530f897617f7cb1c21a4bf30023f252596d83e1f007?s=96&d=mm&r=g","contentUrl":"https:\/\/secure.gravatar.com\/avatar\/ccc17943b9d660506c869530f897617f7cb1c21a4bf30023f252596d83e1f007?s=96&d=mm&r=g","caption":"admin"},"sameAs":["https:\/\/kibrisdakik.com"],"url":"https:\/\/kibrisdakik.com\/?author=1"}]}},"_links":{"self":[{"href":"https:\/\/kibrisdakik.com\/index.php?rest_route=\/wp\/v2\/posts\/70954","targetHints":{"allow":["GET"]}}],"collection":[{"href":"https:\/\/kibrisdakik.com\/index.php?rest_route=\/wp\/v2\/posts"}],"about":[{"href":"https:\/\/kibrisdakik.com\/index.php?rest_route=\/wp\/v2\/types\/post"}],"author":[{"embeddable":true,"href":"https:\/\/kibrisdakik.com\/index.php?rest_route=\/wp\/v2\/users\/1"}],"replies":[{"embeddable":true,"href":"https:\/\/kibrisdakik.com\/index.php?rest_route=%2Fwp%2Fv2%2Fcomments&post=70954"}],"version-history":[{"count":0,"href":"https:\/\/kibrisdakik.com\/index.php?rest_route=\/wp\/v2\/posts\/70954\/revisions"}],"wp:featuredmedia":[{"embeddable":true,"href":"https:\/\/kibrisdakik.com\/index.php?rest_route=\/wp\/v2\/media\/70955"}],"wp:attachment":[{"href":"https:\/\/kibrisdakik.com\/index.php?rest_route=%2Fwp%2Fv2%2Fmedia&parent=70954"}],"wp:term":[{"taxonomy":"category","embeddable":true,"href":"https:\/\/kibrisdakik.com\/index.php?rest_route=%2Fwp%2Fv2%2Fcategories&post=70954"},{"taxonomy":"post_tag","embeddable":true,"href":"https:\/\/kibrisdakik.com\/index.php?rest_route=%2Fwp%2Fv2%2Ftags&post=70954"}],"curies":[{"name":"wp","href":"https:\/\/api.w.org\/{rel}","templated":true}]}}