{"id":70962,"date":"2024-12-06T16:25:38","date_gmt":"2024-12-06T13:25:38","guid":{"rendered":"https:\/\/kibrisdakik.com\/index.php\/2024\/12\/06\/talat-stefanuyu-kabul-etti\/"},"modified":"2024-12-06T16:25:38","modified_gmt":"2024-12-06T13:25:38","slug":"talat-stefanuyu-kabul-etti","status":"publish","type":"post","link":"https:\/\/kibrisdakik.com\/?p=70962","title":{"rendered":"Talat Stefanu\u2019yu kabul etti"},"content":{"rendered":"<div>\n<div class=\"mariselle-image-container center\">\n                                            <\/div>\n<p>\u0130kinci Cumhurba\u015fkan\u0131 Mehmet Ali Talat, AKEL Genel Sekreteri Stefanos Stefanu\u2019yu kabul etti.<\/p>\n<p>Talat\u2019\u0131n Ofisi\u2019nden yap\u0131lan a\u00e7\u0131klamaya g\u00f6re, Stefanu bug\u00fcn \u0130kinci Cumhurba\u015fkan\u0131 Mehmet Ali Talat\u2019\u0131 ofisinde ziyaret etti.<\/p>\n<p>Stefanu\u2019ya Tasos \u00c7elebis ve AKEL\u2019in iki toplum aras\u0131ndaki ili\u015fkilerden sorumlu \u00fcyesi e\u015flik etti.<\/p>\n<p>Talat ile Stefanu K\u0131br\u0131s sorununun \u00e7\u00f6z\u00fcm\u00fc konusundaki d\u00fc\u015f\u00fcncelerini payla\u015ft\u0131lar ve de\u011ferlendirmelerde bulundular. <\/p>\n<p>B\u00f6lgede ya\u015fanan geli\u015fmeler ile \u00e7at\u0131\u015fmalar\u0131n de ele al\u0131nd\u0131\u011f\u0131 toplant\u0131da b\u00f6lge sorunlar\u0131n\u0131n \u00e7\u00f6z\u00fcm\u00fc i\u00e7in yap\u0131lmas\u0131 gerekenler de de\u011ferlendirildi.<\/p>\n<p>Toplant\u0131da bilgi al\u0131\u015fveri\u015fine devam etme konusunda g\u00f6r\u00fc\u015f birli\u011fine var\u0131ld\u0131.<\/p>\n<\/p><\/div>\n<p><script async\n                    defer\n                    crossorigin=\"anonymous\"\n                    src=\"https:\/\/connect.facebook.net\/tr_TR\/sdk.js#xfbml=1&#038;version=v3.3\"\n            ><\/script><\/p>\n","protected":false},"excerpt":{"rendered":"<p>\u0130kinci Cumhurba\u015fkan\u0131 Mehmet Ali Talat, AKEL Genel Sekreteri Stefanos Stefanu\u2019yu kabul etti. Talat\u2019\u0131n Ofisi\u2019nden yap\u0131lan a\u00e7\u0131klamaya g\u00f6re, Stefanu bug\u00fcn \u0130kinci Cumhurba\u015fkan\u0131 Mehmet Ali Talat\u2019\u0131 ofisinde ziyaret etti. Stefanu\u2019ya Tasos \u00c7elebis ve AKEL\u2019in iki toplum aras\u0131ndaki ili\u015fkilerden sorumlu \u00fcyesi e\u015flik etti. Talat ile Stefanu K\u0131br\u0131s sorununun \u00e7\u00f6z\u00fcm\u00fc konusundaki d\u00fc\u015f\u00fcncelerini payla\u015ft\u0131lar ve de\u011ferlendirmelerde bulundular. B\u00f6lgede ya\u015fanan geli\u015fmeler<\/p>\n","protected":false},"author":1,"featured_media":70963,"comment_status":"open","ping_status":"open","sticky":false,"template":"","format":"standard","meta":{"footnotes":""},"categories":[81],"tags":[],"class_list":["post-70962","post","type-post","status-publish","format-standard","has-post-thumbnail","hentry","category-kibris"],"yoast_head":"<!-- This site is optimized with the Yoast SEO plugin v27.5 - https:\/\/yoast.com\/product\/yoast-seo-wordpress\/ -->\n<title>Talat Stefanu\u2019yu kabul etti -<\/title>\n<meta name=\"robots\" content=\"index, follow, max-snippet:-1, max-image-preview:large, max-video-preview:-1\" \/>\n<link rel=\"canonical\" href=\"https:\/\/kibrisdakik.com\/?p=70962\" \/>\n<meta property=\"og:locale\" content=\"tr_TR\" \/>\n<meta property=\"og:type\" content=\"article\" \/>\n<meta property=\"og:title\" content=\"Talat Stefanu\u2019yu kabul etti -\" \/>\n<meta property=\"og:description\" content=\"\u0130kinci Cumhurba\u015fkan\u0131 Mehmet Ali Talat, AKEL Genel Sekreteri Stefanos Stefanu\u2019yu kabul etti. Talat\u2019\u0131n Ofisi\u2019nden yap\u0131lan a\u00e7\u0131klamaya g\u00f6re, Stefanu bug\u00fcn \u0130kinci Cumhurba\u015fkan\u0131 Mehmet Ali Talat\u2019\u0131 ofisinde ziyaret etti. Stefanu\u2019ya Tasos \u00c7elebis ve AKEL\u2019in iki toplum aras\u0131ndaki ili\u015fkilerden sorumlu \u00fcyesi e\u015flik etti. Talat ile Stefanu K\u0131br\u0131s sorununun \u00e7\u00f6z\u00fcm\u00fc konusundaki d\u00fc\u015f\u00fcncelerini payla\u015ft\u0131lar ve de\u011ferlendirmelerde bulundular. B\u00f6lgede ya\u015fanan geli\u015fmeler\" \/>\n<meta property=\"og:url\" content=\"https:\/\/kibrisdakik.com\/?p=70962\" \/>\n<meta property=\"article:published_time\" content=\"2024-12-06T13:25:38+00:00\" \/>\n<meta property=\"og:image\" content=\"https:\/\/kibrisdakik.com\/wp-content\/uploads\/2024\/12\/l-740x420.jpg\" \/>\n\t<meta property=\"og:image:width\" content=\"1896\" \/>\n\t<meta property=\"og:image:height\" content=\"1075\" \/>\n\t<meta property=\"og:image:type\" content=\"image\/jpeg\" \/>\n<meta name=\"author\" content=\"admin\" \/>\n<meta name=\"twitter:card\" content=\"summary_large_image\" \/>\n<meta name=\"twitter:label1\" content=\"Yazan:\" \/>\n\t<meta name=\"twitter:data1\" content=\"admin\" \/>\n\t<meta name=\"twitter:label2\" content=\"Tahmini okuma s\u00fcresi\" \/>\n\t<meta name=\"twitter:data2\" content=\"1 dakika\" \/>\n<script type=\"application\/ld+json\" class=\"yoast-schema-graph\">{\"@context\":\"https:\\\/\\\/schema.org\",\"@graph\":[{\"@type\":\"Article\",\"@id\":\"https:\\\/\\\/kibrisdakik.com\\\/?p=70962#article\",\"isPartOf\":{\"@id\":\"https:\\\/\\\/kibrisdakik.com\\\/?p=70962\"},\"author\":{\"name\":\"admin\",\"@id\":\"https:\\\/\\\/kibrisdakik.com\\\/#\\\/schema\\\/person\\\/9cd9d437bbb44f72b73ba127e06d8e79\"},\"headline\":\"Talat Stefanu\u2019yu kabul etti\",\"datePublished\":\"2024-12-06T13:25:38+00:00\",\"mainEntityOfPage\":{\"@id\":\"https:\\\/\\\/kibrisdakik.com\\\/?p=70962\"},\"wordCount\":124,\"commentCount\":0,\"image\":{\"@id\":\"https:\\\/\\\/kibrisdakik.com\\\/?p=70962#primaryimage\"},\"thumbnailUrl\":\"https:\\\/\\\/kibrisdakik.com\\\/wp-content\\\/uploads\\\/2024\\\/12\\\/l-740x420.jpg\",\"articleSection\":[\"K\u0131br\u0131s\"],\"inLanguage\":\"tr\",\"potentialAction\":[{\"@type\":\"CommentAction\",\"name\":\"Comment\",\"target\":[\"https:\\\/\\\/kibrisdakik.com\\\/?p=70962#respond\"]}]},{\"@type\":\"WebPage\",\"@id\":\"https:\\\/\\\/kibrisdakik.com\\\/?p=70962\",\"url\":\"https:\\\/\\\/kibrisdakik.com\\\/?p=70962\",\"name\":\"Talat Stefanu\u2019yu kabul etti -\",\"isPartOf\":{\"@id\":\"https:\\\/\\\/kibrisdakik.com\\\/#website\"},\"primaryImageOfPage\":{\"@id\":\"https:\\\/\\\/kibrisdakik.com\\\/?p=70962#primaryimage\"},\"image\":{\"@id\":\"https:\\\/\\\/kibrisdakik.com\\\/?p=70962#primaryimage\"},\"thumbnailUrl\":\"https:\\\/\\\/kibrisdakik.com\\\/wp-content\\\/uploads\\\/2024\\\/12\\\/l-740x420.jpg\",\"datePublished\":\"2024-12-06T13:25:38+00:00\",\"author\":{\"@id\":\"https:\\\/\\\/kibrisdakik.com\\\/#\\\/schema\\\/person\\\/9cd9d437bbb44f72b73ba127e06d8e79\"},\"breadcrumb\":{\"@id\":\"https:\\\/\\\/kibrisdakik.com\\\/?p=70962#breadcrumb\"},\"inLanguage\":\"tr\",\"potentialAction\":[{\"@type\":\"ReadAction\",\"target\":[\"https:\\\/\\\/kibrisdakik.com\\\/?p=70962\"]}]},{\"@type\":\"ImageObject\",\"inLanguage\":\"tr\",\"@id\":\"https:\\\/\\\/kibrisdakik.com\\\/?p=70962#primaryimage\",\"url\":\"https:\\\/\\\/kibrisdakik.com\\\/wp-content\\\/uploads\\\/2024\\\/12\\\/l-740x420.jpg\",\"contentUrl\":\"https:\\\/\\\/kibrisdakik.com\\\/wp-content\\\/uploads\\\/2024\\\/12\\\/l-740x420.jpg\",\"width\":1896,\"height\":1075},{\"@type\":\"BreadcrumbList\",\"@id\":\"https:\\\/\\\/kibrisdakik.com\\\/?p=70962#breadcrumb\",\"itemListElement\":[{\"@type\":\"ListItem\",\"position\":1,\"name\":\"Home\",\"item\":\"https:\\\/\\\/kibrisdakik.com\\\/\"},{\"@type\":\"ListItem\",\"position\":2,\"name\":\"Talat Stefanu\u2019yu kabul etti\"}]},{\"@type\":\"WebSite\",\"@id\":\"https:\\\/\\\/kibrisdakik.com\\\/#website\",\"url\":\"https:\\\/\\\/kibrisdakik.com\\\/\",\"name\":\"\",\"description\":\"Tam vaktinde haber\",\"potentialAction\":[{\"@type\":\"SearchAction\",\"target\":{\"@type\":\"EntryPoint\",\"urlTemplate\":\"https:\\\/\\\/kibrisdakik.com\\\/?s={search_term_string}\"},\"query-input\":{\"@type\":\"PropertyValueSpecification\",\"valueRequired\":true,\"valueName\":\"search_term_string\"}}],\"inLanguage\":\"tr\"},{\"@type\":\"Person\",\"@id\":\"https:\\\/\\\/kibrisdakik.com\\\/#\\\/schema\\\/person\\\/9cd9d437bbb44f72b73ba127e06d8e79\",\"name\":\"admin\",\"image\":{\"@type\":\"ImageObject\",\"inLanguage\":\"tr\",\"@id\":\"https:\\\/\\\/secure.gravatar.com\\\/avatar\\\/ccc17943b9d660506c869530f897617f7cb1c21a4bf30023f252596d83e1f007?s=96&d=mm&r=g\",\"url\":\"https:\\\/\\\/secure.gravatar.com\\\/avatar\\\/ccc17943b9d660506c869530f897617f7cb1c21a4bf30023f252596d83e1f007?s=96&d=mm&r=g\",\"contentUrl\":\"https:\\\/\\\/secure.gravatar.com\\\/avatar\\\/ccc17943b9d660506c869530f897617f7cb1c21a4bf30023f252596d83e1f007?s=96&d=mm&r=g\",\"caption\":\"admin\"},\"sameAs\":[\"https:\\\/\\\/kibrisdakik.com\"],\"url\":\"https:\\\/\\\/kibrisdakik.com\\\/?author=1\"}]}<\/script>\n<!-- \/ Yoast SEO plugin. -->","yoast_head_json":{"title":"Talat Stefanu\u2019yu kabul etti -","robots":{"index":"index","follow":"follow","max-snippet":"max-snippet:-1","max-image-preview":"max-image-preview:large","max-video-preview":"max-video-preview:-1"},"canonical":"https:\/\/kibrisdakik.com\/?p=70962","og_locale":"tr_TR","og_type":"article","og_title":"Talat Stefanu\u2019yu kabul etti -","og_description":"\u0130kinci Cumhurba\u015fkan\u0131 Mehmet Ali Talat, AKEL Genel Sekreteri Stefanos Stefanu\u2019yu kabul etti. Talat\u2019\u0131n Ofisi\u2019nden yap\u0131lan a\u00e7\u0131klamaya g\u00f6re, Stefanu bug\u00fcn \u0130kinci Cumhurba\u015fkan\u0131 Mehmet Ali Talat\u2019\u0131 ofisinde ziyaret etti. Stefanu\u2019ya Tasos \u00c7elebis ve AKEL\u2019in iki toplum aras\u0131ndaki ili\u015fkilerden sorumlu \u00fcyesi e\u015flik etti. Talat ile Stefanu K\u0131br\u0131s sorununun \u00e7\u00f6z\u00fcm\u00fc konusundaki d\u00fc\u015f\u00fcncelerini payla\u015ft\u0131lar ve de\u011ferlendirmelerde bulundular. B\u00f6lgede ya\u015fanan geli\u015fmeler","og_url":"https:\/\/kibrisdakik.com\/?p=70962","article_published_time":"2024-12-06T13:25:38+00:00","og_image":[{"width":1896,"height":1075,"url":"https:\/\/kibrisdakik.com\/wp-content\/uploads\/2024\/12\/l-740x420.jpg","type":"image\/jpeg"}],"author":"admin","twitter_card":"summary_large_image","twitter_misc":{"Yazan:":"admin","Tahmini okuma s\u00fcresi":"1 dakika"},"schema":{"@context":"https:\/\/schema.org","@graph":[{"@type":"Article","@id":"https:\/\/kibrisdakik.com\/?p=70962#article","isPartOf":{"@id":"https:\/\/kibrisdakik.com\/?p=70962"},"author":{"name":"admin","@id":"https:\/\/kibrisdakik.com\/#\/schema\/person\/9cd9d437bbb44f72b73ba127e06d8e79"},"headline":"Talat Stefanu\u2019yu kabul etti","datePublished":"2024-12-06T13:25:38+00:00","mainEntityOfPage":{"@id":"https:\/\/kibrisdakik.com\/?p=70962"},"wordCount":124,"commentCount":0,"image":{"@id":"https:\/\/kibrisdakik.com\/?p=70962#primaryimage"},"thumbnailUrl":"https:\/\/kibrisdakik.com\/wp-content\/uploads\/2024\/12\/l-740x420.jpg","articleSection":["K\u0131br\u0131s"],"inLanguage":"tr","potentialAction":[{"@type":"CommentAction","name":"Comment","target":["https:\/\/kibrisdakik.com\/?p=70962#respond"]}]},{"@type":"WebPage","@id":"https:\/\/kibrisdakik.com\/?p=70962","url":"https:\/\/kibrisdakik.com\/?p=70962","name":"Talat Stefanu\u2019yu kabul etti -","isPartOf":{"@id":"https:\/\/kibrisdakik.com\/#website"},"primaryImageOfPage":{"@id":"https:\/\/kibrisdakik.com\/?p=70962#primaryimage"},"image":{"@id":"https:\/\/kibrisdakik.com\/?p=70962#primaryimage"},"thumbnailUrl":"https:\/\/kibrisdakik.com\/wp-content\/uploads\/2024\/12\/l-740x420.jpg","datePublished":"2024-12-06T13:25:38+00:00","author":{"@id":"https:\/\/kibrisdakik.com\/#\/schema\/person\/9cd9d437bbb44f72b73ba127e06d8e79"},"breadcrumb":{"@id":"https:\/\/kibrisdakik.com\/?p=70962#breadcrumb"},"inLanguage":"tr","potentialAction":[{"@type":"ReadAction","target":["https:\/\/kibrisdakik.com\/?p=70962"]}]},{"@type":"ImageObject","inLanguage":"tr","@id":"https:\/\/kibrisdakik.com\/?p=70962#primaryimage","url":"https:\/\/kibrisdakik.com\/wp-content\/uploads\/2024\/12\/l-740x420.jpg","contentUrl":"https:\/\/kibrisdakik.com\/wp-content\/uploads\/2024\/12\/l-740x420.jpg","width":1896,"height":1075},{"@type":"BreadcrumbList","@id":"https:\/\/kibrisdakik.com\/?p=70962#breadcrumb","itemListElement":[{"@type":"ListItem","position":1,"name":"Home","item":"https:\/\/kibrisdakik.com\/"},{"@type":"ListItem","position":2,"name":"Talat Stefanu\u2019yu kabul etti"}]},{"@type":"WebSite","@id":"https:\/\/kibrisdakik.com\/#website","url":"https:\/\/kibrisdakik.com\/","name":"","description":"Tam vaktinde haber","potentialAction":[{"@type":"SearchAction","target":{"@type":"EntryPoint","urlTemplate":"https:\/\/kibrisdakik.com\/?s={search_term_string}"},"query-input":{"@type":"PropertyValueSpecification","valueRequired":true,"valueName":"search_term_string"}}],"inLanguage":"tr"},{"@type":"Person","@id":"https:\/\/kibrisdakik.com\/#\/schema\/person\/9cd9d437bbb44f72b73ba127e06d8e79","name":"admin","image":{"@type":"ImageObject","inLanguage":"tr","@id":"https:\/\/secure.gravatar.com\/avatar\/ccc17943b9d660506c869530f897617f7cb1c21a4bf30023f252596d83e1f007?s=96&d=mm&r=g","url":"https:\/\/secure.gravatar.com\/avatar\/ccc17943b9d660506c869530f897617f7cb1c21a4bf30023f252596d83e1f007?s=96&d=mm&r=g","contentUrl":"https:\/\/secure.gravatar.com\/avatar\/ccc17943b9d660506c869530f897617f7cb1c21a4bf30023f252596d83e1f007?s=96&d=mm&r=g","caption":"admin"},"sameAs":["https:\/\/kibrisdakik.com"],"url":"https:\/\/kibrisdakik.com\/?author=1"}]}},"_links":{"self":[{"href":"https:\/\/kibrisdakik.com\/index.php?rest_route=\/wp\/v2\/posts\/70962","targetHints":{"allow":["GET"]}}],"collection":[{"href":"https:\/\/kibrisdakik.com\/index.php?rest_route=\/wp\/v2\/posts"}],"about":[{"href":"https:\/\/kibrisdakik.com\/index.php?rest_route=\/wp\/v2\/types\/post"}],"author":[{"embeddable":true,"href":"https:\/\/kibrisdakik.com\/index.php?rest_route=\/wp\/v2\/users\/1"}],"replies":[{"embeddable":true,"href":"https:\/\/kibrisdakik.com\/index.php?rest_route=%2Fwp%2Fv2%2Fcomments&post=70962"}],"version-history":[{"count":0,"href":"https:\/\/kibrisdakik.com\/index.php?rest_route=\/wp\/v2\/posts\/70962\/revisions"}],"wp:featuredmedia":[{"embeddable":true,"href":"https:\/\/kibrisdakik.com\/index.php?rest_route=\/wp\/v2\/media\/70963"}],"wp:attachment":[{"href":"https:\/\/kibrisdakik.com\/index.php?rest_route=%2Fwp%2Fv2%2Fmedia&parent=70962"}],"wp:term":[{"taxonomy":"category","embeddable":true,"href":"https:\/\/kibrisdakik.com\/index.php?rest_route=%2Fwp%2Fv2%2Fcategories&post=70962"},{"taxonomy":"post_tag","embeddable":true,"href":"https:\/\/kibrisdakik.com\/index.php?rest_route=%2Fwp%2Fv2%2Ftags&post=70962"}],"curies":[{"name":"wp","href":"https:\/\/api.w.org\/{rel}","templated":true}]}}