{"id":70972,"date":"2024-12-06T18:27:59","date_gmt":"2024-12-06T15:27:59","guid":{"rendered":"https:\/\/kibrisdakik.com\/index.php\/2024\/12\/06\/cumhurbaskani-tatar-aoada-kibris-tarihi-ve-kibrisin-son-durumu-konulu-konferans-verdi\/"},"modified":"2024-12-06T18:27:59","modified_gmt":"2024-12-06T15:27:59","slug":"cumhurbaskani-tatar-aoada-kibris-tarihi-ve-kibrisin-son-durumu-konulu-konferans-verdi","status":"publish","type":"post","link":"https:\/\/kibrisdakik.com\/?p=70972","title":{"rendered":"Cumhurba\u015fkan\u0131 Tatar, A\u00d6A\u2019da \u201cK\u0131br\u0131s Tarihi ve K\u0131br\u0131s\u2019\u0131n Son Durumu\u201d konulu konferans verdi"},"content":{"rendered":"<div>\n<div class=\"mariselle-image-container center\">\n                                            <\/div>\n<p>Cumhurba\u015fkan\u0131 Ersin Tatar, Atat\u00fcrk \u00d6\u011fretmen Akademisi\u2019nde (A\u00d6A) \u201cK\u0131br\u0131s Tarihi ve K\u0131br\u0131s\u2019\u0131n Son Durumu\u201d konulu konferans verdi. <\/p>\n<p>A\u00d6A Konferans Salonunda yer alan konferans \u00f6ncesi Cumhurba\u015fkan\u0131 Ersin Tatar\u2019\u0131n yurt d\u0131\u015f\u0131 ve yurt i\u00e7i temaslar\u0131n\u0131 i\u00e7eren video g\u00f6sterimi yap\u0131ld\u0131. <\/p>\n<p>Konferansta, A\u00d6A Y\u00f6netim Kurulu Ba\u015fkan\u0131 Do\u00e7. Dr. Naz\u0131m Serkan Burgul, y\u00f6netim kurulu \u00fcyeleri, \u00f6\u011fretmenler ile \u00f6\u011frenciler haz\u0131r bulundu. Konferansa, A\u00d6A Ba\u015fkan\u0131 Prof. Dr. G\u00fcner Konetral\u0131 ile A\u00d6A Ba\u015fkan Yard\u0131mc\u0131s\u0131 \u00c7ise \u00c7avu\u015fo\u011flu da kat\u0131ld\u0131. <\/p>\n<p>Konferans, A\u00d6A\u2019n\u0131n yeni mod\u00fcler yap\u0131da e\u011fitim almaya ba\u015flayan 71 ki\u015filik 1. S\u0131n\u0131f \u00f6\u011frencilerine y\u00f6nelik verildi. <\/p>\n<p>Cumhurba\u015fkan\u0131 Ersin Tatar, K\u0131br\u0131s konusunda bilgiler verdi. Tatar, Osmanl\u0131 devletinin K\u0131br\u0131s\u2019\u0131 fethetti\u011fini ve 350 y\u0131l h\u00fck\u00fcmdarl\u0131k s\u00fcrd\u00fc\u011f\u00fcn\u00fc kaydetti. <\/p>\n<p>Adan\u0131n 1878 y\u0131l\u0131nda \u0130ngiltere\u2019ye kiralanmas\u0131n\u0131n ard\u0131ndan \u0130ngiltere\u2019nin aday\u0131 ilhak etti\u011fini ifade eden Tatar, o d\u00f6nem T\u00fcrk halk\u0131n\u0131n b\u00fcy\u00fck bir umutsuzluk i\u00e7ine girdi\u011fi ve Anadolu ba\u015fta olmak \u00fczere \u0130ngiltere, Avusturalya\u2019ya gitti\u011fini anlatt\u0131. <\/p>\n<p>Yurtd\u0131\u015f\u0131ndaki vatanda\u015flar\u0131n KKTC ile ba\u011flar\u0131n\u0131 g\u00fc\u00e7l\u00fc tutmas\u0131, gelecek nesillere \u00f6rf ve adetlerin aktar\u0131lmas\u0131 i\u00e7in okullarda yap\u0131lan \u00e7al\u0131\u015fmalar oldu\u011funu ifade eden Tatar, \u201cK\u0131br\u0131s T\u00fcrk\u00fc yaln\u0131z de\u011fildir, T\u00fcrkiye ve yurtd\u0131\u015f\u0131nda ya\u015fayan vatanda\u015flar\u0131m\u0131z tek y\u00fcrek, \u00f6rf adet gelenekleriyle oralarda ya\u015f\u0131yor ve d\u00fcnyada s\u00f6z sahibi oluyor, hizmet veriyor\u201d dedi. <\/p>\n<p>K\u0131br\u0131s\u2019ta iki halk oldu\u011funu, T\u00fcrkler ve Rumlar\u2019\u0131n ayr\u0131 oldu\u011funu, \u201cK\u0131br\u0131sl\u0131\u201d ifadesini kabul etmedi\u011fini, co\u011frafya olarak \u201cK\u0131br\u0131s\u201d oldu\u011funu belirten Tatar, K\u0131br\u0131s T\u00fcrk halk\u0131n\u0131n kendi gelece\u011fini tayin etme hakk\u0131na sahip oldu\u011funu s\u00f6yledi. <\/p>\n<p>T\u00fcrkiye Cumhuriyeti\u2019nin K\u0131br\u0131s adas\u0131nda s\u00f6z hakk\u0131 oldu\u011funu ifade eden Tatar, K\u0131br\u0131s T\u00fcrk halk\u0131n\u0131n egemenlik haklar\u0131n\u0131n baki oldu\u011funu kaydetti.<\/p>\n<p>K\u0131br\u0131s adas\u0131n\u0131n T\u00fcrkiye Cumhuriyeti\u2019ne iade edilmesi gerekirken Yunanistan\u2019a ba\u011flanmas\u0131 i\u00e7in giri\u015fim yap\u0131lmas\u0131 \u00fczerine o d\u00f6nemde ya\u015fanan olaylar ile yap\u0131lan eylemlere i\u015faret eden Tatar, bu tart\u0131\u015fmalar i\u00e7inde T\u00fcrkiye Cumhuriyeti\u2019nin giri\u015fimleriyle adada, K\u0131br\u0131s T\u00fcrk halk\u0131n\u0131n e\u015fit ortak oldu\u011fu K\u0131br\u0131s Cumhuriyeti\u2019nin kuruldu\u011funu s\u00f6yledi. <\/p>\n<p>\u0130ngiltere\u2019nin bu anla\u015fmayla bug\u00fcn istedi\u011fi gibi kulland\u0131\u011f\u0131, g\u00fcney K\u0131br\u0131s\u2019ta iki egemen \u00fcss\u00fc bulundu\u011funu ifade eden Tatar, ayn\u0131 \u015fekilde ABD\u2019nin de bug\u00fcn buraya egemenlik kurmaya \u00e7al\u0131\u015ft\u0131\u011f\u0131n\u0131 i\u015faret ederek, K\u0131br\u0131s adas\u0131n\u0131n d\u00fcnyan\u0131n merkezinde \u00f6nemli bir yerde oldu\u011funu kaydetti. <\/p>\n<p>K\u0131br\u0131s T\u00fcrk halk\u0131n\u0131n egemenlik temelinde bar\u0131\u015f huzur g\u00fcvenlik i\u00e7inde bu adada ya\u015famak istedi\u011fini ifade eden Tatar, K\u0131br\u0131s T\u00fcrk halk\u0131n\u0131n adan\u0131n e\u015fit orta\u011f\u0131 oldu\u011funu vurgulad\u0131. <\/p>\n<p>K\u0131br\u0131s Cumhuriyeti\u2019nin Enosis hayali i\u00e7in bir s\u0131\u00e7rama tahtas\u0131 olarak g\u00f6r\u00fcld\u00fc\u011f\u00fcn\u00fc belirten Tatar, milli m\u00fccadele d\u00f6neminde \u00e7ok ac\u0131lar \u00e7eken K\u0131br\u0131s T\u00fcrk halk\u0131n\u0131n verdi\u011fi m\u00fccadeleyi ortaya koydu\u011fu direni\u015fi anlatt\u0131. <\/p>\n<p>K\u0131br\u0131s T\u00fcrk halk\u0131n\u0131n \u015fanl\u0131 bir tarih yazarak 1974\u2019e ula\u015fabildi\u011fini ifade eden Tatar, K\u0131br\u0131s T\u00fcrk halk\u0131n\u0131n T\u00fcrkiye Cumhuriyeti deste\u011fiyle  devletini kurdu\u011funu kaydetti. <\/p>\n<p>\u015eimdi ya\u015fanan s\u0131k\u0131nt\u0131n\u0131n KKTC devletinin tan\u0131nmamas\u0131 ancak Rum devletinin tan\u0131n\u0131yor olmas\u0131 oldu\u011funa i\u015faret eden Tatar, \u201cKKTC devleti tan\u0131nmasa da ger\u00e7ektir, her alandaki geli\u015fimiyle KKTC \u00e7a\u011fda\u015f bir devlettir\u201d dedi. <\/p>\n<p>KKTC\u2019nin tan\u0131nmas\u0131 i\u00e7in her alanda \u00e7al\u0131\u015ft\u0131klar\u0131n\u0131, yat\u0131r\u0131m yapt\u0131klar\u0131n\u0131 ifade eden Tatar, turizm spor e\u011fitim yerli \u00fcretim bili\u015fim alan\u0131nda yap\u0131lan \u00e7al\u0131\u015fmalar\u0131n \u00f6nemine vurgu yapt\u0131. <\/p>\n<p>\u00dclkede 144 \u00fclkeden \u00f6\u011frenci oldu\u011funu ve bunlar\u0131n KKTC\u2019nin d\u00fcnyadaki hakl\u0131 yerini almas\u0131 i\u00e7in \u00f6nemli ad\u0131mlar oldu\u011funu ifade eden Tatar, \u00f6\u011frencilere seslendi; \u201cKKTC\u2019nin \u00e7o\u011fu \u00fclkede olmayan huzur g\u00fcvenlik \u00e7a\u011fda\u015f bir yap\u0131ya sahip oldu\u011funu, \u00fclkede \u00e7ok iyi bir e\u011fitim sistemi bulundu\u011funu\u201d s\u00f6yledi ve gen\u00e7lerin \u00fclkenin gelece\u011fi oldu\u011funu, \u00fclkeye devlete sahip \u00e7\u0131k\u0131lmas\u0131n\u0131 istedi. <\/p>\n<p>T\u00fcrkiye Cumhuriyeti sayesinde adada bar\u0131\u015f huzur g\u00fcvenlik \u00e7a\u011fda\u015f bir yap\u0131 i\u00e7inde ya\u015fad\u0131klar\u0131n\u0131 ifade eden Tatar, T\u00fcrkiye\u2019den su getirildi\u011fini ve bunun b\u00fcy\u00fck bir nimet oldu\u011funu,  yak\u0131nda elektrik sorununun da kablo ile \u00e7\u00f6z\u00fclece\u011fini kaydetti. <\/p>\n<p>Enerji alan\u0131nda s\u00fcrd\u00fcr\u00fclebilir, \u00e7evreye duyarl\u0131 bir yap\u0131ya kavu\u015facaklar\u0131na inan\u00e7 belirten Tatar, ekonominin geli\u015fece\u011fini, i\u015fsizlik sorunu olmayaca\u011f\u0131n\u0131 anlatt\u0131. <\/p>\n<p>KKTC\u2019yi k\u00fc\u00e7\u00fcmseyen \u00e7o\u011fu ele\u015ftirilerin do\u011fru olmad\u0131\u011f\u0131n\u0131 ifade eden Tatar, gen\u00e7lere g\u00fcvendi\u011fini gelece\u011fin \u00f6\u011fretmenlerin gen\u00e7lerin elinde oldu\u011funu vurgulad\u0131. <\/p>\n<p>\u00d6\u011frencilerin sorular\u0131n\u0131 yan\u0131tlayan Tatar, d\u00fc\u015fmanl\u0131\u011fa kar\u015f\u0131 oldu\u011funu, diyalog i\u00e7inde iki halk i\u00e7in bar\u0131\u015f huzur g\u00fcvenlik temelinde bir ya\u015fam, gelecek kurulmas\u0131 i\u00e7in \u00e7al\u0131\u015ft\u0131\u011f\u0131n\u0131 ancak kar\u015f\u0131 taraf\u0131n zihninin sadece K\u0131br\u0131s T\u00fcrk halk\u0131n\u0131 az\u0131nl\u0131k olarak g\u00f6rd\u00fc\u011f\u00fcn\u00fc anlatt\u0131. <\/p>\n<p>Tatar, K\u0131br\u0131s T\u00fcrk halk\u0131n\u0131n bir birine devletine sar\u0131l\u0131p haklar\u0131n\u0131 korumas\u0131 gerekti\u011fini ifade ederek, hi\u00e7 bir zaman ba\u015fkas\u0131n\u0131n boyunduru\u011fu alt\u0131na girmeyeceklerini kaydetti. <\/p>\n<p>Tatar, Kurucu Cumhurba\u015fkan\u0131 Rauf Denkta\u015f\u2019\u0131n \u201cEgemenlikten ve devletten asla vazge\u00e7emeyecekleri\u201d s\u00f6z\u00fcn\u00fc hat\u0131rlatt\u0131, KKTC devletine sonuna kadar sahip \u00e7\u0131kacaklar\u0131n\u0131 s\u00f6yledi. <\/p>\n<p>Cumhurba\u015fkan\u0131 Ersin Tatar, K\u0131br\u0131s T\u00fcrk halk\u0131n\u0131n devleti \u00e7at\u0131s\u0131 alt\u0131nda onurlu g\u00fcven i\u00e7inde bir ya\u015fam s\u00fcrd\u00fc\u011f\u00fcn\u00fc ifade ederek, G\u00fcney ile Kuzey aras\u0131nda k\u0131yas yap\u0131lacaksa Kuzeyin daha g\u00fcven huzur i\u00e7inde oldu\u011funu kaydetti. <\/p>\n<p>Tatar, A\u00d6A\u2019n\u0131n \u00fclkenin gelece\u011fini \u015fekillendirecek \u00f6\u011fretmenleri yeti\u015ftirdi\u011fine i\u015faret ederek, buradan alaca\u011f\u0131 e\u011fitimle mezun olacak \u00f6\u011fretmenlerin milli de\u011ferlere sahip \u00e7\u0131karak, gelecek nesilleri \u00e7a\u011fda\u015f bir \u015fekilde yeti\u015ftirece\u011fine inan\u00e7 belirtti.<\/p>\n<\/p><\/div>\n<p><script async\n                    defer\n                    crossorigin=\"anonymous\"\n                    src=\"https:\/\/connect.facebook.net\/tr_TR\/sdk.js#xfbml=1&#038;version=v3.3\"\n            ><\/script><\/p>\n","protected":false},"excerpt":{"rendered":"<p>Cumhurba\u015fkan\u0131 Ersin Tatar, Atat\u00fcrk \u00d6\u011fretmen Akademisi\u2019nde (A\u00d6A) \u201cK\u0131br\u0131s Tarihi ve K\u0131br\u0131s\u2019\u0131n Son Durumu\u201d konulu konferans verdi. A\u00d6A Konferans Salonunda yer alan konferans \u00f6ncesi Cumhurba\u015fkan\u0131 Ersin Tatar\u2019\u0131n yurt d\u0131\u015f\u0131 ve yurt i\u00e7i temaslar\u0131n\u0131 i\u00e7eren video g\u00f6sterimi yap\u0131ld\u0131. Konferansta, A\u00d6A Y\u00f6netim Kurulu Ba\u015fkan\u0131 Do\u00e7. Dr. Naz\u0131m Serkan Burgul, y\u00f6netim kurulu \u00fcyeleri, \u00f6\u011fretmenler ile \u00f6\u011frenciler haz\u0131r bulundu. Konferansa,<\/p>\n","protected":false},"author":1,"featured_media":70973,"comment_status":"open","ping_status":"open","sticky":false,"template":"","format":"standard","meta":{"footnotes":""},"categories":[81],"tags":[],"class_list":["post-70972","post","type-post","status-publish","format-standard","has-post-thumbnail","hentry","category-kibris"],"yoast_head":"<!-- This site is optimized with the Yoast SEO plugin v27.5 - https:\/\/yoast.com\/product\/yoast-seo-wordpress\/ -->\n<title>Cumhurba\u015fkan\u0131 Tatar, A\u00d6A\u2019da \u201cK\u0131br\u0131s Tarihi ve K\u0131br\u0131s\u2019\u0131n Son Durumu\u201d konulu konferans verdi -<\/title>\n<meta name=\"robots\" content=\"index, follow, max-snippet:-1, max-image-preview:large, max-video-preview:-1\" \/>\n<link rel=\"canonical\" href=\"https:\/\/kibrisdakik.com\/?p=70972\" \/>\n<meta property=\"og:locale\" content=\"tr_TR\" \/>\n<meta property=\"og:type\" content=\"article\" \/>\n<meta property=\"og:title\" content=\"Cumhurba\u015fkan\u0131 Tatar, A\u00d6A\u2019da \u201cK\u0131br\u0131s Tarihi ve K\u0131br\u0131s\u2019\u0131n Son Durumu\u201d konulu konferans verdi -\" \/>\n<meta property=\"og:description\" content=\"Cumhurba\u015fkan\u0131 Ersin Tatar, Atat\u00fcrk \u00d6\u011fretmen Akademisi\u2019nde (A\u00d6A) \u201cK\u0131br\u0131s Tarihi ve K\u0131br\u0131s\u2019\u0131n Son Durumu\u201d konulu konferans verdi. A\u00d6A Konferans Salonunda yer alan konferans \u00f6ncesi Cumhurba\u015fkan\u0131 Ersin Tatar\u2019\u0131n yurt d\u0131\u015f\u0131 ve yurt i\u00e7i temaslar\u0131n\u0131 i\u00e7eren video g\u00f6sterimi yap\u0131ld\u0131. Konferansta, A\u00d6A Y\u00f6netim Kurulu Ba\u015fkan\u0131 Do\u00e7. Dr. Naz\u0131m Serkan Burgul, y\u00f6netim kurulu \u00fcyeleri, \u00f6\u011fretmenler ile \u00f6\u011frenciler haz\u0131r bulundu. Konferansa,\" \/>\n<meta property=\"og:url\" content=\"https:\/\/kibrisdakik.com\/?p=70972\" \/>\n<meta property=\"article:published_time\" content=\"2024-12-06T15:27:59+00:00\" \/>\n<meta property=\"og:image\" content=\"https:\/\/kibrisdakik.com\/wp-content\/uploads\/2024\/12\/1733489154143IMG_9402-scaled-740x420.jpeg\" \/>\n\t<meta property=\"og:image:width\" content=\"2560\" \/>\n\t<meta property=\"og:image:height\" content=\"1920\" \/>\n\t<meta property=\"og:image:type\" content=\"image\/jpeg\" \/>\n<meta name=\"author\" content=\"admin\" \/>\n<meta name=\"twitter:card\" content=\"summary_large_image\" \/>\n<meta name=\"twitter:label1\" content=\"Yazan:\" \/>\n\t<meta name=\"twitter:data1\" content=\"admin\" \/>\n\t<meta name=\"twitter:label2\" content=\"Tahmini okuma s\u00fcresi\" \/>\n\t<meta name=\"twitter:data2\" content=\"5 dakika\" \/>\n<script type=\"application\/ld+json\" class=\"yoast-schema-graph\">{\"@context\":\"https:\\\/\\\/schema.org\",\"@graph\":[{\"@type\":\"Article\",\"@id\":\"https:\\\/\\\/kibrisdakik.com\\\/?p=70972#article\",\"isPartOf\":{\"@id\":\"https:\\\/\\\/kibrisdakik.com\\\/?p=70972\"},\"author\":{\"name\":\"admin\",\"@id\":\"https:\\\/\\\/kibrisdakik.com\\\/#\\\/schema\\\/person\\\/9cd9d437bbb44f72b73ba127e06d8e79\"},\"headline\":\"Cumhurba\u015fkan\u0131 Tatar, A\u00d6A\u2019da \u201cK\u0131br\u0131s Tarihi ve K\u0131br\u0131s\u2019\u0131n Son Durumu\u201d konulu konferans verdi\",\"datePublished\":\"2024-12-06T15:27:59+00:00\",\"mainEntityOfPage\":{\"@id\":\"https:\\\/\\\/kibrisdakik.com\\\/?p=70972\"},\"wordCount\":1097,\"commentCount\":0,\"image\":{\"@id\":\"https:\\\/\\\/kibrisdakik.com\\\/?p=70972#primaryimage\"},\"thumbnailUrl\":\"https:\\\/\\\/kibrisdakik.com\\\/wp-content\\\/uploads\\\/2024\\\/12\\\/1733489154143IMG_9402-scaled-740x420.jpeg\",\"articleSection\":[\"K\u0131br\u0131s\"],\"inLanguage\":\"tr\",\"potentialAction\":[{\"@type\":\"CommentAction\",\"name\":\"Comment\",\"target\":[\"https:\\\/\\\/kibrisdakik.com\\\/?p=70972#respond\"]}]},{\"@type\":\"WebPage\",\"@id\":\"https:\\\/\\\/kibrisdakik.com\\\/?p=70972\",\"url\":\"https:\\\/\\\/kibrisdakik.com\\\/?p=70972\",\"name\":\"Cumhurba\u015fkan\u0131 Tatar, A\u00d6A\u2019da \u201cK\u0131br\u0131s Tarihi ve K\u0131br\u0131s\u2019\u0131n Son Durumu\u201d konulu konferans verdi -\",\"isPartOf\":{\"@id\":\"https:\\\/\\\/kibrisdakik.com\\\/#website\"},\"primaryImageOfPage\":{\"@id\":\"https:\\\/\\\/kibrisdakik.com\\\/?p=70972#primaryimage\"},\"image\":{\"@id\":\"https:\\\/\\\/kibrisdakik.com\\\/?p=70972#primaryimage\"},\"thumbnailUrl\":\"https:\\\/\\\/kibrisdakik.com\\\/wp-content\\\/uploads\\\/2024\\\/12\\\/1733489154143IMG_9402-scaled-740x420.jpeg\",\"datePublished\":\"2024-12-06T15:27:59+00:00\",\"author\":{\"@id\":\"https:\\\/\\\/kibrisdakik.com\\\/#\\\/schema\\\/person\\\/9cd9d437bbb44f72b73ba127e06d8e79\"},\"breadcrumb\":{\"@id\":\"https:\\\/\\\/kibrisdakik.com\\\/?p=70972#breadcrumb\"},\"inLanguage\":\"tr\",\"potentialAction\":[{\"@type\":\"ReadAction\",\"target\":[\"https:\\\/\\\/kibrisdakik.com\\\/?p=70972\"]}]},{\"@type\":\"ImageObject\",\"inLanguage\":\"tr\",\"@id\":\"https:\\\/\\\/kibrisdakik.com\\\/?p=70972#primaryimage\",\"url\":\"https:\\\/\\\/kibrisdakik.com\\\/wp-content\\\/uploads\\\/2024\\\/12\\\/1733489154143IMG_9402-scaled-740x420.jpeg\",\"contentUrl\":\"https:\\\/\\\/kibrisdakik.com\\\/wp-content\\\/uploads\\\/2024\\\/12\\\/1733489154143IMG_9402-scaled-740x420.jpeg\",\"width\":2560,\"height\":1920},{\"@type\":\"BreadcrumbList\",\"@id\":\"https:\\\/\\\/kibrisdakik.com\\\/?p=70972#breadcrumb\",\"itemListElement\":[{\"@type\":\"ListItem\",\"position\":1,\"name\":\"Home\",\"item\":\"https:\\\/\\\/kibrisdakik.com\\\/\"},{\"@type\":\"ListItem\",\"position\":2,\"name\":\"Cumhurba\u015fkan\u0131 Tatar, A\u00d6A\u2019da \u201cK\u0131br\u0131s Tarihi ve K\u0131br\u0131s\u2019\u0131n Son Durumu\u201d konulu konferans verdi\"}]},{\"@type\":\"WebSite\",\"@id\":\"https:\\\/\\\/kibrisdakik.com\\\/#website\",\"url\":\"https:\\\/\\\/kibrisdakik.com\\\/\",\"name\":\"\",\"description\":\"Tam vaktinde haber\",\"potentialAction\":[{\"@type\":\"SearchAction\",\"target\":{\"@type\":\"EntryPoint\",\"urlTemplate\":\"https:\\\/\\\/kibrisdakik.com\\\/?s={search_term_string}\"},\"query-input\":{\"@type\":\"PropertyValueSpecification\",\"valueRequired\":true,\"valueName\":\"search_term_string\"}}],\"inLanguage\":\"tr\"},{\"@type\":\"Person\",\"@id\":\"https:\\\/\\\/kibrisdakik.com\\\/#\\\/schema\\\/person\\\/9cd9d437bbb44f72b73ba127e06d8e79\",\"name\":\"admin\",\"image\":{\"@type\":\"ImageObject\",\"inLanguage\":\"tr\",\"@id\":\"https:\\\/\\\/secure.gravatar.com\\\/avatar\\\/ccc17943b9d660506c869530f897617f7cb1c21a4bf30023f252596d83e1f007?s=96&d=mm&r=g\",\"url\":\"https:\\\/\\\/secure.gravatar.com\\\/avatar\\\/ccc17943b9d660506c869530f897617f7cb1c21a4bf30023f252596d83e1f007?s=96&d=mm&r=g\",\"contentUrl\":\"https:\\\/\\\/secure.gravatar.com\\\/avatar\\\/ccc17943b9d660506c869530f897617f7cb1c21a4bf30023f252596d83e1f007?s=96&d=mm&r=g\",\"caption\":\"admin\"},\"sameAs\":[\"https:\\\/\\\/kibrisdakik.com\"],\"url\":\"https:\\\/\\\/kibrisdakik.com\\\/?author=1\"}]}<\/script>\n<!-- \/ Yoast SEO plugin. -->","yoast_head_json":{"title":"Cumhurba\u015fkan\u0131 Tatar, A\u00d6A\u2019da \u201cK\u0131br\u0131s Tarihi ve K\u0131br\u0131s\u2019\u0131n Son Durumu\u201d konulu konferans verdi -","robots":{"index":"index","follow":"follow","max-snippet":"max-snippet:-1","max-image-preview":"max-image-preview:large","max-video-preview":"max-video-preview:-1"},"canonical":"https:\/\/kibrisdakik.com\/?p=70972","og_locale":"tr_TR","og_type":"article","og_title":"Cumhurba\u015fkan\u0131 Tatar, A\u00d6A\u2019da \u201cK\u0131br\u0131s Tarihi ve K\u0131br\u0131s\u2019\u0131n Son Durumu\u201d konulu konferans verdi -","og_description":"Cumhurba\u015fkan\u0131 Ersin Tatar, Atat\u00fcrk \u00d6\u011fretmen Akademisi\u2019nde (A\u00d6A) \u201cK\u0131br\u0131s Tarihi ve K\u0131br\u0131s\u2019\u0131n Son Durumu\u201d konulu konferans verdi. A\u00d6A Konferans Salonunda yer alan konferans \u00f6ncesi Cumhurba\u015fkan\u0131 Ersin Tatar\u2019\u0131n yurt d\u0131\u015f\u0131 ve yurt i\u00e7i temaslar\u0131n\u0131 i\u00e7eren video g\u00f6sterimi yap\u0131ld\u0131. Konferansta, A\u00d6A Y\u00f6netim Kurulu Ba\u015fkan\u0131 Do\u00e7. Dr. Naz\u0131m Serkan Burgul, y\u00f6netim kurulu \u00fcyeleri, \u00f6\u011fretmenler ile \u00f6\u011frenciler haz\u0131r bulundu. Konferansa,","og_url":"https:\/\/kibrisdakik.com\/?p=70972","article_published_time":"2024-12-06T15:27:59+00:00","og_image":[{"width":2560,"height":1920,"url":"https:\/\/kibrisdakik.com\/wp-content\/uploads\/2024\/12\/1733489154143IMG_9402-scaled-740x420.jpeg","type":"image\/jpeg"}],"author":"admin","twitter_card":"summary_large_image","twitter_misc":{"Yazan:":"admin","Tahmini okuma s\u00fcresi":"5 dakika"},"schema":{"@context":"https:\/\/schema.org","@graph":[{"@type":"Article","@id":"https:\/\/kibrisdakik.com\/?p=70972#article","isPartOf":{"@id":"https:\/\/kibrisdakik.com\/?p=70972"},"author":{"name":"admin","@id":"https:\/\/kibrisdakik.com\/#\/schema\/person\/9cd9d437bbb44f72b73ba127e06d8e79"},"headline":"Cumhurba\u015fkan\u0131 Tatar, A\u00d6A\u2019da \u201cK\u0131br\u0131s Tarihi ve K\u0131br\u0131s\u2019\u0131n Son Durumu\u201d konulu konferans verdi","datePublished":"2024-12-06T15:27:59+00:00","mainEntityOfPage":{"@id":"https:\/\/kibrisdakik.com\/?p=70972"},"wordCount":1097,"commentCount":0,"image":{"@id":"https:\/\/kibrisdakik.com\/?p=70972#primaryimage"},"thumbnailUrl":"https:\/\/kibrisdakik.com\/wp-content\/uploads\/2024\/12\/1733489154143IMG_9402-scaled-740x420.jpeg","articleSection":["K\u0131br\u0131s"],"inLanguage":"tr","potentialAction":[{"@type":"CommentAction","name":"Comment","target":["https:\/\/kibrisdakik.com\/?p=70972#respond"]}]},{"@type":"WebPage","@id":"https:\/\/kibrisdakik.com\/?p=70972","url":"https:\/\/kibrisdakik.com\/?p=70972","name":"Cumhurba\u015fkan\u0131 Tatar, A\u00d6A\u2019da \u201cK\u0131br\u0131s Tarihi ve K\u0131br\u0131s\u2019\u0131n Son Durumu\u201d konulu konferans verdi -","isPartOf":{"@id":"https:\/\/kibrisdakik.com\/#website"},"primaryImageOfPage":{"@id":"https:\/\/kibrisdakik.com\/?p=70972#primaryimage"},"image":{"@id":"https:\/\/kibrisdakik.com\/?p=70972#primaryimage"},"thumbnailUrl":"https:\/\/kibrisdakik.com\/wp-content\/uploads\/2024\/12\/1733489154143IMG_9402-scaled-740x420.jpeg","datePublished":"2024-12-06T15:27:59+00:00","author":{"@id":"https:\/\/kibrisdakik.com\/#\/schema\/person\/9cd9d437bbb44f72b73ba127e06d8e79"},"breadcrumb":{"@id":"https:\/\/kibrisdakik.com\/?p=70972#breadcrumb"},"inLanguage":"tr","potentialAction":[{"@type":"ReadAction","target":["https:\/\/kibrisdakik.com\/?p=70972"]}]},{"@type":"ImageObject","inLanguage":"tr","@id":"https:\/\/kibrisdakik.com\/?p=70972#primaryimage","url":"https:\/\/kibrisdakik.com\/wp-content\/uploads\/2024\/12\/1733489154143IMG_9402-scaled-740x420.jpeg","contentUrl":"https:\/\/kibrisdakik.com\/wp-content\/uploads\/2024\/12\/1733489154143IMG_9402-scaled-740x420.jpeg","width":2560,"height":1920},{"@type":"BreadcrumbList","@id":"https:\/\/kibrisdakik.com\/?p=70972#breadcrumb","itemListElement":[{"@type":"ListItem","position":1,"name":"Home","item":"https:\/\/kibrisdakik.com\/"},{"@type":"ListItem","position":2,"name":"Cumhurba\u015fkan\u0131 Tatar, A\u00d6A\u2019da \u201cK\u0131br\u0131s Tarihi ve K\u0131br\u0131s\u2019\u0131n Son Durumu\u201d konulu konferans verdi"}]},{"@type":"WebSite","@id":"https:\/\/kibrisdakik.com\/#website","url":"https:\/\/kibrisdakik.com\/","name":"","description":"Tam vaktinde haber","potentialAction":[{"@type":"SearchAction","target":{"@type":"EntryPoint","urlTemplate":"https:\/\/kibrisdakik.com\/?s={search_term_string}"},"query-input":{"@type":"PropertyValueSpecification","valueRequired":true,"valueName":"search_term_string"}}],"inLanguage":"tr"},{"@type":"Person","@id":"https:\/\/kibrisdakik.com\/#\/schema\/person\/9cd9d437bbb44f72b73ba127e06d8e79","name":"admin","image":{"@type":"ImageObject","inLanguage":"tr","@id":"https:\/\/secure.gravatar.com\/avatar\/ccc17943b9d660506c869530f897617f7cb1c21a4bf30023f252596d83e1f007?s=96&d=mm&r=g","url":"https:\/\/secure.gravatar.com\/avatar\/ccc17943b9d660506c869530f897617f7cb1c21a4bf30023f252596d83e1f007?s=96&d=mm&r=g","contentUrl":"https:\/\/secure.gravatar.com\/avatar\/ccc17943b9d660506c869530f897617f7cb1c21a4bf30023f252596d83e1f007?s=96&d=mm&r=g","caption":"admin"},"sameAs":["https:\/\/kibrisdakik.com"],"url":"https:\/\/kibrisdakik.com\/?author=1"}]}},"_links":{"self":[{"href":"https:\/\/kibrisdakik.com\/index.php?rest_route=\/wp\/v2\/posts\/70972","targetHints":{"allow":["GET"]}}],"collection":[{"href":"https:\/\/kibrisdakik.com\/index.php?rest_route=\/wp\/v2\/posts"}],"about":[{"href":"https:\/\/kibrisdakik.com\/index.php?rest_route=\/wp\/v2\/types\/post"}],"author":[{"embeddable":true,"href":"https:\/\/kibrisdakik.com\/index.php?rest_route=\/wp\/v2\/users\/1"}],"replies":[{"embeddable":true,"href":"https:\/\/kibrisdakik.com\/index.php?rest_route=%2Fwp%2Fv2%2Fcomments&post=70972"}],"version-history":[{"count":0,"href":"https:\/\/kibrisdakik.com\/index.php?rest_route=\/wp\/v2\/posts\/70972\/revisions"}],"wp:featuredmedia":[{"embeddable":true,"href":"https:\/\/kibrisdakik.com\/index.php?rest_route=\/wp\/v2\/media\/70973"}],"wp:attachment":[{"href":"https:\/\/kibrisdakik.com\/index.php?rest_route=%2Fwp%2Fv2%2Fmedia&parent=70972"}],"wp:term":[{"taxonomy":"category","embeddable":true,"href":"https:\/\/kibrisdakik.com\/index.php?rest_route=%2Fwp%2Fv2%2Fcategories&post=70972"},{"taxonomy":"post_tag","embeddable":true,"href":"https:\/\/kibrisdakik.com\/index.php?rest_route=%2Fwp%2Fv2%2Ftags&post=70972"}],"curies":[{"name":"wp","href":"https:\/\/api.w.org\/{rel}","templated":true}]}}