{"id":70997,"date":"2024-12-06T20:04:06","date_gmt":"2024-12-06T17:04:06","guid":{"rendered":"https:\/\/kibrisdakik.com\/index.php\/2024\/12\/06\/tatar-uluslararasi-innerwheel-222-bolge-donem-baskani-gurbasar-ve-yonetim-kurulu-uyelerini-kabul-etti\/"},"modified":"2024-12-06T20:04:06","modified_gmt":"2024-12-06T17:04:06","slug":"tatar-uluslararasi-innerwheel-222-bolge-donem-baskani-gurbasar-ve-yonetim-kurulu-uyelerini-kabul-etti","status":"publish","type":"post","link":"https:\/\/kibrisdakik.com\/?p=70997","title":{"rendered":"Tatar, Uluslararas\u0131 Innerwheel 222. B\u00f6lge D\u00f6nem Ba\u015fkan\u0131  G\u00fcrba\u015far ve y\u00f6netim kurulu \u00fcyelerini kabul etti"},"content":{"rendered":"<div>\n<div class=\"mariselle-image-container center\">\n                                            <\/div>\n<p>Cumhurba\u015fkan\u0131 Ersin Tatar, Uluslararas\u0131 Innerwheel 222. B\u00f6lge D\u00f6nem Ba\u015fkan\u0131 \u0130mren G\u00fcrba\u015far ve y\u00f6netim kurulu \u00fcyelerini kabul etti<\/p>\n<p>Cumhurba\u015fkan\u0131 Tatar kabuldeki konu\u015fmas\u0131nda, Innerwheel \u00e7al\u0131\u015fmalar\u0131n\u0131 takdirle takip etti\u011fini ve gurur duydu\u011funu ifade ederek, \u00e7a\u011fda\u015f de\u011ferler ve K\u0131br\u0131s T\u00fcrk halk\u0131n\u0131n yard\u0131mseverli\u011finin, zor durumda olanlara maddi ve manevi yard\u0131m eli uzatman\u0131n \u00f6nemine de\u011findi. <\/p>\n<p>K\u0131br\u0131s T\u00fcrk halk\u0131n\u0131n evrensel ve k\u00fclt\u00fcrel de\u011ferlerle yard\u0131ma ihtiyac\u0131 olanlara yard\u0131m etme yakla\u015f\u0131m\u0131n\u0131 t\u00fcm d\u00fcnyada oldu\u011fu gibi ve hatta baz\u0131 \u00fclkelerden daha da ba\u015far\u0131l\u0131 bir \u015fekilde s\u00fcrd\u00fcrd\u00fc\u011f\u00fcn\u00fc belirten Cumhurba\u015fkan\u0131 Tatar, \u201cBu de\u011ferlerimiz bizi d\u00fcnyaya tan\u0131t\u0131yor\u201d dedi. <\/p>\n<p>Dernek yetkilileri de, Cumhurba\u015fkan\u0131 Tatar\u2019a y\u00fcr\u00fct\u00fclen \u00e7al\u0131\u015fmalar hakk\u0131nda bilgi verdi.<\/p>\n<\/p><\/div>\n<p><script async\n                    defer\n                    crossorigin=\"anonymous\"\n                    src=\"https:\/\/connect.facebook.net\/tr_TR\/sdk.js#xfbml=1&#038;version=v3.3\"\n            ><\/script><\/p>\n","protected":false},"excerpt":{"rendered":"<p>Cumhurba\u015fkan\u0131 Ersin Tatar, Uluslararas\u0131 Innerwheel 222. B\u00f6lge D\u00f6nem Ba\u015fkan\u0131 \u0130mren G\u00fcrba\u015far ve y\u00f6netim kurulu \u00fcyelerini kabul etti Cumhurba\u015fkan\u0131 Tatar kabuldeki konu\u015fmas\u0131nda, Innerwheel \u00e7al\u0131\u015fmalar\u0131n\u0131 takdirle takip etti\u011fini ve gurur duydu\u011funu ifade ederek, \u00e7a\u011fda\u015f de\u011ferler ve K\u0131br\u0131s T\u00fcrk halk\u0131n\u0131n yard\u0131mseverli\u011finin, zor durumda olanlara maddi ve manevi yard\u0131m eli uzatman\u0131n \u00f6nemine de\u011findi. K\u0131br\u0131s T\u00fcrk halk\u0131n\u0131n evrensel ve k\u00fclt\u00fcrel<\/p>\n","protected":false},"author":1,"featured_media":70998,"comment_status":"open","ping_status":"open","sticky":false,"template":"","format":"standard","meta":{"footnotes":""},"categories":[81],"tags":[],"class_list":["post-70997","post","type-post","status-publish","format-standard","has-post-thumbnail","hentry","category-kibris"],"yoast_head":"<!-- This site is optimized with the Yoast SEO plugin v27.5 - https:\/\/yoast.com\/product\/yoast-seo-wordpress\/ -->\n<title>Tatar, Uluslararas\u0131 Innerwheel 222. B\u00f6lge D\u00f6nem Ba\u015fkan\u0131 G\u00fcrba\u015far ve y\u00f6netim kurulu \u00fcyelerini kabul etti -<\/title>\n<meta name=\"robots\" content=\"index, follow, max-snippet:-1, max-image-preview:large, max-video-preview:-1\" \/>\n<link rel=\"canonical\" href=\"https:\/\/kibrisdakik.com\/?p=70997\" \/>\n<meta property=\"og:locale\" content=\"tr_TR\" \/>\n<meta property=\"og:type\" content=\"article\" \/>\n<meta property=\"og:title\" content=\"Tatar, Uluslararas\u0131 Innerwheel 222. B\u00f6lge D\u00f6nem Ba\u015fkan\u0131 G\u00fcrba\u015far ve y\u00f6netim kurulu \u00fcyelerini kabul etti -\" \/>\n<meta property=\"og:description\" content=\"Cumhurba\u015fkan\u0131 Ersin Tatar, Uluslararas\u0131 Innerwheel 222. B\u00f6lge D\u00f6nem Ba\u015fkan\u0131 \u0130mren G\u00fcrba\u015far ve y\u00f6netim kurulu \u00fcyelerini kabul etti Cumhurba\u015fkan\u0131 Tatar kabuldeki konu\u015fmas\u0131nda, Innerwheel \u00e7al\u0131\u015fmalar\u0131n\u0131 takdirle takip etti\u011fini ve gurur duydu\u011funu ifade ederek, \u00e7a\u011fda\u015f de\u011ferler ve K\u0131br\u0131s T\u00fcrk halk\u0131n\u0131n yard\u0131mseverli\u011finin, zor durumda olanlara maddi ve manevi yard\u0131m eli uzatman\u0131n \u00f6nemine de\u011findi. K\u0131br\u0131s T\u00fcrk halk\u0131n\u0131n evrensel ve k\u00fclt\u00fcrel\" \/>\n<meta property=\"og:url\" content=\"https:\/\/kibrisdakik.com\/?p=70997\" \/>\n<meta property=\"article:published_time\" content=\"2024-12-06T17:04:06+00:00\" \/>\n<meta property=\"og:image\" content=\"https:\/\/kibrisdakik.com\/wp-content\/uploads\/2024\/12\/innerwheel-4-740x420.jpg\" \/>\n\t<meta property=\"og:image:width\" content=\"2560\" \/>\n\t<meta property=\"og:image:height\" content=\"1071\" \/>\n\t<meta property=\"og:image:type\" content=\"image\/jpeg\" \/>\n<meta name=\"author\" content=\"admin\" \/>\n<meta name=\"twitter:card\" content=\"summary_large_image\" \/>\n<meta name=\"twitter:label1\" content=\"Yazan:\" \/>\n\t<meta name=\"twitter:data1\" content=\"admin\" \/>\n\t<meta name=\"twitter:label2\" content=\"Tahmini okuma s\u00fcresi\" \/>\n\t<meta name=\"twitter:data2\" content=\"1 dakika\" \/>\n<script type=\"application\/ld+json\" class=\"yoast-schema-graph\">{\"@context\":\"https:\\\/\\\/schema.org\",\"@graph\":[{\"@type\":\"Article\",\"@id\":\"https:\\\/\\\/kibrisdakik.com\\\/?p=70997#article\",\"isPartOf\":{\"@id\":\"https:\\\/\\\/kibrisdakik.com\\\/?p=70997\"},\"author\":{\"name\":\"admin\",\"@id\":\"https:\\\/\\\/kibrisdakik.com\\\/#\\\/schema\\\/person\\\/9cd9d437bbb44f72b73ba127e06d8e79\"},\"headline\":\"Tatar, Uluslararas\u0131 Innerwheel 222. B\u00f6lge D\u00f6nem Ba\u015fkan\u0131 G\u00fcrba\u015far ve y\u00f6netim kurulu \u00fcyelerini kabul etti\",\"datePublished\":\"2024-12-06T17:04:06+00:00\",\"mainEntityOfPage\":{\"@id\":\"https:\\\/\\\/kibrisdakik.com\\\/?p=70997\"},\"wordCount\":171,\"commentCount\":0,\"image\":{\"@id\":\"https:\\\/\\\/kibrisdakik.com\\\/?p=70997#primaryimage\"},\"thumbnailUrl\":\"https:\\\/\\\/kibrisdakik.com\\\/wp-content\\\/uploads\\\/2024\\\/12\\\/innerwheel-4-740x420.jpg\",\"articleSection\":[\"K\u0131br\u0131s\"],\"inLanguage\":\"tr\",\"potentialAction\":[{\"@type\":\"CommentAction\",\"name\":\"Comment\",\"target\":[\"https:\\\/\\\/kibrisdakik.com\\\/?p=70997#respond\"]}]},{\"@type\":\"WebPage\",\"@id\":\"https:\\\/\\\/kibrisdakik.com\\\/?p=70997\",\"url\":\"https:\\\/\\\/kibrisdakik.com\\\/?p=70997\",\"name\":\"Tatar, Uluslararas\u0131 Innerwheel 222. B\u00f6lge D\u00f6nem Ba\u015fkan\u0131 G\u00fcrba\u015far ve y\u00f6netim kurulu \u00fcyelerini kabul etti -\",\"isPartOf\":{\"@id\":\"https:\\\/\\\/kibrisdakik.com\\\/#website\"},\"primaryImageOfPage\":{\"@id\":\"https:\\\/\\\/kibrisdakik.com\\\/?p=70997#primaryimage\"},\"image\":{\"@id\":\"https:\\\/\\\/kibrisdakik.com\\\/?p=70997#primaryimage\"},\"thumbnailUrl\":\"https:\\\/\\\/kibrisdakik.com\\\/wp-content\\\/uploads\\\/2024\\\/12\\\/innerwheel-4-740x420.jpg\",\"datePublished\":\"2024-12-06T17:04:06+00:00\",\"author\":{\"@id\":\"https:\\\/\\\/kibrisdakik.com\\\/#\\\/schema\\\/person\\\/9cd9d437bbb44f72b73ba127e06d8e79\"},\"breadcrumb\":{\"@id\":\"https:\\\/\\\/kibrisdakik.com\\\/?p=70997#breadcrumb\"},\"inLanguage\":\"tr\",\"potentialAction\":[{\"@type\":\"ReadAction\",\"target\":[\"https:\\\/\\\/kibrisdakik.com\\\/?p=70997\"]}]},{\"@type\":\"ImageObject\",\"inLanguage\":\"tr\",\"@id\":\"https:\\\/\\\/kibrisdakik.com\\\/?p=70997#primaryimage\",\"url\":\"https:\\\/\\\/kibrisdakik.com\\\/wp-content\\\/uploads\\\/2024\\\/12\\\/innerwheel-4-740x420.jpg\",\"contentUrl\":\"https:\\\/\\\/kibrisdakik.com\\\/wp-content\\\/uploads\\\/2024\\\/12\\\/innerwheel-4-740x420.jpg\",\"width\":2560,\"height\":1071},{\"@type\":\"BreadcrumbList\",\"@id\":\"https:\\\/\\\/kibrisdakik.com\\\/?p=70997#breadcrumb\",\"itemListElement\":[{\"@type\":\"ListItem\",\"position\":1,\"name\":\"Home\",\"item\":\"https:\\\/\\\/kibrisdakik.com\\\/\"},{\"@type\":\"ListItem\",\"position\":2,\"name\":\"Tatar, Uluslararas\u0131 Innerwheel 222. B\u00f6lge D\u00f6nem Ba\u015fkan\u0131 G\u00fcrba\u015far ve y\u00f6netim kurulu \u00fcyelerini kabul etti\"}]},{\"@type\":\"WebSite\",\"@id\":\"https:\\\/\\\/kibrisdakik.com\\\/#website\",\"url\":\"https:\\\/\\\/kibrisdakik.com\\\/\",\"name\":\"\",\"description\":\"Tam vaktinde haber\",\"potentialAction\":[{\"@type\":\"SearchAction\",\"target\":{\"@type\":\"EntryPoint\",\"urlTemplate\":\"https:\\\/\\\/kibrisdakik.com\\\/?s={search_term_string}\"},\"query-input\":{\"@type\":\"PropertyValueSpecification\",\"valueRequired\":true,\"valueName\":\"search_term_string\"}}],\"inLanguage\":\"tr\"},{\"@type\":\"Person\",\"@id\":\"https:\\\/\\\/kibrisdakik.com\\\/#\\\/schema\\\/person\\\/9cd9d437bbb44f72b73ba127e06d8e79\",\"name\":\"admin\",\"image\":{\"@type\":\"ImageObject\",\"inLanguage\":\"tr\",\"@id\":\"https:\\\/\\\/secure.gravatar.com\\\/avatar\\\/ccc17943b9d660506c869530f897617f7cb1c21a4bf30023f252596d83e1f007?s=96&d=mm&r=g\",\"url\":\"https:\\\/\\\/secure.gravatar.com\\\/avatar\\\/ccc17943b9d660506c869530f897617f7cb1c21a4bf30023f252596d83e1f007?s=96&d=mm&r=g\",\"contentUrl\":\"https:\\\/\\\/secure.gravatar.com\\\/avatar\\\/ccc17943b9d660506c869530f897617f7cb1c21a4bf30023f252596d83e1f007?s=96&d=mm&r=g\",\"caption\":\"admin\"},\"sameAs\":[\"https:\\\/\\\/kibrisdakik.com\"],\"url\":\"https:\\\/\\\/kibrisdakik.com\\\/?author=1\"}]}<\/script>\n<!-- \/ Yoast SEO plugin. -->","yoast_head_json":{"title":"Tatar, Uluslararas\u0131 Innerwheel 222. B\u00f6lge D\u00f6nem Ba\u015fkan\u0131 G\u00fcrba\u015far ve y\u00f6netim kurulu \u00fcyelerini kabul etti -","robots":{"index":"index","follow":"follow","max-snippet":"max-snippet:-1","max-image-preview":"max-image-preview:large","max-video-preview":"max-video-preview:-1"},"canonical":"https:\/\/kibrisdakik.com\/?p=70997","og_locale":"tr_TR","og_type":"article","og_title":"Tatar, Uluslararas\u0131 Innerwheel 222. B\u00f6lge D\u00f6nem Ba\u015fkan\u0131 G\u00fcrba\u015far ve y\u00f6netim kurulu \u00fcyelerini kabul etti -","og_description":"Cumhurba\u015fkan\u0131 Ersin Tatar, Uluslararas\u0131 Innerwheel 222. B\u00f6lge D\u00f6nem Ba\u015fkan\u0131 \u0130mren G\u00fcrba\u015far ve y\u00f6netim kurulu \u00fcyelerini kabul etti Cumhurba\u015fkan\u0131 Tatar kabuldeki konu\u015fmas\u0131nda, Innerwheel \u00e7al\u0131\u015fmalar\u0131n\u0131 takdirle takip etti\u011fini ve gurur duydu\u011funu ifade ederek, \u00e7a\u011fda\u015f de\u011ferler ve K\u0131br\u0131s T\u00fcrk halk\u0131n\u0131n yard\u0131mseverli\u011finin, zor durumda olanlara maddi ve manevi yard\u0131m eli uzatman\u0131n \u00f6nemine de\u011findi. K\u0131br\u0131s T\u00fcrk halk\u0131n\u0131n evrensel ve k\u00fclt\u00fcrel","og_url":"https:\/\/kibrisdakik.com\/?p=70997","article_published_time":"2024-12-06T17:04:06+00:00","og_image":[{"width":2560,"height":1071,"url":"https:\/\/kibrisdakik.com\/wp-content\/uploads\/2024\/12\/innerwheel-4-740x420.jpg","type":"image\/jpeg"}],"author":"admin","twitter_card":"summary_large_image","twitter_misc":{"Yazan:":"admin","Tahmini okuma s\u00fcresi":"1 dakika"},"schema":{"@context":"https:\/\/schema.org","@graph":[{"@type":"Article","@id":"https:\/\/kibrisdakik.com\/?p=70997#article","isPartOf":{"@id":"https:\/\/kibrisdakik.com\/?p=70997"},"author":{"name":"admin","@id":"https:\/\/kibrisdakik.com\/#\/schema\/person\/9cd9d437bbb44f72b73ba127e06d8e79"},"headline":"Tatar, Uluslararas\u0131 Innerwheel 222. B\u00f6lge D\u00f6nem Ba\u015fkan\u0131 G\u00fcrba\u015far ve y\u00f6netim kurulu \u00fcyelerini kabul etti","datePublished":"2024-12-06T17:04:06+00:00","mainEntityOfPage":{"@id":"https:\/\/kibrisdakik.com\/?p=70997"},"wordCount":171,"commentCount":0,"image":{"@id":"https:\/\/kibrisdakik.com\/?p=70997#primaryimage"},"thumbnailUrl":"https:\/\/kibrisdakik.com\/wp-content\/uploads\/2024\/12\/innerwheel-4-740x420.jpg","articleSection":["K\u0131br\u0131s"],"inLanguage":"tr","potentialAction":[{"@type":"CommentAction","name":"Comment","target":["https:\/\/kibrisdakik.com\/?p=70997#respond"]}]},{"@type":"WebPage","@id":"https:\/\/kibrisdakik.com\/?p=70997","url":"https:\/\/kibrisdakik.com\/?p=70997","name":"Tatar, Uluslararas\u0131 Innerwheel 222. B\u00f6lge D\u00f6nem Ba\u015fkan\u0131 G\u00fcrba\u015far ve y\u00f6netim kurulu \u00fcyelerini kabul etti -","isPartOf":{"@id":"https:\/\/kibrisdakik.com\/#website"},"primaryImageOfPage":{"@id":"https:\/\/kibrisdakik.com\/?p=70997#primaryimage"},"image":{"@id":"https:\/\/kibrisdakik.com\/?p=70997#primaryimage"},"thumbnailUrl":"https:\/\/kibrisdakik.com\/wp-content\/uploads\/2024\/12\/innerwheel-4-740x420.jpg","datePublished":"2024-12-06T17:04:06+00:00","author":{"@id":"https:\/\/kibrisdakik.com\/#\/schema\/person\/9cd9d437bbb44f72b73ba127e06d8e79"},"breadcrumb":{"@id":"https:\/\/kibrisdakik.com\/?p=70997#breadcrumb"},"inLanguage":"tr","potentialAction":[{"@type":"ReadAction","target":["https:\/\/kibrisdakik.com\/?p=70997"]}]},{"@type":"ImageObject","inLanguage":"tr","@id":"https:\/\/kibrisdakik.com\/?p=70997#primaryimage","url":"https:\/\/kibrisdakik.com\/wp-content\/uploads\/2024\/12\/innerwheel-4-740x420.jpg","contentUrl":"https:\/\/kibrisdakik.com\/wp-content\/uploads\/2024\/12\/innerwheel-4-740x420.jpg","width":2560,"height":1071},{"@type":"BreadcrumbList","@id":"https:\/\/kibrisdakik.com\/?p=70997#breadcrumb","itemListElement":[{"@type":"ListItem","position":1,"name":"Home","item":"https:\/\/kibrisdakik.com\/"},{"@type":"ListItem","position":2,"name":"Tatar, Uluslararas\u0131 Innerwheel 222. B\u00f6lge D\u00f6nem Ba\u015fkan\u0131 G\u00fcrba\u015far ve y\u00f6netim kurulu \u00fcyelerini kabul etti"}]},{"@type":"WebSite","@id":"https:\/\/kibrisdakik.com\/#website","url":"https:\/\/kibrisdakik.com\/","name":"","description":"Tam vaktinde haber","potentialAction":[{"@type":"SearchAction","target":{"@type":"EntryPoint","urlTemplate":"https:\/\/kibrisdakik.com\/?s={search_term_string}"},"query-input":{"@type":"PropertyValueSpecification","valueRequired":true,"valueName":"search_term_string"}}],"inLanguage":"tr"},{"@type":"Person","@id":"https:\/\/kibrisdakik.com\/#\/schema\/person\/9cd9d437bbb44f72b73ba127e06d8e79","name":"admin","image":{"@type":"ImageObject","inLanguage":"tr","@id":"https:\/\/secure.gravatar.com\/avatar\/ccc17943b9d660506c869530f897617f7cb1c21a4bf30023f252596d83e1f007?s=96&d=mm&r=g","url":"https:\/\/secure.gravatar.com\/avatar\/ccc17943b9d660506c869530f897617f7cb1c21a4bf30023f252596d83e1f007?s=96&d=mm&r=g","contentUrl":"https:\/\/secure.gravatar.com\/avatar\/ccc17943b9d660506c869530f897617f7cb1c21a4bf30023f252596d83e1f007?s=96&d=mm&r=g","caption":"admin"},"sameAs":["https:\/\/kibrisdakik.com"],"url":"https:\/\/kibrisdakik.com\/?author=1"}]}},"_links":{"self":[{"href":"https:\/\/kibrisdakik.com\/index.php?rest_route=\/wp\/v2\/posts\/70997","targetHints":{"allow":["GET"]}}],"collection":[{"href":"https:\/\/kibrisdakik.com\/index.php?rest_route=\/wp\/v2\/posts"}],"about":[{"href":"https:\/\/kibrisdakik.com\/index.php?rest_route=\/wp\/v2\/types\/post"}],"author":[{"embeddable":true,"href":"https:\/\/kibrisdakik.com\/index.php?rest_route=\/wp\/v2\/users\/1"}],"replies":[{"embeddable":true,"href":"https:\/\/kibrisdakik.com\/index.php?rest_route=%2Fwp%2Fv2%2Fcomments&post=70997"}],"version-history":[{"count":0,"href":"https:\/\/kibrisdakik.com\/index.php?rest_route=\/wp\/v2\/posts\/70997\/revisions"}],"wp:featuredmedia":[{"embeddable":true,"href":"https:\/\/kibrisdakik.com\/index.php?rest_route=\/wp\/v2\/media\/70998"}],"wp:attachment":[{"href":"https:\/\/kibrisdakik.com\/index.php?rest_route=%2Fwp%2Fv2%2Fmedia&parent=70997"}],"wp:term":[{"taxonomy":"category","embeddable":true,"href":"https:\/\/kibrisdakik.com\/index.php?rest_route=%2Fwp%2Fv2%2Fcategories&post=70997"},{"taxonomy":"post_tag","embeddable":true,"href":"https:\/\/kibrisdakik.com\/index.php?rest_route=%2Fwp%2Fv2%2Ftags&post=70997"}],"curies":[{"name":"wp","href":"https:\/\/api.w.org\/{rel}","templated":true}]}}