{"id":71050,"date":"2024-12-07T20:44:39","date_gmt":"2024-12-07T17:44:39","guid":{"rendered":"https:\/\/kibrisdakik.com\/index.php\/2024\/12\/07\/kibrisli-turk-akademisyen-prof-dr-salderay-engelleri-ve-duvarlari-asan-bir-proje-hayat-ver-projesi-ve-hayat-agaci-sergisi-hakkinda-brtye-degerlendirmed\/"},"modified":"2024-12-07T20:44:39","modified_gmt":"2024-12-07T17:44:39","slug":"kibrisli-turk-akademisyen-prof-dr-salderay-engelleri-ve-duvarlari-asan-bir-proje-hayat-ver-projesi-ve-hayat-agaci-sergisi-hakkinda-brtye-degerlendirmed","status":"publish","type":"post","link":"https:\/\/kibrisdakik.com\/?p=71050","title":{"rendered":"K\u0131br\u0131sl\u0131 T\u00fcrk Akademisyen Prof. Dr. Salderay, \u201cEngelleri ve Duvarlar\u0131 A\u015fan Bir Proje: Hayat Ver\u201d projesi ve \u201cHayat A\u011fac\u0131\u201d sergisi hakk\u0131nda BRT\u2019ye de\u011ferlendirmede bulundu"},"content":{"rendered":"<p> <br \/>\n<\/p>\n<div>\n<div class=\"mariselle-image-container center\">\n                <img loading=\"lazy\" decoding=\"async\" width=\"1920\" height=\"858\" class=\"lazy-image\" alt=\"\" sizes=\"auto, (max-width: 1920px) 100vw, 1920px\" src=\"https:\/\/brtk.net\/wp-content\/uploads\/2024\/12\/07\/lll.jpeg?ver=f0f0550b0415158a6aeef2ea844a5674\" srcset=\"https:\/\/brtk.net\/wp-content\/uploads\/2024\/12\/07\/lll.jpeg?ver=f0f0550b0415158a6aeef2ea844a5674 1920w, https:\/\/brtk.net\/wp-content\/uploads\/2024\/12\/07\/lll-300x134.jpeg?ver=1948c5dbad8f6576ee134334b326255b 300w, https:\/\/brtk.net\/wp-content\/uploads\/2024\/12\/07\/lll-1024x458.jpeg?ver=1948c5dbad8f6576ee134334b326255b 1024w, https:\/\/brtk.net\/wp-content\/uploads\/2024\/12\/07\/lll-768x343.jpeg?ver=1948c5dbad8f6576ee134334b326255b 768w, https:\/\/brtk.net\/wp-content\/uploads\/2024\/12\/07\/lll-1536x686.jpeg?ver=da9fd755775ae70f821cd1a0086a72e1 1536w\"\/>                            <\/div>\n<p> \u201cEngelleri ve Duvarlar\u0131 A\u015fan Bir Proje: Hayat Ver\u201d projesi tamamland\u0131 ve \u201cHayat A\u011fac\u0131\u201d adl\u0131 eserin a\u00e7\u0131l\u0131\u015f\u0131 yap\u0131ld\u0131.<\/p>\n<p>Engelli bireyler ile denetimli serbestlik alt\u0131ndaki y\u00fck\u00fcml\u00fclerin katk\u0131lar\u0131yla haz\u0131rlanan \u201cHayat A\u011fac\u0131\u201d adl\u0131 eser; toplumsal dayan\u0131\u015fmaya dikkat \u00e7ekerek, engellerin i\u015f birli\u011fi ve dayan\u0131\u015fma ile a\u015f\u0131labilece\u011fi, birlikte daha g\u00fc\u00e7l\u00fc olunabilece\u011fi konusunda fark\u0131ndal\u0131k yaratmay\u0131 ama\u00e7l\u0131yor. <\/p>\n<p>Bu anlaml\u0131 projenin y\u00fcr\u00fct\u00fcc\u00fcs\u00fc ise K\u0131br\u0131sl\u0131 T\u00fcrk Akademisyen, Hac\u0131 Bayram Veli \u00dcniversitesi G\u00fczel Sanatlar Fak\u00fcltesi Resim B\u00f6l\u00fcm\u00fc \u00d6\u011fretim \u00dcyesi Prof. Dr. B\u00fclent Salderay.. <\/p>\n<p>Prof. Dr. B\u00fclent Salderay konu ile ilgili BRT\u2019ye de\u011ferlendirme yapt\u0131.<\/p>\n<p>Hac\u0131 Bayram Veli \u00dcniversitesi Engellilik \u00c7al\u0131\u015fmalar\u0131 Uygulama ve Ara\u015ft\u0131rma Merkezi ile Adalet Bakanl\u0131\u011f\u0131 Ceza ve Tevkifevleri Genel M\u00fcd\u00fcrl\u00fc\u011f\u00fc i\u015f birli\u011fiyle d\u00fczenlenen \u201cEngelleri ve Duvarlar\u0131 A\u015fan Bir Proje: Hayat Ver\u201d ba\u015fl\u0131kl\u0131 program, Ankara Denetimli Serbestlik M\u00fcd\u00fcrl\u00fc\u011f\u00fc\u2019nde ger\u00e7ekle\u015ftirildi.<\/p>\n<p> \u201cEngelleri ve Duvarlar\u0131 A\u015fan Bir Proje: Hayat Ver\u201d projesinin tan\u0131t\u0131m filmi g\u00f6sterimi ve Ankara Denetimli Serbestlik M\u00fcd\u00fcrl\u00fc\u011f\u00fc\u2019n\u00fcn tan\u0131t\u0131m sunumu ile ba\u015flayan program, \u00fcniversitenin engelli \u00f6\u011frencileri ile denetimli serbestlik alt\u0131ndaki y\u00fck\u00fcml\u00fclerin i\u015f birli\u011fi ile haz\u0131rlanan \u201cHayat A\u011fac\u0131\u201d adl\u0131 eserin a\u00e7\u0131l\u0131\u015f\u0131 ile devam etti. <\/p>\n<div class=\"mariselle-image-container center\">\n                <img loading=\"lazy\" decoding=\"async\" width=\"1747\" height=\"1016\" class=\"lazy-image\" alt=\"\" sizes=\"auto, (max-width: 1747px) 100vw, 1747px\" src=\"https:\/\/brtk.net\/wp-content\/uploads\/2024\/12\/07\/3333.jpeg?ver=931bca366d55d2badf57067da8231b1e\" srcset=\"https:\/\/brtk.net\/wp-content\/uploads\/2024\/12\/07\/3333.jpeg?ver=931bca366d55d2badf57067da8231b1e 1747w, https:\/\/brtk.net\/wp-content\/uploads\/2024\/12\/07\/3333-300x174.jpeg?ver=931bca366d55d2badf57067da8231b1e 300w, https:\/\/brtk.net\/wp-content\/uploads\/2024\/12\/07\/3333-1024x596.jpeg?ver=33d0f99a5d0be0c476fcc5cee506999c 1024w, https:\/\/brtk.net\/wp-content\/uploads\/2024\/12\/07\/3333-768x447.jpeg?ver=33d0f99a5d0be0c476fcc5cee506999c 768w, https:\/\/brtk.net\/wp-content\/uploads\/2024\/12\/07\/3333-1536x893.jpeg?ver=d9fe275a3571a16052954186811db63c 1536w\"\/>                            <\/div>\n<p> Projenin \u00e7\u0131kt\u0131s\u0131 olan ve engelli bireyler ile denetimli serbestlik alt\u0131ndaki y\u00fck\u00fcml\u00fclerin katk\u0131lar\u0131yla haz\u0131rlanan \u201cHayat A\u011fac\u0131\u201d adl\u0131 eser; toplumsal dayan\u0131\u015fmaya dikkat \u00e7ekerek, engellerin i\u015f birli\u011fi ve dayan\u0131\u015fma ile a\u015f\u0131labilece\u011fi ve birlikte daha g\u00fc\u00e7l\u00fc olunabilece\u011fi konusunda fark\u0131ndal\u0131k yaratmay\u0131 ama\u00e7l\u0131yor. <\/p>\n<p>Projenin y\u00fcr\u00fct\u00fcc\u00fcl\u00fc\u011f\u00fcn\u00fc ise K\u0131br\u0131sl\u0131 T\u00fcrk Akademisyen, Hac\u0131 Bayram Veli \u00dcniversitesi G\u00fczel Sanatlar Fak\u00fcltesi Resim B\u00f6l\u00fcm\u00fc \u00d6\u011fretim \u00dcyesi Prof. Dr. B\u00fclent Salderay yapt\u0131. <\/p>\n<p>Prof. Dr. B\u00fclent Salderay, \u201cHayat A\u011fac\u0131\u201d adl\u0131 eserin a\u00e7\u0131l\u0131\u015f\u0131 sonras\u0131 BRT\u2019ye de\u011ferlendirmede bulundu.<\/p>\n<p>Salderay, \u201csekiz ayl\u0131k farkl\u0131 zamanlarda farkl\u0131 gruplarla yap\u0131lan bir \u00e7al\u0131\u015fma oldu. Bu projede bireylere hem sosyalle\u015fmelerine y\u00f6nelik \u00e7al\u0131\u015f\u0131rken ayn\u0131 zamanda beceri kazanmalar\u0131na y\u00f6nelik uygulamalarda yapt\u0131k. Ortaya \u00e7\u0131kan eserler bir uzman kadroyla belirlenen hayat a\u011fac\u0131 konsepti \u00fczerine bir araya getirildi ve duvara monte edildi. Projenin pek \u00e7ok aya\u011f\u0131 var. Hem akademik hem \u00f6\u011frenci hem de kurum baz\u0131nda destek olundu\u201d dedi.<\/p>\n<\/p><\/div>\n<p><script async\n                    defer\n                    crossorigin=\"anonymous\"\n                    src=\"https:\/\/connect.facebook.net\/tr_TR\/sdk.js#xfbml=1&#038;version=v3.3\"\n            ><\/script><br \/>\n<br \/><br \/>\n<br \/><a href=\"https:\/\/brtk.net\/kibrisli-turk-akademisyen-prof-dr-salderay-engelleri-ve-duvarlari-asan-bir-proje-hayat-ver-projesi-ve-hayat-agaci-sergisi-hakkinda-brtye-degerlendirmede-bulundu\/\">kpostasi <\/a><\/p>\n","protected":false},"excerpt":{"rendered":"<p>\u201cEngelleri ve Duvarlar\u0131 A\u015fan Bir Proje: Hayat Ver\u201d projesi tamamland\u0131 ve \u201cHayat A\u011fac\u0131\u201d adl\u0131 eserin a\u00e7\u0131l\u0131\u015f\u0131 yap\u0131ld\u0131. Engelli bireyler ile denetimli serbestlik alt\u0131ndaki y\u00fck\u00fcml\u00fclerin katk\u0131lar\u0131yla haz\u0131rlanan \u201cHayat A\u011fac\u0131\u201d adl\u0131 eser; toplumsal dayan\u0131\u015fmaya dikkat \u00e7ekerek, engellerin i\u015f birli\u011fi ve dayan\u0131\u015fma ile a\u015f\u0131labilece\u011fi, birlikte daha g\u00fc\u00e7l\u00fc olunabilece\u011fi konusunda fark\u0131ndal\u0131k yaratmay\u0131 ama\u00e7l\u0131yor. Bu anlaml\u0131 projenin y\u00fcr\u00fct\u00fcc\u00fcs\u00fc ise K\u0131br\u0131sl\u0131<\/p>\n","protected":false},"author":1,"featured_media":71051,"comment_status":"open","ping_status":"open","sticky":false,"template":"","format":"standard","meta":{"footnotes":""},"categories":[1,81],"tags":[],"class_list":["post-71050","post","type-post","status-publish","format-standard","has-post-thumbnail","hentry","category-gundem","category-kibris"],"yoast_head":"<!-- This site is optimized with the Yoast SEO plugin v27.5 - https:\/\/yoast.com\/product\/yoast-seo-wordpress\/ -->\n<title>K\u0131br\u0131sl\u0131 T\u00fcrk Akademisyen Prof. Dr. Salderay, \u201cEngelleri ve Duvarlar\u0131 A\u015fan Bir Proje: Hayat Ver\u201d projesi ve \u201cHayat A\u011fac\u0131\u201d sergisi hakk\u0131nda BRT\u2019ye de\u011ferlendirmede bulundu -<\/title>\n<meta name=\"robots\" content=\"index, follow, max-snippet:-1, max-image-preview:large, max-video-preview:-1\" \/>\n<link rel=\"canonical\" href=\"https:\/\/kibrisdakik.com\/?p=71050\" \/>\n<meta property=\"og:locale\" content=\"tr_TR\" \/>\n<meta property=\"og:type\" content=\"article\" \/>\n<meta property=\"og:title\" content=\"K\u0131br\u0131sl\u0131 T\u00fcrk Akademisyen Prof. Dr. Salderay, \u201cEngelleri ve Duvarlar\u0131 A\u015fan Bir Proje: Hayat Ver\u201d projesi ve \u201cHayat A\u011fac\u0131\u201d sergisi hakk\u0131nda BRT\u2019ye de\u011ferlendirmede bulundu -\" \/>\n<meta property=\"og:description\" content=\"\u201cEngelleri ve Duvarlar\u0131 A\u015fan Bir Proje: Hayat Ver\u201d projesi tamamland\u0131 ve \u201cHayat A\u011fac\u0131\u201d adl\u0131 eserin a\u00e7\u0131l\u0131\u015f\u0131 yap\u0131ld\u0131. Engelli bireyler ile denetimli serbestlik alt\u0131ndaki y\u00fck\u00fcml\u00fclerin katk\u0131lar\u0131yla haz\u0131rlanan \u201cHayat A\u011fac\u0131\u201d adl\u0131 eser; toplumsal dayan\u0131\u015fmaya dikkat \u00e7ekerek, engellerin i\u015f birli\u011fi ve dayan\u0131\u015fma ile a\u015f\u0131labilece\u011fi, birlikte daha g\u00fc\u00e7l\u00fc olunabilece\u011fi konusunda fark\u0131ndal\u0131k yaratmay\u0131 ama\u00e7l\u0131yor. Bu anlaml\u0131 projenin y\u00fcr\u00fct\u00fcc\u00fcs\u00fc ise K\u0131br\u0131sl\u0131\" \/>\n<meta property=\"og:url\" content=\"https:\/\/kibrisdakik.com\/?p=71050\" \/>\n<meta property=\"article:published_time\" content=\"2024-12-07T17:44:39+00:00\" \/>\n<meta property=\"og:image\" content=\"https:\/\/kibrisdakik.com\/wp-content\/uploads\/2024\/12\/3333-740x420.jpeg\" \/>\n\t<meta property=\"og:image:width\" content=\"1747\" \/>\n\t<meta property=\"og:image:height\" content=\"1016\" \/>\n\t<meta property=\"og:image:type\" content=\"image\/jpeg\" \/>\n<meta name=\"author\" content=\"admin\" \/>\n<meta name=\"twitter:card\" content=\"summary_large_image\" \/>\n<meta name=\"twitter:label1\" content=\"Yazan:\" \/>\n\t<meta name=\"twitter:data1\" content=\"admin\" \/>\n\t<meta name=\"twitter:label2\" content=\"Tahmini okuma s\u00fcresi\" \/>\n\t<meta name=\"twitter:data2\" content=\"2 dakika\" \/>\n<script type=\"application\/ld+json\" class=\"yoast-schema-graph\">{\"@context\":\"https:\\\/\\\/schema.org\",\"@graph\":[{\"@type\":\"Article\",\"@id\":\"https:\\\/\\\/kibrisdakik.com\\\/?p=71050#article\",\"isPartOf\":{\"@id\":\"https:\\\/\\\/kibrisdakik.com\\\/?p=71050\"},\"author\":{\"name\":\"admin\",\"@id\":\"https:\\\/\\\/kibrisdakik.com\\\/#\\\/schema\\\/person\\\/9cd9d437bbb44f72b73ba127e06d8e79\"},\"headline\":\"K\u0131br\u0131sl\u0131 T\u00fcrk Akademisyen Prof. Dr. Salderay, \u201cEngelleri ve Duvarlar\u0131 A\u015fan Bir Proje: Hayat Ver\u201d projesi ve \u201cHayat A\u011fac\u0131\u201d sergisi hakk\u0131nda BRT\u2019ye de\u011ferlendirmede bulundu\",\"datePublished\":\"2024-12-07T17:44:39+00:00\",\"mainEntityOfPage\":{\"@id\":\"https:\\\/\\\/kibrisdakik.com\\\/?p=71050\"},\"wordCount\":446,\"commentCount\":0,\"image\":{\"@id\":\"https:\\\/\\\/kibrisdakik.com\\\/?p=71050#primaryimage\"},\"thumbnailUrl\":\"https:\\\/\\\/kibrisdakik.com\\\/wp-content\\\/uploads\\\/2024\\\/12\\\/3333-740x420.jpeg\",\"articleSection\":[\"G\u00fcndem\",\"K\u0131br\u0131s\"],\"inLanguage\":\"tr\",\"potentialAction\":[{\"@type\":\"CommentAction\",\"name\":\"Comment\",\"target\":[\"https:\\\/\\\/kibrisdakik.com\\\/?p=71050#respond\"]}]},{\"@type\":\"WebPage\",\"@id\":\"https:\\\/\\\/kibrisdakik.com\\\/?p=71050\",\"url\":\"https:\\\/\\\/kibrisdakik.com\\\/?p=71050\",\"name\":\"K\u0131br\u0131sl\u0131 T\u00fcrk Akademisyen Prof. Dr. Salderay, \u201cEngelleri ve Duvarlar\u0131 A\u015fan Bir Proje: Hayat Ver\u201d projesi ve \u201cHayat A\u011fac\u0131\u201d sergisi hakk\u0131nda BRT\u2019ye de\u011ferlendirmede bulundu -\",\"isPartOf\":{\"@id\":\"https:\\\/\\\/kibrisdakik.com\\\/#website\"},\"primaryImageOfPage\":{\"@id\":\"https:\\\/\\\/kibrisdakik.com\\\/?p=71050#primaryimage\"},\"image\":{\"@id\":\"https:\\\/\\\/kibrisdakik.com\\\/?p=71050#primaryimage\"},\"thumbnailUrl\":\"https:\\\/\\\/kibrisdakik.com\\\/wp-content\\\/uploads\\\/2024\\\/12\\\/3333-740x420.jpeg\",\"datePublished\":\"2024-12-07T17:44:39+00:00\",\"author\":{\"@id\":\"https:\\\/\\\/kibrisdakik.com\\\/#\\\/schema\\\/person\\\/9cd9d437bbb44f72b73ba127e06d8e79\"},\"breadcrumb\":{\"@id\":\"https:\\\/\\\/kibrisdakik.com\\\/?p=71050#breadcrumb\"},\"inLanguage\":\"tr\",\"potentialAction\":[{\"@type\":\"ReadAction\",\"target\":[\"https:\\\/\\\/kibrisdakik.com\\\/?p=71050\"]}]},{\"@type\":\"ImageObject\",\"inLanguage\":\"tr\",\"@id\":\"https:\\\/\\\/kibrisdakik.com\\\/?p=71050#primaryimage\",\"url\":\"https:\\\/\\\/kibrisdakik.com\\\/wp-content\\\/uploads\\\/2024\\\/12\\\/3333-740x420.jpeg\",\"contentUrl\":\"https:\\\/\\\/kibrisdakik.com\\\/wp-content\\\/uploads\\\/2024\\\/12\\\/3333-740x420.jpeg\",\"width\":1747,\"height\":1016},{\"@type\":\"BreadcrumbList\",\"@id\":\"https:\\\/\\\/kibrisdakik.com\\\/?p=71050#breadcrumb\",\"itemListElement\":[{\"@type\":\"ListItem\",\"position\":1,\"name\":\"Home\",\"item\":\"https:\\\/\\\/kibrisdakik.com\\\/\"},{\"@type\":\"ListItem\",\"position\":2,\"name\":\"K\u0131br\u0131sl\u0131 T\u00fcrk Akademisyen Prof. Dr. Salderay, \u201cEngelleri ve Duvarlar\u0131 A\u015fan Bir Proje: Hayat Ver\u201d projesi ve \u201cHayat A\u011fac\u0131\u201d sergisi hakk\u0131nda BRT\u2019ye de\u011ferlendirmede bulundu\"}]},{\"@type\":\"WebSite\",\"@id\":\"https:\\\/\\\/kibrisdakik.com\\\/#website\",\"url\":\"https:\\\/\\\/kibrisdakik.com\\\/\",\"name\":\"\",\"description\":\"Tam vaktinde haber\",\"potentialAction\":[{\"@type\":\"SearchAction\",\"target\":{\"@type\":\"EntryPoint\",\"urlTemplate\":\"https:\\\/\\\/kibrisdakik.com\\\/?s={search_term_string}\"},\"query-input\":{\"@type\":\"PropertyValueSpecification\",\"valueRequired\":true,\"valueName\":\"search_term_string\"}}],\"inLanguage\":\"tr\"},{\"@type\":\"Person\",\"@id\":\"https:\\\/\\\/kibrisdakik.com\\\/#\\\/schema\\\/person\\\/9cd9d437bbb44f72b73ba127e06d8e79\",\"name\":\"admin\",\"image\":{\"@type\":\"ImageObject\",\"inLanguage\":\"tr\",\"@id\":\"https:\\\/\\\/secure.gravatar.com\\\/avatar\\\/ccc17943b9d660506c869530f897617f7cb1c21a4bf30023f252596d83e1f007?s=96&d=mm&r=g\",\"url\":\"https:\\\/\\\/secure.gravatar.com\\\/avatar\\\/ccc17943b9d660506c869530f897617f7cb1c21a4bf30023f252596d83e1f007?s=96&d=mm&r=g\",\"contentUrl\":\"https:\\\/\\\/secure.gravatar.com\\\/avatar\\\/ccc17943b9d660506c869530f897617f7cb1c21a4bf30023f252596d83e1f007?s=96&d=mm&r=g\",\"caption\":\"admin\"},\"sameAs\":[\"https:\\\/\\\/kibrisdakik.com\"],\"url\":\"https:\\\/\\\/kibrisdakik.com\\\/?author=1\"}]}<\/script>\n<!-- \/ Yoast SEO plugin. -->","yoast_head_json":{"title":"K\u0131br\u0131sl\u0131 T\u00fcrk Akademisyen Prof. Dr. Salderay, \u201cEngelleri ve Duvarlar\u0131 A\u015fan Bir Proje: Hayat Ver\u201d projesi ve \u201cHayat A\u011fac\u0131\u201d sergisi hakk\u0131nda BRT\u2019ye de\u011ferlendirmede bulundu -","robots":{"index":"index","follow":"follow","max-snippet":"max-snippet:-1","max-image-preview":"max-image-preview:large","max-video-preview":"max-video-preview:-1"},"canonical":"https:\/\/kibrisdakik.com\/?p=71050","og_locale":"tr_TR","og_type":"article","og_title":"K\u0131br\u0131sl\u0131 T\u00fcrk Akademisyen Prof. Dr. Salderay, \u201cEngelleri ve Duvarlar\u0131 A\u015fan Bir Proje: Hayat Ver\u201d projesi ve \u201cHayat A\u011fac\u0131\u201d sergisi hakk\u0131nda BRT\u2019ye de\u011ferlendirmede bulundu -","og_description":"\u201cEngelleri ve Duvarlar\u0131 A\u015fan Bir Proje: Hayat Ver\u201d projesi tamamland\u0131 ve \u201cHayat A\u011fac\u0131\u201d adl\u0131 eserin a\u00e7\u0131l\u0131\u015f\u0131 yap\u0131ld\u0131. Engelli bireyler ile denetimli serbestlik alt\u0131ndaki y\u00fck\u00fcml\u00fclerin katk\u0131lar\u0131yla haz\u0131rlanan \u201cHayat A\u011fac\u0131\u201d adl\u0131 eser; toplumsal dayan\u0131\u015fmaya dikkat \u00e7ekerek, engellerin i\u015f birli\u011fi ve dayan\u0131\u015fma ile a\u015f\u0131labilece\u011fi, birlikte daha g\u00fc\u00e7l\u00fc olunabilece\u011fi konusunda fark\u0131ndal\u0131k yaratmay\u0131 ama\u00e7l\u0131yor. Bu anlaml\u0131 projenin y\u00fcr\u00fct\u00fcc\u00fcs\u00fc ise K\u0131br\u0131sl\u0131","og_url":"https:\/\/kibrisdakik.com\/?p=71050","article_published_time":"2024-12-07T17:44:39+00:00","og_image":[{"width":1747,"height":1016,"url":"https:\/\/kibrisdakik.com\/wp-content\/uploads\/2024\/12\/3333-740x420.jpeg","type":"image\/jpeg"}],"author":"admin","twitter_card":"summary_large_image","twitter_misc":{"Yazan:":"admin","Tahmini okuma s\u00fcresi":"2 dakika"},"schema":{"@context":"https:\/\/schema.org","@graph":[{"@type":"Article","@id":"https:\/\/kibrisdakik.com\/?p=71050#article","isPartOf":{"@id":"https:\/\/kibrisdakik.com\/?p=71050"},"author":{"name":"admin","@id":"https:\/\/kibrisdakik.com\/#\/schema\/person\/9cd9d437bbb44f72b73ba127e06d8e79"},"headline":"K\u0131br\u0131sl\u0131 T\u00fcrk Akademisyen Prof. Dr. Salderay, \u201cEngelleri ve Duvarlar\u0131 A\u015fan Bir Proje: Hayat Ver\u201d projesi ve \u201cHayat A\u011fac\u0131\u201d sergisi hakk\u0131nda BRT\u2019ye de\u011ferlendirmede bulundu","datePublished":"2024-12-07T17:44:39+00:00","mainEntityOfPage":{"@id":"https:\/\/kibrisdakik.com\/?p=71050"},"wordCount":446,"commentCount":0,"image":{"@id":"https:\/\/kibrisdakik.com\/?p=71050#primaryimage"},"thumbnailUrl":"https:\/\/kibrisdakik.com\/wp-content\/uploads\/2024\/12\/3333-740x420.jpeg","articleSection":["G\u00fcndem","K\u0131br\u0131s"],"inLanguage":"tr","potentialAction":[{"@type":"CommentAction","name":"Comment","target":["https:\/\/kibrisdakik.com\/?p=71050#respond"]}]},{"@type":"WebPage","@id":"https:\/\/kibrisdakik.com\/?p=71050","url":"https:\/\/kibrisdakik.com\/?p=71050","name":"K\u0131br\u0131sl\u0131 T\u00fcrk Akademisyen Prof. Dr. Salderay, \u201cEngelleri ve Duvarlar\u0131 A\u015fan Bir Proje: Hayat Ver\u201d projesi ve \u201cHayat A\u011fac\u0131\u201d sergisi hakk\u0131nda BRT\u2019ye de\u011ferlendirmede bulundu -","isPartOf":{"@id":"https:\/\/kibrisdakik.com\/#website"},"primaryImageOfPage":{"@id":"https:\/\/kibrisdakik.com\/?p=71050#primaryimage"},"image":{"@id":"https:\/\/kibrisdakik.com\/?p=71050#primaryimage"},"thumbnailUrl":"https:\/\/kibrisdakik.com\/wp-content\/uploads\/2024\/12\/3333-740x420.jpeg","datePublished":"2024-12-07T17:44:39+00:00","author":{"@id":"https:\/\/kibrisdakik.com\/#\/schema\/person\/9cd9d437bbb44f72b73ba127e06d8e79"},"breadcrumb":{"@id":"https:\/\/kibrisdakik.com\/?p=71050#breadcrumb"},"inLanguage":"tr","potentialAction":[{"@type":"ReadAction","target":["https:\/\/kibrisdakik.com\/?p=71050"]}]},{"@type":"ImageObject","inLanguage":"tr","@id":"https:\/\/kibrisdakik.com\/?p=71050#primaryimage","url":"https:\/\/kibrisdakik.com\/wp-content\/uploads\/2024\/12\/3333-740x420.jpeg","contentUrl":"https:\/\/kibrisdakik.com\/wp-content\/uploads\/2024\/12\/3333-740x420.jpeg","width":1747,"height":1016},{"@type":"BreadcrumbList","@id":"https:\/\/kibrisdakik.com\/?p=71050#breadcrumb","itemListElement":[{"@type":"ListItem","position":1,"name":"Home","item":"https:\/\/kibrisdakik.com\/"},{"@type":"ListItem","position":2,"name":"K\u0131br\u0131sl\u0131 T\u00fcrk Akademisyen Prof. Dr. Salderay, \u201cEngelleri ve Duvarlar\u0131 A\u015fan Bir Proje: Hayat Ver\u201d projesi ve \u201cHayat A\u011fac\u0131\u201d sergisi hakk\u0131nda BRT\u2019ye de\u011ferlendirmede bulundu"}]},{"@type":"WebSite","@id":"https:\/\/kibrisdakik.com\/#website","url":"https:\/\/kibrisdakik.com\/","name":"","description":"Tam vaktinde haber","potentialAction":[{"@type":"SearchAction","target":{"@type":"EntryPoint","urlTemplate":"https:\/\/kibrisdakik.com\/?s={search_term_string}"},"query-input":{"@type":"PropertyValueSpecification","valueRequired":true,"valueName":"search_term_string"}}],"inLanguage":"tr"},{"@type":"Person","@id":"https:\/\/kibrisdakik.com\/#\/schema\/person\/9cd9d437bbb44f72b73ba127e06d8e79","name":"admin","image":{"@type":"ImageObject","inLanguage":"tr","@id":"https:\/\/secure.gravatar.com\/avatar\/ccc17943b9d660506c869530f897617f7cb1c21a4bf30023f252596d83e1f007?s=96&d=mm&r=g","url":"https:\/\/secure.gravatar.com\/avatar\/ccc17943b9d660506c869530f897617f7cb1c21a4bf30023f252596d83e1f007?s=96&d=mm&r=g","contentUrl":"https:\/\/secure.gravatar.com\/avatar\/ccc17943b9d660506c869530f897617f7cb1c21a4bf30023f252596d83e1f007?s=96&d=mm&r=g","caption":"admin"},"sameAs":["https:\/\/kibrisdakik.com"],"url":"https:\/\/kibrisdakik.com\/?author=1"}]}},"_links":{"self":[{"href":"https:\/\/kibrisdakik.com\/index.php?rest_route=\/wp\/v2\/posts\/71050","targetHints":{"allow":["GET"]}}],"collection":[{"href":"https:\/\/kibrisdakik.com\/index.php?rest_route=\/wp\/v2\/posts"}],"about":[{"href":"https:\/\/kibrisdakik.com\/index.php?rest_route=\/wp\/v2\/types\/post"}],"author":[{"embeddable":true,"href":"https:\/\/kibrisdakik.com\/index.php?rest_route=\/wp\/v2\/users\/1"}],"replies":[{"embeddable":true,"href":"https:\/\/kibrisdakik.com\/index.php?rest_route=%2Fwp%2Fv2%2Fcomments&post=71050"}],"version-history":[{"count":0,"href":"https:\/\/kibrisdakik.com\/index.php?rest_route=\/wp\/v2\/posts\/71050\/revisions"}],"wp:featuredmedia":[{"embeddable":true,"href":"https:\/\/kibrisdakik.com\/index.php?rest_route=\/wp\/v2\/media\/71051"}],"wp:attachment":[{"href":"https:\/\/kibrisdakik.com\/index.php?rest_route=%2Fwp%2Fv2%2Fmedia&parent=71050"}],"wp:term":[{"taxonomy":"category","embeddable":true,"href":"https:\/\/kibrisdakik.com\/index.php?rest_route=%2Fwp%2Fv2%2Fcategories&post=71050"},{"taxonomy":"post_tag","embeddable":true,"href":"https:\/\/kibrisdakik.com\/index.php?rest_route=%2Fwp%2Fv2%2Ftags&post=71050"}],"curies":[{"name":"wp","href":"https:\/\/api.w.org\/{rel}","templated":true}]}}