{"id":71076,"date":"2024-12-08T16:06:44","date_gmt":"2024-12-08T13:06:44","guid":{"rendered":"https:\/\/kibrisdakik.com\/index.php\/2024\/12\/08\/engelsiz-sanat-gecesi-duzenlendi\/"},"modified":"2024-12-08T16:06:44","modified_gmt":"2024-12-08T13:06:44","slug":"engelsiz-sanat-gecesi-duzenlendi","status":"publish","type":"post","link":"https:\/\/kibrisdakik.com\/?p=71076","title":{"rendered":"\u201cEngelsiz Sanat Gecesi\u201d d\u00fczenlendi"},"content":{"rendered":"<p> <br \/>\n<\/p>\n<div>\n<div class=\"mariselle-image-container none\">\n                <img loading=\"lazy\" decoding=\"async\" width=\"1616\" height=\"1045\" class=\"lazy-image\" alt=\"\" sizes=\"auto, (max-width: 1616px) 100vw, 1616px\" src=\"https:\/\/brtk.net\/wp-content\/uploads\/2024\/12\/08\/1733648816514ENGELSIZ-SANAT-GECESI-4.jpg?ver=a782d4e75c07999b87c774ef1c6121b1\" srcset=\"https:\/\/brtk.net\/wp-content\/uploads\/2024\/12\/08\/1733648816514ENGELSIZ-SANAT-GECESI-4.jpg?ver=a782d4e75c07999b87c774ef1c6121b1 1616w, https:\/\/brtk.net\/wp-content\/uploads\/2024\/12\/08\/1733648816514ENGELSIZ-SANAT-GECESI-4-300x194.jpg?ver=a782d4e75c07999b87c774ef1c6121b1 300w, https:\/\/brtk.net\/wp-content\/uploads\/2024\/12\/08\/1733648816514ENGELSIZ-SANAT-GECESI-4-1024x662.jpg?ver=0d409ae0fffa3c1afd0bd893a4c2dad1 1024w, https:\/\/brtk.net\/wp-content\/uploads\/2024\/12\/08\/1733648816514ENGELSIZ-SANAT-GECESI-4-768x497.jpg?ver=0d409ae0fffa3c1afd0bd893a4c2dad1 768w, https:\/\/brtk.net\/wp-content\/uploads\/2024\/12\/08\/1733648816514ENGELSIZ-SANAT-GECESI-4-1536x993.jpg?ver=719df0295c9083826068fc6965af87c6 1536w\"\/>                            <\/div>\n<p>Lefko\u015fa T\u00fcrk Belediyesi taraf\u0131ndan geleneksel olarak organize edilen \u201cEngelsiz Sanat Gecesi\u201d, Yak\u0131n Do\u011fu \u00dcniversitesi Atat\u00fcrk K\u00fclt\u00fcr ve Kongre Merkezi\u2019nde ger\u00e7ekle\u015ftirildi.<\/p>\n<p>LTB\u2019den yap\u0131lan a\u00e7\u0131klamaya g\u00f6re LTB Yeni D\u00fcnya Engelsiz Aktivite Merkezi ve LTB Engellemeyen Lefko\u015fa Birimi taraf\u0131ndan d\u00fczenlenen etkinlikte, \u00fclkenin \u00e7e\u015fitli b\u00f6lgelerinden \u00f6zel gereksinimli \u00e7ocuklar bir araya gelerek sahneye \u00e7\u0131kt\u0131.<\/p>\n<p>Bu y\u0131l sekizincisi d\u00fczenlenen etkinlikte Alg\u0131m \u00d6zel E\u011fitim Merkezi, Girne \u00d6zel E\u011fitim ve \u0130\u015f E\u011fitim Okulu, Lefko\u015fa \u00d6zel E\u011fitim ve \u0130\u015f E\u011fitim Okulu, \u00d6zg\u00fcr Ad\u0131mlar \u00d6zel E\u011fitim Merkezi gibi bir\u00e7ok kurumun \u00f6\u011frencileri sahne ald\u0131.<\/p>\n<p>LTB Ba\u015fkan\u0131 Mehmet Harmanc\u0131 gecede yapt\u0131\u011f\u0131 konu\u015fmada g\u00f6reve geldikleri g\u00fcnden itibaren \u00f6zel gereksinimli bireylerin ya\u015fam standartlar\u0131n\u0131 artt\u0131rma, sosyalle\u015fme, ula\u015f\u0131m, e\u011fitim ve meslek sahibi olma konular\u0131nda geli\u015ftirdikleri politikay\u0131 ve \u00e7al\u0131\u015fmalar\u0131 aktard\u0131.<\/p>\n<p>2014 y\u0131l\u0131nda toplum ad\u0131na \u00f6nemli bir se\u00e7im yap\u0131ld\u0131\u011f\u0131n\u0131 ve \u00f6zel gereksinimli bir birey olarak \u00c7elen \u00c7a\u011fansoy\u2019un belediye meclisine se\u00e7ildi\u011fini belirten Ba\u015fkan Harmanc\u0131, \u00c7a\u011fansoy\u2019\u0131n bu alanda hem ailelerin hem \u00e7ocuklar\u0131n ihtiya\u00e7lar\u0131na iyi bildi\u011fini s\u00f6yledi.<\/p>\n<p>LTB olarak her \u015feyden \u00f6nce var olan muhatap problemini belediyede giderebilme ad\u0131na bir komite kurduklar\u0131n\u0131, bunun ard\u0131ndan da Engellemeyen Lefko\u015fa Birimi\u2019ni olu\u015fturduklar\u0131n\u0131 belirten Ba\u015fkan Harmanc\u0131, bu ad\u0131mlarla beraber ailelerin en \u00f6nemli ihtiya\u00e7lar\u0131n\u0131n ba\u015f\u0131nda gelen ula\u015f\u0131m konusunu \u00e7\u00f6zd\u00fcklerini dile getirdi.<\/p>\n<p>Ba\u015fkan Harmanc\u0131, \u201cNe mutlu ki bug\u00fcn Lefko\u015fa\u2019da \u00f6\u011frenim g\u00f6ren bir\u00e7ok \u00f6zel gereksinimli \u00e7ocu\u011fumuzu okula LTB Engellemeyen Lefko\u015fa Birimi ta\u015f\u0131maktad\u0131r. A\u00e7\u0131k\u00e7as\u0131 bundan \u00e7ok mutluluk ve gurur duyuyoruz.\u201d diyerek, hayata ge\u00e7irdikleri engelsiz dans okulunu, verdikleri e\u011fitim burslar\u0131n\u0131, kurduklar\u0131 atletizm tak\u0131m\u0131n\u0131 ve gecede yer alan Mavi Sanat\u2019la birlikte olu\u015fturduklar\u0131 Ritim Orkestra\u2019y\u0131 s\u0131ralad\u0131.<\/p>\n<p>LTB olarak en b\u00fcy\u00fck gurur kaynaklar\u0131ndan olan Engelsiz Sanat Gecesi\u2019nin 8 ya\u015f\u0131na girdi\u011fini belirten ve \u00f6zel okullarla\u00a0 kamu okullar\u0131n\u0131n bu alandaki de\u011ferli katk\u0131lar\u0131na te\u015fekk\u00fcr eden Ba\u015fkan Harmanc\u0131, \u201cOnlar\u0131n bug\u00fcne kadar \u00e7ocuklar\u0131m\u0131zla ge\u00e7irdi\u011fi zaman olmasa bu ak\u015fam\u0131 ger\u00e7ekle\u015ftiremezdik. \u00c7ok b\u00fcy\u00fck emek koyuyorlar ve bu da \u00e7ok k\u0131ymetlidir.\u201d dedi.<\/p>\n<p>Milli E\u011fitim Bakanl\u0131\u011f\u0131 ve Turizm \u00c7evre Bakanl\u0131\u011f\u0131 i\u015f birli\u011finde \u00f6zel gereksinimli bireylere meslek edindirme kursu d\u00fczenlediklerini ifade eden Ba\u015fkan Harmanc\u0131, 18 ya\u015f \u00fcst\u00fc bireylerden olu\u015fan ilk grup \u00f6\u011frencinin\u00a0 staj program\u0131na ba\u015flamalar\u0131n\u0131n mutlulu\u011funu hep beraber ya\u015fad\u0131klar\u0131n\u0131 s\u00f6yledi.<\/p>\n<p>Ba\u015fkan Harmanc\u0131, \u201cBundan sonraki y\u0131l ikinci grubu kutlayaca\u011f\u0131z ve umuyorum ki size ilk gruptaki \u00e7ocuklar\u0131m\u0131z\u0131n i\u015f sahibi olduklar\u0131n\u0131 m\u00fcjdeleyece\u011fim.\u201d dedi.<\/p>\n<p>\u0130lk g\u00fcnden itibaren ayn\u0131 \u015feyi s\u00f6ylemekte oldu\u011funu, bir g\u00fcn herkesin t\u00fcm engelleri kald\u0131racak kadar yeterli paras\u0131 olabilece\u011fini ama hi\u00e7bir g\u00fcn mantaliteyi de\u011fi\u015ftirecek g\u00fcce eri\u015femeyebilece\u011fini\u00a0 vurgulayan Ba\u015fkan Harmanc\u0131, uygulad\u0131klar\u0131 politikalar\u0131n kafalardaki engelleri kald\u0131rmak i\u00e7in oldu\u011funu s\u00f6yledi.<\/p>\n<p>Ba\u015fkan Harmanc\u0131 s\u00f6zlerinin sonunda geceye \u00f6\u011frencilerinin g\u00f6n\u00fcll\u00fc katk\u0131s\u0131n\u0131 sa\u011flayan DA\u00dc ve YD\u00dc\u2019ye, LTB\u2019nin ilgili birimlerine te\u015fekk\u00fcr ederken, ailelerin de kendilerini bu yolda hi\u00e7 yaln\u0131z b\u0131rakmad\u0131klar\u0131n\u0131 ve bu yolu onlarla birlikte y\u00fcr\u00fcmeye devam edeceklerini s\u00f6yledi.<\/p>\n<\/p><\/div>\n<p><script async\n                    defer\n                    crossorigin=\"anonymous\"\n                    src=\"https:\/\/connect.facebook.net\/tr_TR\/sdk.js#xfbml=1&#038;version=v3.3\"\n            ><\/script><br \/>\n<br \/><br \/>\n<br \/><a href=\"https:\/\/brtk.net\/engelsiz-sanat-gecesi-duzenlendi\/\">kpostasi <\/a><\/p>\n","protected":false},"excerpt":{"rendered":"<p>Lefko\u015fa T\u00fcrk Belediyesi taraf\u0131ndan geleneksel olarak organize edilen \u201cEngelsiz Sanat Gecesi\u201d, Yak\u0131n Do\u011fu \u00dcniversitesi Atat\u00fcrk K\u00fclt\u00fcr ve Kongre Merkezi\u2019nde ger\u00e7ekle\u015ftirildi. LTB\u2019den yap\u0131lan a\u00e7\u0131klamaya g\u00f6re LTB Yeni D\u00fcnya Engelsiz Aktivite Merkezi ve LTB Engellemeyen Lefko\u015fa Birimi taraf\u0131ndan d\u00fczenlenen etkinlikte, \u00fclkenin \u00e7e\u015fitli b\u00f6lgelerinden \u00f6zel gereksinimli \u00e7ocuklar bir araya gelerek sahneye \u00e7\u0131kt\u0131. Bu y\u0131l sekizincisi d\u00fczenlenen etkinlikte Alg\u0131m<\/p>\n","protected":false},"author":1,"featured_media":71077,"comment_status":"open","ping_status":"open","sticky":false,"template":"","format":"standard","meta":{"footnotes":""},"categories":[1,81],"tags":[],"class_list":["post-71076","post","type-post","status-publish","format-standard","has-post-thumbnail","hentry","category-gundem","category-kibris"],"yoast_head":"<!-- This site is optimized with the Yoast SEO plugin v27.4 - https:\/\/yoast.com\/product\/yoast-seo-wordpress\/ -->\n<title>\u201cEngelsiz Sanat Gecesi\u201d d\u00fczenlendi -<\/title>\n<meta name=\"robots\" content=\"index, follow, max-snippet:-1, max-image-preview:large, max-video-preview:-1\" \/>\n<link rel=\"canonical\" href=\"https:\/\/kibrisdakik.com\/?p=71076\" \/>\n<meta property=\"og:locale\" content=\"tr_TR\" \/>\n<meta property=\"og:type\" content=\"article\" \/>\n<meta property=\"og:title\" content=\"\u201cEngelsiz Sanat Gecesi\u201d d\u00fczenlendi -\" \/>\n<meta property=\"og:description\" content=\"Lefko\u015fa T\u00fcrk Belediyesi taraf\u0131ndan geleneksel olarak organize edilen \u201cEngelsiz Sanat Gecesi\u201d, Yak\u0131n Do\u011fu \u00dcniversitesi Atat\u00fcrk K\u00fclt\u00fcr ve Kongre Merkezi\u2019nde ger\u00e7ekle\u015ftirildi. LTB\u2019den yap\u0131lan a\u00e7\u0131klamaya g\u00f6re LTB Yeni D\u00fcnya Engelsiz Aktivite Merkezi ve LTB Engellemeyen Lefko\u015fa Birimi taraf\u0131ndan d\u00fczenlenen etkinlikte, \u00fclkenin \u00e7e\u015fitli b\u00f6lgelerinden \u00f6zel gereksinimli \u00e7ocuklar bir araya gelerek sahneye \u00e7\u0131kt\u0131. Bu y\u0131l sekizincisi d\u00fczenlenen etkinlikte Alg\u0131m\" \/>\n<meta property=\"og:url\" content=\"https:\/\/kibrisdakik.com\/?p=71076\" \/>\n<meta property=\"article:published_time\" content=\"2024-12-08T13:06:44+00:00\" \/>\n<meta property=\"og:image\" content=\"https:\/\/kibrisdakik.com\/wp-content\/uploads\/2024\/12\/1733648816514ENGELSIZ-SANAT-GECESI-4-740x420.jpg\" \/>\n\t<meta property=\"og:image:width\" content=\"1616\" \/>\n\t<meta property=\"og:image:height\" content=\"1045\" \/>\n\t<meta property=\"og:image:type\" content=\"image\/jpeg\" \/>\n<meta name=\"author\" content=\"admin\" \/>\n<meta name=\"twitter:card\" content=\"summary_large_image\" \/>\n<meta name=\"twitter:label1\" content=\"Yazan:\" \/>\n\t<meta name=\"twitter:data1\" content=\"admin\" \/>\n\t<meta name=\"twitter:label2\" content=\"Tahmini okuma s\u00fcresi\" \/>\n\t<meta name=\"twitter:data2\" content=\"3 dakika\" \/>\n<script type=\"application\/ld+json\" class=\"yoast-schema-graph\">{\"@context\":\"https:\\\/\\\/schema.org\",\"@graph\":[{\"@type\":\"Article\",\"@id\":\"https:\\\/\\\/kibrisdakik.com\\\/?p=71076#article\",\"isPartOf\":{\"@id\":\"https:\\\/\\\/kibrisdakik.com\\\/?p=71076\"},\"author\":{\"name\":\"admin\",\"@id\":\"https:\\\/\\\/kibrisdakik.com\\\/#\\\/schema\\\/person\\\/9cd9d437bbb44f72b73ba127e06d8e79\"},\"headline\":\"\u201cEngelsiz Sanat Gecesi\u201d d\u00fczenlendi\",\"datePublished\":\"2024-12-08T13:06:44+00:00\",\"mainEntityOfPage\":{\"@id\":\"https:\\\/\\\/kibrisdakik.com\\\/?p=71076\"},\"wordCount\":598,\"commentCount\":0,\"image\":{\"@id\":\"https:\\\/\\\/kibrisdakik.com\\\/?p=71076#primaryimage\"},\"thumbnailUrl\":\"https:\\\/\\\/kibrisdakik.com\\\/wp-content\\\/uploads\\\/2024\\\/12\\\/1733648816514ENGELSIZ-SANAT-GECESI-4-740x420.jpg\",\"articleSection\":[\"G\u00fcndem\",\"K\u0131br\u0131s\"],\"inLanguage\":\"tr\",\"potentialAction\":[{\"@type\":\"CommentAction\",\"name\":\"Comment\",\"target\":[\"https:\\\/\\\/kibrisdakik.com\\\/?p=71076#respond\"]}]},{\"@type\":\"WebPage\",\"@id\":\"https:\\\/\\\/kibrisdakik.com\\\/?p=71076\",\"url\":\"https:\\\/\\\/kibrisdakik.com\\\/?p=71076\",\"name\":\"\u201cEngelsiz Sanat Gecesi\u201d d\u00fczenlendi -\",\"isPartOf\":{\"@id\":\"https:\\\/\\\/kibrisdakik.com\\\/#website\"},\"primaryImageOfPage\":{\"@id\":\"https:\\\/\\\/kibrisdakik.com\\\/?p=71076#primaryimage\"},\"image\":{\"@id\":\"https:\\\/\\\/kibrisdakik.com\\\/?p=71076#primaryimage\"},\"thumbnailUrl\":\"https:\\\/\\\/kibrisdakik.com\\\/wp-content\\\/uploads\\\/2024\\\/12\\\/1733648816514ENGELSIZ-SANAT-GECESI-4-740x420.jpg\",\"datePublished\":\"2024-12-08T13:06:44+00:00\",\"author\":{\"@id\":\"https:\\\/\\\/kibrisdakik.com\\\/#\\\/schema\\\/person\\\/9cd9d437bbb44f72b73ba127e06d8e79\"},\"breadcrumb\":{\"@id\":\"https:\\\/\\\/kibrisdakik.com\\\/?p=71076#breadcrumb\"},\"inLanguage\":\"tr\",\"potentialAction\":[{\"@type\":\"ReadAction\",\"target\":[\"https:\\\/\\\/kibrisdakik.com\\\/?p=71076\"]}]},{\"@type\":\"ImageObject\",\"inLanguage\":\"tr\",\"@id\":\"https:\\\/\\\/kibrisdakik.com\\\/?p=71076#primaryimage\",\"url\":\"https:\\\/\\\/kibrisdakik.com\\\/wp-content\\\/uploads\\\/2024\\\/12\\\/1733648816514ENGELSIZ-SANAT-GECESI-4-740x420.jpg\",\"contentUrl\":\"https:\\\/\\\/kibrisdakik.com\\\/wp-content\\\/uploads\\\/2024\\\/12\\\/1733648816514ENGELSIZ-SANAT-GECESI-4-740x420.jpg\",\"width\":1616,\"height\":1045},{\"@type\":\"BreadcrumbList\",\"@id\":\"https:\\\/\\\/kibrisdakik.com\\\/?p=71076#breadcrumb\",\"itemListElement\":[{\"@type\":\"ListItem\",\"position\":1,\"name\":\"Home\",\"item\":\"https:\\\/\\\/kibrisdakik.com\\\/\"},{\"@type\":\"ListItem\",\"position\":2,\"name\":\"\u201cEngelsiz Sanat Gecesi\u201d d\u00fczenlendi\"}]},{\"@type\":\"WebSite\",\"@id\":\"https:\\\/\\\/kibrisdakik.com\\\/#website\",\"url\":\"https:\\\/\\\/kibrisdakik.com\\\/\",\"name\":\"\",\"description\":\"Tam vaktinde haber\",\"potentialAction\":[{\"@type\":\"SearchAction\",\"target\":{\"@type\":\"EntryPoint\",\"urlTemplate\":\"https:\\\/\\\/kibrisdakik.com\\\/?s={search_term_string}\"},\"query-input\":{\"@type\":\"PropertyValueSpecification\",\"valueRequired\":true,\"valueName\":\"search_term_string\"}}],\"inLanguage\":\"tr\"},{\"@type\":\"Person\",\"@id\":\"https:\\\/\\\/kibrisdakik.com\\\/#\\\/schema\\\/person\\\/9cd9d437bbb44f72b73ba127e06d8e79\",\"name\":\"admin\",\"image\":{\"@type\":\"ImageObject\",\"inLanguage\":\"tr\",\"@id\":\"https:\\\/\\\/secure.gravatar.com\\\/avatar\\\/ccc17943b9d660506c869530f897617f7cb1c21a4bf30023f252596d83e1f007?s=96&d=mm&r=g\",\"url\":\"https:\\\/\\\/secure.gravatar.com\\\/avatar\\\/ccc17943b9d660506c869530f897617f7cb1c21a4bf30023f252596d83e1f007?s=96&d=mm&r=g\",\"contentUrl\":\"https:\\\/\\\/secure.gravatar.com\\\/avatar\\\/ccc17943b9d660506c869530f897617f7cb1c21a4bf30023f252596d83e1f007?s=96&d=mm&r=g\",\"caption\":\"admin\"},\"sameAs\":[\"https:\\\/\\\/kibrisdakik.com\"],\"url\":\"https:\\\/\\\/kibrisdakik.com\\\/?author=1\"}]}<\/script>\n<!-- \/ Yoast SEO plugin. -->","yoast_head_json":{"title":"\u201cEngelsiz Sanat Gecesi\u201d d\u00fczenlendi -","robots":{"index":"index","follow":"follow","max-snippet":"max-snippet:-1","max-image-preview":"max-image-preview:large","max-video-preview":"max-video-preview:-1"},"canonical":"https:\/\/kibrisdakik.com\/?p=71076","og_locale":"tr_TR","og_type":"article","og_title":"\u201cEngelsiz Sanat Gecesi\u201d d\u00fczenlendi -","og_description":"Lefko\u015fa T\u00fcrk Belediyesi taraf\u0131ndan geleneksel olarak organize edilen \u201cEngelsiz Sanat Gecesi\u201d, Yak\u0131n Do\u011fu \u00dcniversitesi Atat\u00fcrk K\u00fclt\u00fcr ve Kongre Merkezi\u2019nde ger\u00e7ekle\u015ftirildi. LTB\u2019den yap\u0131lan a\u00e7\u0131klamaya g\u00f6re LTB Yeni D\u00fcnya Engelsiz Aktivite Merkezi ve LTB Engellemeyen Lefko\u015fa Birimi taraf\u0131ndan d\u00fczenlenen etkinlikte, \u00fclkenin \u00e7e\u015fitli b\u00f6lgelerinden \u00f6zel gereksinimli \u00e7ocuklar bir araya gelerek sahneye \u00e7\u0131kt\u0131. Bu y\u0131l sekizincisi d\u00fczenlenen etkinlikte Alg\u0131m","og_url":"https:\/\/kibrisdakik.com\/?p=71076","article_published_time":"2024-12-08T13:06:44+00:00","og_image":[{"width":1616,"height":1045,"url":"https:\/\/kibrisdakik.com\/wp-content\/uploads\/2024\/12\/1733648816514ENGELSIZ-SANAT-GECESI-4-740x420.jpg","type":"image\/jpeg"}],"author":"admin","twitter_card":"summary_large_image","twitter_misc":{"Yazan:":"admin","Tahmini okuma s\u00fcresi":"3 dakika"},"schema":{"@context":"https:\/\/schema.org","@graph":[{"@type":"Article","@id":"https:\/\/kibrisdakik.com\/?p=71076#article","isPartOf":{"@id":"https:\/\/kibrisdakik.com\/?p=71076"},"author":{"name":"admin","@id":"https:\/\/kibrisdakik.com\/#\/schema\/person\/9cd9d437bbb44f72b73ba127e06d8e79"},"headline":"\u201cEngelsiz Sanat Gecesi\u201d d\u00fczenlendi","datePublished":"2024-12-08T13:06:44+00:00","mainEntityOfPage":{"@id":"https:\/\/kibrisdakik.com\/?p=71076"},"wordCount":598,"commentCount":0,"image":{"@id":"https:\/\/kibrisdakik.com\/?p=71076#primaryimage"},"thumbnailUrl":"https:\/\/kibrisdakik.com\/wp-content\/uploads\/2024\/12\/1733648816514ENGELSIZ-SANAT-GECESI-4-740x420.jpg","articleSection":["G\u00fcndem","K\u0131br\u0131s"],"inLanguage":"tr","potentialAction":[{"@type":"CommentAction","name":"Comment","target":["https:\/\/kibrisdakik.com\/?p=71076#respond"]}]},{"@type":"WebPage","@id":"https:\/\/kibrisdakik.com\/?p=71076","url":"https:\/\/kibrisdakik.com\/?p=71076","name":"\u201cEngelsiz Sanat Gecesi\u201d d\u00fczenlendi -","isPartOf":{"@id":"https:\/\/kibrisdakik.com\/#website"},"primaryImageOfPage":{"@id":"https:\/\/kibrisdakik.com\/?p=71076#primaryimage"},"image":{"@id":"https:\/\/kibrisdakik.com\/?p=71076#primaryimage"},"thumbnailUrl":"https:\/\/kibrisdakik.com\/wp-content\/uploads\/2024\/12\/1733648816514ENGELSIZ-SANAT-GECESI-4-740x420.jpg","datePublished":"2024-12-08T13:06:44+00:00","author":{"@id":"https:\/\/kibrisdakik.com\/#\/schema\/person\/9cd9d437bbb44f72b73ba127e06d8e79"},"breadcrumb":{"@id":"https:\/\/kibrisdakik.com\/?p=71076#breadcrumb"},"inLanguage":"tr","potentialAction":[{"@type":"ReadAction","target":["https:\/\/kibrisdakik.com\/?p=71076"]}]},{"@type":"ImageObject","inLanguage":"tr","@id":"https:\/\/kibrisdakik.com\/?p=71076#primaryimage","url":"https:\/\/kibrisdakik.com\/wp-content\/uploads\/2024\/12\/1733648816514ENGELSIZ-SANAT-GECESI-4-740x420.jpg","contentUrl":"https:\/\/kibrisdakik.com\/wp-content\/uploads\/2024\/12\/1733648816514ENGELSIZ-SANAT-GECESI-4-740x420.jpg","width":1616,"height":1045},{"@type":"BreadcrumbList","@id":"https:\/\/kibrisdakik.com\/?p=71076#breadcrumb","itemListElement":[{"@type":"ListItem","position":1,"name":"Home","item":"https:\/\/kibrisdakik.com\/"},{"@type":"ListItem","position":2,"name":"\u201cEngelsiz Sanat Gecesi\u201d d\u00fczenlendi"}]},{"@type":"WebSite","@id":"https:\/\/kibrisdakik.com\/#website","url":"https:\/\/kibrisdakik.com\/","name":"","description":"Tam vaktinde haber","potentialAction":[{"@type":"SearchAction","target":{"@type":"EntryPoint","urlTemplate":"https:\/\/kibrisdakik.com\/?s={search_term_string}"},"query-input":{"@type":"PropertyValueSpecification","valueRequired":true,"valueName":"search_term_string"}}],"inLanguage":"tr"},{"@type":"Person","@id":"https:\/\/kibrisdakik.com\/#\/schema\/person\/9cd9d437bbb44f72b73ba127e06d8e79","name":"admin","image":{"@type":"ImageObject","inLanguage":"tr","@id":"https:\/\/secure.gravatar.com\/avatar\/ccc17943b9d660506c869530f897617f7cb1c21a4bf30023f252596d83e1f007?s=96&d=mm&r=g","url":"https:\/\/secure.gravatar.com\/avatar\/ccc17943b9d660506c869530f897617f7cb1c21a4bf30023f252596d83e1f007?s=96&d=mm&r=g","contentUrl":"https:\/\/secure.gravatar.com\/avatar\/ccc17943b9d660506c869530f897617f7cb1c21a4bf30023f252596d83e1f007?s=96&d=mm&r=g","caption":"admin"},"sameAs":["https:\/\/kibrisdakik.com"],"url":"https:\/\/kibrisdakik.com\/?author=1"}]}},"_links":{"self":[{"href":"https:\/\/kibrisdakik.com\/index.php?rest_route=\/wp\/v2\/posts\/71076","targetHints":{"allow":["GET"]}}],"collection":[{"href":"https:\/\/kibrisdakik.com\/index.php?rest_route=\/wp\/v2\/posts"}],"about":[{"href":"https:\/\/kibrisdakik.com\/index.php?rest_route=\/wp\/v2\/types\/post"}],"author":[{"embeddable":true,"href":"https:\/\/kibrisdakik.com\/index.php?rest_route=\/wp\/v2\/users\/1"}],"replies":[{"embeddable":true,"href":"https:\/\/kibrisdakik.com\/index.php?rest_route=%2Fwp%2Fv2%2Fcomments&post=71076"}],"version-history":[{"count":0,"href":"https:\/\/kibrisdakik.com\/index.php?rest_route=\/wp\/v2\/posts\/71076\/revisions"}],"wp:featuredmedia":[{"embeddable":true,"href":"https:\/\/kibrisdakik.com\/index.php?rest_route=\/wp\/v2\/media\/71077"}],"wp:attachment":[{"href":"https:\/\/kibrisdakik.com\/index.php?rest_route=%2Fwp%2Fv2%2Fmedia&parent=71076"}],"wp:term":[{"taxonomy":"category","embeddable":true,"href":"https:\/\/kibrisdakik.com\/index.php?rest_route=%2Fwp%2Fv2%2Fcategories&post=71076"},{"taxonomy":"post_tag","embeddable":true,"href":"https:\/\/kibrisdakik.com\/index.php?rest_route=%2Fwp%2Fv2%2Ftags&post=71076"}],"curies":[{"name":"wp","href":"https:\/\/api.w.org\/{rel}","templated":true}]}}