{"id":71080,"date":"2024-12-08T16:13:46","date_gmt":"2024-12-08T13:13:46","guid":{"rendered":"https:\/\/kibrisdakik.com\/index.php\/2024\/12\/08\/9-eylul-ilkokulu-25-yasinda-25-yildir-gelecegi-insa-ediyoruz\/"},"modified":"2024-12-08T16:13:46","modified_gmt":"2024-12-08T13:13:46","slug":"9-eylul-ilkokulu-25-yasinda-25-yildir-gelecegi-insa-ediyoruz","status":"publish","type":"post","link":"https:\/\/kibrisdakik.com\/?p=71080","title":{"rendered":"9 Eyl\u00fcl \u0130lkokulu 25 ya\u015f\u0131nda: \u201c25 y\u0131ld\u0131r gelece\u011fi in\u015fa ediyoruz\u201d"},"content":{"rendered":"<div>\n<div class=\"mariselle-image-container center\">\n                                            <\/div>\n<p>\u00a09 Eyl\u00fcl \u0130lkokulu 25. ya\u015f\u0131n\u0131 kutluyor.<\/p>\n<p>9 Eyl\u00fcl \u0130lkokulu 25. y\u0131l kutlamalar\u0131 \u00e7er\u00e7evesinde bu sabah Girne Kap\u0131s\u0131\u2019nda toplan \u00f6\u011fretmen ve \u00f6\u011frenciler, birlikte Atat\u00fcrk An\u0131t\u0131\u2019na \u00e7elenk sundu.<\/p>\n<div class=\"mariselle-image-container center\">\n                <img loading=\"lazy\" decoding=\"async\" width=\"1290\" height=\"966\" class=\"lazy-image\" alt=\"\" sizes=\"auto, (max-width: 1290px) 100vw, 1290px\" src=\"https:\/\/brtk.net\/wp-content\/uploads\/2024\/12\/08\/17336551315379-EYLUL-ILKOKULU-1.jpg?ver=78012ea8362d723ff4f7c33c5c9641b5\" srcset=\"https:\/\/brtk.net\/wp-content\/uploads\/2024\/12\/08\/17336551315379-EYLUL-ILKOKULU-1.jpg?ver=78012ea8362d723ff4f7c33c5c9641b5 1290w, https:\/\/brtk.net\/wp-content\/uploads\/2024\/12\/08\/17336551315379-EYLUL-ILKOKULU-1-300x225.jpg?ver=78012ea8362d723ff4f7c33c5c9641b5 300w, https:\/\/brtk.net\/wp-content\/uploads\/2024\/12\/08\/17336551315379-EYLUL-ILKOKULU-1-1024x767.jpg?ver=78012ea8362d723ff4f7c33c5c9641b5 1024w, https:\/\/brtk.net\/wp-content\/uploads\/2024\/12\/08\/17336551315379-EYLUL-ILKOKULU-1-768x575.jpg?ver=bf9d1aa850da34d8d014881dcadad1eb 768w\"\/>                            <\/div>\n<p>Okul\u00a0 M\u00fcd\u00fcr\u00fc El\u00e7in Altan\u2019\u0131n verdi\u011fi bilgiye g\u00f6re, Altan\u2019\u0131n buradaki\u00a0 konu\u015fmas\u0131yla etkinli\u011fin a\u00e7\u0131l\u0131\u015f\u0131 yap\u0131ld\u0131.<\/p>\n<p>Lefko\u015fa T\u00fcrk Belediyesi Ba\u015fkan\u0131 Mehmet Harmanc\u0131\u2019n\u0131n da konu\u015fmas\u0131n\u0131n ard\u0131ndan okul mar\u015f\u0131 \u00e7al\u0131nd\u0131 ve \u00f6\u011fretmenler taraf\u0131ndan \u201c25 Y\u0131ld\u0131r Gelece\u011fi \u0130n\u015fa Ediyoruz\u201d pankart\u0131 a\u00e7\u0131ld\u0131.<\/p>\n<div class=\"mariselle-image-container center\">\n                <img loading=\"lazy\" decoding=\"async\" width=\"1290\" height=\"818\" class=\"lazy-image\" alt=\"\" sizes=\"auto, (max-width: 1290px) 100vw, 1290px\" src=\"https:\/\/brtk.net\/wp-content\/uploads\/2024\/12\/08\/17336551315409-EYLUL-ILKOKULU-3.jpg?ver=bcb9250fead471358b8fa41a45b141a7\" srcset=\"https:\/\/brtk.net\/wp-content\/uploads\/2024\/12\/08\/17336551315409-EYLUL-ILKOKULU-3.jpg?ver=bcb9250fead471358b8fa41a45b141a7 1290w, https:\/\/brtk.net\/wp-content\/uploads\/2024\/12\/08\/17336551315409-EYLUL-ILKOKULU-3-300x190.jpg?ver=a27f156be7ed52db9bbcb115c1652dc8 300w, https:\/\/brtk.net\/wp-content\/uploads\/2024\/12\/08\/17336551315409-EYLUL-ILKOKULU-3-1024x649.jpg?ver=cf843f389c4b3ceaaabb156df16e9a84 1024w, https:\/\/brtk.net\/wp-content\/uploads\/2024\/12\/08\/17336551315409-EYLUL-ILKOKULU-3-768x487.jpg?ver=cf843f389c4b3ceaaabb156df16e9a84 768w, https:\/\/brtk.net\/wp-content\/uploads\/2024\/12\/08\/17336551315409-EYLUL-ILKOKULU-3-566x360.jpg?ver=cf843f389c4b3ceaaabb156df16e9a84 566w\"\/>                            <\/div>\n<p>\nBisiklet s\u00fcr\u00fc\u015f\u00fc de yap\u0131lan etkinlikte, \u201c25. Y\u0131l\u201d logolu\u00a0 fularlar tak\u0131ld\u0131. S\u00fcr\u00fc\u015f, Dereboyu Caddesi, Ba\u015fbakanl\u0131k \u0131\u015f\u0131klar\u0131, Ortak\u00f6y istikameti ve Ortak\u00f6y \u0131\u015f\u0131klar\u0131ndan 9 Eyl\u00fcl \u0130lkokulu g\u00fczergah\u0131nda yap\u0131ld\u0131.<\/p>\n<div class=\"mariselle-image-container center\">\n                <img loading=\"lazy\" decoding=\"async\" width=\"1290\" height=\"702\" class=\"lazy-image\" alt=\"\" sizes=\"auto, (max-width: 1290px) 100vw, 1290px\" src=\"https:\/\/brtk.net\/wp-content\/uploads\/2024\/12\/08\/17336551315419-EYLUL-ILKOKULU-4.jpg?ver=133ff18292b223a345bc82939c6cd5ee\" srcset=\"https:\/\/brtk.net\/wp-content\/uploads\/2024\/12\/08\/17336551315419-EYLUL-ILKOKULU-4.jpg?ver=133ff18292b223a345bc82939c6cd5ee 1290w, https:\/\/brtk.net\/wp-content\/uploads\/2024\/12\/08\/17336551315419-EYLUL-ILKOKULU-4-300x163.jpg?ver=2f1255b23ee022f059824eb53db5e58e 300w, https:\/\/brtk.net\/wp-content\/uploads\/2024\/12\/08\/17336551315419-EYLUL-ILKOKULU-4-1024x557.jpg?ver=2f1255b23ee022f059824eb53db5e58e 1024w, https:\/\/brtk.net\/wp-content\/uploads\/2024\/12\/08\/17336551315419-EYLUL-ILKOKULU-4-768x418.jpg?ver=2f1255b23ee022f059824eb53db5e58e 768w\"\/>                            <\/div>\n<p>S\u00fcr\u00fc\u015fe, K\u0131br\u0131s T\u00fcrk Bisiklet Federasyonu ve KKTC Bisiklet Severler Derne\u011fi\u2019nin deste\u011fiyle, LTB Ba\u015fkan\u0131, okul kadrosu, mezunlar, okulda \u00e7al\u0131\u015fm\u0131\u015f \u00f6\u011fretmenler, veliler ve veliler refakatinde \u00f6\u011frenciler ile g\u00f6n\u00fcl verenler kat\u0131ld\u0131.<\/p>\n<p>Bisikletlerle 9 Eyl\u00fcl \u0130lkokulu\u2019na giden kat\u0131l\u0131mc\u0131lara m\u00fczik dinletisi sunuldu ve ikramlar yap\u0131ld\u0131.<\/p>\n<p>Altan, 25. y\u0131l etkinliklerinin devam edece\u011fini kaydetti.<\/p>\n<div class=\"mariselle-image-container center\">\n                <img loading=\"lazy\" decoding=\"async\" width=\"1290\" height=\"1096\" class=\"lazy-image\" alt=\"\" sizes=\"auto, (max-width: 1290px) 100vw, 1290px\" src=\"https:\/\/brtk.net\/wp-content\/uploads\/2024\/12\/08\/17336551315399-EYLUL-ILKOKULU-2.jpg?ver=a1188327703b404ed43774ae11c8924a\" srcset=\"https:\/\/brtk.net\/wp-content\/uploads\/2024\/12\/08\/17336551315399-EYLUL-ILKOKULU-2.jpg?ver=a1188327703b404ed43774ae11c8924a 1290w, https:\/\/brtk.net\/wp-content\/uploads\/2024\/12\/08\/17336551315399-EYLUL-ILKOKULU-2-300x255.jpg?ver=a1188327703b404ed43774ae11c8924a 300w, https:\/\/brtk.net\/wp-content\/uploads\/2024\/12\/08\/17336551315399-EYLUL-ILKOKULU-2-1024x870.jpg?ver=e4b282f7284d0fd38cf3dcd0b52f7736 1024w, https:\/\/brtk.net\/wp-content\/uploads\/2024\/12\/08\/17336551315399-EYLUL-ILKOKULU-2-768x653.jpg?ver=e4b282f7284d0fd38cf3dcd0b52f7736 768w\"\/>                            <\/div>\n<\/p><\/div>\n<p><script async\n                    defer\n                    crossorigin=\"anonymous\"\n                    src=\"https:\/\/connect.facebook.net\/tr_TR\/sdk.js#xfbml=1&#038;version=v3.3\"\n            ><\/script><\/p>\n","protected":false},"excerpt":{"rendered":"<p>\u00a09 Eyl\u00fcl \u0130lkokulu 25. ya\u015f\u0131n\u0131 kutluyor. 9 Eyl\u00fcl \u0130lkokulu 25. y\u0131l kutlamalar\u0131 \u00e7er\u00e7evesinde bu sabah Girne Kap\u0131s\u0131\u2019nda toplan \u00f6\u011fretmen ve \u00f6\u011frenciler, birlikte Atat\u00fcrk An\u0131t\u0131\u2019na \u00e7elenk sundu. Okul\u00a0 M\u00fcd\u00fcr\u00fc El\u00e7in Altan\u2019\u0131n verdi\u011fi bilgiye g\u00f6re, Altan\u2019\u0131n buradaki\u00a0 konu\u015fmas\u0131yla etkinli\u011fin a\u00e7\u0131l\u0131\u015f\u0131 yap\u0131ld\u0131. Lefko\u015fa T\u00fcrk Belediyesi Ba\u015fkan\u0131 Mehmet Harmanc\u0131\u2019n\u0131n da konu\u015fmas\u0131n\u0131n ard\u0131ndan okul mar\u015f\u0131 \u00e7al\u0131nd\u0131 ve \u00f6\u011fretmenler taraf\u0131ndan \u201c25<\/p>\n","protected":false},"author":1,"featured_media":71081,"comment_status":"open","ping_status":"open","sticky":false,"template":"","format":"standard","meta":{"footnotes":""},"categories":[81],"tags":[],"class_list":["post-71080","post","type-post","status-publish","format-standard","has-post-thumbnail","hentry","category-kibris"],"yoast_head":"<!-- This site is optimized with the Yoast SEO plugin v27.4 - https:\/\/yoast.com\/product\/yoast-seo-wordpress\/ -->\n<title>9 Eyl\u00fcl \u0130lkokulu 25 ya\u015f\u0131nda: \u201c25 y\u0131ld\u0131r gelece\u011fi in\u015fa ediyoruz\u201d -<\/title>\n<meta name=\"robots\" content=\"index, follow, max-snippet:-1, max-image-preview:large, max-video-preview:-1\" \/>\n<link rel=\"canonical\" href=\"https:\/\/kibrisdakik.com\/?p=71080\" \/>\n<meta property=\"og:locale\" content=\"tr_TR\" \/>\n<meta property=\"og:type\" content=\"article\" \/>\n<meta property=\"og:title\" content=\"9 Eyl\u00fcl \u0130lkokulu 25 ya\u015f\u0131nda: \u201c25 y\u0131ld\u0131r gelece\u011fi in\u015fa ediyoruz\u201d -\" \/>\n<meta property=\"og:description\" content=\"\u00a09 Eyl\u00fcl \u0130lkokulu 25. ya\u015f\u0131n\u0131 kutluyor. 9 Eyl\u00fcl \u0130lkokulu 25. y\u0131l kutlamalar\u0131 \u00e7er\u00e7evesinde bu sabah Girne Kap\u0131s\u0131\u2019nda toplan \u00f6\u011fretmen ve \u00f6\u011frenciler, birlikte Atat\u00fcrk An\u0131t\u0131\u2019na \u00e7elenk sundu. Okul\u00a0 M\u00fcd\u00fcr\u00fc El\u00e7in Altan\u2019\u0131n verdi\u011fi bilgiye g\u00f6re, Altan\u2019\u0131n buradaki\u00a0 konu\u015fmas\u0131yla etkinli\u011fin a\u00e7\u0131l\u0131\u015f\u0131 yap\u0131ld\u0131. Lefko\u015fa T\u00fcrk Belediyesi Ba\u015fkan\u0131 Mehmet Harmanc\u0131\u2019n\u0131n da konu\u015fmas\u0131n\u0131n ard\u0131ndan okul mar\u015f\u0131 \u00e7al\u0131nd\u0131 ve \u00f6\u011fretmenler taraf\u0131ndan \u201c25\" \/>\n<meta property=\"og:url\" content=\"https:\/\/kibrisdakik.com\/?p=71080\" \/>\n<meta property=\"article:published_time\" content=\"2024-12-08T13:13:46+00:00\" \/>\n<meta property=\"og:image\" content=\"https:\/\/kibrisdakik.com\/wp-content\/uploads\/2024\/12\/17336551315409-EYLUL-ILKOKULU-3-740x420.jpg\" \/>\n\t<meta property=\"og:image:width\" content=\"1290\" \/>\n\t<meta property=\"og:image:height\" content=\"818\" \/>\n\t<meta property=\"og:image:type\" content=\"image\/jpeg\" \/>\n<meta name=\"author\" content=\"admin\" \/>\n<meta name=\"twitter:card\" content=\"summary_large_image\" \/>\n<meta name=\"twitter:label1\" content=\"Yazan:\" \/>\n\t<meta name=\"twitter:data1\" content=\"admin\" \/>\n\t<meta name=\"twitter:label2\" content=\"Tahmini okuma s\u00fcresi\" \/>\n\t<meta name=\"twitter:data2\" content=\"1 dakika\" \/>\n<script type=\"application\/ld+json\" class=\"yoast-schema-graph\">{\"@context\":\"https:\\\/\\\/schema.org\",\"@graph\":[{\"@type\":\"Article\",\"@id\":\"https:\\\/\\\/kibrisdakik.com\\\/?p=71080#article\",\"isPartOf\":{\"@id\":\"https:\\\/\\\/kibrisdakik.com\\\/?p=71080\"},\"author\":{\"name\":\"admin\",\"@id\":\"https:\\\/\\\/kibrisdakik.com\\\/#\\\/schema\\\/person\\\/9cd9d437bbb44f72b73ba127e06d8e79\"},\"headline\":\"9 Eyl\u00fcl \u0130lkokulu 25 ya\u015f\u0131nda: \u201c25 y\u0131ld\u0131r gelece\u011fi in\u015fa ediyoruz\u201d\",\"datePublished\":\"2024-12-08T13:13:46+00:00\",\"mainEntityOfPage\":{\"@id\":\"https:\\\/\\\/kibrisdakik.com\\\/?p=71080\"},\"wordCount\":211,\"commentCount\":0,\"image\":{\"@id\":\"https:\\\/\\\/kibrisdakik.com\\\/?p=71080#primaryimage\"},\"thumbnailUrl\":\"https:\\\/\\\/kibrisdakik.com\\\/wp-content\\\/uploads\\\/2024\\\/12\\\/17336551315409-EYLUL-ILKOKULU-3-740x420.jpg\",\"articleSection\":[\"K\u0131br\u0131s\"],\"inLanguage\":\"tr\",\"potentialAction\":[{\"@type\":\"CommentAction\",\"name\":\"Comment\",\"target\":[\"https:\\\/\\\/kibrisdakik.com\\\/?p=71080#respond\"]}]},{\"@type\":\"WebPage\",\"@id\":\"https:\\\/\\\/kibrisdakik.com\\\/?p=71080\",\"url\":\"https:\\\/\\\/kibrisdakik.com\\\/?p=71080\",\"name\":\"9 Eyl\u00fcl \u0130lkokulu 25 ya\u015f\u0131nda: \u201c25 y\u0131ld\u0131r gelece\u011fi in\u015fa ediyoruz\u201d -\",\"isPartOf\":{\"@id\":\"https:\\\/\\\/kibrisdakik.com\\\/#website\"},\"primaryImageOfPage\":{\"@id\":\"https:\\\/\\\/kibrisdakik.com\\\/?p=71080#primaryimage\"},\"image\":{\"@id\":\"https:\\\/\\\/kibrisdakik.com\\\/?p=71080#primaryimage\"},\"thumbnailUrl\":\"https:\\\/\\\/kibrisdakik.com\\\/wp-content\\\/uploads\\\/2024\\\/12\\\/17336551315409-EYLUL-ILKOKULU-3-740x420.jpg\",\"datePublished\":\"2024-12-08T13:13:46+00:00\",\"author\":{\"@id\":\"https:\\\/\\\/kibrisdakik.com\\\/#\\\/schema\\\/person\\\/9cd9d437bbb44f72b73ba127e06d8e79\"},\"breadcrumb\":{\"@id\":\"https:\\\/\\\/kibrisdakik.com\\\/?p=71080#breadcrumb\"},\"inLanguage\":\"tr\",\"potentialAction\":[{\"@type\":\"ReadAction\",\"target\":[\"https:\\\/\\\/kibrisdakik.com\\\/?p=71080\"]}]},{\"@type\":\"ImageObject\",\"inLanguage\":\"tr\",\"@id\":\"https:\\\/\\\/kibrisdakik.com\\\/?p=71080#primaryimage\",\"url\":\"https:\\\/\\\/kibrisdakik.com\\\/wp-content\\\/uploads\\\/2024\\\/12\\\/17336551315409-EYLUL-ILKOKULU-3-740x420.jpg\",\"contentUrl\":\"https:\\\/\\\/kibrisdakik.com\\\/wp-content\\\/uploads\\\/2024\\\/12\\\/17336551315409-EYLUL-ILKOKULU-3-740x420.jpg\",\"width\":1290,\"height\":818},{\"@type\":\"BreadcrumbList\",\"@id\":\"https:\\\/\\\/kibrisdakik.com\\\/?p=71080#breadcrumb\",\"itemListElement\":[{\"@type\":\"ListItem\",\"position\":1,\"name\":\"Home\",\"item\":\"https:\\\/\\\/kibrisdakik.com\\\/\"},{\"@type\":\"ListItem\",\"position\":2,\"name\":\"9 Eyl\u00fcl \u0130lkokulu 25 ya\u015f\u0131nda: \u201c25 y\u0131ld\u0131r gelece\u011fi in\u015fa ediyoruz\u201d\"}]},{\"@type\":\"WebSite\",\"@id\":\"https:\\\/\\\/kibrisdakik.com\\\/#website\",\"url\":\"https:\\\/\\\/kibrisdakik.com\\\/\",\"name\":\"\",\"description\":\"Tam vaktinde haber\",\"potentialAction\":[{\"@type\":\"SearchAction\",\"target\":{\"@type\":\"EntryPoint\",\"urlTemplate\":\"https:\\\/\\\/kibrisdakik.com\\\/?s={search_term_string}\"},\"query-input\":{\"@type\":\"PropertyValueSpecification\",\"valueRequired\":true,\"valueName\":\"search_term_string\"}}],\"inLanguage\":\"tr\"},{\"@type\":\"Person\",\"@id\":\"https:\\\/\\\/kibrisdakik.com\\\/#\\\/schema\\\/person\\\/9cd9d437bbb44f72b73ba127e06d8e79\",\"name\":\"admin\",\"image\":{\"@type\":\"ImageObject\",\"inLanguage\":\"tr\",\"@id\":\"https:\\\/\\\/secure.gravatar.com\\\/avatar\\\/ccc17943b9d660506c869530f897617f7cb1c21a4bf30023f252596d83e1f007?s=96&d=mm&r=g\",\"url\":\"https:\\\/\\\/secure.gravatar.com\\\/avatar\\\/ccc17943b9d660506c869530f897617f7cb1c21a4bf30023f252596d83e1f007?s=96&d=mm&r=g\",\"contentUrl\":\"https:\\\/\\\/secure.gravatar.com\\\/avatar\\\/ccc17943b9d660506c869530f897617f7cb1c21a4bf30023f252596d83e1f007?s=96&d=mm&r=g\",\"caption\":\"admin\"},\"sameAs\":[\"https:\\\/\\\/kibrisdakik.com\"],\"url\":\"https:\\\/\\\/kibrisdakik.com\\\/?author=1\"}]}<\/script>\n<!-- \/ Yoast SEO plugin. -->","yoast_head_json":{"title":"9 Eyl\u00fcl \u0130lkokulu 25 ya\u015f\u0131nda: \u201c25 y\u0131ld\u0131r gelece\u011fi in\u015fa ediyoruz\u201d -","robots":{"index":"index","follow":"follow","max-snippet":"max-snippet:-1","max-image-preview":"max-image-preview:large","max-video-preview":"max-video-preview:-1"},"canonical":"https:\/\/kibrisdakik.com\/?p=71080","og_locale":"tr_TR","og_type":"article","og_title":"9 Eyl\u00fcl \u0130lkokulu 25 ya\u015f\u0131nda: \u201c25 y\u0131ld\u0131r gelece\u011fi in\u015fa ediyoruz\u201d -","og_description":"\u00a09 Eyl\u00fcl \u0130lkokulu 25. ya\u015f\u0131n\u0131 kutluyor. 9 Eyl\u00fcl \u0130lkokulu 25. y\u0131l kutlamalar\u0131 \u00e7er\u00e7evesinde bu sabah Girne Kap\u0131s\u0131\u2019nda toplan \u00f6\u011fretmen ve \u00f6\u011frenciler, birlikte Atat\u00fcrk An\u0131t\u0131\u2019na \u00e7elenk sundu. Okul\u00a0 M\u00fcd\u00fcr\u00fc El\u00e7in Altan\u2019\u0131n verdi\u011fi bilgiye g\u00f6re, Altan\u2019\u0131n buradaki\u00a0 konu\u015fmas\u0131yla etkinli\u011fin a\u00e7\u0131l\u0131\u015f\u0131 yap\u0131ld\u0131. Lefko\u015fa T\u00fcrk Belediyesi Ba\u015fkan\u0131 Mehmet Harmanc\u0131\u2019n\u0131n da konu\u015fmas\u0131n\u0131n ard\u0131ndan okul mar\u015f\u0131 \u00e7al\u0131nd\u0131 ve \u00f6\u011fretmenler taraf\u0131ndan \u201c25","og_url":"https:\/\/kibrisdakik.com\/?p=71080","article_published_time":"2024-12-08T13:13:46+00:00","og_image":[{"width":1290,"height":818,"url":"https:\/\/kibrisdakik.com\/wp-content\/uploads\/2024\/12\/17336551315409-EYLUL-ILKOKULU-3-740x420.jpg","type":"image\/jpeg"}],"author":"admin","twitter_card":"summary_large_image","twitter_misc":{"Yazan:":"admin","Tahmini okuma s\u00fcresi":"1 dakika"},"schema":{"@context":"https:\/\/schema.org","@graph":[{"@type":"Article","@id":"https:\/\/kibrisdakik.com\/?p=71080#article","isPartOf":{"@id":"https:\/\/kibrisdakik.com\/?p=71080"},"author":{"name":"admin","@id":"https:\/\/kibrisdakik.com\/#\/schema\/person\/9cd9d437bbb44f72b73ba127e06d8e79"},"headline":"9 Eyl\u00fcl \u0130lkokulu 25 ya\u015f\u0131nda: \u201c25 y\u0131ld\u0131r gelece\u011fi in\u015fa ediyoruz\u201d","datePublished":"2024-12-08T13:13:46+00:00","mainEntityOfPage":{"@id":"https:\/\/kibrisdakik.com\/?p=71080"},"wordCount":211,"commentCount":0,"image":{"@id":"https:\/\/kibrisdakik.com\/?p=71080#primaryimage"},"thumbnailUrl":"https:\/\/kibrisdakik.com\/wp-content\/uploads\/2024\/12\/17336551315409-EYLUL-ILKOKULU-3-740x420.jpg","articleSection":["K\u0131br\u0131s"],"inLanguage":"tr","potentialAction":[{"@type":"CommentAction","name":"Comment","target":["https:\/\/kibrisdakik.com\/?p=71080#respond"]}]},{"@type":"WebPage","@id":"https:\/\/kibrisdakik.com\/?p=71080","url":"https:\/\/kibrisdakik.com\/?p=71080","name":"9 Eyl\u00fcl \u0130lkokulu 25 ya\u015f\u0131nda: \u201c25 y\u0131ld\u0131r gelece\u011fi in\u015fa ediyoruz\u201d -","isPartOf":{"@id":"https:\/\/kibrisdakik.com\/#website"},"primaryImageOfPage":{"@id":"https:\/\/kibrisdakik.com\/?p=71080#primaryimage"},"image":{"@id":"https:\/\/kibrisdakik.com\/?p=71080#primaryimage"},"thumbnailUrl":"https:\/\/kibrisdakik.com\/wp-content\/uploads\/2024\/12\/17336551315409-EYLUL-ILKOKULU-3-740x420.jpg","datePublished":"2024-12-08T13:13:46+00:00","author":{"@id":"https:\/\/kibrisdakik.com\/#\/schema\/person\/9cd9d437bbb44f72b73ba127e06d8e79"},"breadcrumb":{"@id":"https:\/\/kibrisdakik.com\/?p=71080#breadcrumb"},"inLanguage":"tr","potentialAction":[{"@type":"ReadAction","target":["https:\/\/kibrisdakik.com\/?p=71080"]}]},{"@type":"ImageObject","inLanguage":"tr","@id":"https:\/\/kibrisdakik.com\/?p=71080#primaryimage","url":"https:\/\/kibrisdakik.com\/wp-content\/uploads\/2024\/12\/17336551315409-EYLUL-ILKOKULU-3-740x420.jpg","contentUrl":"https:\/\/kibrisdakik.com\/wp-content\/uploads\/2024\/12\/17336551315409-EYLUL-ILKOKULU-3-740x420.jpg","width":1290,"height":818},{"@type":"BreadcrumbList","@id":"https:\/\/kibrisdakik.com\/?p=71080#breadcrumb","itemListElement":[{"@type":"ListItem","position":1,"name":"Home","item":"https:\/\/kibrisdakik.com\/"},{"@type":"ListItem","position":2,"name":"9 Eyl\u00fcl \u0130lkokulu 25 ya\u015f\u0131nda: \u201c25 y\u0131ld\u0131r gelece\u011fi in\u015fa ediyoruz\u201d"}]},{"@type":"WebSite","@id":"https:\/\/kibrisdakik.com\/#website","url":"https:\/\/kibrisdakik.com\/","name":"","description":"Tam vaktinde haber","potentialAction":[{"@type":"SearchAction","target":{"@type":"EntryPoint","urlTemplate":"https:\/\/kibrisdakik.com\/?s={search_term_string}"},"query-input":{"@type":"PropertyValueSpecification","valueRequired":true,"valueName":"search_term_string"}}],"inLanguage":"tr"},{"@type":"Person","@id":"https:\/\/kibrisdakik.com\/#\/schema\/person\/9cd9d437bbb44f72b73ba127e06d8e79","name":"admin","image":{"@type":"ImageObject","inLanguage":"tr","@id":"https:\/\/secure.gravatar.com\/avatar\/ccc17943b9d660506c869530f897617f7cb1c21a4bf30023f252596d83e1f007?s=96&d=mm&r=g","url":"https:\/\/secure.gravatar.com\/avatar\/ccc17943b9d660506c869530f897617f7cb1c21a4bf30023f252596d83e1f007?s=96&d=mm&r=g","contentUrl":"https:\/\/secure.gravatar.com\/avatar\/ccc17943b9d660506c869530f897617f7cb1c21a4bf30023f252596d83e1f007?s=96&d=mm&r=g","caption":"admin"},"sameAs":["https:\/\/kibrisdakik.com"],"url":"https:\/\/kibrisdakik.com\/?author=1"}]}},"_links":{"self":[{"href":"https:\/\/kibrisdakik.com\/index.php?rest_route=\/wp\/v2\/posts\/71080","targetHints":{"allow":["GET"]}}],"collection":[{"href":"https:\/\/kibrisdakik.com\/index.php?rest_route=\/wp\/v2\/posts"}],"about":[{"href":"https:\/\/kibrisdakik.com\/index.php?rest_route=\/wp\/v2\/types\/post"}],"author":[{"embeddable":true,"href":"https:\/\/kibrisdakik.com\/index.php?rest_route=\/wp\/v2\/users\/1"}],"replies":[{"embeddable":true,"href":"https:\/\/kibrisdakik.com\/index.php?rest_route=%2Fwp%2Fv2%2Fcomments&post=71080"}],"version-history":[{"count":0,"href":"https:\/\/kibrisdakik.com\/index.php?rest_route=\/wp\/v2\/posts\/71080\/revisions"}],"wp:featuredmedia":[{"embeddable":true,"href":"https:\/\/kibrisdakik.com\/index.php?rest_route=\/wp\/v2\/media\/71081"}],"wp:attachment":[{"href":"https:\/\/kibrisdakik.com\/index.php?rest_route=%2Fwp%2Fv2%2Fmedia&parent=71080"}],"wp:term":[{"taxonomy":"category","embeddable":true,"href":"https:\/\/kibrisdakik.com\/index.php?rest_route=%2Fwp%2Fv2%2Fcategories&post=71080"},{"taxonomy":"post_tag","embeddable":true,"href":"https:\/\/kibrisdakik.com\/index.php?rest_route=%2Fwp%2Fv2%2Ftags&post=71080"}],"curies":[{"name":"wp","href":"https:\/\/api.w.org\/{rel}","templated":true}]}}