{"id":71145,"date":"2024-12-09T14:52:00","date_gmt":"2024-12-09T11:52:00","guid":{"rendered":"https:\/\/kibrisdakik.com\/index.php\/2024\/12\/09\/mecliste-2025-mali-yili-merkezi-devlet-yonetimi-butce-yasa-tasarisi-gorusuluyorkomite-baskani-canaltay-raporu-okudu\/"},"modified":"2024-12-09T14:52:00","modified_gmt":"2024-12-09T11:52:00","slug":"mecliste-2025-mali-yili-merkezi-devlet-yonetimi-butce-yasa-tasarisi-gorusuluyorkomite-baskani-canaltay-raporu-okudu","status":"publish","type":"post","link":"https:\/\/kibrisdakik.com\/?p=71145","title":{"rendered":"Meclis\u2019te \u201c2025 Mali Y\u0131l\u0131 Merkezi Devlet Y\u00f6netimi B\u00fct\u00e7e Yasa Tasar\u0131s\u0131\u201d g\u00f6r\u00fc\u015f\u00fcl\u00fcyor\u2026Komite Ba\u015fkan\u0131 Canaltay raporu okudu"},"content":{"rendered":"<div>\n<div class=\"mariselle-image-container center\">\n                                            <\/div>\n<p>Cumhuriyet Meclisi Genel Kurulu\u2019nda  \u201c2025 Mali Y\u0131l\u0131 Merkezi Devlet Y\u00f6netimi B\u00fct\u00e7e Yasa Tasar\u0131s\u0131\u201d g\u00f6r\u00fc\u015f\u00fcl\u00fcyor.<\/p>\n<p>Ekonomi Maliye B\u00fct\u00e7e ve Plan Komitesi Ba\u015fkan\u0131 Resmiye Canaltay, komite raporunu okudu.<\/p>\n<p>Canaltay, komitede \u00f6zveriyle \u00e7al\u0131\u015farak b\u00fct\u00e7e yasa tasar\u0131s\u0131n\u0131n Genel Kurula getirildi\u011fini s\u00f6yleyerek, emek veren herkese te\u015fekk\u00fcr etti.<\/p>\n<p>Bug\u00fcn\u00fcn d\u00fcnyas\u0131nda say\u0131sal teknoloji ve yapay zekan\u0131n etkin oldu\u011funu, dijitalle\u015fmede \u00e7a\u011fda\u015f hale gelmek ad\u0131na \u00e7aba g\u00f6stermek gerekti\u011fini dile getiren Canaltay, e-devlete ge\u00e7ilmesiyle b\u00fct\u00e7e noktas\u0131nda da gelirlerin ve vatanda\u015f\u0131n memnuniyetinin artaca\u011f\u0131n\u0131 belirtti.<\/p>\n<p>Canaltay, b\u00f6lgedeki geli\u015fmelere de\u011finerek, bu ko\u015fullarda b\u00fct\u00e7e yapman\u0131n zor oldu\u011funu, 2025 y\u0131l\u0131n\u0131n ekonomik zorluklar\u0131n devam edece\u011fi bir y\u0131l olaca\u011f\u0131n\u0131, devletin gelir kaynaklar\u0131n\u0131 art\u0131rmas\u0131 ve tasarruf yapmas\u0131 gerekti\u011fini, mali disiplinin sa\u011flanmas\u0131na ihtiya\u00e7 oldu\u011funu kaydetti.<\/p>\n<p>B\u00fct\u00e7e a\u00e7\u0131klar\u0131n\u0131 \u00e7\u00f6zme hedefine inan\u00e7 belirterek, h\u00fck\u00fcmetin bu noktada ataca\u011f\u0131 ad\u0131mlar\u0131n \u00f6nemine vurgu yapan Canaltay, rasyonel bir zeminde b\u00fct\u00e7eye katk\u0131 koyduklar\u0131n\u0131 belirtti.<\/p>\n<p>Canaltay, DA\u00dc\u2019n\u00fcn b\u00fct\u00e7esine, \u00c7\u0131rakl\u0131k E\u011fitim Merkezi, \u00fcretici ve mahkemeler i\u00e7in art\u0131\u015f yap\u0131ld\u0131\u011f\u0131n\u0131 kaydetti.<\/p>\n<p>Canaltay, daha sonra rapora ili\u015fkin detaylar\u0131 ve rakamlar\u0131 okudu.<\/p>\n<p>Komite Ba\u015fkan\u0131 Canaltay\u2019\u0131n ard\u0131ndan Maliye Bakan\u0131 \u00d6zdemir Berova\u2019n\u0131n, 2025 Mali Y\u0131l\u0131 Merkezi Devlet Y\u00f6netimi B\u00fct\u00e7e Yasa Tasar\u0131s\u0131 sunu\u015f konu\u015fmas\u0131na ge\u00e7ildi.<\/p>\n<\/p><\/div>\n<p><script async\n                    defer\n                    crossorigin=\"anonymous\"\n                    src=\"https:\/\/connect.facebook.net\/tr_TR\/sdk.js#xfbml=1&#038;version=v3.3\"\n            ><\/script><\/p>\n","protected":false},"excerpt":{"rendered":"<p>Cumhuriyet Meclisi Genel Kurulu\u2019nda \u201c2025 Mali Y\u0131l\u0131 Merkezi Devlet Y\u00f6netimi B\u00fct\u00e7e Yasa Tasar\u0131s\u0131\u201d g\u00f6r\u00fc\u015f\u00fcl\u00fcyor. Ekonomi Maliye B\u00fct\u00e7e ve Plan Komitesi Ba\u015fkan\u0131 Resmiye Canaltay, komite raporunu okudu. Canaltay, komitede \u00f6zveriyle \u00e7al\u0131\u015farak b\u00fct\u00e7e yasa tasar\u0131s\u0131n\u0131n Genel Kurula getirildi\u011fini s\u00f6yleyerek, emek veren herkese te\u015fekk\u00fcr etti. Bug\u00fcn\u00fcn d\u00fcnyas\u0131nda say\u0131sal teknoloji ve yapay zekan\u0131n etkin oldu\u011funu, dijitalle\u015fmede \u00e7a\u011fda\u015f hale gelmek<\/p>\n","protected":false},"author":1,"featured_media":71146,"comment_status":"open","ping_status":"open","sticky":false,"template":"","format":"standard","meta":{"footnotes":""},"categories":[81],"tags":[],"class_list":["post-71145","post","type-post","status-publish","format-standard","has-post-thumbnail","hentry","category-kibris"],"yoast_head":"<!-- This site is optimized with the Yoast SEO plugin v27.4 - https:\/\/yoast.com\/product\/yoast-seo-wordpress\/ -->\n<title>Meclis\u2019te \u201c2025 Mali Y\u0131l\u0131 Merkezi Devlet Y\u00f6netimi B\u00fct\u00e7e Yasa Tasar\u0131s\u0131\u201d g\u00f6r\u00fc\u015f\u00fcl\u00fcyor\u2026Komite Ba\u015fkan\u0131 Canaltay raporu okudu -<\/title>\n<meta name=\"robots\" content=\"index, follow, max-snippet:-1, max-image-preview:large, max-video-preview:-1\" \/>\n<link rel=\"canonical\" href=\"https:\/\/kibrisdakik.com\/?p=71145\" \/>\n<meta property=\"og:locale\" content=\"tr_TR\" \/>\n<meta property=\"og:type\" content=\"article\" \/>\n<meta property=\"og:title\" content=\"Meclis\u2019te \u201c2025 Mali Y\u0131l\u0131 Merkezi Devlet Y\u00f6netimi B\u00fct\u00e7e Yasa Tasar\u0131s\u0131\u201d g\u00f6r\u00fc\u015f\u00fcl\u00fcyor\u2026Komite Ba\u015fkan\u0131 Canaltay raporu okudu -\" \/>\n<meta property=\"og:description\" content=\"Cumhuriyet Meclisi Genel Kurulu\u2019nda \u201c2025 Mali Y\u0131l\u0131 Merkezi Devlet Y\u00f6netimi B\u00fct\u00e7e Yasa Tasar\u0131s\u0131\u201d g\u00f6r\u00fc\u015f\u00fcl\u00fcyor. Ekonomi Maliye B\u00fct\u00e7e ve Plan Komitesi Ba\u015fkan\u0131 Resmiye Canaltay, komite raporunu okudu. Canaltay, komitede \u00f6zveriyle \u00e7al\u0131\u015farak b\u00fct\u00e7e yasa tasar\u0131s\u0131n\u0131n Genel Kurula getirildi\u011fini s\u00f6yleyerek, emek veren herkese te\u015fekk\u00fcr etti. Bug\u00fcn\u00fcn d\u00fcnyas\u0131nda say\u0131sal teknoloji ve yapay zekan\u0131n etkin oldu\u011funu, dijitalle\u015fmede \u00e7a\u011fda\u015f hale gelmek\" \/>\n<meta property=\"og:url\" content=\"https:\/\/kibrisdakik.com\/?p=71145\" \/>\n<meta property=\"article:published_time\" content=\"2024-12-09T11:52:00+00:00\" \/>\n<meta property=\"og:image\" content=\"https:\/\/kibrisdakik.com\/wp-content\/uploads\/2024\/12\/canaltay-740x420.jpg\" \/>\n\t<meta property=\"og:image:width\" content=\"1600\" \/>\n\t<meta property=\"og:image:height\" content=\"1066\" \/>\n\t<meta property=\"og:image:type\" content=\"image\/jpeg\" \/>\n<meta name=\"author\" content=\"admin\" \/>\n<meta name=\"twitter:card\" content=\"summary_large_image\" \/>\n<meta name=\"twitter:label1\" content=\"Yazan:\" \/>\n\t<meta name=\"twitter:data1\" content=\"admin\" \/>\n\t<meta name=\"twitter:label2\" content=\"Tahmini okuma s\u00fcresi\" \/>\n\t<meta name=\"twitter:data2\" content=\"1 dakika\" \/>\n<script type=\"application\/ld+json\" class=\"yoast-schema-graph\">{\"@context\":\"https:\\\/\\\/schema.org\",\"@graph\":[{\"@type\":\"Article\",\"@id\":\"https:\\\/\\\/kibrisdakik.com\\\/?p=71145#article\",\"isPartOf\":{\"@id\":\"https:\\\/\\\/kibrisdakik.com\\\/?p=71145\"},\"author\":{\"name\":\"admin\",\"@id\":\"https:\\\/\\\/kibrisdakik.com\\\/#\\\/schema\\\/person\\\/9cd9d437bbb44f72b73ba127e06d8e79\"},\"headline\":\"Meclis\u2019te \u201c2025 Mali Y\u0131l\u0131 Merkezi Devlet Y\u00f6netimi B\u00fct\u00e7e Yasa Tasar\u0131s\u0131\u201d g\u00f6r\u00fc\u015f\u00fcl\u00fcyor\u2026Komite Ba\u015fkan\u0131 Canaltay raporu okudu\",\"datePublished\":\"2024-12-09T11:52:00+00:00\",\"mainEntityOfPage\":{\"@id\":\"https:\\\/\\\/kibrisdakik.com\\\/?p=71145\"},\"wordCount\":287,\"commentCount\":0,\"image\":{\"@id\":\"https:\\\/\\\/kibrisdakik.com\\\/?p=71145#primaryimage\"},\"thumbnailUrl\":\"https:\\\/\\\/kibrisdakik.com\\\/wp-content\\\/uploads\\\/2024\\\/12\\\/canaltay-740x420.jpg\",\"articleSection\":[\"K\u0131br\u0131s\"],\"inLanguage\":\"tr\",\"potentialAction\":[{\"@type\":\"CommentAction\",\"name\":\"Comment\",\"target\":[\"https:\\\/\\\/kibrisdakik.com\\\/?p=71145#respond\"]}]},{\"@type\":\"WebPage\",\"@id\":\"https:\\\/\\\/kibrisdakik.com\\\/?p=71145\",\"url\":\"https:\\\/\\\/kibrisdakik.com\\\/?p=71145\",\"name\":\"Meclis\u2019te \u201c2025 Mali Y\u0131l\u0131 Merkezi Devlet Y\u00f6netimi B\u00fct\u00e7e Yasa Tasar\u0131s\u0131\u201d g\u00f6r\u00fc\u015f\u00fcl\u00fcyor\u2026Komite Ba\u015fkan\u0131 Canaltay raporu okudu -\",\"isPartOf\":{\"@id\":\"https:\\\/\\\/kibrisdakik.com\\\/#website\"},\"primaryImageOfPage\":{\"@id\":\"https:\\\/\\\/kibrisdakik.com\\\/?p=71145#primaryimage\"},\"image\":{\"@id\":\"https:\\\/\\\/kibrisdakik.com\\\/?p=71145#primaryimage\"},\"thumbnailUrl\":\"https:\\\/\\\/kibrisdakik.com\\\/wp-content\\\/uploads\\\/2024\\\/12\\\/canaltay-740x420.jpg\",\"datePublished\":\"2024-12-09T11:52:00+00:00\",\"author\":{\"@id\":\"https:\\\/\\\/kibrisdakik.com\\\/#\\\/schema\\\/person\\\/9cd9d437bbb44f72b73ba127e06d8e79\"},\"breadcrumb\":{\"@id\":\"https:\\\/\\\/kibrisdakik.com\\\/?p=71145#breadcrumb\"},\"inLanguage\":\"tr\",\"potentialAction\":[{\"@type\":\"ReadAction\",\"target\":[\"https:\\\/\\\/kibrisdakik.com\\\/?p=71145\"]}]},{\"@type\":\"ImageObject\",\"inLanguage\":\"tr\",\"@id\":\"https:\\\/\\\/kibrisdakik.com\\\/?p=71145#primaryimage\",\"url\":\"https:\\\/\\\/kibrisdakik.com\\\/wp-content\\\/uploads\\\/2024\\\/12\\\/canaltay-740x420.jpg\",\"contentUrl\":\"https:\\\/\\\/kibrisdakik.com\\\/wp-content\\\/uploads\\\/2024\\\/12\\\/canaltay-740x420.jpg\",\"width\":1600,\"height\":1066},{\"@type\":\"BreadcrumbList\",\"@id\":\"https:\\\/\\\/kibrisdakik.com\\\/?p=71145#breadcrumb\",\"itemListElement\":[{\"@type\":\"ListItem\",\"position\":1,\"name\":\"Home\",\"item\":\"https:\\\/\\\/kibrisdakik.com\\\/\"},{\"@type\":\"ListItem\",\"position\":2,\"name\":\"Meclis\u2019te \u201c2025 Mali Y\u0131l\u0131 Merkezi Devlet Y\u00f6netimi B\u00fct\u00e7e Yasa Tasar\u0131s\u0131\u201d g\u00f6r\u00fc\u015f\u00fcl\u00fcyor\u2026Komite Ba\u015fkan\u0131 Canaltay raporu okudu\"}]},{\"@type\":\"WebSite\",\"@id\":\"https:\\\/\\\/kibrisdakik.com\\\/#website\",\"url\":\"https:\\\/\\\/kibrisdakik.com\\\/\",\"name\":\"\",\"description\":\"Tam vaktinde haber\",\"potentialAction\":[{\"@type\":\"SearchAction\",\"target\":{\"@type\":\"EntryPoint\",\"urlTemplate\":\"https:\\\/\\\/kibrisdakik.com\\\/?s={search_term_string}\"},\"query-input\":{\"@type\":\"PropertyValueSpecification\",\"valueRequired\":true,\"valueName\":\"search_term_string\"}}],\"inLanguage\":\"tr\"},{\"@type\":\"Person\",\"@id\":\"https:\\\/\\\/kibrisdakik.com\\\/#\\\/schema\\\/person\\\/9cd9d437bbb44f72b73ba127e06d8e79\",\"name\":\"admin\",\"image\":{\"@type\":\"ImageObject\",\"inLanguage\":\"tr\",\"@id\":\"https:\\\/\\\/secure.gravatar.com\\\/avatar\\\/ccc17943b9d660506c869530f897617f7cb1c21a4bf30023f252596d83e1f007?s=96&d=mm&r=g\",\"url\":\"https:\\\/\\\/secure.gravatar.com\\\/avatar\\\/ccc17943b9d660506c869530f897617f7cb1c21a4bf30023f252596d83e1f007?s=96&d=mm&r=g\",\"contentUrl\":\"https:\\\/\\\/secure.gravatar.com\\\/avatar\\\/ccc17943b9d660506c869530f897617f7cb1c21a4bf30023f252596d83e1f007?s=96&d=mm&r=g\",\"caption\":\"admin\"},\"sameAs\":[\"https:\\\/\\\/kibrisdakik.com\"],\"url\":\"https:\\\/\\\/kibrisdakik.com\\\/?author=1\"}]}<\/script>\n<!-- \/ Yoast SEO plugin. -->","yoast_head_json":{"title":"Meclis\u2019te \u201c2025 Mali Y\u0131l\u0131 Merkezi Devlet Y\u00f6netimi B\u00fct\u00e7e Yasa Tasar\u0131s\u0131\u201d g\u00f6r\u00fc\u015f\u00fcl\u00fcyor\u2026Komite Ba\u015fkan\u0131 Canaltay raporu okudu -","robots":{"index":"index","follow":"follow","max-snippet":"max-snippet:-1","max-image-preview":"max-image-preview:large","max-video-preview":"max-video-preview:-1"},"canonical":"https:\/\/kibrisdakik.com\/?p=71145","og_locale":"tr_TR","og_type":"article","og_title":"Meclis\u2019te \u201c2025 Mali Y\u0131l\u0131 Merkezi Devlet Y\u00f6netimi B\u00fct\u00e7e Yasa Tasar\u0131s\u0131\u201d g\u00f6r\u00fc\u015f\u00fcl\u00fcyor\u2026Komite Ba\u015fkan\u0131 Canaltay raporu okudu -","og_description":"Cumhuriyet Meclisi Genel Kurulu\u2019nda \u201c2025 Mali Y\u0131l\u0131 Merkezi Devlet Y\u00f6netimi B\u00fct\u00e7e Yasa Tasar\u0131s\u0131\u201d g\u00f6r\u00fc\u015f\u00fcl\u00fcyor. Ekonomi Maliye B\u00fct\u00e7e ve Plan Komitesi Ba\u015fkan\u0131 Resmiye Canaltay, komite raporunu okudu. Canaltay, komitede \u00f6zveriyle \u00e7al\u0131\u015farak b\u00fct\u00e7e yasa tasar\u0131s\u0131n\u0131n Genel Kurula getirildi\u011fini s\u00f6yleyerek, emek veren herkese te\u015fekk\u00fcr etti. Bug\u00fcn\u00fcn d\u00fcnyas\u0131nda say\u0131sal teknoloji ve yapay zekan\u0131n etkin oldu\u011funu, dijitalle\u015fmede \u00e7a\u011fda\u015f hale gelmek","og_url":"https:\/\/kibrisdakik.com\/?p=71145","article_published_time":"2024-12-09T11:52:00+00:00","og_image":[{"width":1600,"height":1066,"url":"https:\/\/kibrisdakik.com\/wp-content\/uploads\/2024\/12\/canaltay-740x420.jpg","type":"image\/jpeg"}],"author":"admin","twitter_card":"summary_large_image","twitter_misc":{"Yazan:":"admin","Tahmini okuma s\u00fcresi":"1 dakika"},"schema":{"@context":"https:\/\/schema.org","@graph":[{"@type":"Article","@id":"https:\/\/kibrisdakik.com\/?p=71145#article","isPartOf":{"@id":"https:\/\/kibrisdakik.com\/?p=71145"},"author":{"name":"admin","@id":"https:\/\/kibrisdakik.com\/#\/schema\/person\/9cd9d437bbb44f72b73ba127e06d8e79"},"headline":"Meclis\u2019te \u201c2025 Mali Y\u0131l\u0131 Merkezi Devlet Y\u00f6netimi B\u00fct\u00e7e Yasa Tasar\u0131s\u0131\u201d g\u00f6r\u00fc\u015f\u00fcl\u00fcyor\u2026Komite Ba\u015fkan\u0131 Canaltay raporu okudu","datePublished":"2024-12-09T11:52:00+00:00","mainEntityOfPage":{"@id":"https:\/\/kibrisdakik.com\/?p=71145"},"wordCount":287,"commentCount":0,"image":{"@id":"https:\/\/kibrisdakik.com\/?p=71145#primaryimage"},"thumbnailUrl":"https:\/\/kibrisdakik.com\/wp-content\/uploads\/2024\/12\/canaltay-740x420.jpg","articleSection":["K\u0131br\u0131s"],"inLanguage":"tr","potentialAction":[{"@type":"CommentAction","name":"Comment","target":["https:\/\/kibrisdakik.com\/?p=71145#respond"]}]},{"@type":"WebPage","@id":"https:\/\/kibrisdakik.com\/?p=71145","url":"https:\/\/kibrisdakik.com\/?p=71145","name":"Meclis\u2019te \u201c2025 Mali Y\u0131l\u0131 Merkezi Devlet Y\u00f6netimi B\u00fct\u00e7e Yasa Tasar\u0131s\u0131\u201d g\u00f6r\u00fc\u015f\u00fcl\u00fcyor\u2026Komite Ba\u015fkan\u0131 Canaltay raporu okudu -","isPartOf":{"@id":"https:\/\/kibrisdakik.com\/#website"},"primaryImageOfPage":{"@id":"https:\/\/kibrisdakik.com\/?p=71145#primaryimage"},"image":{"@id":"https:\/\/kibrisdakik.com\/?p=71145#primaryimage"},"thumbnailUrl":"https:\/\/kibrisdakik.com\/wp-content\/uploads\/2024\/12\/canaltay-740x420.jpg","datePublished":"2024-12-09T11:52:00+00:00","author":{"@id":"https:\/\/kibrisdakik.com\/#\/schema\/person\/9cd9d437bbb44f72b73ba127e06d8e79"},"breadcrumb":{"@id":"https:\/\/kibrisdakik.com\/?p=71145#breadcrumb"},"inLanguage":"tr","potentialAction":[{"@type":"ReadAction","target":["https:\/\/kibrisdakik.com\/?p=71145"]}]},{"@type":"ImageObject","inLanguage":"tr","@id":"https:\/\/kibrisdakik.com\/?p=71145#primaryimage","url":"https:\/\/kibrisdakik.com\/wp-content\/uploads\/2024\/12\/canaltay-740x420.jpg","contentUrl":"https:\/\/kibrisdakik.com\/wp-content\/uploads\/2024\/12\/canaltay-740x420.jpg","width":1600,"height":1066},{"@type":"BreadcrumbList","@id":"https:\/\/kibrisdakik.com\/?p=71145#breadcrumb","itemListElement":[{"@type":"ListItem","position":1,"name":"Home","item":"https:\/\/kibrisdakik.com\/"},{"@type":"ListItem","position":2,"name":"Meclis\u2019te \u201c2025 Mali Y\u0131l\u0131 Merkezi Devlet Y\u00f6netimi B\u00fct\u00e7e Yasa Tasar\u0131s\u0131\u201d g\u00f6r\u00fc\u015f\u00fcl\u00fcyor\u2026Komite Ba\u015fkan\u0131 Canaltay raporu okudu"}]},{"@type":"WebSite","@id":"https:\/\/kibrisdakik.com\/#website","url":"https:\/\/kibrisdakik.com\/","name":"","description":"Tam vaktinde haber","potentialAction":[{"@type":"SearchAction","target":{"@type":"EntryPoint","urlTemplate":"https:\/\/kibrisdakik.com\/?s={search_term_string}"},"query-input":{"@type":"PropertyValueSpecification","valueRequired":true,"valueName":"search_term_string"}}],"inLanguage":"tr"},{"@type":"Person","@id":"https:\/\/kibrisdakik.com\/#\/schema\/person\/9cd9d437bbb44f72b73ba127e06d8e79","name":"admin","image":{"@type":"ImageObject","inLanguage":"tr","@id":"https:\/\/secure.gravatar.com\/avatar\/ccc17943b9d660506c869530f897617f7cb1c21a4bf30023f252596d83e1f007?s=96&d=mm&r=g","url":"https:\/\/secure.gravatar.com\/avatar\/ccc17943b9d660506c869530f897617f7cb1c21a4bf30023f252596d83e1f007?s=96&d=mm&r=g","contentUrl":"https:\/\/secure.gravatar.com\/avatar\/ccc17943b9d660506c869530f897617f7cb1c21a4bf30023f252596d83e1f007?s=96&d=mm&r=g","caption":"admin"},"sameAs":["https:\/\/kibrisdakik.com"],"url":"https:\/\/kibrisdakik.com\/?author=1"}]}},"_links":{"self":[{"href":"https:\/\/kibrisdakik.com\/index.php?rest_route=\/wp\/v2\/posts\/71145","targetHints":{"allow":["GET"]}}],"collection":[{"href":"https:\/\/kibrisdakik.com\/index.php?rest_route=\/wp\/v2\/posts"}],"about":[{"href":"https:\/\/kibrisdakik.com\/index.php?rest_route=\/wp\/v2\/types\/post"}],"author":[{"embeddable":true,"href":"https:\/\/kibrisdakik.com\/index.php?rest_route=\/wp\/v2\/users\/1"}],"replies":[{"embeddable":true,"href":"https:\/\/kibrisdakik.com\/index.php?rest_route=%2Fwp%2Fv2%2Fcomments&post=71145"}],"version-history":[{"count":0,"href":"https:\/\/kibrisdakik.com\/index.php?rest_route=\/wp\/v2\/posts\/71145\/revisions"}],"wp:featuredmedia":[{"embeddable":true,"href":"https:\/\/kibrisdakik.com\/index.php?rest_route=\/wp\/v2\/media\/71146"}],"wp:attachment":[{"href":"https:\/\/kibrisdakik.com\/index.php?rest_route=%2Fwp%2Fv2%2Fmedia&parent=71145"}],"wp:term":[{"taxonomy":"category","embeddable":true,"href":"https:\/\/kibrisdakik.com\/index.php?rest_route=%2Fwp%2Fv2%2Fcategories&post=71145"},{"taxonomy":"post_tag","embeddable":true,"href":"https:\/\/kibrisdakik.com\/index.php?rest_route=%2Fwp%2Fv2%2Ftags&post=71145"}],"curies":[{"name":"wp","href":"https:\/\/api.w.org\/{rel}","templated":true}]}}