{"id":71190,"date":"2024-12-10T06:46:20","date_gmt":"2024-12-10T03:46:20","guid":{"rendered":"https:\/\/kibrisdakik.com\/index.php\/2024\/12\/10\/cumhurbaskanligi-butcesi-oy-cokluguyla-meclisten-gecti\/"},"modified":"2024-12-10T06:46:20","modified_gmt":"2024-12-10T03:46:20","slug":"cumhurbaskanligi-butcesi-oy-cokluguyla-meclisten-gecti","status":"publish","type":"post","link":"https:\/\/kibrisdakik.com\/?p=71190","title":{"rendered":"Cumhurba\u015fkanl\u0131\u011f\u0131 b\u00fct\u00e7esi oy \u00e7oklu\u011fuyla Meclis\u2019ten ge\u00e7ti"},"content":{"rendered":"<div>\n<div class=\"mariselle-image-container center\">\n                                            <\/div>\n<p>Cumhurba\u015fkanl\u0131\u011f\u0131\u2019n\u0131n 619 milyon 500 bin TL\u2019lik 2025 b\u00fct\u00e7esi Cumhuriyet Meclisi\u2019nde oy \u00e7oklu\u011fuyla onayland\u0131.<\/p>\n<p>\u2013 \u00c7olako\u011flu<\/p>\n<p>CTP Milletvekili \u015eifa \u00c7olako\u011flu, \u00e7ok uzun y\u0131llar m\u00fczik alan\u0131nda \u00f6\u011frenci yeti\u015ftirdi\u011fini belirterek Cumhurba\u015fkanl\u0131\u011f\u0131 Senfoni Orkestras\u0131n\u0131\u2019n\u0131n arzu edilen bir kadroya ula\u015famad\u0131\u011f\u0131n\u0131 s\u00f6yledi.<\/p>\n<p>\u201cBir sanat\u00e7\u0131 kolay yeti\u015fmiyor. Zaman\u0131n b\u00fcy\u00fck bir k\u0131sm\u0131n\u0131 \u00f6zveriyle ge\u00e7iriyor.\u201d diyen \u00c7olako\u011flu, ele\u015ftirilerde bulundu.<\/p>\n<p>Cumhurba\u015fkanl\u0131\u011f\u0131 Senfoni Orkestras\u0131n\u0131\u2019n\u0131n bu y\u0131l sezon a\u00e7\u0131l\u0131\u015f\u0131n\u0131 yapamad\u0131\u011f\u0131n\u0131 belirten \u00c7olako\u011flu, sanatla k\u00fclt\u00fcrle geli\u015fmeyen bir toplumun geli\u015fememi\u015f bir toplum oldu\u011funu belirtti.<\/p>\n<p>\u201cCumhurba\u015fkanl\u0131\u011f\u0131 Senfoni Orkestras\u0131, 26-27 ki\u015filik kadrodan 19 ki\u015filik kadroya d\u00fc\u015ft\u00fc.\u201d diyen \u00c7olako\u011flu, ger\u00e7ekten m\u00fczi\u011fin ruhun g\u0131das\u0131 oldu\u011funu belirtti.<\/p>\n<p>\u00c7olako\u011flu, sanat\u00e7\u0131lar\u0131n, \u00f6nlerinde sayg\u0131yla e\u011filinmesi gereken insanlar oldu\u011funun alt\u0131n\u0131 \u00e7izdi.<\/p>\n<p>19 ki\u015filik kadronun az oldu\u011funu ifade eden \u00c7olako\u011flu, bu kadrolar\u0131n g\u00fc\u00e7lendirilmesi gerekti\u011fini belirtti.<\/p>\n<p>Sanat\u00e7\u0131lar\u0131n motivasyonunun kalmad\u0131\u011f\u0131n\u0131 kaydeden \u00c7olako\u011flu, \u201cHer biri ayn\u0131 zamanda verdikleri konserlerle bir fahri sanat el\u00e7isi olarak da \u00e7al\u0131\u015fan, hem bizim m\u00fczisyenlerimiz, sanat\u00e7\u0131lar\u0131m\u0131z hem de buraya gelen sanat\u00e7\u0131lar bu \u015fekilde \u00e7al\u0131\u015f\u0131rken d\u00fcnyaya a\u00e7\u0131lan en \u00f6nemli pencerelerimizden biri haline gelmi\u015fken bu i\u015fi bitirmeyelim.\u201d diye konu\u015ftu.<\/p>\n<p>\u2013 Hasipo\u011flu<\/p>\n<p>UBP Milletvekili O\u011fuzhan Hasipo\u011flu da, Cumhurba\u015fkanl\u0131\u011f\u0131 b\u00fct\u00e7esinin en \u00f6nemli b\u00fct\u00e7elerden biri oldu\u011funu ifade etti.<\/p>\n<p>Cumhurba\u015fkan\u0131\u2019n\u0131n hi\u00e7bir zaman halktan, sivil toplum kurulu\u015flar\u0131ndan ve derneklerden kopmad\u0131\u011f\u0131n\u0131 kaydeden Hasipo\u011flu, \u201cBir\u00e7ok kez Bakanlar Kurulu\u2019na ba\u015fkanl\u0131k etti, ola\u011fan\u00fcst\u00fc durumlarda hep haz\u0131r oldu.\u201d dedi.<\/p>\n<p>\u201cRum taraf\u0131n\u0131n bu adan\u0131n y\u00f6netimini ve zenginli\u011fini bizimle payla\u015fmaya haz\u0131r de\u011fildir.\u201d diyen Hasipo\u011flu, 20 y\u0131ld\u0131r devam eden G\u00fcvenlik Konseyi kararlar\u0131n\u0131n bulundu\u011funu kaydetti.<\/p>\n<p>\u201cNeden egemen e\u015fitlik \u0131srar\u0131nda devam ediyoruz?\u201d \u015feklinde konu\u015fan Hasipo\u011flu, s\u00fcre\u00e7le ilgili konu\u015ftu.<\/p>\n<p>Hasipo\u011flu, \u201cBu zihniyet de\u011fi\u015fmedi. Adan\u0131n zenginli\u011fini bizimle payla\u015fmaya niyetlerinin olmad\u0131\u011f\u0131n\u0131 d\u00fc\u015f\u00fcn\u00fcyorum.\u201d ifadesini kulland\u0131.<\/p>\n<p>KKTC\u2019de izolasyonlar\u0131n ve ambargolar\u0131n kalkmas\u0131 i\u00e7in hep birlikte m\u00fccadele etmek gerekti\u011fini kaydeden Hasipo\u011flu, \u201cG\u00fcvenlik Konseyi kararlar\u0131, Allah\u2019\u0131n kelam\u0131 de\u011fildir.\u201d dedi.<\/p>\n<p>\u201cK\u0131br\u0131sl\u0131 Rumlar\u0131n herhangi bir \u015feyi bizimle payla\u015fma niyetleri yoktur.\u201d diyen Hasipo\u011flu, Rum Y\u00f6netimi\u2019ne y\u00f6nelik ele\u015ftirilerde bulundu.<\/p>\n<p>K\u0131br\u0131s meselesinin kapsaml\u0131 m\u00fczakereler ba\u011flam\u0131nda nas\u0131l \u00e7\u00f6z\u00fclece\u011fi noktas\u0131nda fikir ayr\u0131l\u0131klar\u0131n\u0131n oldu\u011funu kaydeden Hasipo\u011flu, \u201cZihniyetleri, bizimle payla\u015fmak de\u011fildir. Rum taraf\u0131, bizi az\u0131nl\u0131k olarak g\u00f6rmektedir.\u201d diye konu\u015ftu.<\/p>\n<p>O\u011fuzhan Hasipo\u011flu, y\u0131llarca federasyonun g\u00f6r\u00fc\u015f\u00fcld\u00fc\u011f\u00fcn\u00fc ifade ederek ancak bir sonuca var\u0131lamad\u0131\u011f\u0131n\u0131 s\u00f6yledi.<\/p>\n<p>S\u00fcrecin t\u00fcketildi\u011fini kaydeden Hasipo\u011flu, Rum taraf\u0131n\u0131n samimi olmad\u0131\u011f\u0131n\u0131 dile getirdi.<\/p>\n<p>K\u0131br\u0131s meselesinin bir stat\u00fc meselesi oldu\u011funu d\u00fc\u015f\u00fcnd\u00fc\u011f\u00fcn\u00fc kaydeden Hasipo\u011flu, Rum taraf\u0131n\u0131n rol kapmaya \u00e7al\u0131\u015ft\u0131\u011f\u0131n\u0131 ifade etti.<\/p>\n<p>Hasipo\u011flu, \u201cRum taraf\u0131 bizi atlay\u0131p T\u00fcrkiye Cumhurba\u015fkan\u0131 ile T\u00fcrkiye D\u0131\u015fi\u015fleri Bakan\u0131 ile g\u00f6r\u00fc\u015fmeye \u00e7al\u0131\u015f\u0131yor \u00f6yle bir g\u00f6r\u00fcnt\u00fc vermeye \u00e7al\u0131\u015f\u0131yor.\u201d \u015feklinde konu\u015ftu. Hasipo\u011flu, Rum taraf\u0131n\u0131n kendilerine bir pozisyon yaratma \u00e7abas\u0131nda oldu\u011funu da s\u00f6yledi.<\/p>\n<p>-Bar\u00e7\u0131n<\/p>\n<p>CTP Milletvekili Devrim Bar\u00e7\u0131n da Cumhurba\u015fkanl\u0131\u011f\u0131 b\u00fct\u00e7esi rakamlar\u0131 \u00fczerine konu\u015ftu.<\/p>\n<p>Cumhurba\u015fkan\u0131 Ersin Tatar\u2019\u0131n Maliye Bakanl\u0131\u011f\u0131 d\u00f6nemine de de\u011finen Bar\u00e7\u0131n, baz\u0131 ele\u015ftirilerde bulundu.<\/p>\n<p>Yurt d\u0131\u015f\u0131 ge\u00e7ici g\u00f6rev yolluklar\u0131 rakamlar\u0131na de\u011finen Bar\u00e7\u0131n, Cumhurba\u015fkan\u0131\u2019n\u0131n yapt\u0131\u011f\u0131 yurt d\u0131\u015f\u0131 ziyaretlerini ele\u015ftirdi.<\/p>\n<p>Cumhurba\u015fkanl\u0131\u011f\u0131 \u00f6rt\u00fcl\u00fc \u00f6dene\u011finin y\u00fczde 85 artt\u0131r\u0131ld\u0131\u011f\u0131n\u0131 ifade eden Bar\u00e7\u0131n, art\u0131\u015f konusunda baz\u0131 sorular y\u00f6nelterek, \u201cVar m\u0131 bunun hesab\u0131n\u0131 verecek biri?\u201d diye sordu.<\/p>\n<p>Konu\u015fmalar\u0131n ard\u0131ndan Cumhurba\u015fkanl\u0131\u011f\u0131 b\u00fct\u00e7esi oyland\u0131 ve oy \u00e7oklu\u011fuyla onayland\u0131. Ard\u0131ndan 574 milyon 345 bin TL\u2019lik\u00a0Cumhuriyet Meclisi b\u00fct\u00e7esinin g\u00f6r\u00fc\u015f\u00fclmesine ge\u00e7ildi.<\/p>\n<\/p><\/div>\n<p><script async\n                    defer\n                    crossorigin=\"anonymous\"\n                    src=\"https:\/\/connect.facebook.net\/tr_TR\/sdk.js#xfbml=1&#038;version=v3.3\"\n            ><\/script><\/p>\n","protected":false},"excerpt":{"rendered":"<p>Cumhurba\u015fkanl\u0131\u011f\u0131\u2019n\u0131n 619 milyon 500 bin TL\u2019lik 2025 b\u00fct\u00e7esi Cumhuriyet Meclisi\u2019nde oy \u00e7oklu\u011fuyla onayland\u0131. \u2013 \u00c7olako\u011flu CTP Milletvekili \u015eifa \u00c7olako\u011flu, \u00e7ok uzun y\u0131llar m\u00fczik alan\u0131nda \u00f6\u011frenci yeti\u015ftirdi\u011fini belirterek Cumhurba\u015fkanl\u0131\u011f\u0131 Senfoni Orkestras\u0131n\u0131\u2019n\u0131n arzu edilen bir kadroya ula\u015famad\u0131\u011f\u0131n\u0131 s\u00f6yledi. \u201cBir sanat\u00e7\u0131 kolay yeti\u015fmiyor. Zaman\u0131n b\u00fcy\u00fck bir k\u0131sm\u0131n\u0131 \u00f6zveriyle ge\u00e7iriyor.\u201d diyen \u00c7olako\u011flu, ele\u015ftirilerde bulundu. Cumhurba\u015fkanl\u0131\u011f\u0131 Senfoni Orkestras\u0131n\u0131\u2019n\u0131n bu y\u0131l<\/p>\n","protected":false},"author":1,"featured_media":71191,"comment_status":"open","ping_status":"open","sticky":false,"template":"","format":"standard","meta":{"footnotes":""},"categories":[81],"tags":[],"class_list":["post-71190","post","type-post","status-publish","format-standard","has-post-thumbnail","hentry","category-kibris"],"yoast_head":"<!-- This site is optimized with the Yoast SEO plugin v27.4 - https:\/\/yoast.com\/product\/yoast-seo-wordpress\/ -->\n<title>Cumhurba\u015fkanl\u0131\u011f\u0131 b\u00fct\u00e7esi oy \u00e7oklu\u011fuyla Meclis\u2019ten ge\u00e7ti -<\/title>\n<meta name=\"robots\" content=\"index, follow, max-snippet:-1, max-image-preview:large, max-video-preview:-1\" \/>\n<link rel=\"canonical\" href=\"https:\/\/kibrisdakik.com\/?p=71190\" \/>\n<meta property=\"og:locale\" content=\"tr_TR\" \/>\n<meta property=\"og:type\" content=\"article\" \/>\n<meta property=\"og:title\" content=\"Cumhurba\u015fkanl\u0131\u011f\u0131 b\u00fct\u00e7esi oy \u00e7oklu\u011fuyla Meclis\u2019ten ge\u00e7ti -\" \/>\n<meta property=\"og:description\" content=\"Cumhurba\u015fkanl\u0131\u011f\u0131\u2019n\u0131n 619 milyon 500 bin TL\u2019lik 2025 b\u00fct\u00e7esi Cumhuriyet Meclisi\u2019nde oy \u00e7oklu\u011fuyla onayland\u0131. \u2013 \u00c7olako\u011flu CTP Milletvekili \u015eifa \u00c7olako\u011flu, \u00e7ok uzun y\u0131llar m\u00fczik alan\u0131nda \u00f6\u011frenci yeti\u015ftirdi\u011fini belirterek Cumhurba\u015fkanl\u0131\u011f\u0131 Senfoni Orkestras\u0131n\u0131\u2019n\u0131n arzu edilen bir kadroya ula\u015famad\u0131\u011f\u0131n\u0131 s\u00f6yledi. \u201cBir sanat\u00e7\u0131 kolay yeti\u015fmiyor. Zaman\u0131n b\u00fcy\u00fck bir k\u0131sm\u0131n\u0131 \u00f6zveriyle ge\u00e7iriyor.\u201d diyen \u00c7olako\u011flu, ele\u015ftirilerde bulundu. Cumhurba\u015fkanl\u0131\u011f\u0131 Senfoni Orkestras\u0131n\u0131\u2019n\u0131n bu y\u0131l\" \/>\n<meta property=\"og:url\" content=\"https:\/\/kibrisdakik.com\/?p=71190\" \/>\n<meta property=\"article:published_time\" content=\"2024-12-10T03:46:20+00:00\" \/>\n<meta property=\"og:image\" content=\"https:\/\/kibrisdakik.com\/wp-content\/uploads\/2024\/12\/IMG-20241209-WA0024-740x420.jpg\" \/>\n\t<meta property=\"og:image:width\" content=\"1600\" \/>\n\t<meta property=\"og:image:height\" content=\"1066\" \/>\n\t<meta property=\"og:image:type\" content=\"image\/jpeg\" \/>\n<meta name=\"author\" content=\"admin\" \/>\n<meta name=\"twitter:card\" content=\"summary_large_image\" \/>\n<meta name=\"twitter:label1\" content=\"Yazan:\" \/>\n\t<meta name=\"twitter:data1\" content=\"admin\" \/>\n\t<meta name=\"twitter:label2\" content=\"Tahmini okuma s\u00fcresi\" \/>\n\t<meta name=\"twitter:data2\" content=\"4 dakika\" \/>\n<script type=\"application\/ld+json\" class=\"yoast-schema-graph\">{\"@context\":\"https:\\\/\\\/schema.org\",\"@graph\":[{\"@type\":\"Article\",\"@id\":\"https:\\\/\\\/kibrisdakik.com\\\/?p=71190#article\",\"isPartOf\":{\"@id\":\"https:\\\/\\\/kibrisdakik.com\\\/?p=71190\"},\"author\":{\"name\":\"admin\",\"@id\":\"https:\\\/\\\/kibrisdakik.com\\\/#\\\/schema\\\/person\\\/9cd9d437bbb44f72b73ba127e06d8e79\"},\"headline\":\"Cumhurba\u015fkanl\u0131\u011f\u0131 b\u00fct\u00e7esi oy \u00e7oklu\u011fuyla Meclis\u2019ten ge\u00e7ti\",\"datePublished\":\"2024-12-10T03:46:20+00:00\",\"mainEntityOfPage\":{\"@id\":\"https:\\\/\\\/kibrisdakik.com\\\/?p=71190\"},\"wordCount\":723,\"commentCount\":0,\"image\":{\"@id\":\"https:\\\/\\\/kibrisdakik.com\\\/?p=71190#primaryimage\"},\"thumbnailUrl\":\"https:\\\/\\\/kibrisdakik.com\\\/wp-content\\\/uploads\\\/2024\\\/12\\\/IMG-20241209-WA0024-740x420.jpg\",\"articleSection\":[\"K\u0131br\u0131s\"],\"inLanguage\":\"tr\",\"potentialAction\":[{\"@type\":\"CommentAction\",\"name\":\"Comment\",\"target\":[\"https:\\\/\\\/kibrisdakik.com\\\/?p=71190#respond\"]}]},{\"@type\":\"WebPage\",\"@id\":\"https:\\\/\\\/kibrisdakik.com\\\/?p=71190\",\"url\":\"https:\\\/\\\/kibrisdakik.com\\\/?p=71190\",\"name\":\"Cumhurba\u015fkanl\u0131\u011f\u0131 b\u00fct\u00e7esi oy \u00e7oklu\u011fuyla Meclis\u2019ten ge\u00e7ti -\",\"isPartOf\":{\"@id\":\"https:\\\/\\\/kibrisdakik.com\\\/#website\"},\"primaryImageOfPage\":{\"@id\":\"https:\\\/\\\/kibrisdakik.com\\\/?p=71190#primaryimage\"},\"image\":{\"@id\":\"https:\\\/\\\/kibrisdakik.com\\\/?p=71190#primaryimage\"},\"thumbnailUrl\":\"https:\\\/\\\/kibrisdakik.com\\\/wp-content\\\/uploads\\\/2024\\\/12\\\/IMG-20241209-WA0024-740x420.jpg\",\"datePublished\":\"2024-12-10T03:46:20+00:00\",\"author\":{\"@id\":\"https:\\\/\\\/kibrisdakik.com\\\/#\\\/schema\\\/person\\\/9cd9d437bbb44f72b73ba127e06d8e79\"},\"breadcrumb\":{\"@id\":\"https:\\\/\\\/kibrisdakik.com\\\/?p=71190#breadcrumb\"},\"inLanguage\":\"tr\",\"potentialAction\":[{\"@type\":\"ReadAction\",\"target\":[\"https:\\\/\\\/kibrisdakik.com\\\/?p=71190\"]}]},{\"@type\":\"ImageObject\",\"inLanguage\":\"tr\",\"@id\":\"https:\\\/\\\/kibrisdakik.com\\\/?p=71190#primaryimage\",\"url\":\"https:\\\/\\\/kibrisdakik.com\\\/wp-content\\\/uploads\\\/2024\\\/12\\\/IMG-20241209-WA0024-740x420.jpg\",\"contentUrl\":\"https:\\\/\\\/kibrisdakik.com\\\/wp-content\\\/uploads\\\/2024\\\/12\\\/IMG-20241209-WA0024-740x420.jpg\",\"width\":1600,\"height\":1066},{\"@type\":\"BreadcrumbList\",\"@id\":\"https:\\\/\\\/kibrisdakik.com\\\/?p=71190#breadcrumb\",\"itemListElement\":[{\"@type\":\"ListItem\",\"position\":1,\"name\":\"Home\",\"item\":\"https:\\\/\\\/kibrisdakik.com\\\/\"},{\"@type\":\"ListItem\",\"position\":2,\"name\":\"Cumhurba\u015fkanl\u0131\u011f\u0131 b\u00fct\u00e7esi oy \u00e7oklu\u011fuyla Meclis\u2019ten ge\u00e7ti\"}]},{\"@type\":\"WebSite\",\"@id\":\"https:\\\/\\\/kibrisdakik.com\\\/#website\",\"url\":\"https:\\\/\\\/kibrisdakik.com\\\/\",\"name\":\"\",\"description\":\"Tam vaktinde haber\",\"potentialAction\":[{\"@type\":\"SearchAction\",\"target\":{\"@type\":\"EntryPoint\",\"urlTemplate\":\"https:\\\/\\\/kibrisdakik.com\\\/?s={search_term_string}\"},\"query-input\":{\"@type\":\"PropertyValueSpecification\",\"valueRequired\":true,\"valueName\":\"search_term_string\"}}],\"inLanguage\":\"tr\"},{\"@type\":\"Person\",\"@id\":\"https:\\\/\\\/kibrisdakik.com\\\/#\\\/schema\\\/person\\\/9cd9d437bbb44f72b73ba127e06d8e79\",\"name\":\"admin\",\"image\":{\"@type\":\"ImageObject\",\"inLanguage\":\"tr\",\"@id\":\"https:\\\/\\\/secure.gravatar.com\\\/avatar\\\/ccc17943b9d660506c869530f897617f7cb1c21a4bf30023f252596d83e1f007?s=96&d=mm&r=g\",\"url\":\"https:\\\/\\\/secure.gravatar.com\\\/avatar\\\/ccc17943b9d660506c869530f897617f7cb1c21a4bf30023f252596d83e1f007?s=96&d=mm&r=g\",\"contentUrl\":\"https:\\\/\\\/secure.gravatar.com\\\/avatar\\\/ccc17943b9d660506c869530f897617f7cb1c21a4bf30023f252596d83e1f007?s=96&d=mm&r=g\",\"caption\":\"admin\"},\"sameAs\":[\"https:\\\/\\\/kibrisdakik.com\"],\"url\":\"https:\\\/\\\/kibrisdakik.com\\\/?author=1\"}]}<\/script>\n<!-- \/ Yoast SEO plugin. -->","yoast_head_json":{"title":"Cumhurba\u015fkanl\u0131\u011f\u0131 b\u00fct\u00e7esi oy \u00e7oklu\u011fuyla Meclis\u2019ten ge\u00e7ti -","robots":{"index":"index","follow":"follow","max-snippet":"max-snippet:-1","max-image-preview":"max-image-preview:large","max-video-preview":"max-video-preview:-1"},"canonical":"https:\/\/kibrisdakik.com\/?p=71190","og_locale":"tr_TR","og_type":"article","og_title":"Cumhurba\u015fkanl\u0131\u011f\u0131 b\u00fct\u00e7esi oy \u00e7oklu\u011fuyla Meclis\u2019ten ge\u00e7ti -","og_description":"Cumhurba\u015fkanl\u0131\u011f\u0131\u2019n\u0131n 619 milyon 500 bin TL\u2019lik 2025 b\u00fct\u00e7esi Cumhuriyet Meclisi\u2019nde oy \u00e7oklu\u011fuyla onayland\u0131. \u2013 \u00c7olako\u011flu CTP Milletvekili \u015eifa \u00c7olako\u011flu, \u00e7ok uzun y\u0131llar m\u00fczik alan\u0131nda \u00f6\u011frenci yeti\u015ftirdi\u011fini belirterek Cumhurba\u015fkanl\u0131\u011f\u0131 Senfoni Orkestras\u0131n\u0131\u2019n\u0131n arzu edilen bir kadroya ula\u015famad\u0131\u011f\u0131n\u0131 s\u00f6yledi. \u201cBir sanat\u00e7\u0131 kolay yeti\u015fmiyor. Zaman\u0131n b\u00fcy\u00fck bir k\u0131sm\u0131n\u0131 \u00f6zveriyle ge\u00e7iriyor.\u201d diyen \u00c7olako\u011flu, ele\u015ftirilerde bulundu. Cumhurba\u015fkanl\u0131\u011f\u0131 Senfoni Orkestras\u0131n\u0131\u2019n\u0131n bu y\u0131l","og_url":"https:\/\/kibrisdakik.com\/?p=71190","article_published_time":"2024-12-10T03:46:20+00:00","og_image":[{"width":1600,"height":1066,"url":"https:\/\/kibrisdakik.com\/wp-content\/uploads\/2024\/12\/IMG-20241209-WA0024-740x420.jpg","type":"image\/jpeg"}],"author":"admin","twitter_card":"summary_large_image","twitter_misc":{"Yazan:":"admin","Tahmini okuma s\u00fcresi":"4 dakika"},"schema":{"@context":"https:\/\/schema.org","@graph":[{"@type":"Article","@id":"https:\/\/kibrisdakik.com\/?p=71190#article","isPartOf":{"@id":"https:\/\/kibrisdakik.com\/?p=71190"},"author":{"name":"admin","@id":"https:\/\/kibrisdakik.com\/#\/schema\/person\/9cd9d437bbb44f72b73ba127e06d8e79"},"headline":"Cumhurba\u015fkanl\u0131\u011f\u0131 b\u00fct\u00e7esi oy \u00e7oklu\u011fuyla Meclis\u2019ten ge\u00e7ti","datePublished":"2024-12-10T03:46:20+00:00","mainEntityOfPage":{"@id":"https:\/\/kibrisdakik.com\/?p=71190"},"wordCount":723,"commentCount":0,"image":{"@id":"https:\/\/kibrisdakik.com\/?p=71190#primaryimage"},"thumbnailUrl":"https:\/\/kibrisdakik.com\/wp-content\/uploads\/2024\/12\/IMG-20241209-WA0024-740x420.jpg","articleSection":["K\u0131br\u0131s"],"inLanguage":"tr","potentialAction":[{"@type":"CommentAction","name":"Comment","target":["https:\/\/kibrisdakik.com\/?p=71190#respond"]}]},{"@type":"WebPage","@id":"https:\/\/kibrisdakik.com\/?p=71190","url":"https:\/\/kibrisdakik.com\/?p=71190","name":"Cumhurba\u015fkanl\u0131\u011f\u0131 b\u00fct\u00e7esi oy \u00e7oklu\u011fuyla Meclis\u2019ten ge\u00e7ti -","isPartOf":{"@id":"https:\/\/kibrisdakik.com\/#website"},"primaryImageOfPage":{"@id":"https:\/\/kibrisdakik.com\/?p=71190#primaryimage"},"image":{"@id":"https:\/\/kibrisdakik.com\/?p=71190#primaryimage"},"thumbnailUrl":"https:\/\/kibrisdakik.com\/wp-content\/uploads\/2024\/12\/IMG-20241209-WA0024-740x420.jpg","datePublished":"2024-12-10T03:46:20+00:00","author":{"@id":"https:\/\/kibrisdakik.com\/#\/schema\/person\/9cd9d437bbb44f72b73ba127e06d8e79"},"breadcrumb":{"@id":"https:\/\/kibrisdakik.com\/?p=71190#breadcrumb"},"inLanguage":"tr","potentialAction":[{"@type":"ReadAction","target":["https:\/\/kibrisdakik.com\/?p=71190"]}]},{"@type":"ImageObject","inLanguage":"tr","@id":"https:\/\/kibrisdakik.com\/?p=71190#primaryimage","url":"https:\/\/kibrisdakik.com\/wp-content\/uploads\/2024\/12\/IMG-20241209-WA0024-740x420.jpg","contentUrl":"https:\/\/kibrisdakik.com\/wp-content\/uploads\/2024\/12\/IMG-20241209-WA0024-740x420.jpg","width":1600,"height":1066},{"@type":"BreadcrumbList","@id":"https:\/\/kibrisdakik.com\/?p=71190#breadcrumb","itemListElement":[{"@type":"ListItem","position":1,"name":"Home","item":"https:\/\/kibrisdakik.com\/"},{"@type":"ListItem","position":2,"name":"Cumhurba\u015fkanl\u0131\u011f\u0131 b\u00fct\u00e7esi oy \u00e7oklu\u011fuyla Meclis\u2019ten ge\u00e7ti"}]},{"@type":"WebSite","@id":"https:\/\/kibrisdakik.com\/#website","url":"https:\/\/kibrisdakik.com\/","name":"","description":"Tam vaktinde haber","potentialAction":[{"@type":"SearchAction","target":{"@type":"EntryPoint","urlTemplate":"https:\/\/kibrisdakik.com\/?s={search_term_string}"},"query-input":{"@type":"PropertyValueSpecification","valueRequired":true,"valueName":"search_term_string"}}],"inLanguage":"tr"},{"@type":"Person","@id":"https:\/\/kibrisdakik.com\/#\/schema\/person\/9cd9d437bbb44f72b73ba127e06d8e79","name":"admin","image":{"@type":"ImageObject","inLanguage":"tr","@id":"https:\/\/secure.gravatar.com\/avatar\/ccc17943b9d660506c869530f897617f7cb1c21a4bf30023f252596d83e1f007?s=96&d=mm&r=g","url":"https:\/\/secure.gravatar.com\/avatar\/ccc17943b9d660506c869530f897617f7cb1c21a4bf30023f252596d83e1f007?s=96&d=mm&r=g","contentUrl":"https:\/\/secure.gravatar.com\/avatar\/ccc17943b9d660506c869530f897617f7cb1c21a4bf30023f252596d83e1f007?s=96&d=mm&r=g","caption":"admin"},"sameAs":["https:\/\/kibrisdakik.com"],"url":"https:\/\/kibrisdakik.com\/?author=1"}]}},"_links":{"self":[{"href":"https:\/\/kibrisdakik.com\/index.php?rest_route=\/wp\/v2\/posts\/71190","targetHints":{"allow":["GET"]}}],"collection":[{"href":"https:\/\/kibrisdakik.com\/index.php?rest_route=\/wp\/v2\/posts"}],"about":[{"href":"https:\/\/kibrisdakik.com\/index.php?rest_route=\/wp\/v2\/types\/post"}],"author":[{"embeddable":true,"href":"https:\/\/kibrisdakik.com\/index.php?rest_route=\/wp\/v2\/users\/1"}],"replies":[{"embeddable":true,"href":"https:\/\/kibrisdakik.com\/index.php?rest_route=%2Fwp%2Fv2%2Fcomments&post=71190"}],"version-history":[{"count":0,"href":"https:\/\/kibrisdakik.com\/index.php?rest_route=\/wp\/v2\/posts\/71190\/revisions"}],"wp:featuredmedia":[{"embeddable":true,"href":"https:\/\/kibrisdakik.com\/index.php?rest_route=\/wp\/v2\/media\/71191"}],"wp:attachment":[{"href":"https:\/\/kibrisdakik.com\/index.php?rest_route=%2Fwp%2Fv2%2Fmedia&parent=71190"}],"wp:term":[{"taxonomy":"category","embeddable":true,"href":"https:\/\/kibrisdakik.com\/index.php?rest_route=%2Fwp%2Fv2%2Fcategories&post=71190"},{"taxonomy":"post_tag","embeddable":true,"href":"https:\/\/kibrisdakik.com\/index.php?rest_route=%2Fwp%2Fv2%2Ftags&post=71190"}],"curies":[{"name":"wp","href":"https:\/\/api.w.org\/{rel}","templated":true}]}}