{"id":71202,"date":"2024-12-10T12:12:50","date_gmt":"2024-12-10T09:12:50","guid":{"rendered":"https:\/\/kibrisdakik.com\/index.php\/2024\/12\/10\/ktosten-aciklama-gecis-kapilarinin-acilmasi-insanlarin-yasam-kalitesinin-artirilmasi-icin-elzemdir\/"},"modified":"2024-12-10T12:12:50","modified_gmt":"2024-12-10T09:12:50","slug":"ktosten-aciklama-gecis-kapilarinin-acilmasi-insanlarin-yasam-kalitesinin-artirilmasi-icin-elzemdir","status":"publish","type":"post","link":"https:\/\/kibrisdakik.com\/?p=71202","title":{"rendered":"KT\u00d6S\u2019ten a\u00e7\u0131klama :\u201cGe\u00e7i\u015f kap\u0131lar\u0131n\u0131n a\u00e7\u0131lmas\u0131 insanlar\u0131n ya\u015fam kalitesinin art\u0131r\u0131lmas\u0131 i\u00e7in elzemdir\u201d"},"content":{"rendered":"<div>\n<div class=\"mariselle-image-container center\">\n                                            <\/div>\n<p>K\u0131br\u0131s T\u00fcrk \u00d6\u011fretmenler Sendikas\u0131 Genel Sekreteri Burak Mavi\u015f imzas\u0131yla yap\u0131lan a\u00e7\u0131klamada, K\u0131br\u0131s sorununun \u00e7\u00f6z\u00fcm\u00fc y\u00f6n\u00fcnde ve iki toplum aras\u0131ndaki g\u00fcveni in\u015fa etme yolunda ge\u00e7i\u015f kap\u0131lar\u0131n\u0131n a\u00e7\u0131lmas\u0131n\u0131n kritik bir ad\u0131m oldu\u011fu kaydedildi.<\/p>\n<p>\u201cGe\u00e7i\u015fleri ekonomik ili\u015fkiler \u00fczerinden de\u011fil, sosyal ve insani ihtiya\u00e7lar \u00fczerinden d\u00fc\u015f\u00fcn\u00fcrsek, Erenk\u00f6y, Ak\u0131nc\u0131lar, Kirac\u0131k\u00f6y, Haspolat, Ma\u011fusa Kap\u0131s\u0131 ve Baf Kap\u0131s\u0131 gibi noktalar\u0131n \u00f6nemi daha da anla\u015f\u0131lacakt\u0131r\u201d ifadeleri kullan\u0131lan a\u00e7\u0131klamada, ge\u00e7i\u015f kap\u0131lar\u0131n\u0131n a\u00e7\u0131lmas\u0131na y\u00f6nelik engellerin kald\u0131r\u0131lmas\u0131 ve iki liderin New York\u2019ta vard\u0131\u011f\u0131 uzla\u015f\u0131n\u0131n gere\u011finin yerine getirilmesi gerekti\u011fi belirtildi.<\/p>\n<p>A\u00e7\u0131klamada, K\u0131br\u0131s T\u00fcrk \u00d6\u011fretmenler Sendikas\u0131 olarak sorumlular g\u00f6reve \u00e7a\u011fr\u0131larak, ge\u00e7i\u015f kap\u0131lar\u0131n\u0131n bir an \u00f6nce a\u00e7\u0131lmas\u0131 talep edildi<\/p>\n<\/p><\/div>\n<p><script async\n                    defer\n                    crossorigin=\"anonymous\"\n                    src=\"https:\/\/connect.facebook.net\/tr_TR\/sdk.js#xfbml=1&#038;version=v3.3\"\n            ><\/script><\/p>\n","protected":false},"excerpt":{"rendered":"<p>K\u0131br\u0131s T\u00fcrk \u00d6\u011fretmenler Sendikas\u0131 Genel Sekreteri Burak Mavi\u015f imzas\u0131yla yap\u0131lan a\u00e7\u0131klamada, K\u0131br\u0131s sorununun \u00e7\u00f6z\u00fcm\u00fc y\u00f6n\u00fcnde ve iki toplum aras\u0131ndaki g\u00fcveni in\u015fa etme yolunda ge\u00e7i\u015f kap\u0131lar\u0131n\u0131n a\u00e7\u0131lmas\u0131n\u0131n kritik bir ad\u0131m oldu\u011fu kaydedildi. \u201cGe\u00e7i\u015fleri ekonomik ili\u015fkiler \u00fczerinden de\u011fil, sosyal ve insani ihtiya\u00e7lar \u00fczerinden d\u00fc\u015f\u00fcn\u00fcrsek, Erenk\u00f6y, Ak\u0131nc\u0131lar, Kirac\u0131k\u00f6y, Haspolat, Ma\u011fusa Kap\u0131s\u0131 ve Baf Kap\u0131s\u0131 gibi noktalar\u0131n \u00f6nemi daha<\/p>\n","protected":false},"author":1,"featured_media":69604,"comment_status":"open","ping_status":"open","sticky":false,"template":"","format":"standard","meta":{"footnotes":""},"categories":[81],"tags":[],"class_list":["post-71202","post","type-post","status-publish","format-standard","has-post-thumbnail","hentry","category-kibris"],"yoast_head":"<!-- This site is optimized with the Yoast SEO plugin v27.5 - https:\/\/yoast.com\/product\/yoast-seo-wordpress\/ -->\n<title>KT\u00d6S\u2019ten a\u00e7\u0131klama :\u201cGe\u00e7i\u015f kap\u0131lar\u0131n\u0131n a\u00e7\u0131lmas\u0131 insanlar\u0131n ya\u015fam kalitesinin art\u0131r\u0131lmas\u0131 i\u00e7in elzemdir\u201d -<\/title>\n<meta name=\"robots\" content=\"index, follow, max-snippet:-1, max-image-preview:large, max-video-preview:-1\" \/>\n<link rel=\"canonical\" href=\"https:\/\/kibrisdakik.com\/?p=71202\" \/>\n<meta property=\"og:locale\" content=\"tr_TR\" \/>\n<meta property=\"og:type\" content=\"article\" \/>\n<meta property=\"og:title\" content=\"KT\u00d6S\u2019ten a\u00e7\u0131klama :\u201cGe\u00e7i\u015f kap\u0131lar\u0131n\u0131n a\u00e7\u0131lmas\u0131 insanlar\u0131n ya\u015fam kalitesinin art\u0131r\u0131lmas\u0131 i\u00e7in elzemdir\u201d -\" \/>\n<meta property=\"og:description\" content=\"K\u0131br\u0131s T\u00fcrk \u00d6\u011fretmenler Sendikas\u0131 Genel Sekreteri Burak Mavi\u015f imzas\u0131yla yap\u0131lan a\u00e7\u0131klamada, K\u0131br\u0131s sorununun \u00e7\u00f6z\u00fcm\u00fc y\u00f6n\u00fcnde ve iki toplum aras\u0131ndaki g\u00fcveni in\u015fa etme yolunda ge\u00e7i\u015f kap\u0131lar\u0131n\u0131n a\u00e7\u0131lmas\u0131n\u0131n kritik bir ad\u0131m oldu\u011fu kaydedildi. \u201cGe\u00e7i\u015fleri ekonomik ili\u015fkiler \u00fczerinden de\u011fil, sosyal ve insani ihtiya\u00e7lar \u00fczerinden d\u00fc\u015f\u00fcn\u00fcrsek, Erenk\u00f6y, Ak\u0131nc\u0131lar, Kirac\u0131k\u00f6y, Haspolat, Ma\u011fusa Kap\u0131s\u0131 ve Baf Kap\u0131s\u0131 gibi noktalar\u0131n \u00f6nemi daha\" \/>\n<meta property=\"og:url\" content=\"https:\/\/kibrisdakik.com\/?p=71202\" \/>\n<meta property=\"article:published_time\" content=\"2024-12-10T09:12:50+00:00\" \/>\n<meta property=\"og:image\" content=\"https:\/\/kibrisdakik.com\/wp-content\/uploads\/2024\/11\/ktos291-740x420.jpg\" \/>\n\t<meta property=\"og:image:width\" content=\"971\" \/>\n\t<meta property=\"og:image:height\" content=\"551\" \/>\n\t<meta property=\"og:image:type\" content=\"image\/jpeg\" \/>\n<meta name=\"author\" content=\"admin\" \/>\n<meta name=\"twitter:card\" content=\"summary_large_image\" \/>\n<meta name=\"twitter:label1\" content=\"Yazan:\" \/>\n\t<meta name=\"twitter:data1\" content=\"admin\" \/>\n\t<meta name=\"twitter:label2\" content=\"Tahmini okuma s\u00fcresi\" \/>\n\t<meta name=\"twitter:data2\" content=\"1 dakika\" \/>\n<script type=\"application\/ld+json\" class=\"yoast-schema-graph\">{\"@context\":\"https:\\\/\\\/schema.org\",\"@graph\":[{\"@type\":\"Article\",\"@id\":\"https:\\\/\\\/kibrisdakik.com\\\/?p=71202#article\",\"isPartOf\":{\"@id\":\"https:\\\/\\\/kibrisdakik.com\\\/?p=71202\"},\"author\":{\"name\":\"admin\",\"@id\":\"https:\\\/\\\/kibrisdakik.com\\\/#\\\/schema\\\/person\\\/9cd9d437bbb44f72b73ba127e06d8e79\"},\"headline\":\"KT\u00d6S\u2019ten a\u00e7\u0131klama :\u201cGe\u00e7i\u015f kap\u0131lar\u0131n\u0131n a\u00e7\u0131lmas\u0131 insanlar\u0131n ya\u015fam kalitesinin art\u0131r\u0131lmas\u0131 i\u00e7in elzemdir\u201d\",\"datePublished\":\"2024-12-10T09:12:50+00:00\",\"mainEntityOfPage\":{\"@id\":\"https:\\\/\\\/kibrisdakik.com\\\/?p=71202\"},\"wordCount\":188,\"commentCount\":0,\"image\":{\"@id\":\"https:\\\/\\\/kibrisdakik.com\\\/?p=71202#primaryimage\"},\"thumbnailUrl\":\"https:\\\/\\\/kibrisdakik.com\\\/wp-content\\\/uploads\\\/2024\\\/11\\\/ktos291-740x420.jpg\",\"articleSection\":[\"K\u0131br\u0131s\"],\"inLanguage\":\"tr\",\"potentialAction\":[{\"@type\":\"CommentAction\",\"name\":\"Comment\",\"target\":[\"https:\\\/\\\/kibrisdakik.com\\\/?p=71202#respond\"]}]},{\"@type\":\"WebPage\",\"@id\":\"https:\\\/\\\/kibrisdakik.com\\\/?p=71202\",\"url\":\"https:\\\/\\\/kibrisdakik.com\\\/?p=71202\",\"name\":\"KT\u00d6S\u2019ten a\u00e7\u0131klama :\u201cGe\u00e7i\u015f kap\u0131lar\u0131n\u0131n a\u00e7\u0131lmas\u0131 insanlar\u0131n ya\u015fam kalitesinin art\u0131r\u0131lmas\u0131 i\u00e7in elzemdir\u201d -\",\"isPartOf\":{\"@id\":\"https:\\\/\\\/kibrisdakik.com\\\/#website\"},\"primaryImageOfPage\":{\"@id\":\"https:\\\/\\\/kibrisdakik.com\\\/?p=71202#primaryimage\"},\"image\":{\"@id\":\"https:\\\/\\\/kibrisdakik.com\\\/?p=71202#primaryimage\"},\"thumbnailUrl\":\"https:\\\/\\\/kibrisdakik.com\\\/wp-content\\\/uploads\\\/2024\\\/11\\\/ktos291-740x420.jpg\",\"datePublished\":\"2024-12-10T09:12:50+00:00\",\"author\":{\"@id\":\"https:\\\/\\\/kibrisdakik.com\\\/#\\\/schema\\\/person\\\/9cd9d437bbb44f72b73ba127e06d8e79\"},\"breadcrumb\":{\"@id\":\"https:\\\/\\\/kibrisdakik.com\\\/?p=71202#breadcrumb\"},\"inLanguage\":\"tr\",\"potentialAction\":[{\"@type\":\"ReadAction\",\"target\":[\"https:\\\/\\\/kibrisdakik.com\\\/?p=71202\"]}]},{\"@type\":\"ImageObject\",\"inLanguage\":\"tr\",\"@id\":\"https:\\\/\\\/kibrisdakik.com\\\/?p=71202#primaryimage\",\"url\":\"https:\\\/\\\/kibrisdakik.com\\\/wp-content\\\/uploads\\\/2024\\\/11\\\/ktos291-740x420.jpg\",\"contentUrl\":\"https:\\\/\\\/kibrisdakik.com\\\/wp-content\\\/uploads\\\/2024\\\/11\\\/ktos291-740x420.jpg\",\"width\":971,\"height\":551},{\"@type\":\"BreadcrumbList\",\"@id\":\"https:\\\/\\\/kibrisdakik.com\\\/?p=71202#breadcrumb\",\"itemListElement\":[{\"@type\":\"ListItem\",\"position\":1,\"name\":\"Home\",\"item\":\"https:\\\/\\\/kibrisdakik.com\\\/\"},{\"@type\":\"ListItem\",\"position\":2,\"name\":\"KT\u00d6S\u2019ten a\u00e7\u0131klama :\u201cGe\u00e7i\u015f kap\u0131lar\u0131n\u0131n a\u00e7\u0131lmas\u0131 insanlar\u0131n ya\u015fam kalitesinin art\u0131r\u0131lmas\u0131 i\u00e7in elzemdir\u201d\"}]},{\"@type\":\"WebSite\",\"@id\":\"https:\\\/\\\/kibrisdakik.com\\\/#website\",\"url\":\"https:\\\/\\\/kibrisdakik.com\\\/\",\"name\":\"\",\"description\":\"Tam vaktinde haber\",\"potentialAction\":[{\"@type\":\"SearchAction\",\"target\":{\"@type\":\"EntryPoint\",\"urlTemplate\":\"https:\\\/\\\/kibrisdakik.com\\\/?s={search_term_string}\"},\"query-input\":{\"@type\":\"PropertyValueSpecification\",\"valueRequired\":true,\"valueName\":\"search_term_string\"}}],\"inLanguage\":\"tr\"},{\"@type\":\"Person\",\"@id\":\"https:\\\/\\\/kibrisdakik.com\\\/#\\\/schema\\\/person\\\/9cd9d437bbb44f72b73ba127e06d8e79\",\"name\":\"admin\",\"image\":{\"@type\":\"ImageObject\",\"inLanguage\":\"tr\",\"@id\":\"https:\\\/\\\/secure.gravatar.com\\\/avatar\\\/ccc17943b9d660506c869530f897617f7cb1c21a4bf30023f252596d83e1f007?s=96&d=mm&r=g\",\"url\":\"https:\\\/\\\/secure.gravatar.com\\\/avatar\\\/ccc17943b9d660506c869530f897617f7cb1c21a4bf30023f252596d83e1f007?s=96&d=mm&r=g\",\"contentUrl\":\"https:\\\/\\\/secure.gravatar.com\\\/avatar\\\/ccc17943b9d660506c869530f897617f7cb1c21a4bf30023f252596d83e1f007?s=96&d=mm&r=g\",\"caption\":\"admin\"},\"sameAs\":[\"https:\\\/\\\/kibrisdakik.com\"],\"url\":\"https:\\\/\\\/kibrisdakik.com\\\/?author=1\"}]}<\/script>\n<!-- \/ Yoast SEO plugin. -->","yoast_head_json":{"title":"KT\u00d6S\u2019ten a\u00e7\u0131klama :\u201cGe\u00e7i\u015f kap\u0131lar\u0131n\u0131n a\u00e7\u0131lmas\u0131 insanlar\u0131n ya\u015fam kalitesinin art\u0131r\u0131lmas\u0131 i\u00e7in elzemdir\u201d -","robots":{"index":"index","follow":"follow","max-snippet":"max-snippet:-1","max-image-preview":"max-image-preview:large","max-video-preview":"max-video-preview:-1"},"canonical":"https:\/\/kibrisdakik.com\/?p=71202","og_locale":"tr_TR","og_type":"article","og_title":"KT\u00d6S\u2019ten a\u00e7\u0131klama :\u201cGe\u00e7i\u015f kap\u0131lar\u0131n\u0131n a\u00e7\u0131lmas\u0131 insanlar\u0131n ya\u015fam kalitesinin art\u0131r\u0131lmas\u0131 i\u00e7in elzemdir\u201d -","og_description":"K\u0131br\u0131s T\u00fcrk \u00d6\u011fretmenler Sendikas\u0131 Genel Sekreteri Burak Mavi\u015f imzas\u0131yla yap\u0131lan a\u00e7\u0131klamada, K\u0131br\u0131s sorununun \u00e7\u00f6z\u00fcm\u00fc y\u00f6n\u00fcnde ve iki toplum aras\u0131ndaki g\u00fcveni in\u015fa etme yolunda ge\u00e7i\u015f kap\u0131lar\u0131n\u0131n a\u00e7\u0131lmas\u0131n\u0131n kritik bir ad\u0131m oldu\u011fu kaydedildi. \u201cGe\u00e7i\u015fleri ekonomik ili\u015fkiler \u00fczerinden de\u011fil, sosyal ve insani ihtiya\u00e7lar \u00fczerinden d\u00fc\u015f\u00fcn\u00fcrsek, Erenk\u00f6y, Ak\u0131nc\u0131lar, Kirac\u0131k\u00f6y, Haspolat, Ma\u011fusa Kap\u0131s\u0131 ve Baf Kap\u0131s\u0131 gibi noktalar\u0131n \u00f6nemi daha","og_url":"https:\/\/kibrisdakik.com\/?p=71202","article_published_time":"2024-12-10T09:12:50+00:00","og_image":[{"width":971,"height":551,"url":"https:\/\/kibrisdakik.com\/wp-content\/uploads\/2024\/11\/ktos291-740x420.jpg","type":"image\/jpeg"}],"author":"admin","twitter_card":"summary_large_image","twitter_misc":{"Yazan:":"admin","Tahmini okuma s\u00fcresi":"1 dakika"},"schema":{"@context":"https:\/\/schema.org","@graph":[{"@type":"Article","@id":"https:\/\/kibrisdakik.com\/?p=71202#article","isPartOf":{"@id":"https:\/\/kibrisdakik.com\/?p=71202"},"author":{"name":"admin","@id":"https:\/\/kibrisdakik.com\/#\/schema\/person\/9cd9d437bbb44f72b73ba127e06d8e79"},"headline":"KT\u00d6S\u2019ten a\u00e7\u0131klama :\u201cGe\u00e7i\u015f kap\u0131lar\u0131n\u0131n a\u00e7\u0131lmas\u0131 insanlar\u0131n ya\u015fam kalitesinin art\u0131r\u0131lmas\u0131 i\u00e7in elzemdir\u201d","datePublished":"2024-12-10T09:12:50+00:00","mainEntityOfPage":{"@id":"https:\/\/kibrisdakik.com\/?p=71202"},"wordCount":188,"commentCount":0,"image":{"@id":"https:\/\/kibrisdakik.com\/?p=71202#primaryimage"},"thumbnailUrl":"https:\/\/kibrisdakik.com\/wp-content\/uploads\/2024\/11\/ktos291-740x420.jpg","articleSection":["K\u0131br\u0131s"],"inLanguage":"tr","potentialAction":[{"@type":"CommentAction","name":"Comment","target":["https:\/\/kibrisdakik.com\/?p=71202#respond"]}]},{"@type":"WebPage","@id":"https:\/\/kibrisdakik.com\/?p=71202","url":"https:\/\/kibrisdakik.com\/?p=71202","name":"KT\u00d6S\u2019ten a\u00e7\u0131klama :\u201cGe\u00e7i\u015f kap\u0131lar\u0131n\u0131n a\u00e7\u0131lmas\u0131 insanlar\u0131n ya\u015fam kalitesinin art\u0131r\u0131lmas\u0131 i\u00e7in elzemdir\u201d -","isPartOf":{"@id":"https:\/\/kibrisdakik.com\/#website"},"primaryImageOfPage":{"@id":"https:\/\/kibrisdakik.com\/?p=71202#primaryimage"},"image":{"@id":"https:\/\/kibrisdakik.com\/?p=71202#primaryimage"},"thumbnailUrl":"https:\/\/kibrisdakik.com\/wp-content\/uploads\/2024\/11\/ktos291-740x420.jpg","datePublished":"2024-12-10T09:12:50+00:00","author":{"@id":"https:\/\/kibrisdakik.com\/#\/schema\/person\/9cd9d437bbb44f72b73ba127e06d8e79"},"breadcrumb":{"@id":"https:\/\/kibrisdakik.com\/?p=71202#breadcrumb"},"inLanguage":"tr","potentialAction":[{"@type":"ReadAction","target":["https:\/\/kibrisdakik.com\/?p=71202"]}]},{"@type":"ImageObject","inLanguage":"tr","@id":"https:\/\/kibrisdakik.com\/?p=71202#primaryimage","url":"https:\/\/kibrisdakik.com\/wp-content\/uploads\/2024\/11\/ktos291-740x420.jpg","contentUrl":"https:\/\/kibrisdakik.com\/wp-content\/uploads\/2024\/11\/ktos291-740x420.jpg","width":971,"height":551},{"@type":"BreadcrumbList","@id":"https:\/\/kibrisdakik.com\/?p=71202#breadcrumb","itemListElement":[{"@type":"ListItem","position":1,"name":"Home","item":"https:\/\/kibrisdakik.com\/"},{"@type":"ListItem","position":2,"name":"KT\u00d6S\u2019ten a\u00e7\u0131klama :\u201cGe\u00e7i\u015f kap\u0131lar\u0131n\u0131n a\u00e7\u0131lmas\u0131 insanlar\u0131n ya\u015fam kalitesinin art\u0131r\u0131lmas\u0131 i\u00e7in elzemdir\u201d"}]},{"@type":"WebSite","@id":"https:\/\/kibrisdakik.com\/#website","url":"https:\/\/kibrisdakik.com\/","name":"","description":"Tam vaktinde haber","potentialAction":[{"@type":"SearchAction","target":{"@type":"EntryPoint","urlTemplate":"https:\/\/kibrisdakik.com\/?s={search_term_string}"},"query-input":{"@type":"PropertyValueSpecification","valueRequired":true,"valueName":"search_term_string"}}],"inLanguage":"tr"},{"@type":"Person","@id":"https:\/\/kibrisdakik.com\/#\/schema\/person\/9cd9d437bbb44f72b73ba127e06d8e79","name":"admin","image":{"@type":"ImageObject","inLanguage":"tr","@id":"https:\/\/secure.gravatar.com\/avatar\/ccc17943b9d660506c869530f897617f7cb1c21a4bf30023f252596d83e1f007?s=96&d=mm&r=g","url":"https:\/\/secure.gravatar.com\/avatar\/ccc17943b9d660506c869530f897617f7cb1c21a4bf30023f252596d83e1f007?s=96&d=mm&r=g","contentUrl":"https:\/\/secure.gravatar.com\/avatar\/ccc17943b9d660506c869530f897617f7cb1c21a4bf30023f252596d83e1f007?s=96&d=mm&r=g","caption":"admin"},"sameAs":["https:\/\/kibrisdakik.com"],"url":"https:\/\/kibrisdakik.com\/?author=1"}]}},"_links":{"self":[{"href":"https:\/\/kibrisdakik.com\/index.php?rest_route=\/wp\/v2\/posts\/71202","targetHints":{"allow":["GET"]}}],"collection":[{"href":"https:\/\/kibrisdakik.com\/index.php?rest_route=\/wp\/v2\/posts"}],"about":[{"href":"https:\/\/kibrisdakik.com\/index.php?rest_route=\/wp\/v2\/types\/post"}],"author":[{"embeddable":true,"href":"https:\/\/kibrisdakik.com\/index.php?rest_route=\/wp\/v2\/users\/1"}],"replies":[{"embeddable":true,"href":"https:\/\/kibrisdakik.com\/index.php?rest_route=%2Fwp%2Fv2%2Fcomments&post=71202"}],"version-history":[{"count":0,"href":"https:\/\/kibrisdakik.com\/index.php?rest_route=\/wp\/v2\/posts\/71202\/revisions"}],"wp:featuredmedia":[{"embeddable":true,"href":"https:\/\/kibrisdakik.com\/index.php?rest_route=\/wp\/v2\/media\/69604"}],"wp:attachment":[{"href":"https:\/\/kibrisdakik.com\/index.php?rest_route=%2Fwp%2Fv2%2Fmedia&parent=71202"}],"wp:term":[{"taxonomy":"category","embeddable":true,"href":"https:\/\/kibrisdakik.com\/index.php?rest_route=%2Fwp%2Fv2%2Fcategories&post=71202"},{"taxonomy":"post_tag","embeddable":true,"href":"https:\/\/kibrisdakik.com\/index.php?rest_route=%2Fwp%2Fv2%2Ftags&post=71202"}],"curies":[{"name":"wp","href":"https:\/\/api.w.org\/{rel}","templated":true}]}}