{"id":71203,"date":"2024-12-10T12:16:13","date_gmt":"2024-12-10T09:16:13","guid":{"rendered":"https:\/\/kibrisdakik.com\/index.php\/2024\/12\/10\/kibris-turk-tabipleri-birligi-saglik-hizmetlerini-ve-hasta-haklarini-guvence-altina-almaliyiz\/"},"modified":"2024-12-10T12:16:13","modified_gmt":"2024-12-10T09:16:13","slug":"kibris-turk-tabipleri-birligi-saglik-hizmetlerini-ve-hasta-haklarini-guvence-altina-almaliyiz","status":"publish","type":"post","link":"https:\/\/kibrisdakik.com\/?p=71203","title":{"rendered":"K\u0131br\u0131s T\u00fcrk Tabipleri Birli\u011fi: Sa\u011fl\u0131k hizmetlerini ve hasta haklar\u0131n\u0131 g\u00fcvence alt\u0131na almal\u0131y\u0131z"},"content":{"rendered":"<div>\n<div class=\"mariselle-image-container center\">\n                                            <\/div>\n<p>D\u00fcnya \u0130nsan Haklar\u0131 G\u00fcn\u00fc vesilesiyle a\u00e7\u0131klama yapan  K\u0131br\u0131s T\u00fcrk Tabipleri Birli\u011fi, sa\u011fl\u0131k hizmetlerine eri\u015fimde ciddi eksiklikler bulundu\u011funu belirtti.<\/p>\n<p>Sa\u011fl\u0131k hakk\u0131n\u0131n, 1948\u2019de Birle\u015fmi\u015f Milletler Genel Kurulu taraf\u0131ndan kabul edilen \u0130nsan Haklar\u0131 Evrensel Bildirgesi\u2019nin 25\u2019nci maddesinde ifade edildi\u011fi an\u0131msat\u0131ld\u0131\u011f\u0131 a\u00e7\u0131klamada,  \u201cHerkesin, kendisi ve ailesi i\u00e7in sa\u011fl\u0131k ve refah d\u00fczeyine ula\u015fma hakk\u0131 vard\u0131r.Bu hak yaln\u0131zca fiziksel sa\u011fl\u0131\u011f\u0131 de\u011fil, ruhsal ve sosyal refah\u0131 da kapsar. Hasta haklar\u0131 ise bireylerin nitelikli, sayg\u0131n ve e\u015fit sa\u011fl\u0131k hizmetlerine eri\u015fimini g\u00fcvence alt\u0131na al\u0131r\u201d denildi.<\/p>\n<p>A\u00e7\u0131klamada, KKTC\u2019de \u0130nsan Haklar\u0131 Evrensel Bildirgesi\u2019nin hayata ge\u00e7irilmesinde ciddi eksiklikler bulundu\u011fu da belirtildi. <\/p>\n<p>Kamusal sa\u011fl\u0131k alan\u0131nda altyap\u0131 eksiklikleri ve a\u011f\u0131r \u00e7al\u0131\u015fma ko\u015fullar\u0131n\u0131n s\u0131k\u0131nt\u0131lar aras\u0131nda oldu\u011fu belirtilen a\u00e7\u0131klamada, \u201c\u0130nsanlar\u0131n sa\u011fl\u0131k hizmetlerine eri\u015fimi yaln\u0131zca altyap\u0131 eksiklikleri ve ekonomik engellerle de\u011fil, kamu otoritesinin sistematik ihm\u00e2l politikalar\u0131yla da engellenmektedir. \u00d6zellikle sa\u011fl\u0131k hizmetlerine eri\u015fimde altyap\u0131 yetersizlikleri, ekonomik zorluklar ve sa\u011fl\u0131k \u00e7al\u0131\u015fanlar\u0131n\u0131n a\u011f\u0131r \u00e7al\u0131\u015fma ko\u015fullar\u0131 ciddi hak ihlallerine yol a\u00e7maktad\u0131r. Ayr\u0131ca hasta haklar\u0131 konusunda fark\u0131ndal\u0131k, duyarl\u0131l\u0131k ve denetim mekanizmalar\u0131 da yetersiz kalmaktad\u0131r\u201d denildi.<\/p>\n<p>Sa\u011fl\u0131k altyap\u0131s\u0131n\u0131n g\u00fc\u00e7lendirilmesi i\u00e7in acil ad\u0131mlar at\u0131lmas\u0131 gerekti\u011fi kaydedilen a\u00e7\u0131klamada, \u201cH\u00fck\u00fcmet ve Sa\u011fl\u0131k Bakanl\u0131\u011f\u0131, sa\u011fl\u0131k altyap\u0131s\u0131n\u0131 g\u00fc\u00e7lendirmek, kamusal sa\u011fl\u0131k hizmetlerine eri\u015fimi kolayla\u015ft\u0131rmak, sa\u011fl\u0131k \u00e7al\u0131\u015fanlar\u0131n\u0131n \u00f6zl\u00fck haklar\u0131n\u0131 iyile\u015ftirmek ve hasta haklar\u0131n\u0131 g\u00fcvence alt\u0131na almak i\u00e7in derhal harekete ge\u00e7melidir\u201d ifadesi kullan\u0131ld\u0131.<\/p>\n<\/p><\/div>\n<p><script async\n                    defer\n                    crossorigin=\"anonymous\"\n                    src=\"https:\/\/connect.facebook.net\/tr_TR\/sdk.js#xfbml=1&#038;version=v3.3\"\n            ><\/script><\/p>\n","protected":false},"excerpt":{"rendered":"<p>D\u00fcnya \u0130nsan Haklar\u0131 G\u00fcn\u00fc vesilesiyle a\u00e7\u0131klama yapan K\u0131br\u0131s T\u00fcrk Tabipleri Birli\u011fi, sa\u011fl\u0131k hizmetlerine eri\u015fimde ciddi eksiklikler bulundu\u011funu belirtti. Sa\u011fl\u0131k hakk\u0131n\u0131n, 1948\u2019de Birle\u015fmi\u015f Milletler Genel Kurulu taraf\u0131ndan kabul edilen \u0130nsan Haklar\u0131 Evrensel Bildirgesi\u2019nin 25\u2019nci maddesinde ifade edildi\u011fi an\u0131msat\u0131ld\u0131\u011f\u0131 a\u00e7\u0131klamada, \u201cHerkesin, kendisi ve ailesi i\u00e7in sa\u011fl\u0131k ve refah d\u00fczeyine ula\u015fma hakk\u0131 vard\u0131r.Bu hak yaln\u0131zca fiziksel sa\u011fl\u0131\u011f\u0131 de\u011fil,<\/p>\n","protected":false},"author":1,"featured_media":71204,"comment_status":"open","ping_status":"open","sticky":false,"template":"","format":"standard","meta":{"footnotes":""},"categories":[81],"tags":[],"class_list":["post-71203","post","type-post","status-publish","format-standard","has-post-thumbnail","hentry","category-kibris"],"yoast_head":"<!-- This site is optimized with the Yoast SEO plugin v27.4 - https:\/\/yoast.com\/product\/yoast-seo-wordpress\/ -->\n<title>K\u0131br\u0131s T\u00fcrk Tabipleri Birli\u011fi: Sa\u011fl\u0131k hizmetlerini ve hasta haklar\u0131n\u0131 g\u00fcvence alt\u0131na almal\u0131y\u0131z -<\/title>\n<meta name=\"robots\" content=\"index, follow, max-snippet:-1, max-image-preview:large, max-video-preview:-1\" \/>\n<link rel=\"canonical\" href=\"https:\/\/kibrisdakik.com\/?p=71203\" \/>\n<meta property=\"og:locale\" content=\"tr_TR\" \/>\n<meta property=\"og:type\" content=\"article\" \/>\n<meta property=\"og:title\" content=\"K\u0131br\u0131s T\u00fcrk Tabipleri Birli\u011fi: Sa\u011fl\u0131k hizmetlerini ve hasta haklar\u0131n\u0131 g\u00fcvence alt\u0131na almal\u0131y\u0131z -\" \/>\n<meta property=\"og:description\" content=\"D\u00fcnya \u0130nsan Haklar\u0131 G\u00fcn\u00fc vesilesiyle a\u00e7\u0131klama yapan K\u0131br\u0131s T\u00fcrk Tabipleri Birli\u011fi, sa\u011fl\u0131k hizmetlerine eri\u015fimde ciddi eksiklikler bulundu\u011funu belirtti. Sa\u011fl\u0131k hakk\u0131n\u0131n, 1948\u2019de Birle\u015fmi\u015f Milletler Genel Kurulu taraf\u0131ndan kabul edilen \u0130nsan Haklar\u0131 Evrensel Bildirgesi\u2019nin 25\u2019nci maddesinde ifade edildi\u011fi an\u0131msat\u0131ld\u0131\u011f\u0131 a\u00e7\u0131klamada, \u201cHerkesin, kendisi ve ailesi i\u00e7in sa\u011fl\u0131k ve refah d\u00fczeyine ula\u015fma hakk\u0131 vard\u0131r.Bu hak yaln\u0131zca fiziksel sa\u011fl\u0131\u011f\u0131 de\u011fil,\" \/>\n<meta property=\"og:url\" content=\"https:\/\/kibrisdakik.com\/?p=71203\" \/>\n<meta property=\"article:published_time\" content=\"2024-12-10T09:16:13+00:00\" \/>\n<meta property=\"og:image\" content=\"https:\/\/kibrisdakik.com\/wp-content\/uploads\/2024\/12\/ASDAS-740x420.jpeg\" \/>\n\t<meta property=\"og:image:width\" content=\"1600\" \/>\n\t<meta property=\"og:image:height\" content=\"1600\" \/>\n\t<meta property=\"og:image:type\" content=\"image\/jpeg\" \/>\n<meta name=\"author\" content=\"admin\" \/>\n<meta name=\"twitter:card\" content=\"summary_large_image\" \/>\n<meta name=\"twitter:label1\" content=\"Yazan:\" \/>\n\t<meta name=\"twitter:data1\" content=\"admin\" \/>\n\t<meta name=\"twitter:label2\" content=\"Tahmini okuma s\u00fcresi\" \/>\n\t<meta name=\"twitter:data2\" content=\"2 dakika\" \/>\n<script type=\"application\/ld+json\" class=\"yoast-schema-graph\">{\"@context\":\"https:\\\/\\\/schema.org\",\"@graph\":[{\"@type\":\"Article\",\"@id\":\"https:\\\/\\\/kibrisdakik.com\\\/?p=71203#article\",\"isPartOf\":{\"@id\":\"https:\\\/\\\/kibrisdakik.com\\\/?p=71203\"},\"author\":{\"name\":\"admin\",\"@id\":\"https:\\\/\\\/kibrisdakik.com\\\/#\\\/schema\\\/person\\\/9cd9d437bbb44f72b73ba127e06d8e79\"},\"headline\":\"K\u0131br\u0131s T\u00fcrk Tabipleri Birli\u011fi: Sa\u011fl\u0131k hizmetlerini ve hasta haklar\u0131n\u0131 g\u00fcvence alt\u0131na almal\u0131y\u0131z\",\"datePublished\":\"2024-12-10T09:16:13+00:00\",\"mainEntityOfPage\":{\"@id\":\"https:\\\/\\\/kibrisdakik.com\\\/?p=71203\"},\"wordCount\":340,\"commentCount\":0,\"image\":{\"@id\":\"https:\\\/\\\/kibrisdakik.com\\\/?p=71203#primaryimage\"},\"thumbnailUrl\":\"https:\\\/\\\/kibrisdakik.com\\\/wp-content\\\/uploads\\\/2024\\\/12\\\/ASDAS-740x420.jpeg\",\"articleSection\":[\"K\u0131br\u0131s\"],\"inLanguage\":\"tr\",\"potentialAction\":[{\"@type\":\"CommentAction\",\"name\":\"Comment\",\"target\":[\"https:\\\/\\\/kibrisdakik.com\\\/?p=71203#respond\"]}]},{\"@type\":\"WebPage\",\"@id\":\"https:\\\/\\\/kibrisdakik.com\\\/?p=71203\",\"url\":\"https:\\\/\\\/kibrisdakik.com\\\/?p=71203\",\"name\":\"K\u0131br\u0131s T\u00fcrk Tabipleri Birli\u011fi: Sa\u011fl\u0131k hizmetlerini ve hasta haklar\u0131n\u0131 g\u00fcvence alt\u0131na almal\u0131y\u0131z -\",\"isPartOf\":{\"@id\":\"https:\\\/\\\/kibrisdakik.com\\\/#website\"},\"primaryImageOfPage\":{\"@id\":\"https:\\\/\\\/kibrisdakik.com\\\/?p=71203#primaryimage\"},\"image\":{\"@id\":\"https:\\\/\\\/kibrisdakik.com\\\/?p=71203#primaryimage\"},\"thumbnailUrl\":\"https:\\\/\\\/kibrisdakik.com\\\/wp-content\\\/uploads\\\/2024\\\/12\\\/ASDAS-740x420.jpeg\",\"datePublished\":\"2024-12-10T09:16:13+00:00\",\"author\":{\"@id\":\"https:\\\/\\\/kibrisdakik.com\\\/#\\\/schema\\\/person\\\/9cd9d437bbb44f72b73ba127e06d8e79\"},\"breadcrumb\":{\"@id\":\"https:\\\/\\\/kibrisdakik.com\\\/?p=71203#breadcrumb\"},\"inLanguage\":\"tr\",\"potentialAction\":[{\"@type\":\"ReadAction\",\"target\":[\"https:\\\/\\\/kibrisdakik.com\\\/?p=71203\"]}]},{\"@type\":\"ImageObject\",\"inLanguage\":\"tr\",\"@id\":\"https:\\\/\\\/kibrisdakik.com\\\/?p=71203#primaryimage\",\"url\":\"https:\\\/\\\/kibrisdakik.com\\\/wp-content\\\/uploads\\\/2024\\\/12\\\/ASDAS-740x420.jpeg\",\"contentUrl\":\"https:\\\/\\\/kibrisdakik.com\\\/wp-content\\\/uploads\\\/2024\\\/12\\\/ASDAS-740x420.jpeg\",\"width\":1600,\"height\":1600},{\"@type\":\"BreadcrumbList\",\"@id\":\"https:\\\/\\\/kibrisdakik.com\\\/?p=71203#breadcrumb\",\"itemListElement\":[{\"@type\":\"ListItem\",\"position\":1,\"name\":\"Home\",\"item\":\"https:\\\/\\\/kibrisdakik.com\\\/\"},{\"@type\":\"ListItem\",\"position\":2,\"name\":\"K\u0131br\u0131s T\u00fcrk Tabipleri Birli\u011fi: Sa\u011fl\u0131k hizmetlerini ve hasta haklar\u0131n\u0131 g\u00fcvence alt\u0131na almal\u0131y\u0131z\"}]},{\"@type\":\"WebSite\",\"@id\":\"https:\\\/\\\/kibrisdakik.com\\\/#website\",\"url\":\"https:\\\/\\\/kibrisdakik.com\\\/\",\"name\":\"\",\"description\":\"Tam vaktinde haber\",\"potentialAction\":[{\"@type\":\"SearchAction\",\"target\":{\"@type\":\"EntryPoint\",\"urlTemplate\":\"https:\\\/\\\/kibrisdakik.com\\\/?s={search_term_string}\"},\"query-input\":{\"@type\":\"PropertyValueSpecification\",\"valueRequired\":true,\"valueName\":\"search_term_string\"}}],\"inLanguage\":\"tr\"},{\"@type\":\"Person\",\"@id\":\"https:\\\/\\\/kibrisdakik.com\\\/#\\\/schema\\\/person\\\/9cd9d437bbb44f72b73ba127e06d8e79\",\"name\":\"admin\",\"image\":{\"@type\":\"ImageObject\",\"inLanguage\":\"tr\",\"@id\":\"https:\\\/\\\/secure.gravatar.com\\\/avatar\\\/ccc17943b9d660506c869530f897617f7cb1c21a4bf30023f252596d83e1f007?s=96&d=mm&r=g\",\"url\":\"https:\\\/\\\/secure.gravatar.com\\\/avatar\\\/ccc17943b9d660506c869530f897617f7cb1c21a4bf30023f252596d83e1f007?s=96&d=mm&r=g\",\"contentUrl\":\"https:\\\/\\\/secure.gravatar.com\\\/avatar\\\/ccc17943b9d660506c869530f897617f7cb1c21a4bf30023f252596d83e1f007?s=96&d=mm&r=g\",\"caption\":\"admin\"},\"sameAs\":[\"https:\\\/\\\/kibrisdakik.com\"],\"url\":\"https:\\\/\\\/kibrisdakik.com\\\/?author=1\"}]}<\/script>\n<!-- \/ Yoast SEO plugin. -->","yoast_head_json":{"title":"K\u0131br\u0131s T\u00fcrk Tabipleri Birli\u011fi: Sa\u011fl\u0131k hizmetlerini ve hasta haklar\u0131n\u0131 g\u00fcvence alt\u0131na almal\u0131y\u0131z -","robots":{"index":"index","follow":"follow","max-snippet":"max-snippet:-1","max-image-preview":"max-image-preview:large","max-video-preview":"max-video-preview:-1"},"canonical":"https:\/\/kibrisdakik.com\/?p=71203","og_locale":"tr_TR","og_type":"article","og_title":"K\u0131br\u0131s T\u00fcrk Tabipleri Birli\u011fi: Sa\u011fl\u0131k hizmetlerini ve hasta haklar\u0131n\u0131 g\u00fcvence alt\u0131na almal\u0131y\u0131z -","og_description":"D\u00fcnya \u0130nsan Haklar\u0131 G\u00fcn\u00fc vesilesiyle a\u00e7\u0131klama yapan K\u0131br\u0131s T\u00fcrk Tabipleri Birli\u011fi, sa\u011fl\u0131k hizmetlerine eri\u015fimde ciddi eksiklikler bulundu\u011funu belirtti. Sa\u011fl\u0131k hakk\u0131n\u0131n, 1948\u2019de Birle\u015fmi\u015f Milletler Genel Kurulu taraf\u0131ndan kabul edilen \u0130nsan Haklar\u0131 Evrensel Bildirgesi\u2019nin 25\u2019nci maddesinde ifade edildi\u011fi an\u0131msat\u0131ld\u0131\u011f\u0131 a\u00e7\u0131klamada, \u201cHerkesin, kendisi ve ailesi i\u00e7in sa\u011fl\u0131k ve refah d\u00fczeyine ula\u015fma hakk\u0131 vard\u0131r.Bu hak yaln\u0131zca fiziksel sa\u011fl\u0131\u011f\u0131 de\u011fil,","og_url":"https:\/\/kibrisdakik.com\/?p=71203","article_published_time":"2024-12-10T09:16:13+00:00","og_image":[{"width":1600,"height":1600,"url":"https:\/\/kibrisdakik.com\/wp-content\/uploads\/2024\/12\/ASDAS-740x420.jpeg","type":"image\/jpeg"}],"author":"admin","twitter_card":"summary_large_image","twitter_misc":{"Yazan:":"admin","Tahmini okuma s\u00fcresi":"2 dakika"},"schema":{"@context":"https:\/\/schema.org","@graph":[{"@type":"Article","@id":"https:\/\/kibrisdakik.com\/?p=71203#article","isPartOf":{"@id":"https:\/\/kibrisdakik.com\/?p=71203"},"author":{"name":"admin","@id":"https:\/\/kibrisdakik.com\/#\/schema\/person\/9cd9d437bbb44f72b73ba127e06d8e79"},"headline":"K\u0131br\u0131s T\u00fcrk Tabipleri Birli\u011fi: Sa\u011fl\u0131k hizmetlerini ve hasta haklar\u0131n\u0131 g\u00fcvence alt\u0131na almal\u0131y\u0131z","datePublished":"2024-12-10T09:16:13+00:00","mainEntityOfPage":{"@id":"https:\/\/kibrisdakik.com\/?p=71203"},"wordCount":340,"commentCount":0,"image":{"@id":"https:\/\/kibrisdakik.com\/?p=71203#primaryimage"},"thumbnailUrl":"https:\/\/kibrisdakik.com\/wp-content\/uploads\/2024\/12\/ASDAS-740x420.jpeg","articleSection":["K\u0131br\u0131s"],"inLanguage":"tr","potentialAction":[{"@type":"CommentAction","name":"Comment","target":["https:\/\/kibrisdakik.com\/?p=71203#respond"]}]},{"@type":"WebPage","@id":"https:\/\/kibrisdakik.com\/?p=71203","url":"https:\/\/kibrisdakik.com\/?p=71203","name":"K\u0131br\u0131s T\u00fcrk Tabipleri Birli\u011fi: Sa\u011fl\u0131k hizmetlerini ve hasta haklar\u0131n\u0131 g\u00fcvence alt\u0131na almal\u0131y\u0131z -","isPartOf":{"@id":"https:\/\/kibrisdakik.com\/#website"},"primaryImageOfPage":{"@id":"https:\/\/kibrisdakik.com\/?p=71203#primaryimage"},"image":{"@id":"https:\/\/kibrisdakik.com\/?p=71203#primaryimage"},"thumbnailUrl":"https:\/\/kibrisdakik.com\/wp-content\/uploads\/2024\/12\/ASDAS-740x420.jpeg","datePublished":"2024-12-10T09:16:13+00:00","author":{"@id":"https:\/\/kibrisdakik.com\/#\/schema\/person\/9cd9d437bbb44f72b73ba127e06d8e79"},"breadcrumb":{"@id":"https:\/\/kibrisdakik.com\/?p=71203#breadcrumb"},"inLanguage":"tr","potentialAction":[{"@type":"ReadAction","target":["https:\/\/kibrisdakik.com\/?p=71203"]}]},{"@type":"ImageObject","inLanguage":"tr","@id":"https:\/\/kibrisdakik.com\/?p=71203#primaryimage","url":"https:\/\/kibrisdakik.com\/wp-content\/uploads\/2024\/12\/ASDAS-740x420.jpeg","contentUrl":"https:\/\/kibrisdakik.com\/wp-content\/uploads\/2024\/12\/ASDAS-740x420.jpeg","width":1600,"height":1600},{"@type":"BreadcrumbList","@id":"https:\/\/kibrisdakik.com\/?p=71203#breadcrumb","itemListElement":[{"@type":"ListItem","position":1,"name":"Home","item":"https:\/\/kibrisdakik.com\/"},{"@type":"ListItem","position":2,"name":"K\u0131br\u0131s T\u00fcrk Tabipleri Birli\u011fi: Sa\u011fl\u0131k hizmetlerini ve hasta haklar\u0131n\u0131 g\u00fcvence alt\u0131na almal\u0131y\u0131z"}]},{"@type":"WebSite","@id":"https:\/\/kibrisdakik.com\/#website","url":"https:\/\/kibrisdakik.com\/","name":"","description":"Tam vaktinde haber","potentialAction":[{"@type":"SearchAction","target":{"@type":"EntryPoint","urlTemplate":"https:\/\/kibrisdakik.com\/?s={search_term_string}"},"query-input":{"@type":"PropertyValueSpecification","valueRequired":true,"valueName":"search_term_string"}}],"inLanguage":"tr"},{"@type":"Person","@id":"https:\/\/kibrisdakik.com\/#\/schema\/person\/9cd9d437bbb44f72b73ba127e06d8e79","name":"admin","image":{"@type":"ImageObject","inLanguage":"tr","@id":"https:\/\/secure.gravatar.com\/avatar\/ccc17943b9d660506c869530f897617f7cb1c21a4bf30023f252596d83e1f007?s=96&d=mm&r=g","url":"https:\/\/secure.gravatar.com\/avatar\/ccc17943b9d660506c869530f897617f7cb1c21a4bf30023f252596d83e1f007?s=96&d=mm&r=g","contentUrl":"https:\/\/secure.gravatar.com\/avatar\/ccc17943b9d660506c869530f897617f7cb1c21a4bf30023f252596d83e1f007?s=96&d=mm&r=g","caption":"admin"},"sameAs":["https:\/\/kibrisdakik.com"],"url":"https:\/\/kibrisdakik.com\/?author=1"}]}},"_links":{"self":[{"href":"https:\/\/kibrisdakik.com\/index.php?rest_route=\/wp\/v2\/posts\/71203","targetHints":{"allow":["GET"]}}],"collection":[{"href":"https:\/\/kibrisdakik.com\/index.php?rest_route=\/wp\/v2\/posts"}],"about":[{"href":"https:\/\/kibrisdakik.com\/index.php?rest_route=\/wp\/v2\/types\/post"}],"author":[{"embeddable":true,"href":"https:\/\/kibrisdakik.com\/index.php?rest_route=\/wp\/v2\/users\/1"}],"replies":[{"embeddable":true,"href":"https:\/\/kibrisdakik.com\/index.php?rest_route=%2Fwp%2Fv2%2Fcomments&post=71203"}],"version-history":[{"count":0,"href":"https:\/\/kibrisdakik.com\/index.php?rest_route=\/wp\/v2\/posts\/71203\/revisions"}],"wp:featuredmedia":[{"embeddable":true,"href":"https:\/\/kibrisdakik.com\/index.php?rest_route=\/wp\/v2\/media\/71204"}],"wp:attachment":[{"href":"https:\/\/kibrisdakik.com\/index.php?rest_route=%2Fwp%2Fv2%2Fmedia&parent=71203"}],"wp:term":[{"taxonomy":"category","embeddable":true,"href":"https:\/\/kibrisdakik.com\/index.php?rest_route=%2Fwp%2Fv2%2Fcategories&post=71203"},{"taxonomy":"post_tag","embeddable":true,"href":"https:\/\/kibrisdakik.com\/index.php?rest_route=%2Fwp%2Fv2%2Ftags&post=71203"}],"curies":[{"name":"wp","href":"https:\/\/api.w.org\/{rel}","templated":true}]}}