{"id":71252,"date":"2024-12-10T20:11:40","date_gmt":"2024-12-10T17:11:40","guid":{"rendered":"https:\/\/kibrisdakik.com\/index.php\/2024\/12\/10\/cumhurbaskani-tatara-insan-haklari-bagimsizlik-onursal-odulu\/"},"modified":"2024-12-10T20:11:40","modified_gmt":"2024-12-10T17:11:40","slug":"cumhurbaskani-tatara-insan-haklari-bagimsizlik-onursal-odulu","status":"publish","type":"post","link":"https:\/\/kibrisdakik.com\/?p=71252","title":{"rendered":"Cumhurba\u015fkan\u0131 Tatar\u2019a \u201c\u0130nsan Haklar\u0131 Ba\u011f\u0131ms\u0131zl\u0131k Onursal \u00d6d\u00fcl\u00fc\u201d"},"content":{"rendered":"<div>\n<div class=\"mariselle-image-container center\">\n                                            <\/div>\n<p>\u0130nsan Haklar\u0131 Derne\u011fi, Cumhurba\u015fkan\u0131 Ersin Tatar\u2019a \u201c\u0130nsan Haklar\u0131 Ba\u011f\u0131ms\u0131zl\u0131k Onursal \u00d6d\u00fcl\u00fc\u201d verdi.<\/p>\n<p>\u0130nsan Haklar\u0131 Derne\u011fi Ba\u015fkan\u0131 Hasan Y\u0131lmaz I\u015f\u0131k ve y\u00f6netim kurulu \u00fcyeleri bug\u00fcn 10 Aral\u0131k D\u00fcnya \u0130nsan Haklar\u0131 G\u00fcn\u00fc nedeniyle Cumhurba\u015fkan\u0131 Tatar\u2019\u0131 ziyaret ederek, \u00f6d\u00fcl\u00fc takdim etti.<\/p>\n<p>Cumhurba\u015fkanl\u0131\u011f\u0131\u2019ndan yap\u0131lan a\u00e7\u0131klamaya g\u00f6re, Cumhurba\u015fkan\u0131 Tatar kabuldeki konu\u015fmas\u0131nda, dernek ba\u015fkan\u0131 ve y\u00f6netim kurulu \u00fcyelerine, kendisine yapt\u0131klar\u0131 ziyaretten dolay\u0131 duydu\u011fu memnuniyeti ifade ederek, derne\u011fin \u00e7al\u0131\u015fmalar\u0131n\u0131 takdirle kar\u015f\u0131lad\u0131\u011f\u0131n\u0131 belirtti.<\/p>\n<p>Cumhurba\u015fkan\u0131 Tatar, K\u0131br\u0131s meselesinin asl\u0131nda bir insan haklar\u0131 meselesi oldu\u011funu belirterek, K\u0131br\u0131s T\u00fcrk halk\u0131n\u0131n uygulanan izolasyon ve k\u0131s\u0131tlamalar nedeniyle y\u0131llard\u0131r ma\u011fduriyet i\u00e7inde oldu\u011funu, T\u00fcrkiye Cumhuriyeti\u2019nin her zaman K\u0131br\u0131s T\u00fcrk\u00fc\u2019n\u00fcn yan\u0131nda oldu\u011funu s\u00f6yledi.<\/p>\n<p>Adil, kal\u0131c\u0131 ve s\u00fcrd\u00fcr\u00fclebilir bir antla\u015fman\u0131n ancak iki devletli \u00e7\u00f6z\u00fcmle olabilece\u011fine i\u015faret eden Cumhurba\u015fkan\u0131 Tatar, T\u00fcrk askerinin varl\u0131\u011f\u0131 ve T\u00fcrkiye\u2019nin garant\u00f6rl\u00fc\u011f\u00fcn\u00fcn devam\u0131n\u0131n g\u00fcvenlik ve bar\u0131\u015f a\u00e7\u0131s\u0131ndan \u00f6nemini dile getirdi. Federal temelde ama AB i\u00e7erisinde \u00fcniter bir yap\u0131ya evrilecek bir yap\u0131n\u0131n \u00e7e\u015fitli tehlikeleri i\u00e7erdi\u011fini anlatan Cumhurba\u015fkan\u0131 Tatar, K\u0131br\u0131s T\u00fcrklerinin 1974 \u00f6ncesine d\u00f6nmek istemedikleri ve 1960 kurulu\u015f anla\u015fmalar\u0131na g\u00f6re en az Rumlar kadar egemen olduklar\u0131n\u0131 ve devlet kurma hakk\u0131na sahip olduklar\u0131n\u0131 kaydetti.<\/p>\n<p>T\u00fcrkiye Cumhuriyeti\u2019nin de deste\u011fiyle K\u0131br\u0131s T\u00fcrk halk\u0131n\u0131n, milli m\u00fccadelesini s\u00fcrd\u00fcrd\u00fc\u011f\u00fcn\u00fc kaydeden Cumhurba\u015fkan\u0131 Tatar, insan haklar\u0131yla ba\u011fda\u015fmayan ve halen daha devam eden izolasyonlar ve ambargolar\u0131 k\u0131namaya devam edeceklerini vurgulad\u0131. <\/p>\n<p>Devletin kurum, kurulu\u015f ve sivil toplum kurulu\u015flar\u0131yla g\u00fc\u00e7lendi\u011fini s\u00f6yleyen Cumhurba\u015fkan\u0131 Tatar, KKTC \u0130nsan Haklar\u0131 Derne\u011fi\u2019nin y\u00fcr\u00fctt\u00fc\u011f\u00fc \u00e7al\u0131\u015fmalar\u0131 yak\u0131ndan takip etti\u011fini belirtti ve s\u00fcrd\u00fcr\u00fclen \u00e7al\u0131\u015fmalarda ba\u015far\u0131lar diledi.<\/p>\n<p>KKTC \u0130nsan Haklar\u0131 Derne\u011fi Ba\u015fkan\u0131 Hasan Y\u0131lmaz I\u015f\u0131k da yapt\u0131\u011f\u0131 konu\u015fmada, Birle\u015fmi\u015f Milletler \u0130nsan Haklar\u0131 Bildirgesi\u2019nin ilan edildi\u011fi 1948 y\u0131l\u0131ndan beri 10 Aral\u0131k\u2019\u0131n, D\u00fcnya \u0130nsan Haklar\u0131 G\u00fcn\u00fc olarak kutland\u0131\u011f\u0131n\u0131 dile getirdi.<\/p>\n<p>Aral\u0131k ay\u0131n\u0131n, K\u0131br\u0131s T\u00fcrk halk\u0131n\u0131n 1963 y\u0131l\u0131nda ya\u015fad\u0131\u011f\u0131 insanl\u0131k trajedisi an\u0131s\u0131na \u201c\u0130nsan Haklar\u0131 Ay\u0131\u201d olarak ilan ettiklerini belirten Hasan Y\u0131lmaz I\u015f\u0131k, \u201cBu kapsamda insan haklar\u0131m\u0131z\u0131n korunmas\u0131nda tek g\u00fcvencemiz olan devletimiz ve ba\u011f\u0131ms\u0131zl\u0131\u011f\u0131m\u0131za sahip \u00e7\u0131k\u0131lmas\u0131n\u0131n \u00f6nemini vurgulamak i\u00e7in \u0130nsan Haklar\u0131 Ba\u011f\u0131ms\u0131zl\u0131k Onursal \u00d6d\u00fcl\u00fc\u2019n\u00fc Cumhurba\u015fkan\u0131 Tatar\u2019a sunduk\u201d dedi.<\/p>\n<\/p><\/div>\n<p><script async\n                    defer\n                    crossorigin=\"anonymous\"\n                    src=\"https:\/\/connect.facebook.net\/tr_TR\/sdk.js#xfbml=1&#038;version=v3.3\"\n            ><\/script><\/p>\n","protected":false},"excerpt":{"rendered":"<p>\u0130nsan Haklar\u0131 Derne\u011fi, Cumhurba\u015fkan\u0131 Ersin Tatar\u2019a \u201c\u0130nsan Haklar\u0131 Ba\u011f\u0131ms\u0131zl\u0131k Onursal \u00d6d\u00fcl\u00fc\u201d verdi. \u0130nsan Haklar\u0131 Derne\u011fi Ba\u015fkan\u0131 Hasan Y\u0131lmaz I\u015f\u0131k ve y\u00f6netim kurulu \u00fcyeleri bug\u00fcn 10 Aral\u0131k D\u00fcnya \u0130nsan Haklar\u0131 G\u00fcn\u00fc nedeniyle Cumhurba\u015fkan\u0131 Tatar\u2019\u0131 ziyaret ederek, \u00f6d\u00fcl\u00fc takdim etti. Cumhurba\u015fkanl\u0131\u011f\u0131\u2019ndan yap\u0131lan a\u00e7\u0131klamaya g\u00f6re, Cumhurba\u015fkan\u0131 Tatar kabuldeki konu\u015fmas\u0131nda, dernek ba\u015fkan\u0131 ve y\u00f6netim kurulu \u00fcyelerine, kendisine yapt\u0131klar\u0131 ziyaretten<\/p>\n","protected":false},"author":1,"featured_media":71253,"comment_status":"open","ping_status":"open","sticky":false,"template":"","format":"standard","meta":{"footnotes":""},"categories":[81],"tags":[],"class_list":["post-71252","post","type-post","status-publish","format-standard","has-post-thumbnail","hentry","category-kibris"],"yoast_head":"<!-- This site is optimized with the Yoast SEO plugin v27.5 - https:\/\/yoast.com\/product\/yoast-seo-wordpress\/ -->\n<title>Cumhurba\u015fkan\u0131 Tatar\u2019a \u201c\u0130nsan Haklar\u0131 Ba\u011f\u0131ms\u0131zl\u0131k Onursal \u00d6d\u00fcl\u00fc\u201d -<\/title>\n<meta name=\"robots\" content=\"index, follow, max-snippet:-1, max-image-preview:large, max-video-preview:-1\" \/>\n<link rel=\"canonical\" href=\"https:\/\/kibrisdakik.com\/?p=71252\" \/>\n<meta property=\"og:locale\" content=\"tr_TR\" \/>\n<meta property=\"og:type\" content=\"article\" \/>\n<meta property=\"og:title\" content=\"Cumhurba\u015fkan\u0131 Tatar\u2019a \u201c\u0130nsan Haklar\u0131 Ba\u011f\u0131ms\u0131zl\u0131k Onursal \u00d6d\u00fcl\u00fc\u201d -\" \/>\n<meta property=\"og:description\" content=\"\u0130nsan Haklar\u0131 Derne\u011fi, Cumhurba\u015fkan\u0131 Ersin Tatar\u2019a \u201c\u0130nsan Haklar\u0131 Ba\u011f\u0131ms\u0131zl\u0131k Onursal \u00d6d\u00fcl\u00fc\u201d verdi. \u0130nsan Haklar\u0131 Derne\u011fi Ba\u015fkan\u0131 Hasan Y\u0131lmaz I\u015f\u0131k ve y\u00f6netim kurulu \u00fcyeleri bug\u00fcn 10 Aral\u0131k D\u00fcnya \u0130nsan Haklar\u0131 G\u00fcn\u00fc nedeniyle Cumhurba\u015fkan\u0131 Tatar\u2019\u0131 ziyaret ederek, \u00f6d\u00fcl\u00fc takdim etti. Cumhurba\u015fkanl\u0131\u011f\u0131\u2019ndan yap\u0131lan a\u00e7\u0131klamaya g\u00f6re, Cumhurba\u015fkan\u0131 Tatar kabuldeki konu\u015fmas\u0131nda, dernek ba\u015fkan\u0131 ve y\u00f6netim kurulu \u00fcyelerine, kendisine yapt\u0131klar\u0131 ziyaretten\" \/>\n<meta property=\"og:url\" content=\"https:\/\/kibrisdakik.com\/?p=71252\" \/>\n<meta property=\"article:published_time\" content=\"2024-12-10T17:11:40+00:00\" \/>\n<meta property=\"og:image\" content=\"https:\/\/kibrisdakik.com\/wp-content\/uploads\/2024\/12\/1733849349608e7d43b52-8421-4b4b-8afe-2af38356bd86-740x420.jpg\" \/>\n\t<meta property=\"og:image:width\" content=\"1600\" \/>\n\t<meta property=\"og:image:height\" content=\"1066\" \/>\n\t<meta property=\"og:image:type\" content=\"image\/jpeg\" \/>\n<meta name=\"author\" content=\"admin\" \/>\n<meta name=\"twitter:card\" content=\"summary_large_image\" \/>\n<meta name=\"twitter:label1\" content=\"Yazan:\" \/>\n\t<meta name=\"twitter:data1\" content=\"admin\" \/>\n\t<meta name=\"twitter:label2\" content=\"Tahmini okuma s\u00fcresi\" \/>\n\t<meta name=\"twitter:data2\" content=\"2 dakika\" \/>\n<script type=\"application\/ld+json\" class=\"yoast-schema-graph\">{\"@context\":\"https:\\\/\\\/schema.org\",\"@graph\":[{\"@type\":\"Article\",\"@id\":\"https:\\\/\\\/kibrisdakik.com\\\/?p=71252#article\",\"isPartOf\":{\"@id\":\"https:\\\/\\\/kibrisdakik.com\\\/?p=71252\"},\"author\":{\"name\":\"admin\",\"@id\":\"https:\\\/\\\/kibrisdakik.com\\\/#\\\/schema\\\/person\\\/9cd9d437bbb44f72b73ba127e06d8e79\"},\"headline\":\"Cumhurba\u015fkan\u0131 Tatar\u2019a \u201c\u0130nsan Haklar\u0131 Ba\u011f\u0131ms\u0131zl\u0131k Onursal \u00d6d\u00fcl\u00fc\u201d\",\"datePublished\":\"2024-12-10T17:11:40+00:00\",\"mainEntityOfPage\":{\"@id\":\"https:\\\/\\\/kibrisdakik.com\\\/?p=71252\"},\"wordCount\":493,\"commentCount\":0,\"image\":{\"@id\":\"https:\\\/\\\/kibrisdakik.com\\\/?p=71252#primaryimage\"},\"thumbnailUrl\":\"https:\\\/\\\/kibrisdakik.com\\\/wp-content\\\/uploads\\\/2024\\\/12\\\/1733849349608e7d43b52-8421-4b4b-8afe-2af38356bd86-740x420.jpg\",\"articleSection\":[\"K\u0131br\u0131s\"],\"inLanguage\":\"tr\",\"potentialAction\":[{\"@type\":\"CommentAction\",\"name\":\"Comment\",\"target\":[\"https:\\\/\\\/kibrisdakik.com\\\/?p=71252#respond\"]}]},{\"@type\":\"WebPage\",\"@id\":\"https:\\\/\\\/kibrisdakik.com\\\/?p=71252\",\"url\":\"https:\\\/\\\/kibrisdakik.com\\\/?p=71252\",\"name\":\"Cumhurba\u015fkan\u0131 Tatar\u2019a \u201c\u0130nsan Haklar\u0131 Ba\u011f\u0131ms\u0131zl\u0131k Onursal \u00d6d\u00fcl\u00fc\u201d -\",\"isPartOf\":{\"@id\":\"https:\\\/\\\/kibrisdakik.com\\\/#website\"},\"primaryImageOfPage\":{\"@id\":\"https:\\\/\\\/kibrisdakik.com\\\/?p=71252#primaryimage\"},\"image\":{\"@id\":\"https:\\\/\\\/kibrisdakik.com\\\/?p=71252#primaryimage\"},\"thumbnailUrl\":\"https:\\\/\\\/kibrisdakik.com\\\/wp-content\\\/uploads\\\/2024\\\/12\\\/1733849349608e7d43b52-8421-4b4b-8afe-2af38356bd86-740x420.jpg\",\"datePublished\":\"2024-12-10T17:11:40+00:00\",\"author\":{\"@id\":\"https:\\\/\\\/kibrisdakik.com\\\/#\\\/schema\\\/person\\\/9cd9d437bbb44f72b73ba127e06d8e79\"},\"breadcrumb\":{\"@id\":\"https:\\\/\\\/kibrisdakik.com\\\/?p=71252#breadcrumb\"},\"inLanguage\":\"tr\",\"potentialAction\":[{\"@type\":\"ReadAction\",\"target\":[\"https:\\\/\\\/kibrisdakik.com\\\/?p=71252\"]}]},{\"@type\":\"ImageObject\",\"inLanguage\":\"tr\",\"@id\":\"https:\\\/\\\/kibrisdakik.com\\\/?p=71252#primaryimage\",\"url\":\"https:\\\/\\\/kibrisdakik.com\\\/wp-content\\\/uploads\\\/2024\\\/12\\\/1733849349608e7d43b52-8421-4b4b-8afe-2af38356bd86-740x420.jpg\",\"contentUrl\":\"https:\\\/\\\/kibrisdakik.com\\\/wp-content\\\/uploads\\\/2024\\\/12\\\/1733849349608e7d43b52-8421-4b4b-8afe-2af38356bd86-740x420.jpg\",\"width\":1600,\"height\":1066},{\"@type\":\"BreadcrumbList\",\"@id\":\"https:\\\/\\\/kibrisdakik.com\\\/?p=71252#breadcrumb\",\"itemListElement\":[{\"@type\":\"ListItem\",\"position\":1,\"name\":\"Home\",\"item\":\"https:\\\/\\\/kibrisdakik.com\\\/\"},{\"@type\":\"ListItem\",\"position\":2,\"name\":\"Cumhurba\u015fkan\u0131 Tatar\u2019a \u201c\u0130nsan Haklar\u0131 Ba\u011f\u0131ms\u0131zl\u0131k Onursal \u00d6d\u00fcl\u00fc\u201d\"}]},{\"@type\":\"WebSite\",\"@id\":\"https:\\\/\\\/kibrisdakik.com\\\/#website\",\"url\":\"https:\\\/\\\/kibrisdakik.com\\\/\",\"name\":\"\",\"description\":\"Tam vaktinde haber\",\"potentialAction\":[{\"@type\":\"SearchAction\",\"target\":{\"@type\":\"EntryPoint\",\"urlTemplate\":\"https:\\\/\\\/kibrisdakik.com\\\/?s={search_term_string}\"},\"query-input\":{\"@type\":\"PropertyValueSpecification\",\"valueRequired\":true,\"valueName\":\"search_term_string\"}}],\"inLanguage\":\"tr\"},{\"@type\":\"Person\",\"@id\":\"https:\\\/\\\/kibrisdakik.com\\\/#\\\/schema\\\/person\\\/9cd9d437bbb44f72b73ba127e06d8e79\",\"name\":\"admin\",\"image\":{\"@type\":\"ImageObject\",\"inLanguage\":\"tr\",\"@id\":\"https:\\\/\\\/secure.gravatar.com\\\/avatar\\\/ccc17943b9d660506c869530f897617f7cb1c21a4bf30023f252596d83e1f007?s=96&d=mm&r=g\",\"url\":\"https:\\\/\\\/secure.gravatar.com\\\/avatar\\\/ccc17943b9d660506c869530f897617f7cb1c21a4bf30023f252596d83e1f007?s=96&d=mm&r=g\",\"contentUrl\":\"https:\\\/\\\/secure.gravatar.com\\\/avatar\\\/ccc17943b9d660506c869530f897617f7cb1c21a4bf30023f252596d83e1f007?s=96&d=mm&r=g\",\"caption\":\"admin\"},\"sameAs\":[\"https:\\\/\\\/kibrisdakik.com\"],\"url\":\"https:\\\/\\\/kibrisdakik.com\\\/?author=1\"}]}<\/script>\n<!-- \/ Yoast SEO plugin. -->","yoast_head_json":{"title":"Cumhurba\u015fkan\u0131 Tatar\u2019a \u201c\u0130nsan Haklar\u0131 Ba\u011f\u0131ms\u0131zl\u0131k Onursal \u00d6d\u00fcl\u00fc\u201d -","robots":{"index":"index","follow":"follow","max-snippet":"max-snippet:-1","max-image-preview":"max-image-preview:large","max-video-preview":"max-video-preview:-1"},"canonical":"https:\/\/kibrisdakik.com\/?p=71252","og_locale":"tr_TR","og_type":"article","og_title":"Cumhurba\u015fkan\u0131 Tatar\u2019a \u201c\u0130nsan Haklar\u0131 Ba\u011f\u0131ms\u0131zl\u0131k Onursal \u00d6d\u00fcl\u00fc\u201d -","og_description":"\u0130nsan Haklar\u0131 Derne\u011fi, Cumhurba\u015fkan\u0131 Ersin Tatar\u2019a \u201c\u0130nsan Haklar\u0131 Ba\u011f\u0131ms\u0131zl\u0131k Onursal \u00d6d\u00fcl\u00fc\u201d verdi. \u0130nsan Haklar\u0131 Derne\u011fi Ba\u015fkan\u0131 Hasan Y\u0131lmaz I\u015f\u0131k ve y\u00f6netim kurulu \u00fcyeleri bug\u00fcn 10 Aral\u0131k D\u00fcnya \u0130nsan Haklar\u0131 G\u00fcn\u00fc nedeniyle Cumhurba\u015fkan\u0131 Tatar\u2019\u0131 ziyaret ederek, \u00f6d\u00fcl\u00fc takdim etti. Cumhurba\u015fkanl\u0131\u011f\u0131\u2019ndan yap\u0131lan a\u00e7\u0131klamaya g\u00f6re, Cumhurba\u015fkan\u0131 Tatar kabuldeki konu\u015fmas\u0131nda, dernek ba\u015fkan\u0131 ve y\u00f6netim kurulu \u00fcyelerine, kendisine yapt\u0131klar\u0131 ziyaretten","og_url":"https:\/\/kibrisdakik.com\/?p=71252","article_published_time":"2024-12-10T17:11:40+00:00","og_image":[{"width":1600,"height":1066,"url":"https:\/\/kibrisdakik.com\/wp-content\/uploads\/2024\/12\/1733849349608e7d43b52-8421-4b4b-8afe-2af38356bd86-740x420.jpg","type":"image\/jpeg"}],"author":"admin","twitter_card":"summary_large_image","twitter_misc":{"Yazan:":"admin","Tahmini okuma s\u00fcresi":"2 dakika"},"schema":{"@context":"https:\/\/schema.org","@graph":[{"@type":"Article","@id":"https:\/\/kibrisdakik.com\/?p=71252#article","isPartOf":{"@id":"https:\/\/kibrisdakik.com\/?p=71252"},"author":{"name":"admin","@id":"https:\/\/kibrisdakik.com\/#\/schema\/person\/9cd9d437bbb44f72b73ba127e06d8e79"},"headline":"Cumhurba\u015fkan\u0131 Tatar\u2019a \u201c\u0130nsan Haklar\u0131 Ba\u011f\u0131ms\u0131zl\u0131k Onursal \u00d6d\u00fcl\u00fc\u201d","datePublished":"2024-12-10T17:11:40+00:00","mainEntityOfPage":{"@id":"https:\/\/kibrisdakik.com\/?p=71252"},"wordCount":493,"commentCount":0,"image":{"@id":"https:\/\/kibrisdakik.com\/?p=71252#primaryimage"},"thumbnailUrl":"https:\/\/kibrisdakik.com\/wp-content\/uploads\/2024\/12\/1733849349608e7d43b52-8421-4b4b-8afe-2af38356bd86-740x420.jpg","articleSection":["K\u0131br\u0131s"],"inLanguage":"tr","potentialAction":[{"@type":"CommentAction","name":"Comment","target":["https:\/\/kibrisdakik.com\/?p=71252#respond"]}]},{"@type":"WebPage","@id":"https:\/\/kibrisdakik.com\/?p=71252","url":"https:\/\/kibrisdakik.com\/?p=71252","name":"Cumhurba\u015fkan\u0131 Tatar\u2019a \u201c\u0130nsan Haklar\u0131 Ba\u011f\u0131ms\u0131zl\u0131k Onursal \u00d6d\u00fcl\u00fc\u201d -","isPartOf":{"@id":"https:\/\/kibrisdakik.com\/#website"},"primaryImageOfPage":{"@id":"https:\/\/kibrisdakik.com\/?p=71252#primaryimage"},"image":{"@id":"https:\/\/kibrisdakik.com\/?p=71252#primaryimage"},"thumbnailUrl":"https:\/\/kibrisdakik.com\/wp-content\/uploads\/2024\/12\/1733849349608e7d43b52-8421-4b4b-8afe-2af38356bd86-740x420.jpg","datePublished":"2024-12-10T17:11:40+00:00","author":{"@id":"https:\/\/kibrisdakik.com\/#\/schema\/person\/9cd9d437bbb44f72b73ba127e06d8e79"},"breadcrumb":{"@id":"https:\/\/kibrisdakik.com\/?p=71252#breadcrumb"},"inLanguage":"tr","potentialAction":[{"@type":"ReadAction","target":["https:\/\/kibrisdakik.com\/?p=71252"]}]},{"@type":"ImageObject","inLanguage":"tr","@id":"https:\/\/kibrisdakik.com\/?p=71252#primaryimage","url":"https:\/\/kibrisdakik.com\/wp-content\/uploads\/2024\/12\/1733849349608e7d43b52-8421-4b4b-8afe-2af38356bd86-740x420.jpg","contentUrl":"https:\/\/kibrisdakik.com\/wp-content\/uploads\/2024\/12\/1733849349608e7d43b52-8421-4b4b-8afe-2af38356bd86-740x420.jpg","width":1600,"height":1066},{"@type":"BreadcrumbList","@id":"https:\/\/kibrisdakik.com\/?p=71252#breadcrumb","itemListElement":[{"@type":"ListItem","position":1,"name":"Home","item":"https:\/\/kibrisdakik.com\/"},{"@type":"ListItem","position":2,"name":"Cumhurba\u015fkan\u0131 Tatar\u2019a \u201c\u0130nsan Haklar\u0131 Ba\u011f\u0131ms\u0131zl\u0131k Onursal \u00d6d\u00fcl\u00fc\u201d"}]},{"@type":"WebSite","@id":"https:\/\/kibrisdakik.com\/#website","url":"https:\/\/kibrisdakik.com\/","name":"","description":"Tam vaktinde haber","potentialAction":[{"@type":"SearchAction","target":{"@type":"EntryPoint","urlTemplate":"https:\/\/kibrisdakik.com\/?s={search_term_string}"},"query-input":{"@type":"PropertyValueSpecification","valueRequired":true,"valueName":"search_term_string"}}],"inLanguage":"tr"},{"@type":"Person","@id":"https:\/\/kibrisdakik.com\/#\/schema\/person\/9cd9d437bbb44f72b73ba127e06d8e79","name":"admin","image":{"@type":"ImageObject","inLanguage":"tr","@id":"https:\/\/secure.gravatar.com\/avatar\/ccc17943b9d660506c869530f897617f7cb1c21a4bf30023f252596d83e1f007?s=96&d=mm&r=g","url":"https:\/\/secure.gravatar.com\/avatar\/ccc17943b9d660506c869530f897617f7cb1c21a4bf30023f252596d83e1f007?s=96&d=mm&r=g","contentUrl":"https:\/\/secure.gravatar.com\/avatar\/ccc17943b9d660506c869530f897617f7cb1c21a4bf30023f252596d83e1f007?s=96&d=mm&r=g","caption":"admin"},"sameAs":["https:\/\/kibrisdakik.com"],"url":"https:\/\/kibrisdakik.com\/?author=1"}]}},"_links":{"self":[{"href":"https:\/\/kibrisdakik.com\/index.php?rest_route=\/wp\/v2\/posts\/71252","targetHints":{"allow":["GET"]}}],"collection":[{"href":"https:\/\/kibrisdakik.com\/index.php?rest_route=\/wp\/v2\/posts"}],"about":[{"href":"https:\/\/kibrisdakik.com\/index.php?rest_route=\/wp\/v2\/types\/post"}],"author":[{"embeddable":true,"href":"https:\/\/kibrisdakik.com\/index.php?rest_route=\/wp\/v2\/users\/1"}],"replies":[{"embeddable":true,"href":"https:\/\/kibrisdakik.com\/index.php?rest_route=%2Fwp%2Fv2%2Fcomments&post=71252"}],"version-history":[{"count":0,"href":"https:\/\/kibrisdakik.com\/index.php?rest_route=\/wp\/v2\/posts\/71252\/revisions"}],"wp:featuredmedia":[{"embeddable":true,"href":"https:\/\/kibrisdakik.com\/index.php?rest_route=\/wp\/v2\/media\/71253"}],"wp:attachment":[{"href":"https:\/\/kibrisdakik.com\/index.php?rest_route=%2Fwp%2Fv2%2Fmedia&parent=71252"}],"wp:term":[{"taxonomy":"category","embeddable":true,"href":"https:\/\/kibrisdakik.com\/index.php?rest_route=%2Fwp%2Fv2%2Fcategories&post=71252"},{"taxonomy":"post_tag","embeddable":true,"href":"https:\/\/kibrisdakik.com\/index.php?rest_route=%2Fwp%2Fv2%2Ftags&post=71252"}],"curies":[{"name":"wp","href":"https:\/\/api.w.org\/{rel}","templated":true}]}}