{"id":71258,"date":"2024-12-10T21:48:34","date_gmt":"2024-12-10T18:48:34","guid":{"rendered":"https:\/\/kibrisdakik.com\/index.php\/2024\/12\/10\/nato-genel-sekreteri-rutteden-tc-cumhurbaskani-erdoganla-gorusmesine-iliskin-paylasim\/"},"modified":"2024-12-10T21:48:34","modified_gmt":"2024-12-10T18:48:34","slug":"nato-genel-sekreteri-rutteden-tc-cumhurbaskani-erdoganla-gorusmesine-iliskin-paylasim","status":"publish","type":"post","link":"https:\/\/kibrisdakik.com\/?p=71258","title":{"rendered":"NATO Genel Sekreteri Rutte\u2019den TC Cumhurba\u015fkan\u0131 Erdo\u011fan\u2019la g\u00f6r\u00fc\u015fmesine ili\u015fkin payla\u015f\u0131m"},"content":{"rendered":"<p><\/p>\n<div>\n<div class=\"mariselle-image-container center\">\n                <img loading=\"lazy\" decoding=\"async\" width=\"2560\" height=\"1766\" class=\"lazy-image\" alt=\"\" sizes=\"auto, (max-width: 2560px) 100vw, 2560px\" src=\"https:\/\/brtk.net\/wp-content\/uploads\/2024\/12\/10\/1733844542932325594-scaled.jpg?ver=1ca9166a2fcd68b589fb5cbf0873999b\" srcset=\"https:\/\/brtk.net\/wp-content\/uploads\/2024\/12\/10\/1733844542932325594-scaled.jpg?ver=1ca9166a2fcd68b589fb5cbf0873999b 2560w, https:\/\/brtk.net\/wp-content\/uploads\/2024\/12\/10\/1733844542932325594-300x207.jpg?ver=3007964a75697dfa64e89c82f9442c66 300w, https:\/\/brtk.net\/wp-content\/uploads\/2024\/12\/10\/1733844542932325594-1024x707.jpg?ver=3007964a75697dfa64e89c82f9442c66 1024w, https:\/\/brtk.net\/wp-content\/uploads\/2024\/12\/10\/1733844542932325594-768x530.jpg?ver=f681953043bee05c32e609347c061a95 768w, https:\/\/brtk.net\/wp-content\/uploads\/2024\/12\/10\/1733844542932325594-1536x1060.jpg?ver=0f159aead81faed01326b97ce447658b 1536w, https:\/\/brtk.net\/wp-content\/uploads\/2024\/12\/10\/1733844542932325594-2048x1413.jpg?ver=7ada1b1e3b453daac653a74c30b7ded5 2048w\"\/>                            <\/div>\n<p>NATO Genel Sekreteri Mark Rutte, Cumhurba\u015fkan\u0131 Recep Tayyip Erdo\u011fan ile Suriye konusundaki g\u00f6r\u00fc\u015fmesinin ard\u0131ndan, bar\u0131\u015f\u00e7\u0131l ge\u00e7i\u015f s\u00fcrecinin sa\u011flanmas\u0131, hukukun \u00fcst\u00fcnl\u00fc\u011f\u00fcne sayg\u0131 g\u00f6sterilmesi ve az\u0131nl\u0131k haklar\u0131n\u0131n korunmas\u0131 gerekti\u011fi mesajlar\u0131n\u0131 verdi.<\/p>\n<p>Rutte, sosyal medya hesab\u0131ndan Cumhurba\u015fkan\u0131 Erdo\u011fan\u2019la Suriye \u00fczerine yapt\u0131\u011f\u0131 telefon g\u00f6r\u00fc\u015fmesiyle ilgili payla\u015f\u0131mda bulundu.<\/p>\n<p>Verimli bir konu\u015fma oldu\u011funu ifade eden Rutte, Suriye\u2019deki durumla ilgili, \u201cBu, milyonlarca insan i\u00e7in sevin\u00e7 an\u0131 ama ayn\u0131 zamanda belirsizlik an\u0131.\u201d nitelemesini yapt\u0131.<\/p>\n<p>Rutte, \u201cBar\u0131\u015f\u00e7\u0131l ge\u00e7i\u015f d\u00f6nemi, hukukun \u00fcst\u00fcnl\u00fc\u011f\u00fcne sayg\u0131 ve az\u0131nl\u0131klar\u0131n korunmas\u0131n\u0131 umuyoruz. Rusya ve \u0130ran, (Be\u015f\u015far) Esed\u2019in su\u00e7lar\u0131na ortak oldu.\u201d ifadelerini kulland\u0131.<\/p>\n<p>Cumhurba\u015fkanl\u0131\u011f\u0131 \u0130leti\u015fim Ba\u015fkanl\u0131\u011f\u0131n\u0131n sosyal medya hesab\u0131ndaki payla\u015f\u0131mda da Cumhurba\u015fkan\u0131 Erdo\u011fan\u2019\u0131n g\u00f6r\u00fc\u015fmede, T\u00fcrkiye\u2019nin Suriye\u2019deki i\u00e7 sava\u015f\u0131n ba\u015flad\u0131\u011f\u0131 ilk g\u00fcnden bu yana Suriye\u2019nin toprak b\u00fct\u00fcnl\u00fc\u011f\u00fc ve istikrar\u0131n\u0131n korunmas\u0131n\u0131 savundu\u011funu, Suriye\u2019nin Suriye halk\u0131 taraf\u0131ndan y\u00f6netilmesi gerekti\u011fini belirterek, ter\u00f6rden ar\u0131nd\u0131r\u0131lm\u0131\u015f bir ve b\u00fct\u00fcn Suriye\u2019nin in\u015fas\u0131 i\u00e7in T\u00fcrkiye\u2019nin elinden geleni yapmaya devam edece\u011fini belirtti\u011fi bildirilmi\u015fti.<\/p>\n<\/p><\/div>\n<p><script async\n                    defer\n                    crossorigin=\"anonymous\"\n                    src=\"https:\/\/connect.facebook.net\/tr_TR\/sdk.js#xfbml=1&#038;version=v3.3\"\n            ><\/script><\/p>\n","protected":false},"excerpt":{"rendered":"<p>NATO Genel Sekreteri Mark Rutte, Cumhurba\u015fkan\u0131 Recep Tayyip Erdo\u011fan ile Suriye konusundaki g\u00f6r\u00fc\u015fmesinin ard\u0131ndan, bar\u0131\u015f\u00e7\u0131l ge\u00e7i\u015f s\u00fcrecinin sa\u011flanmas\u0131, hukukun \u00fcst\u00fcnl\u00fc\u011f\u00fcne sayg\u0131 g\u00f6sterilmesi ve az\u0131nl\u0131k haklar\u0131n\u0131n korunmas\u0131 gerekti\u011fi mesajlar\u0131n\u0131 verdi. Rutte, sosyal medya hesab\u0131ndan Cumhurba\u015fkan\u0131 Erdo\u011fan\u2019la Suriye \u00fczerine yapt\u0131\u011f\u0131 telefon g\u00f6r\u00fc\u015fmesiyle ilgili payla\u015f\u0131mda bulundu. Verimli bir konu\u015fma oldu\u011funu ifade eden Rutte, Suriye\u2019deki durumla ilgili, \u201cBu, milyonlarca<\/p>\n","protected":false},"author":1,"featured_media":71259,"comment_status":"open","ping_status":"open","sticky":false,"template":"","format":"standard","meta":{"footnotes":""},"categories":[1],"tags":[],"class_list":["post-71258","post","type-post","status-publish","format-standard","has-post-thumbnail","hentry","category-gundem"],"yoast_head":"<!-- This site is optimized with the Yoast SEO plugin v27.4 - https:\/\/yoast.com\/product\/yoast-seo-wordpress\/ -->\n<title>NATO Genel Sekreteri Rutte\u2019den TC Cumhurba\u015fkan\u0131 Erdo\u011fan\u2019la g\u00f6r\u00fc\u015fmesine ili\u015fkin payla\u015f\u0131m -<\/title>\n<meta name=\"robots\" content=\"index, follow, max-snippet:-1, max-image-preview:large, max-video-preview:-1\" \/>\n<link rel=\"canonical\" href=\"https:\/\/kibrisdakik.com\/?p=71258\" \/>\n<meta property=\"og:locale\" content=\"tr_TR\" \/>\n<meta property=\"og:type\" content=\"article\" \/>\n<meta property=\"og:title\" content=\"NATO Genel Sekreteri Rutte\u2019den TC Cumhurba\u015fkan\u0131 Erdo\u011fan\u2019la g\u00f6r\u00fc\u015fmesine ili\u015fkin payla\u015f\u0131m -\" \/>\n<meta property=\"og:description\" content=\"NATO Genel Sekreteri Mark Rutte, Cumhurba\u015fkan\u0131 Recep Tayyip Erdo\u011fan ile Suriye konusundaki g\u00f6r\u00fc\u015fmesinin ard\u0131ndan, bar\u0131\u015f\u00e7\u0131l ge\u00e7i\u015f s\u00fcrecinin sa\u011flanmas\u0131, hukukun \u00fcst\u00fcnl\u00fc\u011f\u00fcne sayg\u0131 g\u00f6sterilmesi ve az\u0131nl\u0131k haklar\u0131n\u0131n korunmas\u0131 gerekti\u011fi mesajlar\u0131n\u0131 verdi. Rutte, sosyal medya hesab\u0131ndan Cumhurba\u015fkan\u0131 Erdo\u011fan\u2019la Suriye \u00fczerine yapt\u0131\u011f\u0131 telefon g\u00f6r\u00fc\u015fmesiyle ilgili payla\u015f\u0131mda bulundu. Verimli bir konu\u015fma oldu\u011funu ifade eden Rutte, Suriye\u2019deki durumla ilgili, \u201cBu, milyonlarca\" \/>\n<meta property=\"og:url\" content=\"https:\/\/kibrisdakik.com\/?p=71258\" \/>\n<meta property=\"article:published_time\" content=\"2024-12-10T18:48:34+00:00\" \/>\n<meta property=\"og:image\" content=\"https:\/\/kibrisdakik.com\/wp-content\/uploads\/2024\/12\/1733844542932325594-scaled-740x420.jpg\" \/>\n\t<meta property=\"og:image:width\" content=\"2560\" \/>\n\t<meta property=\"og:image:height\" content=\"1766\" \/>\n\t<meta property=\"og:image:type\" content=\"image\/jpeg\" \/>\n<meta name=\"author\" content=\"admin\" \/>\n<meta name=\"twitter:card\" content=\"summary_large_image\" \/>\n<meta name=\"twitter:label1\" content=\"Yazan:\" \/>\n\t<meta name=\"twitter:data1\" content=\"admin\" \/>\n\t<meta name=\"twitter:label2\" content=\"Tahmini okuma s\u00fcresi\" \/>\n\t<meta name=\"twitter:data2\" content=\"1 dakika\" \/>\n<script type=\"application\/ld+json\" class=\"yoast-schema-graph\">{\"@context\":\"https:\\\/\\\/schema.org\",\"@graph\":[{\"@type\":\"Article\",\"@id\":\"https:\\\/\\\/kibrisdakik.com\\\/?p=71258#article\",\"isPartOf\":{\"@id\":\"https:\\\/\\\/kibrisdakik.com\\\/?p=71258\"},\"author\":{\"name\":\"admin\",\"@id\":\"https:\\\/\\\/kibrisdakik.com\\\/#\\\/schema\\\/person\\\/9cd9d437bbb44f72b73ba127e06d8e79\"},\"headline\":\"NATO Genel Sekreteri Rutte\u2019den TC Cumhurba\u015fkan\u0131 Erdo\u011fan\u2019la g\u00f6r\u00fc\u015fmesine ili\u015fkin payla\u015f\u0131m\",\"datePublished\":\"2024-12-10T18:48:34+00:00\",\"mainEntityOfPage\":{\"@id\":\"https:\\\/\\\/kibrisdakik.com\\\/?p=71258\"},\"wordCount\":240,\"commentCount\":0,\"image\":{\"@id\":\"https:\\\/\\\/kibrisdakik.com\\\/?p=71258#primaryimage\"},\"thumbnailUrl\":\"https:\\\/\\\/kibrisdakik.com\\\/wp-content\\\/uploads\\\/2024\\\/12\\\/1733844542932325594-scaled-740x420.jpg\",\"articleSection\":[\"G\u00fcndem\"],\"inLanguage\":\"tr\",\"potentialAction\":[{\"@type\":\"CommentAction\",\"name\":\"Comment\",\"target\":[\"https:\\\/\\\/kibrisdakik.com\\\/?p=71258#respond\"]}]},{\"@type\":\"WebPage\",\"@id\":\"https:\\\/\\\/kibrisdakik.com\\\/?p=71258\",\"url\":\"https:\\\/\\\/kibrisdakik.com\\\/?p=71258\",\"name\":\"NATO Genel Sekreteri Rutte\u2019den TC Cumhurba\u015fkan\u0131 Erdo\u011fan\u2019la g\u00f6r\u00fc\u015fmesine ili\u015fkin payla\u015f\u0131m -\",\"isPartOf\":{\"@id\":\"https:\\\/\\\/kibrisdakik.com\\\/#website\"},\"primaryImageOfPage\":{\"@id\":\"https:\\\/\\\/kibrisdakik.com\\\/?p=71258#primaryimage\"},\"image\":{\"@id\":\"https:\\\/\\\/kibrisdakik.com\\\/?p=71258#primaryimage\"},\"thumbnailUrl\":\"https:\\\/\\\/kibrisdakik.com\\\/wp-content\\\/uploads\\\/2024\\\/12\\\/1733844542932325594-scaled-740x420.jpg\",\"datePublished\":\"2024-12-10T18:48:34+00:00\",\"author\":{\"@id\":\"https:\\\/\\\/kibrisdakik.com\\\/#\\\/schema\\\/person\\\/9cd9d437bbb44f72b73ba127e06d8e79\"},\"breadcrumb\":{\"@id\":\"https:\\\/\\\/kibrisdakik.com\\\/?p=71258#breadcrumb\"},\"inLanguage\":\"tr\",\"potentialAction\":[{\"@type\":\"ReadAction\",\"target\":[\"https:\\\/\\\/kibrisdakik.com\\\/?p=71258\"]}]},{\"@type\":\"ImageObject\",\"inLanguage\":\"tr\",\"@id\":\"https:\\\/\\\/kibrisdakik.com\\\/?p=71258#primaryimage\",\"url\":\"https:\\\/\\\/kibrisdakik.com\\\/wp-content\\\/uploads\\\/2024\\\/12\\\/1733844542932325594-scaled-740x420.jpg\",\"contentUrl\":\"https:\\\/\\\/kibrisdakik.com\\\/wp-content\\\/uploads\\\/2024\\\/12\\\/1733844542932325594-scaled-740x420.jpg\",\"width\":2560,\"height\":1766},{\"@type\":\"BreadcrumbList\",\"@id\":\"https:\\\/\\\/kibrisdakik.com\\\/?p=71258#breadcrumb\",\"itemListElement\":[{\"@type\":\"ListItem\",\"position\":1,\"name\":\"Home\",\"item\":\"https:\\\/\\\/kibrisdakik.com\\\/\"},{\"@type\":\"ListItem\",\"position\":2,\"name\":\"NATO Genel Sekreteri Rutte\u2019den TC Cumhurba\u015fkan\u0131 Erdo\u011fan\u2019la g\u00f6r\u00fc\u015fmesine ili\u015fkin payla\u015f\u0131m\"}]},{\"@type\":\"WebSite\",\"@id\":\"https:\\\/\\\/kibrisdakik.com\\\/#website\",\"url\":\"https:\\\/\\\/kibrisdakik.com\\\/\",\"name\":\"\",\"description\":\"Tam vaktinde haber\",\"potentialAction\":[{\"@type\":\"SearchAction\",\"target\":{\"@type\":\"EntryPoint\",\"urlTemplate\":\"https:\\\/\\\/kibrisdakik.com\\\/?s={search_term_string}\"},\"query-input\":{\"@type\":\"PropertyValueSpecification\",\"valueRequired\":true,\"valueName\":\"search_term_string\"}}],\"inLanguage\":\"tr\"},{\"@type\":\"Person\",\"@id\":\"https:\\\/\\\/kibrisdakik.com\\\/#\\\/schema\\\/person\\\/9cd9d437bbb44f72b73ba127e06d8e79\",\"name\":\"admin\",\"image\":{\"@type\":\"ImageObject\",\"inLanguage\":\"tr\",\"@id\":\"https:\\\/\\\/secure.gravatar.com\\\/avatar\\\/ccc17943b9d660506c869530f897617f7cb1c21a4bf30023f252596d83e1f007?s=96&d=mm&r=g\",\"url\":\"https:\\\/\\\/secure.gravatar.com\\\/avatar\\\/ccc17943b9d660506c869530f897617f7cb1c21a4bf30023f252596d83e1f007?s=96&d=mm&r=g\",\"contentUrl\":\"https:\\\/\\\/secure.gravatar.com\\\/avatar\\\/ccc17943b9d660506c869530f897617f7cb1c21a4bf30023f252596d83e1f007?s=96&d=mm&r=g\",\"caption\":\"admin\"},\"sameAs\":[\"https:\\\/\\\/kibrisdakik.com\"],\"url\":\"https:\\\/\\\/kibrisdakik.com\\\/?author=1\"}]}<\/script>\n<!-- \/ Yoast SEO plugin. -->","yoast_head_json":{"title":"NATO Genel Sekreteri Rutte\u2019den TC Cumhurba\u015fkan\u0131 Erdo\u011fan\u2019la g\u00f6r\u00fc\u015fmesine ili\u015fkin payla\u015f\u0131m -","robots":{"index":"index","follow":"follow","max-snippet":"max-snippet:-1","max-image-preview":"max-image-preview:large","max-video-preview":"max-video-preview:-1"},"canonical":"https:\/\/kibrisdakik.com\/?p=71258","og_locale":"tr_TR","og_type":"article","og_title":"NATO Genel Sekreteri Rutte\u2019den TC Cumhurba\u015fkan\u0131 Erdo\u011fan\u2019la g\u00f6r\u00fc\u015fmesine ili\u015fkin payla\u015f\u0131m -","og_description":"NATO Genel Sekreteri Mark Rutte, Cumhurba\u015fkan\u0131 Recep Tayyip Erdo\u011fan ile Suriye konusundaki g\u00f6r\u00fc\u015fmesinin ard\u0131ndan, bar\u0131\u015f\u00e7\u0131l ge\u00e7i\u015f s\u00fcrecinin sa\u011flanmas\u0131, hukukun \u00fcst\u00fcnl\u00fc\u011f\u00fcne sayg\u0131 g\u00f6sterilmesi ve az\u0131nl\u0131k haklar\u0131n\u0131n korunmas\u0131 gerekti\u011fi mesajlar\u0131n\u0131 verdi. Rutte, sosyal medya hesab\u0131ndan Cumhurba\u015fkan\u0131 Erdo\u011fan\u2019la Suriye \u00fczerine yapt\u0131\u011f\u0131 telefon g\u00f6r\u00fc\u015fmesiyle ilgili payla\u015f\u0131mda bulundu. Verimli bir konu\u015fma oldu\u011funu ifade eden Rutte, Suriye\u2019deki durumla ilgili, \u201cBu, milyonlarca","og_url":"https:\/\/kibrisdakik.com\/?p=71258","article_published_time":"2024-12-10T18:48:34+00:00","og_image":[{"width":2560,"height":1766,"url":"https:\/\/kibrisdakik.com\/wp-content\/uploads\/2024\/12\/1733844542932325594-scaled-740x420.jpg","type":"image\/jpeg"}],"author":"admin","twitter_card":"summary_large_image","twitter_misc":{"Yazan:":"admin","Tahmini okuma s\u00fcresi":"1 dakika"},"schema":{"@context":"https:\/\/schema.org","@graph":[{"@type":"Article","@id":"https:\/\/kibrisdakik.com\/?p=71258#article","isPartOf":{"@id":"https:\/\/kibrisdakik.com\/?p=71258"},"author":{"name":"admin","@id":"https:\/\/kibrisdakik.com\/#\/schema\/person\/9cd9d437bbb44f72b73ba127e06d8e79"},"headline":"NATO Genel Sekreteri Rutte\u2019den TC Cumhurba\u015fkan\u0131 Erdo\u011fan\u2019la g\u00f6r\u00fc\u015fmesine ili\u015fkin payla\u015f\u0131m","datePublished":"2024-12-10T18:48:34+00:00","mainEntityOfPage":{"@id":"https:\/\/kibrisdakik.com\/?p=71258"},"wordCount":240,"commentCount":0,"image":{"@id":"https:\/\/kibrisdakik.com\/?p=71258#primaryimage"},"thumbnailUrl":"https:\/\/kibrisdakik.com\/wp-content\/uploads\/2024\/12\/1733844542932325594-scaled-740x420.jpg","articleSection":["G\u00fcndem"],"inLanguage":"tr","potentialAction":[{"@type":"CommentAction","name":"Comment","target":["https:\/\/kibrisdakik.com\/?p=71258#respond"]}]},{"@type":"WebPage","@id":"https:\/\/kibrisdakik.com\/?p=71258","url":"https:\/\/kibrisdakik.com\/?p=71258","name":"NATO Genel Sekreteri Rutte\u2019den TC Cumhurba\u015fkan\u0131 Erdo\u011fan\u2019la g\u00f6r\u00fc\u015fmesine ili\u015fkin payla\u015f\u0131m -","isPartOf":{"@id":"https:\/\/kibrisdakik.com\/#website"},"primaryImageOfPage":{"@id":"https:\/\/kibrisdakik.com\/?p=71258#primaryimage"},"image":{"@id":"https:\/\/kibrisdakik.com\/?p=71258#primaryimage"},"thumbnailUrl":"https:\/\/kibrisdakik.com\/wp-content\/uploads\/2024\/12\/1733844542932325594-scaled-740x420.jpg","datePublished":"2024-12-10T18:48:34+00:00","author":{"@id":"https:\/\/kibrisdakik.com\/#\/schema\/person\/9cd9d437bbb44f72b73ba127e06d8e79"},"breadcrumb":{"@id":"https:\/\/kibrisdakik.com\/?p=71258#breadcrumb"},"inLanguage":"tr","potentialAction":[{"@type":"ReadAction","target":["https:\/\/kibrisdakik.com\/?p=71258"]}]},{"@type":"ImageObject","inLanguage":"tr","@id":"https:\/\/kibrisdakik.com\/?p=71258#primaryimage","url":"https:\/\/kibrisdakik.com\/wp-content\/uploads\/2024\/12\/1733844542932325594-scaled-740x420.jpg","contentUrl":"https:\/\/kibrisdakik.com\/wp-content\/uploads\/2024\/12\/1733844542932325594-scaled-740x420.jpg","width":2560,"height":1766},{"@type":"BreadcrumbList","@id":"https:\/\/kibrisdakik.com\/?p=71258#breadcrumb","itemListElement":[{"@type":"ListItem","position":1,"name":"Home","item":"https:\/\/kibrisdakik.com\/"},{"@type":"ListItem","position":2,"name":"NATO Genel Sekreteri Rutte\u2019den TC Cumhurba\u015fkan\u0131 Erdo\u011fan\u2019la g\u00f6r\u00fc\u015fmesine ili\u015fkin payla\u015f\u0131m"}]},{"@type":"WebSite","@id":"https:\/\/kibrisdakik.com\/#website","url":"https:\/\/kibrisdakik.com\/","name":"","description":"Tam vaktinde haber","potentialAction":[{"@type":"SearchAction","target":{"@type":"EntryPoint","urlTemplate":"https:\/\/kibrisdakik.com\/?s={search_term_string}"},"query-input":{"@type":"PropertyValueSpecification","valueRequired":true,"valueName":"search_term_string"}}],"inLanguage":"tr"},{"@type":"Person","@id":"https:\/\/kibrisdakik.com\/#\/schema\/person\/9cd9d437bbb44f72b73ba127e06d8e79","name":"admin","image":{"@type":"ImageObject","inLanguage":"tr","@id":"https:\/\/secure.gravatar.com\/avatar\/ccc17943b9d660506c869530f897617f7cb1c21a4bf30023f252596d83e1f007?s=96&d=mm&r=g","url":"https:\/\/secure.gravatar.com\/avatar\/ccc17943b9d660506c869530f897617f7cb1c21a4bf30023f252596d83e1f007?s=96&d=mm&r=g","contentUrl":"https:\/\/secure.gravatar.com\/avatar\/ccc17943b9d660506c869530f897617f7cb1c21a4bf30023f252596d83e1f007?s=96&d=mm&r=g","caption":"admin"},"sameAs":["https:\/\/kibrisdakik.com"],"url":"https:\/\/kibrisdakik.com\/?author=1"}]}},"_links":{"self":[{"href":"https:\/\/kibrisdakik.com\/index.php?rest_route=\/wp\/v2\/posts\/71258","targetHints":{"allow":["GET"]}}],"collection":[{"href":"https:\/\/kibrisdakik.com\/index.php?rest_route=\/wp\/v2\/posts"}],"about":[{"href":"https:\/\/kibrisdakik.com\/index.php?rest_route=\/wp\/v2\/types\/post"}],"author":[{"embeddable":true,"href":"https:\/\/kibrisdakik.com\/index.php?rest_route=\/wp\/v2\/users\/1"}],"replies":[{"embeddable":true,"href":"https:\/\/kibrisdakik.com\/index.php?rest_route=%2Fwp%2Fv2%2Fcomments&post=71258"}],"version-history":[{"count":0,"href":"https:\/\/kibrisdakik.com\/index.php?rest_route=\/wp\/v2\/posts\/71258\/revisions"}],"wp:featuredmedia":[{"embeddable":true,"href":"https:\/\/kibrisdakik.com\/index.php?rest_route=\/wp\/v2\/media\/71259"}],"wp:attachment":[{"href":"https:\/\/kibrisdakik.com\/index.php?rest_route=%2Fwp%2Fv2%2Fmedia&parent=71258"}],"wp:term":[{"taxonomy":"category","embeddable":true,"href":"https:\/\/kibrisdakik.com\/index.php?rest_route=%2Fwp%2Fv2%2Fcategories&post=71258"},{"taxonomy":"post_tag","embeddable":true,"href":"https:\/\/kibrisdakik.com\/index.php?rest_route=%2Fwp%2Fv2%2Ftags&post=71258"}],"curies":[{"name":"wp","href":"https:\/\/api.w.org\/{rel}","templated":true}]}}